{"id":171061,"date":"2023-05-09T17:45:48","date_gmt":"2023-05-09T15:45:48","guid":{"rendered":"https:\/\/manitese.it\/?p=171061"},"modified":"2023-11-29T17:14:02","modified_gmt":"2023-11-29T16:14:02","slug":"chakula-chetu-afya-yetu-il-nostro-cibo-la-nostra-salute","status":"publish","type":"post","link":"https:\/\/www.manitese.it\/en\/chakula-chetu-afya-yetu-il-nostro-cibo-la-nostra-salute\/","title":{"rendered":"Chakula chetu afya yetu: il nostro cibo, la nostra salute\u00a0"},"content":{"rendered":"\r\n<p>Si dice che il punto di partenza spesso determini quello di arrivo. Questo \u00e8 ci\u00f2 che avevamo in mente quando abbiamo avviato il progetto <strong>&#8220;<\/strong><a href=\"https:\/\/manitese.it\/progetto\/chakula-chetu-afya-yetu\" target=\"_blank\" rel=\"noreferrer noopener\"><strong>CHAKULA CHETU AFYA YETU<\/strong><\/a><strong>&#8220;<\/strong> <em>(il nostro cibo, la nostra salute)<\/em> sulle polverose e collinose strade di Baringo, in Kenya. Un viaggio che, nelle nostre intenzioni, ci avrebbe permesso di portare tanti nuovi sorrisi e raccontare storie di vite cambiate.\u00a0<\/p>\r\n\r\n\r\n\r\n<p><strong>\u201cCHAKULA CHETU, AFYA YETU Lotta alla fame ed educazione nutrizionale nella Contea di Baringo\u201d <\/strong>\u00e8 un progetto promosso da Mani Tese e cofinanziato dall\u20198&#215;1000 dello Stato Italiano, che ha come obiettivo quello di <strong>migliorare la sicurezza alimentare e nutrizionale delle comunit\u00e0 rurali in Kenya, in particolare nella contea di Baringo.<\/strong>\u00a0<\/p>\r\n\r\n\r\n\r\n<p>Per avviare il progetto, come prima cosa abbiamo iniziato con un\u2019attivit\u00e0 cruciale ovvero <strong>la mappatura dei gruppi beneficiari.<\/strong> Nei primi mesi di quest\u2019anno ci siamo dunque recati nella contea di Baringo per identificare i gruppi che potranno partecipare al progetto e le aree in cui potremo implementarlo.\u00a0\u00a0<\/p>\r\n\r\n\r\n\r\n<p>Oltre a questo, abbiamo anche <strong>incontrato le autorit\u00e0 locali per presentare il progetto e coinvolgerle sin da subito nella sua realizzazione, collaborando insieme<\/strong>. Dopo un incontro presso il <strong>Ministero dell&#8217;Agricoltura di Marigat<\/strong>, siamo poi andati a incontrare le comunit\u00e0 locali.\u00a0<\/p>\r\n\r\n\r\n\r\n<p>Grazie al Ministero dell&#8217;Agricoltura, siamo riusciti a incontrare ben 39 gruppi coprendo tutte le circoscrizioni della parte sud di Baringo. Molti di questi avevano le caratteristiche adatte per poter partecipare al nostro progetto.\u00a0\u00a0<\/p>\r\n\r\n\r\n\r\n<p>Abbiamo poi visitato nuovamente i gruppi selezionati insieme alle aree dimostrative realizzate per l\u2019implementazione del progetto.\u00a0\u00a0<\/p>\r\n\r\n\r\n\r\n<p>Durante quest\u2019ultimo incontro <strong>abbiamo incontrato anche diverse donne, piene di gioia per il fatto di essere parte del progetto.<\/strong> &#8220;<em>Ci avete dato nuova speranza\u201d <\/em>ha affermato una donna del gruppo di vedove di Ndainwa \u201c<em>Stavamo per arrenderci a causa delle difficolt\u00e0 economiche, ma con questo progetto la nostra speranza \u00e8 stata ravvivata. Parteciperemo alle sue attivit\u00e0 fino alla fine perch\u00e9 sappiamo che porteranno beneficio a tutte\u201d.<\/em>\u00a0\u00a0<\/p>\r\n\r\n\r\n\r\n<p>L\u2019attivit\u00e0 mappatura dei gruppi \u00e8 stata molto importante ed \u00e8 andata a buon fine. Crediamo che questo sia un ottimo modo per avviare bene il progetto.\u00a0\u00a0<\/p>\r\n\r\n\r\n\r\n<p>Mentre ci apprestiamo alla fase di implementazione delle attivit\u00e0, speriamo di ottenere lo stesso entusiasmo e lo stesso successo. L&#8217;obiettivo \u00e8 quello di <strong>lavorare insieme per cambiare in meglio la vita di tante persone.<\/strong>\u00a0<\/p>\r\n\r\n\r\n\r\n<figure class=\"wp-block-gallery has-nested-images columns-2 is-cropped wp-block-gallery-1 is-layout-flex wp-block-gallery-is-layout-flex\">\r\n<figure class=\"wp-block-image size-large\"><img decoding=\"async\" data-id=\"171068\" class=\"wp-image-171068\" src=\"https:\/\/manitese.it\/wp-content\/uploads\/2023\/05\/gruppo-donne-1024x768.jpg\" alt=\"\" \/><\/figure>\r\n\r\n\r\n\r\n<figure class=\"wp-block-image size-large\"><img decoding=\"async\" data-id=\"171066\" class=\"wp-image-171066\" src=\"https:\/\/manitese.it\/wp-content\/uploads\/2023\/05\/gruppo-di-donne-1-1024x768.jpg\" alt=\"\" \/><\/figure>\r\n\r\n\r\n\r\n<figure class=\"wp-block-image size-large\"><img fetchpriority=\"high\" decoding=\"async\" width=\"1024\" height=\"768\" data-id=\"171070\" class=\"wp-image-171070\" src=\"https:\/\/manitese.it\/wp-content\/uploads\/2023\/05\/Incontro-con-il-Ministero-dellAgricoltura-1024x768.jpg\" alt=\"\" srcset=\"https:\/\/www.manitese.it\/wp-content\/uploads\/2023\/05\/Incontro-con-il-Ministero-dellAgricoltura-1024x768.jpg 1024w, https:\/\/www.manitese.it\/wp-content\/uploads\/2023\/05\/Incontro-con-il-Ministero-dellAgricoltura-scaled-600x450.jpg 600w, https:\/\/www.manitese.it\/wp-content\/uploads\/2023\/05\/Incontro-con-il-Ministero-dellAgricoltura-300x225.jpg 300w, https:\/\/www.manitese.it\/wp-content\/uploads\/2023\/05\/Incontro-con-il-Ministero-dellAgricoltura-768x576.jpg 768w, https:\/\/www.manitese.it\/wp-content\/uploads\/2023\/05\/Incontro-con-il-Ministero-dellAgricoltura-1536x1152.jpg 1536w, https:\/\/www.manitese.it\/wp-content\/uploads\/2023\/05\/Incontro-con-il-Ministero-dellAgricoltura-2048x1536.jpg 2048w, https:\/\/www.manitese.it\/wp-content\/uploads\/2023\/05\/Incontro-con-il-Ministero-dellAgricoltura-400x300.jpg 400w\" sizes=\"(max-width: 1024px) 100vw, 1024px\" \/><\/figure>\r\n<\/figure>\r\n\r\n\r\n\r\n<p>&nbsp;<\/p>\r\n","protected":false},"excerpt":{"rendered":"<p>Al via un nuovo progetto in Kenya per migliorare la sicurezza alimentare e nutrizionale delle comunit\u00e0 rurali nella contea di Baringo. <\/p>\n","protected":false},"author":1,"featured_media":171064,"comment_status":"open","ping_status":"open","sticky":false,"template":"","format":"standard","meta":{"_acf_changed":false,"give_campaign_id":0,"inline_featured_image":false,"_jetpack_memberships_contains_paid_content":false,"footnotes":""},"categories":[1],"tags":[27,101,115],"thematic_area":[909,918,905],"class_list":["post-171061","post","type-post","status-publish","format-standard","has-post-thumbnail","hentry","category-news","tag-kenya","tag-diritti-2","tag-cibo","thematic_area-inclusione-sociale","thematic_area-sistemi-e-filiere-agroalimentari-locali","thematic_area-accesso-universale-al-cibo-e-allacqua"],"acf":[],"yoast_head":"<!-- This site is optimized with the Yoast SEO plugin v27.5 - https:\/\/yoast.com\/product\/yoast-seo-wordpress\/ -->\n<title>Mani Tese - Kenya, il nostro cibo, la nostra salute<\/title>\n<meta name=\"description\" content=\"Al via un nuovo progetto in Kenya per migliorare la sicurezza alimentare e nutrizionale delle comunit\u00e0 rurali nella contea di Baringo.\" \/>\n<meta name=\"robots\" content=\"index, follow, max-snippet:-1, max-image-preview:large, max-video-preview:-1\" \/>\n<link rel=\"canonical\" href=\"https:\/\/www.manitese.it\/en\/chakula-chetu-afya-yetu-il-nostro-cibo-la-nostra-salute\/\" \/>\n<meta property=\"og:locale\" content=\"en_US\" \/>\n<meta property=\"og:type\" content=\"article\" \/>\n<meta property=\"og:title\" content=\"Mani Tese - Kenya, il nostro cibo, la nostra salute\" \/>\n<meta property=\"og:description\" content=\"Al via un nuovo progetto in Kenya per migliorare la sicurezza alimentare e nutrizionale delle comunit\u00e0 rurali nella contea di Baringo.\" \/>\n<meta property=\"og:url\" content=\"https:\/\/www.manitese.it\/en\/chakula-chetu-afya-yetu-il-nostro-cibo-la-nostra-salute\/\" \/>\n<meta property=\"og:site_name\" content=\"Mani Tese\" \/>\n<meta property=\"article:published_time\" content=\"2023-05-09T15:45:48+00:00\" \/>\n<meta property=\"article:modified_time\" content=\"2023-11-29T16:14:02+00:00\" \/>\n<meta property=\"og:image\" content=\"https:\/\/www.manitese.it\/wp-content\/uploads\/2023\/05\/gruppo-di-donne-scaled-1.jpg\" \/>\n\t<meta property=\"og:image:width\" content=\"2560\" \/>\n\t<meta property=\"og:image:height\" content=\"1920\" \/>\n\t<meta property=\"og:image:type\" content=\"image\/jpeg\" \/>\n<meta name=\"author\" content=\"agevis\" \/>\n<meta name=\"twitter:card\" content=\"summary_large_image\" \/>\n<meta name=\"twitter:label1\" content=\"Written by\" \/>\n\t<meta name=\"twitter:data1\" content=\"agevis\" \/>\n\t<meta name=\"twitter:label2\" content=\"Est. reading time\" \/>\n\t<meta name=\"twitter:data2\" content=\"3 minutes\" \/>\n<script type=\"application\/ld+json\" class=\"yoast-schema-graph\">{\"@context\":\"https:\\\/\\\/schema.org\",\"@graph\":[{\"@type\":\"Article\",\"@id\":\"https:\\\/\\\/www.manitese.it\\\/en\\\/chakula-chetu-afya-yetu-il-nostro-cibo-la-nostra-salute\\\/#article\",\"isPartOf\":{\"@id\":\"https:\\\/\\\/www.manitese.it\\\/en\\\/chakula-chetu-afya-yetu-il-nostro-cibo-la-nostra-salute\\\/\"},\"author\":{\"name\":\"agevis\",\"@id\":\"https:\\\/\\\/www.manitese.it\\\/en\\\/#\\\/schema\\\/person\\\/5a9774f17e4940e2510bfeba90f04f65\"},\"headline\":\"Chakula chetu afya yetu: il nostro cibo, la nostra salute\u00a0\",\"datePublished\":\"2023-05-09T15:45:48+00:00\",\"dateModified\":\"2023-11-29T16:14:02+00:00\",\"mainEntityOfPage\":{\"@id\":\"https:\\\/\\\/www.manitese.it\\\/en\\\/chakula-chetu-afya-yetu-il-nostro-cibo-la-nostra-salute\\\/\"},\"wordCount\":388,\"commentCount\":0,\"image\":{\"@id\":\"https:\\\/\\\/www.manitese.it\\\/en\\\/chakula-chetu-afya-yetu-il-nostro-cibo-la-nostra-salute\\\/#primaryimage\"},\"thumbnailUrl\":\"https:\\\/\\\/www.manitese.it\\\/wp-content\\\/uploads\\\/2023\\\/05\\\/gruppo-di-donne-scaled-1.jpg\",\"keywords\":[\"Kenya\",\"diritti\",\"cibo\"],\"articleSection\":[\"News\"],\"inLanguage\":\"en-US\",\"potentialAction\":[{\"@type\":\"CommentAction\",\"name\":\"Comment\",\"target\":[\"https:\\\/\\\/www.manitese.it\\\/en\\\/chakula-chetu-afya-yetu-il-nostro-cibo-la-nostra-salute\\\/#respond\"]}]},{\"@type\":\"WebPage\",\"@id\":\"https:\\\/\\\/www.manitese.it\\\/en\\\/chakula-chetu-afya-yetu-il-nostro-cibo-la-nostra-salute\\\/\",\"url\":\"https:\\\/\\\/www.manitese.it\\\/en\\\/chakula-chetu-afya-yetu-il-nostro-cibo-la-nostra-salute\\\/\",\"name\":\"Mani Tese - Kenya, il nostro cibo, la nostra salute\",\"isPartOf\":{\"@id\":\"https:\\\/\\\/www.manitese.it\\\/en\\\/#website\"},\"primaryImageOfPage\":{\"@id\":\"https:\\\/\\\/www.manitese.it\\\/en\\\/chakula-chetu-afya-yetu-il-nostro-cibo-la-nostra-salute\\\/#primaryimage\"},\"image\":{\"@id\":\"https:\\\/\\\/www.manitese.it\\\/en\\\/chakula-chetu-afya-yetu-il-nostro-cibo-la-nostra-salute\\\/#primaryimage\"},\"thumbnailUrl\":\"https:\\\/\\\/www.manitese.it\\\/wp-content\\\/uploads\\\/2023\\\/05\\\/gruppo-di-donne-scaled-1.jpg\",\"datePublished\":\"2023-05-09T15:45:48+00:00\",\"dateModified\":\"2023-11-29T16:14:02+00:00\",\"author\":{\"@id\":\"https:\\\/\\\/www.manitese.it\\\/en\\\/#\\\/schema\\\/person\\\/5a9774f17e4940e2510bfeba90f04f65\"},\"description\":\"Al via un nuovo progetto in Kenya per migliorare la sicurezza alimentare e nutrizionale delle comunit\u00e0 rurali nella contea di Baringo.\",\"breadcrumb\":{\"@id\":\"https:\\\/\\\/www.manitese.it\\\/en\\\/chakula-chetu-afya-yetu-il-nostro-cibo-la-nostra-salute\\\/#breadcrumb\"},\"inLanguage\":\"en-US\",\"potentialAction\":[{\"@type\":\"ReadAction\",\"target\":[\"https:\\\/\\\/www.manitese.it\\\/en\\\/chakula-chetu-afya-yetu-il-nostro-cibo-la-nostra-salute\\\/\"]}]},{\"@type\":\"ImageObject\",\"inLanguage\":\"en-US\",\"@id\":\"https:\\\/\\\/www.manitese.it\\\/en\\\/chakula-chetu-afya-yetu-il-nostro-cibo-la-nostra-salute\\\/#primaryimage\",\"url\":\"https:\\\/\\\/www.manitese.it\\\/wp-content\\\/uploads\\\/2023\\\/05\\\/gruppo-di-donne-scaled-1.jpg\",\"contentUrl\":\"https:\\\/\\\/www.manitese.it\\\/wp-content\\\/uploads\\\/2023\\\/05\\\/gruppo-di-donne-scaled-1.jpg\",\"width\":2560,\"height\":1920},{\"@type\":\"BreadcrumbList\",\"@id\":\"https:\\\/\\\/www.manitese.it\\\/en\\\/chakula-chetu-afya-yetu-il-nostro-cibo-la-nostra-salute\\\/#breadcrumb\",\"itemListElement\":[{\"@type\":\"ListItem\",\"position\":1,\"name\":\"Home\",\"item\":\"https:\\\/\\\/www.manitese.it\\\/en\\\/\"},{\"@type\":\"ListItem\",\"position\":2,\"name\":\"Chakula chetu afya yetu: il nostro cibo, la nostra salute\u00a0\"}]},{\"@type\":\"WebSite\",\"@id\":\"https:\\\/\\\/www.manitese.it\\\/en\\\/#website\",\"url\":\"https:\\\/\\\/www.manitese.it\\\/en\\\/\",\"name\":\"Mani Tese\",\"description\":\"\",\"potentialAction\":[{\"@type\":\"SearchAction\",\"target\":{\"@type\":\"EntryPoint\",\"urlTemplate\":\"https:\\\/\\\/www.manitese.it\\\/en\\\/?s={search_term_string}\"},\"query-input\":{\"@type\":\"PropertyValueSpecification\",\"valueRequired\":true,\"valueName\":\"search_term_string\"}}],\"inLanguage\":\"en-US\"},{\"@type\":\"Person\",\"@id\":\"https:\\\/\\\/www.manitese.it\\\/en\\\/#\\\/schema\\\/person\\\/5a9774f17e4940e2510bfeba90f04f65\",\"name\":\"agevis\",\"image\":{\"@type\":\"ImageObject\",\"inLanguage\":\"en-US\",\"@id\":\"https:\\\/\\\/secure.gravatar.com\\\/avatar\\\/2dc96c93fcf3387a5922a93b50fb3bff01d4800590fb6a4ab91a034adb25ba17?s=96&d=mm&r=g\",\"url\":\"https:\\\/\\\/secure.gravatar.com\\\/avatar\\\/2dc96c93fcf3387a5922a93b50fb3bff01d4800590fb6a4ab91a034adb25ba17?s=96&d=mm&r=g\",\"contentUrl\":\"https:\\\/\\\/secure.gravatar.com\\\/avatar\\\/2dc96c93fcf3387a5922a93b50fb3bff01d4800590fb6a4ab91a034adb25ba17?s=96&d=mm&r=g\",\"caption\":\"agevis\"},\"url\":\"https:\\\/\\\/www.manitese.it\\\/en\\\/author\\\/wp_agevis_admin\\\/\"}]}<\/script>\n<!-- \/ Yoast SEO plugin. -->","yoast_head_json":{"title":"Mani Tese - Kenya, il nostro cibo, la nostra salute","description":"Al via un nuovo progetto in Kenya per migliorare la sicurezza alimentare e nutrizionale delle comunit\u00e0 rurali nella contea di Baringo.","robots":{"index":"index","follow":"follow","max-snippet":"max-snippet:-1","max-image-preview":"max-image-preview:large","max-video-preview":"max-video-preview:-1"},"canonical":"https:\/\/www.manitese.it\/en\/chakula-chetu-afya-yetu-il-nostro-cibo-la-nostra-salute\/","og_locale":"en_US","og_type":"article","og_title":"Mani Tese - Kenya, il nostro cibo, la nostra salute","og_description":"Al via un nuovo progetto in Kenya per migliorare la sicurezza alimentare e nutrizionale delle comunit\u00e0 rurali nella contea di Baringo.","og_url":"https:\/\/www.manitese.it\/en\/chakula-chetu-afya-yetu-il-nostro-cibo-la-nostra-salute\/","og_site_name":"Mani Tese","article_published_time":"2023-05-09T15:45:48+00:00","article_modified_time":"2023-11-29T16:14:02+00:00","og_image":[{"width":2560,"height":1920,"url":"https:\/\/www.manitese.it\/wp-content\/uploads\/2023\/05\/gruppo-di-donne-scaled-1.jpg","type":"image\/jpeg"}],"author":"agevis","twitter_card":"summary_large_image","twitter_misc":{"Written by":"agevis","Est. reading time":"3 minutes"},"schema":{"@context":"https:\/\/schema.org","@graph":[{"@type":"Article","@id":"https:\/\/www.manitese.it\/en\/chakula-chetu-afya-yetu-il-nostro-cibo-la-nostra-salute\/#article","isPartOf":{"@id":"https:\/\/www.manitese.it\/en\/chakula-chetu-afya-yetu-il-nostro-cibo-la-nostra-salute\/"},"author":{"name":"agevis","@id":"https:\/\/www.manitese.it\/en\/#\/schema\/person\/5a9774f17e4940e2510bfeba90f04f65"},"headline":"Chakula chetu afya yetu: il nostro cibo, la nostra salute\u00a0","datePublished":"2023-05-09T15:45:48+00:00","dateModified":"2023-11-29T16:14:02+00:00","mainEntityOfPage":{"@id":"https:\/\/www.manitese.it\/en\/chakula-chetu-afya-yetu-il-nostro-cibo-la-nostra-salute\/"},"wordCount":388,"commentCount":0,"image":{"@id":"https:\/\/www.manitese.it\/en\/chakula-chetu-afya-yetu-il-nostro-cibo-la-nostra-salute\/#primaryimage"},"thumbnailUrl":"https:\/\/www.manitese.it\/wp-content\/uploads\/2023\/05\/gruppo-di-donne-scaled-1.jpg","keywords":["Kenya","diritti","cibo"],"articleSection":["News"],"inLanguage":"en-US","potentialAction":[{"@type":"CommentAction","name":"Comment","target":["https:\/\/www.manitese.it\/en\/chakula-chetu-afya-yetu-il-nostro-cibo-la-nostra-salute\/#respond"]}]},{"@type":"WebPage","@id":"https:\/\/www.manitese.it\/en\/chakula-chetu-afya-yetu-il-nostro-cibo-la-nostra-salute\/","url":"https:\/\/www.manitese.it\/en\/chakula-chetu-afya-yetu-il-nostro-cibo-la-nostra-salute\/","name":"Mani Tese - Kenya, il nostro cibo, la nostra salute","isPartOf":{"@id":"https:\/\/www.manitese.it\/en\/#website"},"primaryImageOfPage":{"@id":"https:\/\/www.manitese.it\/en\/chakula-chetu-afya-yetu-il-nostro-cibo-la-nostra-salute\/#primaryimage"},"image":{"@id":"https:\/\/www.manitese.it\/en\/chakula-chetu-afya-yetu-il-nostro-cibo-la-nostra-salute\/#primaryimage"},"thumbnailUrl":"https:\/\/www.manitese.it\/wp-content\/uploads\/2023\/05\/gruppo-di-donne-scaled-1.jpg","datePublished":"2023-05-09T15:45:48+00:00","dateModified":"2023-11-29T16:14:02+00:00","author":{"@id":"https:\/\/www.manitese.it\/en\/#\/schema\/person\/5a9774f17e4940e2510bfeba90f04f65"},"description":"Al via un nuovo progetto in Kenya per migliorare la sicurezza alimentare e nutrizionale delle comunit\u00e0 rurali nella contea di Baringo.","breadcrumb":{"@id":"https:\/\/www.manitese.it\/en\/chakula-chetu-afya-yetu-il-nostro-cibo-la-nostra-salute\/#breadcrumb"},"inLanguage":"en-US","potentialAction":[{"@type":"ReadAction","target":["https:\/\/www.manitese.it\/en\/chakula-chetu-afya-yetu-il-nostro-cibo-la-nostra-salute\/"]}]},{"@type":"ImageObject","inLanguage":"en-US","@id":"https:\/\/www.manitese.it\/en\/chakula-chetu-afya-yetu-il-nostro-cibo-la-nostra-salute\/#primaryimage","url":"https:\/\/www.manitese.it\/wp-content\/uploads\/2023\/05\/gruppo-di-donne-scaled-1.jpg","contentUrl":"https:\/\/www.manitese.it\/wp-content\/uploads\/2023\/05\/gruppo-di-donne-scaled-1.jpg","width":2560,"height":1920},{"@type":"BreadcrumbList","@id":"https:\/\/www.manitese.it\/en\/chakula-chetu-afya-yetu-il-nostro-cibo-la-nostra-salute\/#breadcrumb","itemListElement":[{"@type":"ListItem","position":1,"name":"Home","item":"https:\/\/www.manitese.it\/en\/"},{"@type":"ListItem","position":2,"name":"Chakula chetu afya yetu: il nostro cibo, la nostra salute\u00a0"}]},{"@type":"WebSite","@id":"https:\/\/www.manitese.it\/en\/#website","url":"https:\/\/www.manitese.it\/en\/","name":"Mani Tese","description":"","potentialAction":[{"@type":"SearchAction","target":{"@type":"EntryPoint","urlTemplate":"https:\/\/www.manitese.it\/en\/?s={search_term_string}"},"query-input":{"@type":"PropertyValueSpecification","valueRequired":true,"valueName":"search_term_string"}}],"inLanguage":"en-US"},{"@type":"Person","@id":"https:\/\/www.manitese.it\/en\/#\/schema\/person\/5a9774f17e4940e2510bfeba90f04f65","name":"agevis","image":{"@type":"ImageObject","inLanguage":"en-US","@id":"https:\/\/secure.gravatar.com\/avatar\/2dc96c93fcf3387a5922a93b50fb3bff01d4800590fb6a4ab91a034adb25ba17?s=96&d=mm&r=g","url":"https:\/\/secure.gravatar.com\/avatar\/2dc96c93fcf3387a5922a93b50fb3bff01d4800590fb6a4ab91a034adb25ba17?s=96&d=mm&r=g","contentUrl":"https:\/\/secure.gravatar.com\/avatar\/2dc96c93fcf3387a5922a93b50fb3bff01d4800590fb6a4ab91a034adb25ba17?s=96&d=mm&r=g","caption":"agevis"},"url":"https:\/\/www.manitese.it\/en\/author\/wp_agevis_admin\/"}]}},"jetpack_featured_media_url":"https:\/\/www.manitese.it\/wp-content\/uploads\/2023\/05\/gruppo-di-donne-scaled-1.jpg","jetpack_sharing_enabled":true,"_links":{"self":[{"href":"https:\/\/www.manitese.it\/en\/wp-json\/wp\/v2\/posts\/171061","targetHints":{"allow":["GET"]}}],"collection":[{"href":"https:\/\/www.manitese.it\/en\/wp-json\/wp\/v2\/posts"}],"about":[{"href":"https:\/\/www.manitese.it\/en\/wp-json\/wp\/v2\/types\/post"}],"author":[{"embeddable":true,"href":"https:\/\/www.manitese.it\/en\/wp-json\/wp\/v2\/users\/1"}],"replies":[{"embeddable":true,"href":"https:\/\/www.manitese.it\/en\/wp-json\/wp\/v2\/comments?post=171061"}],"version-history":[{"count":3,"href":"https:\/\/www.manitese.it\/en\/wp-json\/wp\/v2\/posts\/171061\/revisions"}],"predecessor-version":[{"id":191630,"href":"https:\/\/www.manitese.it\/en\/wp-json\/wp\/v2\/posts\/171061\/revisions\/191630"}],"wp:featuredmedia":[{"embeddable":true,"href":"https:\/\/www.manitese.it\/en\/wp-json\/wp\/v2\/media\/171064"}],"wp:attachment":[{"href":"https:\/\/www.manitese.it\/en\/wp-json\/wp\/v2\/media?parent=171061"}],"wp:term":[{"taxonomy":"category","embeddable":true,"href":"https:\/\/www.manitese.it\/en\/wp-json\/wp\/v2\/categories?post=171061"},{"taxonomy":"post_tag","embeddable":true,"href":"https:\/\/www.manitese.it\/en\/wp-json\/wp\/v2\/tags?post=171061"},{"taxonomy":"thematic_area","embeddable":true,"href":"https:\/\/www.manitese.it\/en\/wp-json\/wp\/v2\/thematic_area?post=171061"}],"curies":[{"name":"wp","href":"https:\/\/api.w.org\/{rel}","templated":true}]}}