{"id":170975,"date":"2023-05-03T15:17:35","date_gmt":"2023-05-03T13:17:35","guid":{"rendered":"https:\/\/manitese.it\/?p=170975"},"modified":"2023-11-29T17:43:38","modified_gmt":"2023-11-29T16:43:38","slug":"mozambico-dopo-il-ciclone-inizia-la-distribuzione-dei-kit-alimentari","status":"publish","type":"post","link":"https:\/\/www.manitese.it\/en\/mozambico-dopo-il-ciclone-inizia-la-distribuzione-dei-kit-alimentari\/","title":{"rendered":"Mozambico: dopo il ciclone, inizia la distribuzione dei kit alimentari"},"content":{"rendered":"\r\n<p>In questi giorni stiamo distribuendo alcuni <strong>kit alimentari<\/strong> nel Distretto di Maganja da Costa, in risposta alla situazione di emergenza causata dalle devastazioni provocate dal <strong>ciclone Freddy<\/strong>, che si \u00e8 recentemente abbattuto sul Paese.\u00a0<\/p>\r\n\r\n\r\n\r\n<p>L\u2019attivit\u00e0 rientra nell&#8217;ambito del progetto <a href=\"https:\/\/manitese.it\/progetto\/zero-fame-in-zambezia-mozambico\" target=\"_blank\" rel=\"noreferrer noopener\"><strong>\u00d8 FAME (Food, Agriculture, Malnutrition, Education) in Zamb\u00e9zia, Mozambico<\/strong><\/a>, cofinanziato da 8&#215;1000 della Presidenza del Consiglio dei Ministri, e la distribuzione del cibo sta avvenendo nelle tre localit\u00e0 del Distretto ovvero <strong>Cabuir, Cariua e Alto Mutola<\/strong>. Sono <strong>300 in totale le famiglie<\/strong> interessate (50 famiglie per comunit\u00e0).\u00a0\u00a0<\/p>\r\n\r\n\r\n\r\n<p><strong>Ciascun kit alimentare \u00e8 composto da 15 kg di riso, 1 litro di olio, 2 kg di fagioli, 1,5 kg di zucchero e 1 kg di sale.<\/strong>\u00a0<\/p>\r\n\r\n\r\n\r\n<p>Nonostante le difficolt\u00e0 incontrate, al momento abbiamo gi\u00e0 raggiunto tre comunit\u00e0 (Comeline, Mugaua A\u00e7ucar e Mucigombe) e 150 famiglie hanno gi\u00e0 beneficiato dei kit. Nei prossimi giorni \u00e8 prevista la distribuzione alle restanti tre comunit\u00e0 e quindi altrettante 150 famiglie\u00a0<\/p>\r\n\r\n\r\n\r\n<p><strong>Sono stati tanti gli ostacoli che il nostro team ha dovuto affrontare per portare il cibo a queste comunit\u00e0<\/strong>: le strade che le raggiungono sono inaccessibili con l\u2019auto in quanto completamente danneggiate dalla tempesta e allagate, rendendo gli spostamenti un&#8217;attivit\u00e0 rischiosa.\u00a0<\/p>\r\n\r\n\r\n\r\n<p>Per far fronte alle difficolt\u00e0, abbiamo dovuto noleggiare <strong>un trattore<\/strong> affinch\u00e9 il cibo arrivasse sano e salvo alle persone. Inoltre, per garantire l&#8217;ordine nelle comunit\u00e0, \u00e8 stato necessario richiedere anche l\u2019accompagnamento da parte di due agenti di Polizia nonch\u00e9 di un tecnico dell&#8217;INGD (Istituto Nazionale per la Gestione dei Disastri) per facilitare la logistica. Utile \u00e8 anche stato il coinvolgimento del Capo di Localit\u00e0 delle comunit\u00e0 interessate dal sostegno.\u00a0<\/p>\r\n\r\n\r\n\r\n<p>Nei prossimi giorni continueremo a sostenere le comunit\u00e0 colpite dal ciclone che, ora pi\u00f9 che mai, <strong>necessitano di supporto per far fronte all\u2019emergenza e ripartire con le loro attivit\u00e0.<\/strong>\u00a0<\/p>\r\n\r\n\r\n\r\n<p>Per chi pu\u00f2 e vuole aiutare, <strong>abbiamo aperto una raccolta fondi per sostenere i nostri progetti nel Paese:<\/strong>\u00a0<\/p>\r\n\r\n\r\n\r\n<p>&gt; Modalit\u00e0 di donazione:\u00a0<\/p>\r\n\r\n\r\n\r\n<p>\u2013 Carta di credito sul sito di Mani Tese inserendo l\u2019importo che desideri donare\u00a0<\/p>\r\n\r\n\r\n\r\n<p>\u2013 Bonifico bancario intestato a Associazione MANI TESE ONG Onlus presso banca Popolare Etica (IBAN: IT 57 F 05018 01600 000010203040)\u00a0<\/p>\r\n\r\n\r\n\r\n<p>\u2013 CCP, Conto Corrente Postale: n\u00b0 291278 intestato a Associazione Mani Tese ONG ONLUS , P.le Morandi 2, 20121 Milano\u00a0<\/p>\r\n\r\n\r\n\r\n<p>Inserendo come causale (bonifico\/CCP):\u00a0 <strong>EMERGENZA CICLONE FREDDY<\/strong>\u00a0<\/p>\r\n\r\n\r\n\r\n<figure class=\"wp-block-gallery has-nested-images columns-2 is-cropped wp-block-gallery-1 is-layout-flex wp-block-gallery-is-layout-flex\">\r\n<figure class=\"wp-block-image size-large\"><img decoding=\"async\" data-id=\"170990\" class=\"wp-image-170990\" src=\"https:\/\/manitese.it\/wp-content\/uploads\/2023\/05\/Distr.kit-Mugawa19.04.23b-1-scaled.jpg\" alt=\"\" \/><\/figure>\r\n\r\n\r\n\r\n<figure class=\"wp-block-image size-large\"><img decoding=\"async\" data-id=\"170992\" class=\"wp-image-170992\" src=\"https:\/\/manitese.it\/wp-content\/uploads\/2023\/05\/Distr.kit-Mucigombe-20.04.23a-1-scaled.jpg\" alt=\"\" \/><\/figure>\r\n\r\n\r\n\r\n<figure class=\"wp-block-image size-large\"><img decoding=\"async\" data-id=\"170994\" class=\"wp-image-170994\" src=\"https:\/\/manitese.it\/wp-content\/uploads\/2023\/05\/Distr.kit-Mugawa19.04.23a-1-scaled.jpg\" alt=\"\" \/><\/figure>\r\n\r\n\r\n\r\n<figure class=\"wp-block-image size-large\"><img decoding=\"async\" data-id=\"170996\" class=\"wp-image-170996\" src=\"https:\/\/manitese.it\/wp-content\/uploads\/2023\/05\/Distr.kit-Mussula-23.04.23a-1-scaled.jpg\" alt=\"\" \/><\/figure>\r\n<\/figure>\r\n\r\n\r\n\r\n<p>&nbsp;<\/p>\r\n","protected":false},"excerpt":{"rendered":"<p>In questi giorni stiamo distribuendo alcuni kit alimentari nel Distretto di Maganja da Costa, in risposta alla situazione di emergenza causata dalle devastazioni provocate dal ciclone Freddy, che si \u00e8 recentemente abbattuto sul Paese.\u00a0<\/p>\n","protected":false},"author":1,"featured_media":170978,"comment_status":"open","ping_status":"open","sticky":false,"template":"","format":"standard","meta":{"_acf_changed":false,"give_campaign_id":0,"inline_featured_image":false,"_jetpack_memberships_contains_paid_content":false,"footnotes":""},"categories":[1],"tags":[39,101,115],"thematic_area":[918,916,905],"class_list":["post-170975","post","type-post","status-publish","format-standard","has-post-thumbnail","hentry","category-news","tag-burkina-faso-2","tag-diritti-2","tag-cibo","thematic_area-sistemi-e-filiere-agroalimentari-locali","thematic_area-citta-e-pratiche-sostenibili","thematic_area-accesso-universale-al-cibo-e-allacqua"],"acf":[],"yoast_head":"<!-- This site is optimized with the Yoast SEO plugin v27.5 - https:\/\/yoast.com\/product\/yoast-seo-wordpress\/ -->\n<title>Mani Tese - Distribuzione Kit Alimentari Mozambico<\/title>\n<meta name=\"description\" content=\"Fra strade allagate e tante difficolt\u00e0, nell\u2019ambito del progetto \u00d8 FAME stiamo distribuendo il cibo alle comunit\u00e0 colpite dal ciclone Freddy\" \/>\n<meta name=\"robots\" content=\"index, follow, max-snippet:-1, max-image-preview:large, max-video-preview:-1\" \/>\n<link rel=\"canonical\" href=\"https:\/\/www.manitese.it\/en\/mozambico-dopo-il-ciclone-inizia-la-distribuzione-dei-kit-alimentari\/\" \/>\n<meta property=\"og:locale\" content=\"en_US\" \/>\n<meta property=\"og:type\" content=\"article\" \/>\n<meta property=\"og:title\" content=\"Mani Tese - Distribuzione Kit Alimentari Mozambico\" \/>\n<meta property=\"og:description\" content=\"Fra strade allagate e tante difficolt\u00e0, nell\u2019ambito del progetto \u00d8 FAME stiamo distribuendo il cibo alle comunit\u00e0 colpite dal ciclone Freddy\" \/>\n<meta property=\"og:url\" content=\"https:\/\/www.manitese.it\/en\/mozambico-dopo-il-ciclone-inizia-la-distribuzione-dei-kit-alimentari\/\" \/>\n<meta property=\"og:site_name\" content=\"Mani Tese\" \/>\n<meta property=\"article:published_time\" content=\"2023-05-03T13:17:35+00:00\" \/>\n<meta property=\"article:modified_time\" content=\"2023-11-29T16:43:38+00:00\" \/>\n<meta property=\"og:image\" content=\"https:\/\/www.manitese.it\/wp-content\/uploads\/2023\/05\/Distr.kit-Mucigombe-20.04.23a-scaled-1.jpg\" \/>\n\t<meta property=\"og:image:width\" content=\"2560\" \/>\n\t<meta property=\"og:image:height\" content=\"1707\" \/>\n\t<meta property=\"og:image:type\" content=\"image\/jpeg\" \/>\n<meta name=\"author\" content=\"agevis\" \/>\n<meta name=\"twitter:card\" content=\"summary_large_image\" \/>\n<meta name=\"twitter:label1\" content=\"Written by\" \/>\n\t<meta name=\"twitter:data1\" content=\"agevis\" \/>\n\t<meta name=\"twitter:label2\" content=\"Est. reading time\" \/>\n\t<meta name=\"twitter:data2\" content=\"3 minutes\" \/>\n<script type=\"application\/ld+json\" class=\"yoast-schema-graph\">{\"@context\":\"https:\\\/\\\/schema.org\",\"@graph\":[{\"@type\":\"Article\",\"@id\":\"https:\\\/\\\/www.manitese.it\\\/en\\\/mozambico-dopo-il-ciclone-inizia-la-distribuzione-dei-kit-alimentari\\\/#article\",\"isPartOf\":{\"@id\":\"https:\\\/\\\/www.manitese.it\\\/en\\\/mozambico-dopo-il-ciclone-inizia-la-distribuzione-dei-kit-alimentari\\\/\"},\"author\":{\"name\":\"agevis\",\"@id\":\"https:\\\/\\\/www.manitese.it\\\/en\\\/#\\\/schema\\\/person\\\/5a9774f17e4940e2510bfeba90f04f65\"},\"headline\":\"Mozambico: dopo il ciclone, inizia la distribuzione dei kit alimentari\",\"datePublished\":\"2023-05-03T13:17:35+00:00\",\"dateModified\":\"2023-11-29T16:43:38+00:00\",\"mainEntityOfPage\":{\"@id\":\"https:\\\/\\\/www.manitese.it\\\/en\\\/mozambico-dopo-il-ciclone-inizia-la-distribuzione-dei-kit-alimentari\\\/\"},\"wordCount\":374,\"commentCount\":0,\"image\":{\"@id\":\"https:\\\/\\\/www.manitese.it\\\/en\\\/mozambico-dopo-il-ciclone-inizia-la-distribuzione-dei-kit-alimentari\\\/#primaryimage\"},\"thumbnailUrl\":\"https:\\\/\\\/www.manitese.it\\\/wp-content\\\/uploads\\\/2023\\\/05\\\/Distr.kit-Mucigombe-20.04.23a-scaled-1.jpg\",\"keywords\":[\"burkina faso\",\"diritti\",\"cibo\"],\"articleSection\":[\"News\"],\"inLanguage\":\"en-US\",\"potentialAction\":[{\"@type\":\"CommentAction\",\"name\":\"Comment\",\"target\":[\"https:\\\/\\\/www.manitese.it\\\/en\\\/mozambico-dopo-il-ciclone-inizia-la-distribuzione-dei-kit-alimentari\\\/#respond\"]}]},{\"@type\":\"WebPage\",\"@id\":\"https:\\\/\\\/www.manitese.it\\\/en\\\/mozambico-dopo-il-ciclone-inizia-la-distribuzione-dei-kit-alimentari\\\/\",\"url\":\"https:\\\/\\\/www.manitese.it\\\/en\\\/mozambico-dopo-il-ciclone-inizia-la-distribuzione-dei-kit-alimentari\\\/\",\"name\":\"Mani Tese - Distribuzione Kit Alimentari Mozambico\",\"isPartOf\":{\"@id\":\"https:\\\/\\\/www.manitese.it\\\/en\\\/#website\"},\"primaryImageOfPage\":{\"@id\":\"https:\\\/\\\/www.manitese.it\\\/en\\\/mozambico-dopo-il-ciclone-inizia-la-distribuzione-dei-kit-alimentari\\\/#primaryimage\"},\"image\":{\"@id\":\"https:\\\/\\\/www.manitese.it\\\/en\\\/mozambico-dopo-il-ciclone-inizia-la-distribuzione-dei-kit-alimentari\\\/#primaryimage\"},\"thumbnailUrl\":\"https:\\\/\\\/www.manitese.it\\\/wp-content\\\/uploads\\\/2023\\\/05\\\/Distr.kit-Mucigombe-20.04.23a-scaled-1.jpg\",\"datePublished\":\"2023-05-03T13:17:35+00:00\",\"dateModified\":\"2023-11-29T16:43:38+00:00\",\"author\":{\"@id\":\"https:\\\/\\\/www.manitese.it\\\/en\\\/#\\\/schema\\\/person\\\/5a9774f17e4940e2510bfeba90f04f65\"},\"description\":\"Fra strade allagate e tante difficolt\u00e0, nell\u2019ambito del progetto \u00d8 FAME stiamo distribuendo il cibo alle comunit\u00e0 colpite dal ciclone Freddy\",\"breadcrumb\":{\"@id\":\"https:\\\/\\\/www.manitese.it\\\/en\\\/mozambico-dopo-il-ciclone-inizia-la-distribuzione-dei-kit-alimentari\\\/#breadcrumb\"},\"inLanguage\":\"en-US\",\"potentialAction\":[{\"@type\":\"ReadAction\",\"target\":[\"https:\\\/\\\/www.manitese.it\\\/en\\\/mozambico-dopo-il-ciclone-inizia-la-distribuzione-dei-kit-alimentari\\\/\"]}]},{\"@type\":\"ImageObject\",\"inLanguage\":\"en-US\",\"@id\":\"https:\\\/\\\/www.manitese.it\\\/en\\\/mozambico-dopo-il-ciclone-inizia-la-distribuzione-dei-kit-alimentari\\\/#primaryimage\",\"url\":\"https:\\\/\\\/www.manitese.it\\\/wp-content\\\/uploads\\\/2023\\\/05\\\/Distr.kit-Mucigombe-20.04.23a-scaled-1.jpg\",\"contentUrl\":\"https:\\\/\\\/www.manitese.it\\\/wp-content\\\/uploads\\\/2023\\\/05\\\/Distr.kit-Mucigombe-20.04.23a-scaled-1.jpg\",\"width\":2560,\"height\":1707},{\"@type\":\"BreadcrumbList\",\"@id\":\"https:\\\/\\\/www.manitese.it\\\/en\\\/mozambico-dopo-il-ciclone-inizia-la-distribuzione-dei-kit-alimentari\\\/#breadcrumb\",\"itemListElement\":[{\"@type\":\"ListItem\",\"position\":1,\"name\":\"Home\",\"item\":\"https:\\\/\\\/www.manitese.it\\\/en\\\/\"},{\"@type\":\"ListItem\",\"position\":2,\"name\":\"Mozambico: dopo il ciclone, inizia la distribuzione dei kit alimentari\"}]},{\"@type\":\"WebSite\",\"@id\":\"https:\\\/\\\/www.manitese.it\\\/en\\\/#website\",\"url\":\"https:\\\/\\\/www.manitese.it\\\/en\\\/\",\"name\":\"Mani Tese\",\"description\":\"\",\"potentialAction\":[{\"@type\":\"SearchAction\",\"target\":{\"@type\":\"EntryPoint\",\"urlTemplate\":\"https:\\\/\\\/www.manitese.it\\\/en\\\/?s={search_term_string}\"},\"query-input\":{\"@type\":\"PropertyValueSpecification\",\"valueRequired\":true,\"valueName\":\"search_term_string\"}}],\"inLanguage\":\"en-US\"},{\"@type\":\"Person\",\"@id\":\"https:\\\/\\\/www.manitese.it\\\/en\\\/#\\\/schema\\\/person\\\/5a9774f17e4940e2510bfeba90f04f65\",\"name\":\"agevis\",\"image\":{\"@type\":\"ImageObject\",\"inLanguage\":\"en-US\",\"@id\":\"https:\\\/\\\/secure.gravatar.com\\\/avatar\\\/2dc96c93fcf3387a5922a93b50fb3bff01d4800590fb6a4ab91a034adb25ba17?s=96&d=mm&r=g\",\"url\":\"https:\\\/\\\/secure.gravatar.com\\\/avatar\\\/2dc96c93fcf3387a5922a93b50fb3bff01d4800590fb6a4ab91a034adb25ba17?s=96&d=mm&r=g\",\"contentUrl\":\"https:\\\/\\\/secure.gravatar.com\\\/avatar\\\/2dc96c93fcf3387a5922a93b50fb3bff01d4800590fb6a4ab91a034adb25ba17?s=96&d=mm&r=g\",\"caption\":\"agevis\"},\"url\":\"https:\\\/\\\/www.manitese.it\\\/en\\\/author\\\/wp_agevis_admin\\\/\"}]}<\/script>\n<!-- \/ Yoast SEO plugin. -->","yoast_head_json":{"title":"Mani Tese - Distribuzione Kit Alimentari Mozambico","description":"Fra strade allagate e tante difficolt\u00e0, nell\u2019ambito del progetto \u00d8 FAME stiamo distribuendo il cibo alle comunit\u00e0 colpite dal ciclone Freddy","robots":{"index":"index","follow":"follow","max-snippet":"max-snippet:-1","max-image-preview":"max-image-preview:large","max-video-preview":"max-video-preview:-1"},"canonical":"https:\/\/www.manitese.it\/en\/mozambico-dopo-il-ciclone-inizia-la-distribuzione-dei-kit-alimentari\/","og_locale":"en_US","og_type":"article","og_title":"Mani Tese - Distribuzione Kit Alimentari Mozambico","og_description":"Fra strade allagate e tante difficolt\u00e0, nell\u2019ambito del progetto \u00d8 FAME stiamo distribuendo il cibo alle comunit\u00e0 colpite dal ciclone Freddy","og_url":"https:\/\/www.manitese.it\/en\/mozambico-dopo-il-ciclone-inizia-la-distribuzione-dei-kit-alimentari\/","og_site_name":"Mani Tese","article_published_time":"2023-05-03T13:17:35+00:00","article_modified_time":"2023-11-29T16:43:38+00:00","og_image":[{"width":2560,"height":1707,"url":"https:\/\/www.manitese.it\/wp-content\/uploads\/2023\/05\/Distr.kit-Mucigombe-20.04.23a-scaled-1.jpg","type":"image\/jpeg"}],"author":"agevis","twitter_card":"summary_large_image","twitter_misc":{"Written by":"agevis","Est. reading time":"3 minutes"},"schema":{"@context":"https:\/\/schema.org","@graph":[{"@type":"Article","@id":"https:\/\/www.manitese.it\/en\/mozambico-dopo-il-ciclone-inizia-la-distribuzione-dei-kit-alimentari\/#article","isPartOf":{"@id":"https:\/\/www.manitese.it\/en\/mozambico-dopo-il-ciclone-inizia-la-distribuzione-dei-kit-alimentari\/"},"author":{"name":"agevis","@id":"https:\/\/www.manitese.it\/en\/#\/schema\/person\/5a9774f17e4940e2510bfeba90f04f65"},"headline":"Mozambico: dopo il ciclone, inizia la distribuzione dei kit alimentari","datePublished":"2023-05-03T13:17:35+00:00","dateModified":"2023-11-29T16:43:38+00:00","mainEntityOfPage":{"@id":"https:\/\/www.manitese.it\/en\/mozambico-dopo-il-ciclone-inizia-la-distribuzione-dei-kit-alimentari\/"},"wordCount":374,"commentCount":0,"image":{"@id":"https:\/\/www.manitese.it\/en\/mozambico-dopo-il-ciclone-inizia-la-distribuzione-dei-kit-alimentari\/#primaryimage"},"thumbnailUrl":"https:\/\/www.manitese.it\/wp-content\/uploads\/2023\/05\/Distr.kit-Mucigombe-20.04.23a-scaled-1.jpg","keywords":["burkina faso","diritti","cibo"],"articleSection":["News"],"inLanguage":"en-US","potentialAction":[{"@type":"CommentAction","name":"Comment","target":["https:\/\/www.manitese.it\/en\/mozambico-dopo-il-ciclone-inizia-la-distribuzione-dei-kit-alimentari\/#respond"]}]},{"@type":"WebPage","@id":"https:\/\/www.manitese.it\/en\/mozambico-dopo-il-ciclone-inizia-la-distribuzione-dei-kit-alimentari\/","url":"https:\/\/www.manitese.it\/en\/mozambico-dopo-il-ciclone-inizia-la-distribuzione-dei-kit-alimentari\/","name":"Mani Tese - Distribuzione Kit Alimentari Mozambico","isPartOf":{"@id":"https:\/\/www.manitese.it\/en\/#website"},"primaryImageOfPage":{"@id":"https:\/\/www.manitese.it\/en\/mozambico-dopo-il-ciclone-inizia-la-distribuzione-dei-kit-alimentari\/#primaryimage"},"image":{"@id":"https:\/\/www.manitese.it\/en\/mozambico-dopo-il-ciclone-inizia-la-distribuzione-dei-kit-alimentari\/#primaryimage"},"thumbnailUrl":"https:\/\/www.manitese.it\/wp-content\/uploads\/2023\/05\/Distr.kit-Mucigombe-20.04.23a-scaled-1.jpg","datePublished":"2023-05-03T13:17:35+00:00","dateModified":"2023-11-29T16:43:38+00:00","author":{"@id":"https:\/\/www.manitese.it\/en\/#\/schema\/person\/5a9774f17e4940e2510bfeba90f04f65"},"description":"Fra strade allagate e tante difficolt\u00e0, nell\u2019ambito del progetto \u00d8 FAME stiamo distribuendo il cibo alle comunit\u00e0 colpite dal ciclone Freddy","breadcrumb":{"@id":"https:\/\/www.manitese.it\/en\/mozambico-dopo-il-ciclone-inizia-la-distribuzione-dei-kit-alimentari\/#breadcrumb"},"inLanguage":"en-US","potentialAction":[{"@type":"ReadAction","target":["https:\/\/www.manitese.it\/en\/mozambico-dopo-il-ciclone-inizia-la-distribuzione-dei-kit-alimentari\/"]}]},{"@type":"ImageObject","inLanguage":"en-US","@id":"https:\/\/www.manitese.it\/en\/mozambico-dopo-il-ciclone-inizia-la-distribuzione-dei-kit-alimentari\/#primaryimage","url":"https:\/\/www.manitese.it\/wp-content\/uploads\/2023\/05\/Distr.kit-Mucigombe-20.04.23a-scaled-1.jpg","contentUrl":"https:\/\/www.manitese.it\/wp-content\/uploads\/2023\/05\/Distr.kit-Mucigombe-20.04.23a-scaled-1.jpg","width":2560,"height":1707},{"@type":"BreadcrumbList","@id":"https:\/\/www.manitese.it\/en\/mozambico-dopo-il-ciclone-inizia-la-distribuzione-dei-kit-alimentari\/#breadcrumb","itemListElement":[{"@type":"ListItem","position":1,"name":"Home","item":"https:\/\/www.manitese.it\/en\/"},{"@type":"ListItem","position":2,"name":"Mozambico: dopo il ciclone, inizia la distribuzione dei kit alimentari"}]},{"@type":"WebSite","@id":"https:\/\/www.manitese.it\/en\/#website","url":"https:\/\/www.manitese.it\/en\/","name":"Mani Tese","description":"","potentialAction":[{"@type":"SearchAction","target":{"@type":"EntryPoint","urlTemplate":"https:\/\/www.manitese.it\/en\/?s={search_term_string}"},"query-input":{"@type":"PropertyValueSpecification","valueRequired":true,"valueName":"search_term_string"}}],"inLanguage":"en-US"},{"@type":"Person","@id":"https:\/\/www.manitese.it\/en\/#\/schema\/person\/5a9774f17e4940e2510bfeba90f04f65","name":"agevis","image":{"@type":"ImageObject","inLanguage":"en-US","@id":"https:\/\/secure.gravatar.com\/avatar\/2dc96c93fcf3387a5922a93b50fb3bff01d4800590fb6a4ab91a034adb25ba17?s=96&d=mm&r=g","url":"https:\/\/secure.gravatar.com\/avatar\/2dc96c93fcf3387a5922a93b50fb3bff01d4800590fb6a4ab91a034adb25ba17?s=96&d=mm&r=g","contentUrl":"https:\/\/secure.gravatar.com\/avatar\/2dc96c93fcf3387a5922a93b50fb3bff01d4800590fb6a4ab91a034adb25ba17?s=96&d=mm&r=g","caption":"agevis"},"url":"https:\/\/www.manitese.it\/en\/author\/wp_agevis_admin\/"}]}},"jetpack_featured_media_url":"https:\/\/www.manitese.it\/wp-content\/uploads\/2023\/05\/Distr.kit-Mucigombe-20.04.23a-scaled-1.jpg","jetpack_sharing_enabled":true,"_links":{"self":[{"href":"https:\/\/www.manitese.it\/en\/wp-json\/wp\/v2\/posts\/170975","targetHints":{"allow":["GET"]}}],"collection":[{"href":"https:\/\/www.manitese.it\/en\/wp-json\/wp\/v2\/posts"}],"about":[{"href":"https:\/\/www.manitese.it\/en\/wp-json\/wp\/v2\/types\/post"}],"author":[{"embeddable":true,"href":"https:\/\/www.manitese.it\/en\/wp-json\/wp\/v2\/users\/1"}],"replies":[{"embeddable":true,"href":"https:\/\/www.manitese.it\/en\/wp-json\/wp\/v2\/comments?post=170975"}],"version-history":[{"count":3,"href":"https:\/\/www.manitese.it\/en\/wp-json\/wp\/v2\/posts\/170975\/revisions"}],"predecessor-version":[{"id":191641,"href":"https:\/\/www.manitese.it\/en\/wp-json\/wp\/v2\/posts\/170975\/revisions\/191641"}],"wp:featuredmedia":[{"embeddable":true,"href":"https:\/\/www.manitese.it\/en\/wp-json\/wp\/v2\/media\/170978"}],"wp:attachment":[{"href":"https:\/\/www.manitese.it\/en\/wp-json\/wp\/v2\/media?parent=170975"}],"wp:term":[{"taxonomy":"category","embeddable":true,"href":"https:\/\/www.manitese.it\/en\/wp-json\/wp\/v2\/categories?post=170975"},{"taxonomy":"post_tag","embeddable":true,"href":"https:\/\/www.manitese.it\/en\/wp-json\/wp\/v2\/tags?post=170975"},{"taxonomy":"thematic_area","embeddable":true,"href":"https:\/\/www.manitese.it\/en\/wp-json\/wp\/v2\/thematic_area?post=170975"}],"curies":[{"name":"wp","href":"https:\/\/api.w.org\/{rel}","templated":true}]}}