{"id":170834,"date":"2023-04-20T14:45:37","date_gmt":"2023-04-20T12:45:37","guid":{"rendered":"https:\/\/manitese.it\/?p=170834"},"modified":"2023-07-20T18:49:34","modified_gmt":"2023-07-20T16:49:34","slug":"un-appello-per-la-pace-in-sudan","status":"publish","type":"post","link":"https:\/\/www.manitese.it\/en\/un-appello-per-la-pace-in-sudan\/","title":{"rendered":"Un appello per la pace in Sudan"},"content":{"rendered":"\n<p><strong>Mani Tese, che ha negli anni scorsi lavorato in Sudan, \u00e8 profondamente addolorata per l&#8217;escalation del conflitto nel paese tra le Forze Armate Sudanese (SAF) e le Forze di Supporto Rapido (RSF).<\/strong>\u00a0Gli scontri, che durano da quattro giorni, hanno causato oltre 180 vittime e circa 1.800 feriti. La situazione ha anche interrotto le attivit\u00e0 umanitarie, portando al saccheggio dei beni umanitari e alla sospensione delle operazioni del Programma Alimentare Mondiale (WFP).<\/p>\n\n\n\n<p>Secondo le notizie delle Nazioni Unite, gli ospedali di Khartoum sono alle prese con gravi carenze di sangue, apparecchiature per trasfusioni, liquidi endovenosi e altre forniture mediche essenziali. Nove ospedali nella citt\u00e0 e due a Bahri (Khartoum Nord) hanno chiuso a causa dei bombardamenti e dell&#8217;insicurezza. Con 15,8 milioni di persone bisognose di assistenza umanitaria in Sudan, l&#8217;interruzione delle operazioni umanitarie rappresenta una profonda violazione dei loro diritti.&nbsp;<\/p>\n\n\n\n<p>Alla luce di questi eventi,&nbsp;<strong>Mani Tese lancia un appello per un cessate il fuoco immediato e la fine della violenza.&nbsp;<\/strong>Invitiamo tutte le parti coinvolte a dare la priorit\u00e0 alla pace e al benessere del popolo sudanese. Anche la Lega Araba ha chiesto un cessate il fuoco durante la festa musulmana di tre giorni dell&#8217;Eid al-Fitr, passo fondamentale per garantire che i civili possano accedere all&#8217;aiuto umanitario di cui hanno tanto bisogno.<\/p>\n\n\n\n<p>Mentre esprimiamo il nostro dolore per la situazione attuale, incoraggiamo gli attori internazionali, tra cui le Nazioni Unite, l&#8217;Unione Africana, l&#8217;Autorit\u00e0 Intergovernativa per lo Sviluppo (IGAD) e il QUAD per il Sudan, a lavorare per il ripristino della pace e della stabilit\u00e0 nella regione. \u00c8 essenziale agire con urgenza e decisione per evitare che la crisi si aggravi ulteriormente e colpisca altre vite innocenti.<\/p>\n\n\n\n<p><strong>Mani Tese si schiera in solidariet\u00e0 con il popolo del Sudan e rimane impegnata a sostenere la pace e gli sforzi umanitari nella regione.<\/strong>&nbsp;<strong>\u00c8 giunto il momento di far tacere le armi e concentrarsi sulla creazione di opportunit\u00e0 affinch\u00e9 il popolo sudanese possa vivere in pace e lavorare per uno sviluppo sostenibile.<\/strong><\/p>\n\n\n\n<figure class=\"wp-block-gallery has-nested-images columns-default is-cropped wp-block-gallery-1 is-layout-flex wp-block-gallery-is-layout-flex\"><\/figure>\n","protected":false},"excerpt":{"rendered":"<p>Mani Tese lancia un appello per un cessate il fuoco immediato e la fine della violenza. \u00c8 giunto il momento di far tacere le armi e concentrarsi sulla creazione di opportunit\u00e0 affinch\u00e9 il popolo sudanese possa vivere in pace e lavorare per uno sviluppo sostenibile.<\/p>\n","protected":false},"author":1,"featured_media":170835,"comment_status":"open","ping_status":"open","sticky":false,"template":"","format":"standard","meta":{"_acf_changed":false,"give_campaign_id":0,"inline_featured_image":false,"_jetpack_memberships_contains_paid_content":false,"footnotes":""},"categories":[22],"tags":[19,114],"thematic_area":[],"class_list":["post-170834","post","type-post","status-publish","format-standard","has-post-thumbnail","hentry","category-area-stampa","tag-pace","tag-sud-sudan-2"],"acf":[],"yoast_head":"<!-- This site is optimized with the Yoast SEO plugin v27.5 - https:\/\/yoast.com\/product\/yoast-seo-wordpress\/ -->\n<title>Un appello per la pace in Sudan - Mani Tese<\/title>\n<meta name=\"description\" content=\"Mani Tese lancia un appello per un cessate il fuoco immediato e la fine della violenza. \u00c8 giunto il momento di far tacere le armi e concentrarsi sulla creazione di opportunit\u00e0 affinch\u00e9 il popolo sudanese possa vivere in pace e lavorare per uno sviluppo sostenibile.\" \/>\n<meta name=\"robots\" content=\"index, follow, max-snippet:-1, max-image-preview:large, max-video-preview:-1\" \/>\n<link rel=\"canonical\" href=\"https:\/\/www.manitese.it\/en\/un-appello-per-la-pace-in-sudan\/\" \/>\n<meta property=\"og:locale\" content=\"en_US\" \/>\n<meta property=\"og:type\" content=\"article\" \/>\n<meta property=\"og:title\" content=\"Un appello per la pace in Sudan - Mani Tese\" \/>\n<meta property=\"og:description\" content=\"Mani Tese lancia un appello per un cessate il fuoco immediato e la fine della violenza. \u00c8 giunto il momento di far tacere le armi e concentrarsi sulla creazione di opportunit\u00e0 affinch\u00e9 il popolo sudanese possa vivere in pace e lavorare per uno sviluppo sostenibile.\" \/>\n<meta property=\"og:url\" content=\"https:\/\/www.manitese.it\/en\/un-appello-per-la-pace-in-sudan\/\" \/>\n<meta property=\"og:site_name\" content=\"Mani Tese\" \/>\n<meta property=\"article:published_time\" content=\"2023-04-20T12:45:37+00:00\" \/>\n<meta property=\"article:modified_time\" content=\"2023-07-20T16:49:34+00:00\" \/>\n<meta property=\"og:image\" content=\"https:\/\/www.manitese.it\/wp-content\/uploads\/2023\/04\/10.Header_Cosa_Facciamo_Maurizio_Casadei_Mani_Tese_2017.jpg\" \/>\n\t<meta property=\"og:image:width\" content=\"1920\" \/>\n\t<meta property=\"og:image:height\" content=\"800\" \/>\n\t<meta property=\"og:image:type\" content=\"image\/jpeg\" \/>\n<meta name=\"author\" content=\"agevis\" \/>\n<meta name=\"twitter:card\" content=\"summary_large_image\" \/>\n<meta name=\"twitter:label1\" content=\"Written by\" \/>\n\t<meta name=\"twitter:data1\" content=\"agevis\" \/>\n\t<meta name=\"twitter:label2\" content=\"Est. reading time\" \/>\n\t<meta name=\"twitter:data2\" content=\"2 minutes\" \/>\n<script type=\"application\/ld+json\" class=\"yoast-schema-graph\">{\"@context\":\"https:\\\/\\\/schema.org\",\"@graph\":[{\"@type\":\"Article\",\"@id\":\"https:\\\/\\\/www.manitese.it\\\/en\\\/un-appello-per-la-pace-in-sudan\\\/#article\",\"isPartOf\":{\"@id\":\"https:\\\/\\\/www.manitese.it\\\/en\\\/un-appello-per-la-pace-in-sudan\\\/\"},\"author\":{\"name\":\"agevis\",\"@id\":\"https:\\\/\\\/www.manitese.it\\\/en\\\/#\\\/schema\\\/person\\\/5a9774f17e4940e2510bfeba90f04f65\"},\"headline\":\"Un appello per la pace in Sudan\",\"datePublished\":\"2023-04-20T12:45:37+00:00\",\"dateModified\":\"2023-07-20T16:49:34+00:00\",\"mainEntityOfPage\":{\"@id\":\"https:\\\/\\\/www.manitese.it\\\/en\\\/un-appello-per-la-pace-in-sudan\\\/\"},\"wordCount\":342,\"commentCount\":0,\"image\":{\"@id\":\"https:\\\/\\\/www.manitese.it\\\/en\\\/un-appello-per-la-pace-in-sudan\\\/#primaryimage\"},\"thumbnailUrl\":\"https:\\\/\\\/www.manitese.it\\\/wp-content\\\/uploads\\\/2023\\\/04\\\/10.Header_Cosa_Facciamo_Maurizio_Casadei_Mani_Tese_2017.jpg\",\"keywords\":[\"pace\",\"sud sudan\"],\"articleSection\":[\"Area stampa\"],\"inLanguage\":\"en-US\",\"potentialAction\":[{\"@type\":\"CommentAction\",\"name\":\"Comment\",\"target\":[\"https:\\\/\\\/www.manitese.it\\\/en\\\/un-appello-per-la-pace-in-sudan\\\/#respond\"]}]},{\"@type\":\"WebPage\",\"@id\":\"https:\\\/\\\/www.manitese.it\\\/en\\\/un-appello-per-la-pace-in-sudan\\\/\",\"url\":\"https:\\\/\\\/www.manitese.it\\\/en\\\/un-appello-per-la-pace-in-sudan\\\/\",\"name\":\"Un appello per la pace in Sudan - Mani Tese\",\"isPartOf\":{\"@id\":\"https:\\\/\\\/www.manitese.it\\\/en\\\/#website\"},\"primaryImageOfPage\":{\"@id\":\"https:\\\/\\\/www.manitese.it\\\/en\\\/un-appello-per-la-pace-in-sudan\\\/#primaryimage\"},\"image\":{\"@id\":\"https:\\\/\\\/www.manitese.it\\\/en\\\/un-appello-per-la-pace-in-sudan\\\/#primaryimage\"},\"thumbnailUrl\":\"https:\\\/\\\/www.manitese.it\\\/wp-content\\\/uploads\\\/2023\\\/04\\\/10.Header_Cosa_Facciamo_Maurizio_Casadei_Mani_Tese_2017.jpg\",\"datePublished\":\"2023-04-20T12:45:37+00:00\",\"dateModified\":\"2023-07-20T16:49:34+00:00\",\"author\":{\"@id\":\"https:\\\/\\\/www.manitese.it\\\/en\\\/#\\\/schema\\\/person\\\/5a9774f17e4940e2510bfeba90f04f65\"},\"description\":\"Mani Tese lancia un appello per un cessate il fuoco immediato e la fine della violenza. \u00c8 giunto il momento di far tacere le armi e concentrarsi sulla creazione di opportunit\u00e0 affinch\u00e9 il popolo sudanese possa vivere in pace e lavorare per uno sviluppo sostenibile.\",\"breadcrumb\":{\"@id\":\"https:\\\/\\\/www.manitese.it\\\/en\\\/un-appello-per-la-pace-in-sudan\\\/#breadcrumb\"},\"inLanguage\":\"en-US\",\"potentialAction\":[{\"@type\":\"ReadAction\",\"target\":[\"https:\\\/\\\/www.manitese.it\\\/en\\\/un-appello-per-la-pace-in-sudan\\\/\"]}]},{\"@type\":\"ImageObject\",\"inLanguage\":\"en-US\",\"@id\":\"https:\\\/\\\/www.manitese.it\\\/en\\\/un-appello-per-la-pace-in-sudan\\\/#primaryimage\",\"url\":\"https:\\\/\\\/www.manitese.it\\\/wp-content\\\/uploads\\\/2023\\\/04\\\/10.Header_Cosa_Facciamo_Maurizio_Casadei_Mani_Tese_2017.jpg\",\"contentUrl\":\"https:\\\/\\\/www.manitese.it\\\/wp-content\\\/uploads\\\/2023\\\/04\\\/10.Header_Cosa_Facciamo_Maurizio_Casadei_Mani_Tese_2017.jpg\",\"width\":1920,\"height\":800,\"caption\":\"maurizio casadei\"},{\"@type\":\"BreadcrumbList\",\"@id\":\"https:\\\/\\\/www.manitese.it\\\/en\\\/un-appello-per-la-pace-in-sudan\\\/#breadcrumb\",\"itemListElement\":[{\"@type\":\"ListItem\",\"position\":1,\"name\":\"Home\",\"item\":\"https:\\\/\\\/www.manitese.it\\\/en\\\/\"},{\"@type\":\"ListItem\",\"position\":2,\"name\":\"Un appello per la pace in Sudan\"}]},{\"@type\":\"WebSite\",\"@id\":\"https:\\\/\\\/www.manitese.it\\\/en\\\/#website\",\"url\":\"https:\\\/\\\/www.manitese.it\\\/en\\\/\",\"name\":\"Mani Tese\",\"description\":\"\",\"potentialAction\":[{\"@type\":\"SearchAction\",\"target\":{\"@type\":\"EntryPoint\",\"urlTemplate\":\"https:\\\/\\\/www.manitese.it\\\/en\\\/?s={search_term_string}\"},\"query-input\":{\"@type\":\"PropertyValueSpecification\",\"valueRequired\":true,\"valueName\":\"search_term_string\"}}],\"inLanguage\":\"en-US\"},{\"@type\":\"Person\",\"@id\":\"https:\\\/\\\/www.manitese.it\\\/en\\\/#\\\/schema\\\/person\\\/5a9774f17e4940e2510bfeba90f04f65\",\"name\":\"agevis\",\"image\":{\"@type\":\"ImageObject\",\"inLanguage\":\"en-US\",\"@id\":\"https:\\\/\\\/secure.gravatar.com\\\/avatar\\\/2dc96c93fcf3387a5922a93b50fb3bff01d4800590fb6a4ab91a034adb25ba17?s=96&d=mm&r=g\",\"url\":\"https:\\\/\\\/secure.gravatar.com\\\/avatar\\\/2dc96c93fcf3387a5922a93b50fb3bff01d4800590fb6a4ab91a034adb25ba17?s=96&d=mm&r=g\",\"contentUrl\":\"https:\\\/\\\/secure.gravatar.com\\\/avatar\\\/2dc96c93fcf3387a5922a93b50fb3bff01d4800590fb6a4ab91a034adb25ba17?s=96&d=mm&r=g\",\"caption\":\"agevis\"},\"url\":\"https:\\\/\\\/www.manitese.it\\\/en\\\/author\\\/wp_agevis_admin\\\/\"}]}<\/script>\n<!-- \/ Yoast SEO plugin. -->","yoast_head_json":{"title":"Un appello per la pace in Sudan - Mani Tese","description":"Mani Tese lancia un appello per un cessate il fuoco immediato e la fine della violenza. \u00c8 giunto il momento di far tacere le armi e concentrarsi sulla creazione di opportunit\u00e0 affinch\u00e9 il popolo sudanese possa vivere in pace e lavorare per uno sviluppo sostenibile.","robots":{"index":"index","follow":"follow","max-snippet":"max-snippet:-1","max-image-preview":"max-image-preview:large","max-video-preview":"max-video-preview:-1"},"canonical":"https:\/\/www.manitese.it\/en\/un-appello-per-la-pace-in-sudan\/","og_locale":"en_US","og_type":"article","og_title":"Un appello per la pace in Sudan - Mani Tese","og_description":"Mani Tese lancia un appello per un cessate il fuoco immediato e la fine della violenza. \u00c8 giunto il momento di far tacere le armi e concentrarsi sulla creazione di opportunit\u00e0 affinch\u00e9 il popolo sudanese possa vivere in pace e lavorare per uno sviluppo sostenibile.","og_url":"https:\/\/www.manitese.it\/en\/un-appello-per-la-pace-in-sudan\/","og_site_name":"Mani Tese","article_published_time":"2023-04-20T12:45:37+00:00","article_modified_time":"2023-07-20T16:49:34+00:00","og_image":[{"width":1920,"height":800,"url":"https:\/\/www.manitese.it\/wp-content\/uploads\/2023\/04\/10.Header_Cosa_Facciamo_Maurizio_Casadei_Mani_Tese_2017.jpg","type":"image\/jpeg"}],"author":"agevis","twitter_card":"summary_large_image","twitter_misc":{"Written by":"agevis","Est. reading time":"2 minutes"},"schema":{"@context":"https:\/\/schema.org","@graph":[{"@type":"Article","@id":"https:\/\/www.manitese.it\/en\/un-appello-per-la-pace-in-sudan\/#article","isPartOf":{"@id":"https:\/\/www.manitese.it\/en\/un-appello-per-la-pace-in-sudan\/"},"author":{"name":"agevis","@id":"https:\/\/www.manitese.it\/en\/#\/schema\/person\/5a9774f17e4940e2510bfeba90f04f65"},"headline":"Un appello per la pace in Sudan","datePublished":"2023-04-20T12:45:37+00:00","dateModified":"2023-07-20T16:49:34+00:00","mainEntityOfPage":{"@id":"https:\/\/www.manitese.it\/en\/un-appello-per-la-pace-in-sudan\/"},"wordCount":342,"commentCount":0,"image":{"@id":"https:\/\/www.manitese.it\/en\/un-appello-per-la-pace-in-sudan\/#primaryimage"},"thumbnailUrl":"https:\/\/www.manitese.it\/wp-content\/uploads\/2023\/04\/10.Header_Cosa_Facciamo_Maurizio_Casadei_Mani_Tese_2017.jpg","keywords":["pace","sud sudan"],"articleSection":["Area stampa"],"inLanguage":"en-US","potentialAction":[{"@type":"CommentAction","name":"Comment","target":["https:\/\/www.manitese.it\/en\/un-appello-per-la-pace-in-sudan\/#respond"]}]},{"@type":"WebPage","@id":"https:\/\/www.manitese.it\/en\/un-appello-per-la-pace-in-sudan\/","url":"https:\/\/www.manitese.it\/en\/un-appello-per-la-pace-in-sudan\/","name":"Un appello per la pace in Sudan - Mani Tese","isPartOf":{"@id":"https:\/\/www.manitese.it\/en\/#website"},"primaryImageOfPage":{"@id":"https:\/\/www.manitese.it\/en\/un-appello-per-la-pace-in-sudan\/#primaryimage"},"image":{"@id":"https:\/\/www.manitese.it\/en\/un-appello-per-la-pace-in-sudan\/#primaryimage"},"thumbnailUrl":"https:\/\/www.manitese.it\/wp-content\/uploads\/2023\/04\/10.Header_Cosa_Facciamo_Maurizio_Casadei_Mani_Tese_2017.jpg","datePublished":"2023-04-20T12:45:37+00:00","dateModified":"2023-07-20T16:49:34+00:00","author":{"@id":"https:\/\/www.manitese.it\/en\/#\/schema\/person\/5a9774f17e4940e2510bfeba90f04f65"},"description":"Mani Tese lancia un appello per un cessate il fuoco immediato e la fine della violenza. \u00c8 giunto il momento di far tacere le armi e concentrarsi sulla creazione di opportunit\u00e0 affinch\u00e9 il popolo sudanese possa vivere in pace e lavorare per uno sviluppo sostenibile.","breadcrumb":{"@id":"https:\/\/www.manitese.it\/en\/un-appello-per-la-pace-in-sudan\/#breadcrumb"},"inLanguage":"en-US","potentialAction":[{"@type":"ReadAction","target":["https:\/\/www.manitese.it\/en\/un-appello-per-la-pace-in-sudan\/"]}]},{"@type":"ImageObject","inLanguage":"en-US","@id":"https:\/\/www.manitese.it\/en\/un-appello-per-la-pace-in-sudan\/#primaryimage","url":"https:\/\/www.manitese.it\/wp-content\/uploads\/2023\/04\/10.Header_Cosa_Facciamo_Maurizio_Casadei_Mani_Tese_2017.jpg","contentUrl":"https:\/\/www.manitese.it\/wp-content\/uploads\/2023\/04\/10.Header_Cosa_Facciamo_Maurizio_Casadei_Mani_Tese_2017.jpg","width":1920,"height":800,"caption":"maurizio casadei"},{"@type":"BreadcrumbList","@id":"https:\/\/www.manitese.it\/en\/un-appello-per-la-pace-in-sudan\/#breadcrumb","itemListElement":[{"@type":"ListItem","position":1,"name":"Home","item":"https:\/\/www.manitese.it\/en\/"},{"@type":"ListItem","position":2,"name":"Un appello per la pace in Sudan"}]},{"@type":"WebSite","@id":"https:\/\/www.manitese.it\/en\/#website","url":"https:\/\/www.manitese.it\/en\/","name":"Mani Tese","description":"","potentialAction":[{"@type":"SearchAction","target":{"@type":"EntryPoint","urlTemplate":"https:\/\/www.manitese.it\/en\/?s={search_term_string}"},"query-input":{"@type":"PropertyValueSpecification","valueRequired":true,"valueName":"search_term_string"}}],"inLanguage":"en-US"},{"@type":"Person","@id":"https:\/\/www.manitese.it\/en\/#\/schema\/person\/5a9774f17e4940e2510bfeba90f04f65","name":"agevis","image":{"@type":"ImageObject","inLanguage":"en-US","@id":"https:\/\/secure.gravatar.com\/avatar\/2dc96c93fcf3387a5922a93b50fb3bff01d4800590fb6a4ab91a034adb25ba17?s=96&d=mm&r=g","url":"https:\/\/secure.gravatar.com\/avatar\/2dc96c93fcf3387a5922a93b50fb3bff01d4800590fb6a4ab91a034adb25ba17?s=96&d=mm&r=g","contentUrl":"https:\/\/secure.gravatar.com\/avatar\/2dc96c93fcf3387a5922a93b50fb3bff01d4800590fb6a4ab91a034adb25ba17?s=96&d=mm&r=g","caption":"agevis"},"url":"https:\/\/www.manitese.it\/en\/author\/wp_agevis_admin\/"}]}},"jetpack_featured_media_url":"https:\/\/www.manitese.it\/wp-content\/uploads\/2023\/04\/10.Header_Cosa_Facciamo_Maurizio_Casadei_Mani_Tese_2017.jpg","jetpack_sharing_enabled":true,"_links":{"self":[{"href":"https:\/\/www.manitese.it\/en\/wp-json\/wp\/v2\/posts\/170834","targetHints":{"allow":["GET"]}}],"collection":[{"href":"https:\/\/www.manitese.it\/en\/wp-json\/wp\/v2\/posts"}],"about":[{"href":"https:\/\/www.manitese.it\/en\/wp-json\/wp\/v2\/types\/post"}],"author":[{"embeddable":true,"href":"https:\/\/www.manitese.it\/en\/wp-json\/wp\/v2\/users\/1"}],"replies":[{"embeddable":true,"href":"https:\/\/www.manitese.it\/en\/wp-json\/wp\/v2\/comments?post=170834"}],"version-history":[{"count":2,"href":"https:\/\/www.manitese.it\/en\/wp-json\/wp\/v2\/posts\/170834\/revisions"}],"predecessor-version":[{"id":177560,"href":"https:\/\/www.manitese.it\/en\/wp-json\/wp\/v2\/posts\/170834\/revisions\/177560"}],"wp:featuredmedia":[{"embeddable":true,"href":"https:\/\/www.manitese.it\/en\/wp-json\/wp\/v2\/media\/170835"}],"wp:attachment":[{"href":"https:\/\/www.manitese.it\/en\/wp-json\/wp\/v2\/media?parent=170834"}],"wp:term":[{"taxonomy":"category","embeddable":true,"href":"https:\/\/www.manitese.it\/en\/wp-json\/wp\/v2\/categories?post=170834"},{"taxonomy":"post_tag","embeddable":true,"href":"https:\/\/www.manitese.it\/en\/wp-json\/wp\/v2\/tags?post=170834"},{"taxonomy":"thematic_area","embeddable":true,"href":"https:\/\/www.manitese.it\/en\/wp-json\/wp\/v2\/thematic_area?post=170834"}],"curies":[{"name":"wp","href":"https:\/\/api.w.org\/{rel}","templated":true}]}}