{"id":169940,"date":"2023-03-16T17:29:04","date_gmt":"2023-03-16T16:29:04","guid":{"rendered":"https:\/\/manitese.it\/?p=169940"},"modified":"2023-07-20T18:50:50","modified_gmt":"2023-07-20T16:50:50","slug":"gli-effetti-del-ciclone-freddy-in-mozambico","status":"publish","type":"post","link":"https:\/\/www.manitese.it\/en\/gli-effetti-del-ciclone-freddy-in-mozambico\/","title":{"rendered":"Gli effetti del ciclone freddy in Mozambico"},"content":{"rendered":"\n<p>La provincia della Zamb\u00e9zia \u00e8 stata colpita da una serie di gravi fenomeni meteorologici che hanno lasciato la popolazione in condizioni di notevole e immediata necessit\u00e0. Il ciclone Freddy \u00e8 arrivato nella notte tra sabato 11 e domenica 12 marzo 2023 con epicentro nella localit\u00e0 di Macuze distretto di Namacurra, con venti a 148 km\/h e raffiche fino a 213 km\/h e piogge abbondanti di oltre 200 mm in 24 ore, interessando non solo la provincia di Zamb\u00e9zia, ma anche quelle di Sofala, Nampula e Manica, e Tete, otre al Malawi.<\/p>\n\n\n\n<p>I primi dati indicano che i distretti pi\u00f9 colpiti sono Quelimane, Nicoadala, Namacurra, Maganja da Costa, Mocuba, Milange, Mocubela e Pebane, dove il numero totale delle famiglie colpite \u00e8 di circa 21.000 e quello dei feriti in cura nelle diverse unit\u00e0 sanitarie continua ad aumentare e i decessi, secondo i dati preliminari, hanno raggiunto quota 53.<\/p>\n\n\n\n<p>La stampa ha evidenziato la registrazione di oltre 6.604 abitazioni completamente distrutte, oltre 9.873 parzialmente e circa 2.200 abitazioni allagate.<\/p>\n\n\n\n<p>Le famiglie colpite hanno trovato rifugio principalmente nelle scuole che attualmente vengono utilizzate come centri di accoglienza per gli sfollati.<\/p>\n\n\n\n<p>Hanno sofferto gravi danni anche 39 unit\u00e0 sanitarie e pi\u00f9 di 500 aule scolastiche. Sono stati distrutti circa 200.000 ettari di colture varie, con cifre ancora imprecisate per la caduta dei pali dell&#8217;energia elettrica e delle telecomunicazioni. Coloro che cercano di riparare le proprie case sostituendo le lamiere di zinco che ne costituiscono il tetto, stanno risentendo economicamente, visto che ogni lamiera di 5 metri \u00e8 passata da circa 5 \u20ac a circa 12 \u20ac l\u2019una nel giro di un paio di giorni.<\/p>\n\n\n\n<p>Il numero dei Distretti (a livello nazionale) con un&#8217;epidemia di colera \u00e8 passato da 27 a 32 in una settimana, uno scenario forse associato al degrado del sistema igienico-sanitario nel mezzo e alla contaminazione delle fonti idriche a causa delle piogge che si sono registrate in questi giorni un po&#8217; in tutte le province del Paese. A Quelimane, capoluogo della Zamb\u00e9zia, continuano ad aumentare i casi di colera registrati e la previsione \u00e8 che aumentino continuamente per via delle condizioni di promiscuit\u00e0 e scarsa igiene in cui si incontrano gli sfollati alloggiati nelle scuole ed altri ripari di fortuna collettivi.<\/p>\n\n\n\n<p>&#8212;-<\/p>\n\n\n\n<p><em>Mani Tese opera a fianco della popolazione colpita con i suoi progetti di cooperazione internazionale, oggi ancora pi\u00f9 importanti perch\u00e9 permetteranno alle comunit\u00e0 di risollevarsi dopo questa calamit\u00e0.<\/em><\/p>\n\n\n\n<p><em>Per chi pu\u00f2 e vuole aiutare, abbiamo aperto una raccolta fondi.<\/em><\/p>\n\n\n\n<p><em>&gt; Modalit\u00e0 di donazione:<\/em><\/p>\n\n\n\n<p><em>\u2013 Carta di credito sul <a href=\"https:\/\/donazioni.manitese.it\/\" data-type=\"URL\" data-id=\"https:\/\/donazioni.manitese.it\/\" target=\"_blank\" rel=\"noreferrer noopener\">sito di Mani Tese<\/a> inserendo l\u2019importo che desideri donare<\/em><\/p>\n\n\n\n<p><em>\u2013 Bonifico bancario intestato a Associazione MANI TESE ONG Onlus presso banca Popolare Etica (IBAN: IT 57 F 05018 01600 000010203040)<\/em><\/p>\n\n\n\n<p><em>\u2013 CCP, Conto Corrente Postale: n\u00b0 291278 intestato a Associazione Mani Tese ONG ONLUS , P.le Morandi 2, 20121 Milano<\/em><\/p>\n\n\n\n<p><em>Inserendo come causale (bonifico\/CCP):&nbsp; EMERGENZA CICLONE FREDDY<\/em><\/p>\n\n\n\n<div class=\"wp-block-columns is-layout-flex wp-container-core-columns-is-layout-9d6595d7 wp-block-columns-is-layout-flex\">\n<div class=\"wp-block-column is-layout-flow wp-block-column-is-layout-flow\" style=\"flex-basis:100%\">\n<figure class=\"wp-block-gallery has-nested-images columns-default is-cropped wp-block-gallery-1 is-layout-flex wp-block-gallery-is-layout-flex\">\n<figure class=\"wp-block-image size-large\"><img fetchpriority=\"high\" decoding=\"async\" width=\"1024\" height=\"683\" data-id=\"169947\" src=\"https:\/\/manitese.it\/wp-content\/uploads\/2023\/03\/Bairro-Floresta-1024x683.jpg\" alt=\"\" class=\"wp-image-169947\" srcset=\"https:\/\/www.manitese.it\/wp-content\/uploads\/2023\/03\/Bairro-Floresta-1024x683.jpg 1024w, https:\/\/www.manitese.it\/wp-content\/uploads\/2023\/03\/Bairro-Floresta-600x400.jpg 600w, https:\/\/www.manitese.it\/wp-content\/uploads\/2023\/03\/Bairro-Floresta-300x200.jpg 300w, https:\/\/www.manitese.it\/wp-content\/uploads\/2023\/03\/Bairro-Floresta-768x512.jpg 768w, https:\/\/www.manitese.it\/wp-content\/uploads\/2023\/03\/Bairro-Floresta-1536x1024.jpg 1536w, https:\/\/www.manitese.it\/wp-content\/uploads\/2023\/03\/Bairro-Floresta-400x267.jpg 400w, https:\/\/www.manitese.it\/wp-content\/uploads\/2023\/03\/Bairro-Floresta.jpg 1920w\" sizes=\"(max-width: 1024px) 100vw, 1024px\" \/><\/figure>\n\n\n\n<figure class=\"wp-block-image size-large\"><img decoding=\"async\" width=\"1024\" height=\"683\" data-id=\"169945\" src=\"https:\/\/manitese.it\/wp-content\/uploads\/2023\/03\/Bairro-Avenida-Maputo-1024x683.jpg\" alt=\"\" class=\"wp-image-169945\" srcset=\"https:\/\/www.manitese.it\/wp-content\/uploads\/2023\/03\/Bairro-Avenida-Maputo-1024x683.jpg 1024w, https:\/\/www.manitese.it\/wp-content\/uploads\/2023\/03\/Bairro-Avenida-Maputo-600x400.jpg 600w, https:\/\/www.manitese.it\/wp-content\/uploads\/2023\/03\/Bairro-Avenida-Maputo-300x200.jpg 300w, https:\/\/www.manitese.it\/wp-content\/uploads\/2023\/03\/Bairro-Avenida-Maputo-768x512.jpg 768w, https:\/\/www.manitese.it\/wp-content\/uploads\/2023\/03\/Bairro-Avenida-Maputo-1536x1024.jpg 1536w, https:\/\/www.manitese.it\/wp-content\/uploads\/2023\/03\/Bairro-Avenida-Maputo-400x267.jpg 400w, https:\/\/www.manitese.it\/wp-content\/uploads\/2023\/03\/Bairro-Avenida-Maputo.jpg 1920w\" sizes=\"(max-width: 1024px) 100vw, 1024px\" \/><\/figure>\n\n\n\n<figure class=\"wp-block-image size-large\"><img decoding=\"async\" width=\"1024\" height=\"683\" data-id=\"169943\" src=\"https:\/\/manitese.it\/wp-content\/uploads\/2023\/03\/Bairro-Avenida-Maputo-2-1024x683.jpg\" alt=\"\" class=\"wp-image-169943\" srcset=\"https:\/\/www.manitese.it\/wp-content\/uploads\/2023\/03\/Bairro-Avenida-Maputo-2-1024x683.jpg 1024w, https:\/\/www.manitese.it\/wp-content\/uploads\/2023\/03\/Bairro-Avenida-Maputo-2-600x400.jpg 600w, https:\/\/www.manitese.it\/wp-content\/uploads\/2023\/03\/Bairro-Avenida-Maputo-2-300x200.jpg 300w, https:\/\/www.manitese.it\/wp-content\/uploads\/2023\/03\/Bairro-Avenida-Maputo-2-768x512.jpg 768w, https:\/\/www.manitese.it\/wp-content\/uploads\/2023\/03\/Bairro-Avenida-Maputo-2-1536x1024.jpg 1536w, https:\/\/www.manitese.it\/wp-content\/uploads\/2023\/03\/Bairro-Avenida-Maputo-2-400x267.jpg 400w, https:\/\/www.manitese.it\/wp-content\/uploads\/2023\/03\/Bairro-Avenida-Maputo-2.jpg 1920w\" sizes=\"(max-width: 1024px) 100vw, 1024px\" \/><\/figure>\n\n\n\n<figure class=\"wp-block-image size-large\"><img loading=\"lazy\" decoding=\"async\" width=\"1024\" height=\"683\" data-id=\"169951\" src=\"https:\/\/manitese.it\/wp-content\/uploads\/2023\/03\/Bairro-Sangariveira-2-1024x683.jpg\" alt=\"\" class=\"wp-image-169951\" srcset=\"https:\/\/www.manitese.it\/wp-content\/uploads\/2023\/03\/Bairro-Sangariveira-2-1024x683.jpg 1024w, https:\/\/www.manitese.it\/wp-content\/uploads\/2023\/03\/Bairro-Sangariveira-2-600x400.jpg 600w, https:\/\/www.manitese.it\/wp-content\/uploads\/2023\/03\/Bairro-Sangariveira-2-300x200.jpg 300w, https:\/\/www.manitese.it\/wp-content\/uploads\/2023\/03\/Bairro-Sangariveira-2-768x512.jpg 768w, https:\/\/www.manitese.it\/wp-content\/uploads\/2023\/03\/Bairro-Sangariveira-2-1536x1024.jpg 1536w, https:\/\/www.manitese.it\/wp-content\/uploads\/2023\/03\/Bairro-Sangariveira-2-400x267.jpg 400w, https:\/\/www.manitese.it\/wp-content\/uploads\/2023\/03\/Bairro-Sangariveira-2.jpg 1920w\" sizes=\"(max-width: 1024px) 100vw, 1024px\" \/><\/figure>\n\n\n\n<figure class=\"wp-block-image size-large\"><img loading=\"lazy\" decoding=\"async\" width=\"1024\" height=\"683\" data-id=\"169953\" src=\"https:\/\/manitese.it\/wp-content\/uploads\/2023\/03\/Bairro-Sangariveira-1024x683.jpg\" alt=\"\" class=\"wp-image-169953\" srcset=\"https:\/\/www.manitese.it\/wp-content\/uploads\/2023\/03\/Bairro-Sangariveira-1024x683.jpg 1024w, https:\/\/www.manitese.it\/wp-content\/uploads\/2023\/03\/Bairro-Sangariveira-600x400.jpg 600w, https:\/\/www.manitese.it\/wp-content\/uploads\/2023\/03\/Bairro-Sangariveira-300x200.jpg 300w, https:\/\/www.manitese.it\/wp-content\/uploads\/2023\/03\/Bairro-Sangariveira-768x512.jpg 768w, https:\/\/www.manitese.it\/wp-content\/uploads\/2023\/03\/Bairro-Sangariveira-1536x1024.jpg 1536w, https:\/\/www.manitese.it\/wp-content\/uploads\/2023\/03\/Bairro-Sangariveira-400x267.jpg 400w, https:\/\/www.manitese.it\/wp-content\/uploads\/2023\/03\/Bairro-Sangariveira.jpg 1920w\" sizes=\"(max-width: 1024px) 100vw, 1024px\" \/><\/figure>\n\n\n\n<figure class=\"wp-block-image size-large\"><img loading=\"lazy\" decoding=\"async\" width=\"1024\" height=\"683\" data-id=\"169949\" src=\"https:\/\/manitese.it\/wp-content\/uploads\/2023\/03\/Bairro-Issidua-1024x683.jpg\" alt=\"\" class=\"wp-image-169949\" srcset=\"https:\/\/www.manitese.it\/wp-content\/uploads\/2023\/03\/Bairro-Issidua-1024x683.jpg 1024w, https:\/\/www.manitese.it\/wp-content\/uploads\/2023\/03\/Bairro-Issidua-600x400.jpg 600w, https:\/\/www.manitese.it\/wp-content\/uploads\/2023\/03\/Bairro-Issidua-300x200.jpg 300w, https:\/\/www.manitese.it\/wp-content\/uploads\/2023\/03\/Bairro-Issidua-768x512.jpg 768w, https:\/\/www.manitese.it\/wp-content\/uploads\/2023\/03\/Bairro-Issidua-1536x1024.jpg 1536w, https:\/\/www.manitese.it\/wp-content\/uploads\/2023\/03\/Bairro-Issidua-400x267.jpg 400w, https:\/\/www.manitese.it\/wp-content\/uploads\/2023\/03\/Bairro-Issidua.jpg 1920w\" sizes=\"(max-width: 1024px) 100vw, 1024px\" \/><\/figure>\n<\/figure>\n<\/div>\n<\/div>\n","protected":false},"excerpt":{"rendered":"<p>Il ciclone Freddy si \u00e8 abbattuto su Quelimane e sulle zone dove siamo presenti per realizzare i nostri progetti di cooperazione, e la situazione ora \u00e8 di emergenza.<\/p>\n","protected":false},"author":1,"featured_media":169941,"comment_status":"open","ping_status":"open","sticky":false,"template":"","format":"standard","meta":{"_acf_changed":false,"give_campaign_id":0,"inline_featured_image":false,"_jetpack_memberships_contains_paid_content":false,"footnotes":""},"categories":[1],"tags":[53],"thematic_area":[],"class_list":["post-169940","post","type-post","status-publish","format-standard","has-post-thumbnail","hentry","category-news","tag-mozambico"],"acf":[],"yoast_head":"<!-- This site is optimized with the Yoast SEO plugin v27.5 - https:\/\/yoast.com\/product\/yoast-seo-wordpress\/ -->\n<title>Gli effetti del ciclone freddy in Mozambico - Mani Tese<\/title>\n<meta name=\"description\" content=\"Il ciclone Freddy si \u00e8 abbattuto su Quelimane e sulle zone dove siamo presenti per realizzare i nostri progetti di cooperazione, e la situazione ora \u00e8 di emergenza.\" \/>\n<meta name=\"robots\" content=\"index, follow, max-snippet:-1, max-image-preview:large, max-video-preview:-1\" \/>\n<link rel=\"canonical\" href=\"https:\/\/www.manitese.it\/en\/gli-effetti-del-ciclone-freddy-in-mozambico\/\" \/>\n<meta property=\"og:locale\" content=\"en_US\" \/>\n<meta property=\"og:type\" content=\"article\" \/>\n<meta property=\"og:title\" content=\"Gli effetti del ciclone freddy in Mozambico - Mani Tese\" \/>\n<meta property=\"og:description\" content=\"Il ciclone Freddy si \u00e8 abbattuto su Quelimane e sulle zone dove siamo presenti per realizzare i nostri progetti di cooperazione, e la situazione ora \u00e8 di emergenza.\" \/>\n<meta property=\"og:url\" content=\"https:\/\/www.manitese.it\/en\/gli-effetti-del-ciclone-freddy-in-mozambico\/\" \/>\n<meta property=\"og:site_name\" content=\"Mani Tese\" \/>\n<meta property=\"article:published_time\" content=\"2023-03-16T16:29:04+00:00\" \/>\n<meta property=\"article:modified_time\" content=\"2023-07-20T16:50:50+00:00\" \/>\n<meta property=\"og:image\" content=\"https:\/\/www.manitese.it\/wp-content\/uploads\/2023\/03\/header-news.jpg\" \/>\n\t<meta property=\"og:image:width\" content=\"1919\" \/>\n\t<meta property=\"og:image:height\" content=\"821\" \/>\n\t<meta property=\"og:image:type\" content=\"image\/jpeg\" \/>\n<meta name=\"author\" content=\"agevis\" \/>\n<meta name=\"twitter:card\" content=\"summary_large_image\" \/>\n<meta name=\"twitter:label1\" content=\"Written by\" \/>\n\t<meta name=\"twitter:data1\" content=\"agevis\" \/>\n\t<meta name=\"twitter:label2\" content=\"Est. reading time\" \/>\n\t<meta name=\"twitter:data2\" content=\"2 minutes\" \/>\n<script type=\"application\/ld+json\" class=\"yoast-schema-graph\">{\"@context\":\"https:\\\/\\\/schema.org\",\"@graph\":[{\"@type\":\"Article\",\"@id\":\"https:\\\/\\\/www.manitese.it\\\/en\\\/gli-effetti-del-ciclone-freddy-in-mozambico\\\/#article\",\"isPartOf\":{\"@id\":\"https:\\\/\\\/www.manitese.it\\\/en\\\/gli-effetti-del-ciclone-freddy-in-mozambico\\\/\"},\"author\":{\"name\":\"agevis\",\"@id\":\"https:\\\/\\\/www.manitese.it\\\/en\\\/#\\\/schema\\\/person\\\/5a9774f17e4940e2510bfeba90f04f65\"},\"headline\":\"Gli effetti del ciclone freddy in Mozambico\",\"datePublished\":\"2023-03-16T16:29:04+00:00\",\"dateModified\":\"2023-07-20T16:50:50+00:00\",\"mainEntityOfPage\":{\"@id\":\"https:\\\/\\\/www.manitese.it\\\/en\\\/gli-effetti-del-ciclone-freddy-in-mozambico\\\/\"},\"wordCount\":456,\"commentCount\":0,\"image\":{\"@id\":\"https:\\\/\\\/www.manitese.it\\\/en\\\/gli-effetti-del-ciclone-freddy-in-mozambico\\\/#primaryimage\"},\"thumbnailUrl\":\"https:\\\/\\\/www.manitese.it\\\/wp-content\\\/uploads\\\/2023\\\/03\\\/header-news.jpg\",\"keywords\":[\"Mozambico\"],\"articleSection\":[\"News\"],\"inLanguage\":\"en-US\",\"potentialAction\":[{\"@type\":\"CommentAction\",\"name\":\"Comment\",\"target\":[\"https:\\\/\\\/www.manitese.it\\\/en\\\/gli-effetti-del-ciclone-freddy-in-mozambico\\\/#respond\"]}]},{\"@type\":\"WebPage\",\"@id\":\"https:\\\/\\\/www.manitese.it\\\/en\\\/gli-effetti-del-ciclone-freddy-in-mozambico\\\/\",\"url\":\"https:\\\/\\\/www.manitese.it\\\/en\\\/gli-effetti-del-ciclone-freddy-in-mozambico\\\/\",\"name\":\"Gli effetti del ciclone freddy in Mozambico - Mani Tese\",\"isPartOf\":{\"@id\":\"https:\\\/\\\/www.manitese.it\\\/en\\\/#website\"},\"primaryImageOfPage\":{\"@id\":\"https:\\\/\\\/www.manitese.it\\\/en\\\/gli-effetti-del-ciclone-freddy-in-mozambico\\\/#primaryimage\"},\"image\":{\"@id\":\"https:\\\/\\\/www.manitese.it\\\/en\\\/gli-effetti-del-ciclone-freddy-in-mozambico\\\/#primaryimage\"},\"thumbnailUrl\":\"https:\\\/\\\/www.manitese.it\\\/wp-content\\\/uploads\\\/2023\\\/03\\\/header-news.jpg\",\"datePublished\":\"2023-03-16T16:29:04+00:00\",\"dateModified\":\"2023-07-20T16:50:50+00:00\",\"author\":{\"@id\":\"https:\\\/\\\/www.manitese.it\\\/en\\\/#\\\/schema\\\/person\\\/5a9774f17e4940e2510bfeba90f04f65\"},\"description\":\"Il ciclone Freddy si \u00e8 abbattuto su Quelimane e sulle zone dove siamo presenti per realizzare i nostri progetti di cooperazione, e la situazione ora \u00e8 di emergenza.\",\"breadcrumb\":{\"@id\":\"https:\\\/\\\/www.manitese.it\\\/en\\\/gli-effetti-del-ciclone-freddy-in-mozambico\\\/#breadcrumb\"},\"inLanguage\":\"en-US\",\"potentialAction\":[{\"@type\":\"ReadAction\",\"target\":[\"https:\\\/\\\/www.manitese.it\\\/en\\\/gli-effetti-del-ciclone-freddy-in-mozambico\\\/\"]}]},{\"@type\":\"ImageObject\",\"inLanguage\":\"en-US\",\"@id\":\"https:\\\/\\\/www.manitese.it\\\/en\\\/gli-effetti-del-ciclone-freddy-in-mozambico\\\/#primaryimage\",\"url\":\"https:\\\/\\\/www.manitese.it\\\/wp-content\\\/uploads\\\/2023\\\/03\\\/header-news.jpg\",\"contentUrl\":\"https:\\\/\\\/www.manitese.it\\\/wp-content\\\/uploads\\\/2023\\\/03\\\/header-news.jpg\",\"width\":1919,\"height\":821},{\"@type\":\"BreadcrumbList\",\"@id\":\"https:\\\/\\\/www.manitese.it\\\/en\\\/gli-effetti-del-ciclone-freddy-in-mozambico\\\/#breadcrumb\",\"itemListElement\":[{\"@type\":\"ListItem\",\"position\":1,\"name\":\"Home\",\"item\":\"https:\\\/\\\/www.manitese.it\\\/en\\\/\"},{\"@type\":\"ListItem\",\"position\":2,\"name\":\"Gli effetti del ciclone freddy in Mozambico\"}]},{\"@type\":\"WebSite\",\"@id\":\"https:\\\/\\\/www.manitese.it\\\/en\\\/#website\",\"url\":\"https:\\\/\\\/www.manitese.it\\\/en\\\/\",\"name\":\"Mani Tese\",\"description\":\"\",\"potentialAction\":[{\"@type\":\"SearchAction\",\"target\":{\"@type\":\"EntryPoint\",\"urlTemplate\":\"https:\\\/\\\/www.manitese.it\\\/en\\\/?s={search_term_string}\"},\"query-input\":{\"@type\":\"PropertyValueSpecification\",\"valueRequired\":true,\"valueName\":\"search_term_string\"}}],\"inLanguage\":\"en-US\"},{\"@type\":\"Person\",\"@id\":\"https:\\\/\\\/www.manitese.it\\\/en\\\/#\\\/schema\\\/person\\\/5a9774f17e4940e2510bfeba90f04f65\",\"name\":\"agevis\",\"image\":{\"@type\":\"ImageObject\",\"inLanguage\":\"en-US\",\"@id\":\"https:\\\/\\\/secure.gravatar.com\\\/avatar\\\/2dc96c93fcf3387a5922a93b50fb3bff01d4800590fb6a4ab91a034adb25ba17?s=96&d=mm&r=g\",\"url\":\"https:\\\/\\\/secure.gravatar.com\\\/avatar\\\/2dc96c93fcf3387a5922a93b50fb3bff01d4800590fb6a4ab91a034adb25ba17?s=96&d=mm&r=g\",\"contentUrl\":\"https:\\\/\\\/secure.gravatar.com\\\/avatar\\\/2dc96c93fcf3387a5922a93b50fb3bff01d4800590fb6a4ab91a034adb25ba17?s=96&d=mm&r=g\",\"caption\":\"agevis\"},\"url\":\"https:\\\/\\\/www.manitese.it\\\/en\\\/author\\\/wp_agevis_admin\\\/\"}]}<\/script>\n<!-- \/ Yoast SEO plugin. -->","yoast_head_json":{"title":"Gli effetti del ciclone freddy in Mozambico - Mani Tese","description":"Il ciclone Freddy si \u00e8 abbattuto su Quelimane e sulle zone dove siamo presenti per realizzare i nostri progetti di cooperazione, e la situazione ora \u00e8 di emergenza.","robots":{"index":"index","follow":"follow","max-snippet":"max-snippet:-1","max-image-preview":"max-image-preview:large","max-video-preview":"max-video-preview:-1"},"canonical":"https:\/\/www.manitese.it\/en\/gli-effetti-del-ciclone-freddy-in-mozambico\/","og_locale":"en_US","og_type":"article","og_title":"Gli effetti del ciclone freddy in Mozambico - Mani Tese","og_description":"Il ciclone Freddy si \u00e8 abbattuto su Quelimane e sulle zone dove siamo presenti per realizzare i nostri progetti di cooperazione, e la situazione ora \u00e8 di emergenza.","og_url":"https:\/\/www.manitese.it\/en\/gli-effetti-del-ciclone-freddy-in-mozambico\/","og_site_name":"Mani Tese","article_published_time":"2023-03-16T16:29:04+00:00","article_modified_time":"2023-07-20T16:50:50+00:00","og_image":[{"width":1919,"height":821,"url":"https:\/\/www.manitese.it\/wp-content\/uploads\/2023\/03\/header-news.jpg","type":"image\/jpeg"}],"author":"agevis","twitter_card":"summary_large_image","twitter_misc":{"Written by":"agevis","Est. reading time":"2 minutes"},"schema":{"@context":"https:\/\/schema.org","@graph":[{"@type":"Article","@id":"https:\/\/www.manitese.it\/en\/gli-effetti-del-ciclone-freddy-in-mozambico\/#article","isPartOf":{"@id":"https:\/\/www.manitese.it\/en\/gli-effetti-del-ciclone-freddy-in-mozambico\/"},"author":{"name":"agevis","@id":"https:\/\/www.manitese.it\/en\/#\/schema\/person\/5a9774f17e4940e2510bfeba90f04f65"},"headline":"Gli effetti del ciclone freddy in Mozambico","datePublished":"2023-03-16T16:29:04+00:00","dateModified":"2023-07-20T16:50:50+00:00","mainEntityOfPage":{"@id":"https:\/\/www.manitese.it\/en\/gli-effetti-del-ciclone-freddy-in-mozambico\/"},"wordCount":456,"commentCount":0,"image":{"@id":"https:\/\/www.manitese.it\/en\/gli-effetti-del-ciclone-freddy-in-mozambico\/#primaryimage"},"thumbnailUrl":"https:\/\/www.manitese.it\/wp-content\/uploads\/2023\/03\/header-news.jpg","keywords":["Mozambico"],"articleSection":["News"],"inLanguage":"en-US","potentialAction":[{"@type":"CommentAction","name":"Comment","target":["https:\/\/www.manitese.it\/en\/gli-effetti-del-ciclone-freddy-in-mozambico\/#respond"]}]},{"@type":"WebPage","@id":"https:\/\/www.manitese.it\/en\/gli-effetti-del-ciclone-freddy-in-mozambico\/","url":"https:\/\/www.manitese.it\/en\/gli-effetti-del-ciclone-freddy-in-mozambico\/","name":"Gli effetti del ciclone freddy in Mozambico - Mani Tese","isPartOf":{"@id":"https:\/\/www.manitese.it\/en\/#website"},"primaryImageOfPage":{"@id":"https:\/\/www.manitese.it\/en\/gli-effetti-del-ciclone-freddy-in-mozambico\/#primaryimage"},"image":{"@id":"https:\/\/www.manitese.it\/en\/gli-effetti-del-ciclone-freddy-in-mozambico\/#primaryimage"},"thumbnailUrl":"https:\/\/www.manitese.it\/wp-content\/uploads\/2023\/03\/header-news.jpg","datePublished":"2023-03-16T16:29:04+00:00","dateModified":"2023-07-20T16:50:50+00:00","author":{"@id":"https:\/\/www.manitese.it\/en\/#\/schema\/person\/5a9774f17e4940e2510bfeba90f04f65"},"description":"Il ciclone Freddy si \u00e8 abbattuto su Quelimane e sulle zone dove siamo presenti per realizzare i nostri progetti di cooperazione, e la situazione ora \u00e8 di emergenza.","breadcrumb":{"@id":"https:\/\/www.manitese.it\/en\/gli-effetti-del-ciclone-freddy-in-mozambico\/#breadcrumb"},"inLanguage":"en-US","potentialAction":[{"@type":"ReadAction","target":["https:\/\/www.manitese.it\/en\/gli-effetti-del-ciclone-freddy-in-mozambico\/"]}]},{"@type":"ImageObject","inLanguage":"en-US","@id":"https:\/\/www.manitese.it\/en\/gli-effetti-del-ciclone-freddy-in-mozambico\/#primaryimage","url":"https:\/\/www.manitese.it\/wp-content\/uploads\/2023\/03\/header-news.jpg","contentUrl":"https:\/\/www.manitese.it\/wp-content\/uploads\/2023\/03\/header-news.jpg","width":1919,"height":821},{"@type":"BreadcrumbList","@id":"https:\/\/www.manitese.it\/en\/gli-effetti-del-ciclone-freddy-in-mozambico\/#breadcrumb","itemListElement":[{"@type":"ListItem","position":1,"name":"Home","item":"https:\/\/www.manitese.it\/en\/"},{"@type":"ListItem","position":2,"name":"Gli effetti del ciclone freddy in Mozambico"}]},{"@type":"WebSite","@id":"https:\/\/www.manitese.it\/en\/#website","url":"https:\/\/www.manitese.it\/en\/","name":"Mani Tese","description":"","potentialAction":[{"@type":"SearchAction","target":{"@type":"EntryPoint","urlTemplate":"https:\/\/www.manitese.it\/en\/?s={search_term_string}"},"query-input":{"@type":"PropertyValueSpecification","valueRequired":true,"valueName":"search_term_string"}}],"inLanguage":"en-US"},{"@type":"Person","@id":"https:\/\/www.manitese.it\/en\/#\/schema\/person\/5a9774f17e4940e2510bfeba90f04f65","name":"agevis","image":{"@type":"ImageObject","inLanguage":"en-US","@id":"https:\/\/secure.gravatar.com\/avatar\/2dc96c93fcf3387a5922a93b50fb3bff01d4800590fb6a4ab91a034adb25ba17?s=96&d=mm&r=g","url":"https:\/\/secure.gravatar.com\/avatar\/2dc96c93fcf3387a5922a93b50fb3bff01d4800590fb6a4ab91a034adb25ba17?s=96&d=mm&r=g","contentUrl":"https:\/\/secure.gravatar.com\/avatar\/2dc96c93fcf3387a5922a93b50fb3bff01d4800590fb6a4ab91a034adb25ba17?s=96&d=mm&r=g","caption":"agevis"},"url":"https:\/\/www.manitese.it\/en\/author\/wp_agevis_admin\/"}]}},"jetpack_featured_media_url":"https:\/\/www.manitese.it\/wp-content\/uploads\/2023\/03\/header-news.jpg","jetpack_sharing_enabled":true,"_links":{"self":[{"href":"https:\/\/www.manitese.it\/en\/wp-json\/wp\/v2\/posts\/169940","targetHints":{"allow":["GET"]}}],"collection":[{"href":"https:\/\/www.manitese.it\/en\/wp-json\/wp\/v2\/posts"}],"about":[{"href":"https:\/\/www.manitese.it\/en\/wp-json\/wp\/v2\/types\/post"}],"author":[{"embeddable":true,"href":"https:\/\/www.manitese.it\/en\/wp-json\/wp\/v2\/users\/1"}],"replies":[{"embeddable":true,"href":"https:\/\/www.manitese.it\/en\/wp-json\/wp\/v2\/comments?post=169940"}],"version-history":[{"count":2,"href":"https:\/\/www.manitese.it\/en\/wp-json\/wp\/v2\/posts\/169940\/revisions"}],"predecessor-version":[{"id":177565,"href":"https:\/\/www.manitese.it\/en\/wp-json\/wp\/v2\/posts\/169940\/revisions\/177565"}],"wp:featuredmedia":[{"embeddable":true,"href":"https:\/\/www.manitese.it\/en\/wp-json\/wp\/v2\/media\/169941"}],"wp:attachment":[{"href":"https:\/\/www.manitese.it\/en\/wp-json\/wp\/v2\/media?parent=169940"}],"wp:term":[{"taxonomy":"category","embeddable":true,"href":"https:\/\/www.manitese.it\/en\/wp-json\/wp\/v2\/categories?post=169940"},{"taxonomy":"post_tag","embeddable":true,"href":"https:\/\/www.manitese.it\/en\/wp-json\/wp\/v2\/tags?post=169940"},{"taxonomy":"thematic_area","embeddable":true,"href":"https:\/\/www.manitese.it\/en\/wp-json\/wp\/v2\/thematic_area?post=169940"}],"curies":[{"name":"wp","href":"https:\/\/api.w.org\/{rel}","templated":true}]}}