{"id":169771,"date":"2023-03-15T09:31:40","date_gmt":"2023-03-15T08:31:40","guid":{"rendered":"https:\/\/manitese.it\/?p=169771"},"modified":"2023-11-29T15:56:05","modified_gmt":"2023-11-29T14:56:05","slug":"buona-festa-del-papa-a-tutti-i-papa-del-mondo","status":"publish","type":"post","link":"https:\/\/www.manitese.it\/en\/buona-festa-del-papa-a-tutti-i-papa-del-mondo\/","title":{"rendered":"Buona festa del Pap\u00e0 a tutti I Pap\u00e0 del mondo!"},"content":{"rendered":"\r\n<p>Oggi vogliamo raccontarvi la storia di un pap\u00e0 molto speciale in Kenya. Il suo nome \u00e8 Peter Kibe ed \u00e8 un agricoltore che vive a Molo.<\/p>\r\n\r\n\r\n\r\n<p>Come ogni pap\u00e0, Peter vuole il meglio per i suoi figli ma, a causa della crisi economica e della mancanza di risorse, la sopravvivenza per la sua famiglia era diventata davvero difficile.<\/p>\r\n\r\n\r\n\r\n<p>\u00c8 stato allora che Peter ha incontrato Mani Tese, che stava lavorando in collaborazione con NECOFA al progetto\u00a0<strong><u><a href=\"https:\/\/manitese.it\/progetto\/agrichange-piccole-imprese-grandi-opportunita\" target=\"_blank\" rel=\"noreferrer noopener\">AgriChange<\/a><\/u><\/strong>\u00a0per migliorare le condizioni di vita delle persone.<\/p>\r\n\r\n\r\n\r\n<p>Nell\u2019ambito di questo progetto, Peter ha potuto ricevere una formazione sull&#8217;agricoltura sostenibile e ha imparato nuove tecniche per la coltivazione dei funghi.<\/p>\r\n\r\n\r\n\r\n<p>Grazie a queste attivit\u00e0, Peter ha migliorato il suo reddito, ha potuto garantire cibo sufficiente per la sua famiglia e ha anche iniziato a vendere i suoi prodotti al mercato locale.<\/p>\r\n\r\n\r\n\r\n<p>La vita di Peter e della sua famiglia oggi \u00e8 cambiata. La sua attivit\u00e0 funghicola \u00e8 diventata un esempio di successo e ha ispirato altri agricoltori ad apprendere le medesime tecniche e a intraprendere le proprie attivit\u00e0.<\/p>\r\n\r\n\r\n\r\n<p>Quello di Peter \u00e8 solo uno dei tanti esempi di come Mani Tese possa fare davvero la differenza nella vita di tante famiglie qui in Kenya.<\/p>\r\n\r\n\r\n\r\n<p>Per il 19 marzo, fai un regalo solidale con noi e regala a un pap\u00e0 del Sud del mondo la possibilit\u00e0 di rendere felice la sua famiglia:<\/p>\r\n\r\n\r\n\r\n<p><a href=\"https:\/\/regalisolidali.manitese.it\/ricorrenza.php?titolo=festa-del-pap%C3%A0\" target=\"_blank\" rel=\"noreferrer noopener\">https:\/\/regalisolidali.manitese.it\/ricorrenza.php?titolo=festa-del-pap%C3%A0<\/a><\/p>\r\n\r\n\r\n\r\n<p>Auguriamo a tutti i pap\u00e0 come Peter, che lottano ogni giorno per garantire il benessere delle loro famiglie, una felice festa del pap\u00e0!<\/p>\r\n\r\n\r\n\r\n<div class=\"wp-block-columns is-layout-flex wp-container-core-columns-is-layout-9d6595d7 wp-block-columns-is-layout-flex\">\r\n<div class=\"wp-block-column is-layout-flow wp-block-column-is-layout-flow\" style=\"flex-basis: 100%;\">\r\n<figure class=\"wp-block-gallery has-nested-images columns-default is-cropped wp-block-gallery-1 is-layout-flex wp-block-gallery-is-layout-flex\">\r\n<figure class=\"wp-block-image size-large\"><img decoding=\"async\" data-id=\"169774\" class=\"wp-image-169774\" src=\"https:\/\/manitese.it\/wp-content\/uploads\/2023\/03\/kibe_con_moglie_e_wachira-1024x683.jpg\" alt=\"\" \/><\/figure>\r\n\r\n\r\n\r\n<figure class=\"wp-block-image size-large\"><img decoding=\"async\" data-id=\"169776\" class=\"wp-image-169776\" src=\"https:\/\/manitese.it\/wp-content\/uploads\/2023\/03\/Peter-1024x683.jpg\" alt=\"\" \/><\/figure>\r\n<\/figure>\r\n<\/div>\r\n<\/div>\r\n","protected":false},"excerpt":{"rendered":"<p>In occasione della festa del pap\u00e0, vi raccontiamo la storia di Peter Kibe, un padre molto speciale in Kenya.<\/p>\n","protected":false},"author":1,"featured_media":169772,"comment_status":"open","ping_status":"open","sticky":false,"template":"","format":"standard","meta":{"_acf_changed":false,"give_campaign_id":0,"inline_featured_image":false,"_jetpack_memberships_contains_paid_content":false,"footnotes":""},"categories":[1],"tags":[27],"thematic_area":[918,917],"class_list":["post-169771","post","type-post","status-publish","format-standard","has-post-thumbnail","hentry","category-news","tag-kenya","thematic_area-sistemi-e-filiere-agroalimentari-locali","thematic_area-economia-circolare"],"acf":[],"yoast_head":"<!-- This site is optimized with the Yoast SEO plugin v27.5 - https:\/\/yoast.com\/product\/yoast-seo-wordpress\/ -->\n<title>Buona festa del Pap\u00e0 a tutti I Pap\u00e0 del mondo! - Mani Tese<\/title>\n<meta name=\"description\" content=\"In occasione della festa del pap\u00e0, vi raccontiamo la storia di Peter Kibe, un padre molto speciale in Kenya.\" \/>\n<meta name=\"robots\" content=\"index, follow, max-snippet:-1, max-image-preview:large, max-video-preview:-1\" \/>\n<link rel=\"canonical\" href=\"https:\/\/www.manitese.it\/en\/buona-festa-del-papa-a-tutti-i-papa-del-mondo\/\" \/>\n<meta property=\"og:locale\" content=\"en_US\" \/>\n<meta property=\"og:type\" content=\"article\" \/>\n<meta property=\"og:title\" content=\"Buona festa del Pap\u00e0 a tutti I Pap\u00e0 del mondo! - Mani Tese\" \/>\n<meta property=\"og:description\" content=\"In occasione della festa del pap\u00e0, vi raccontiamo la storia di Peter Kibe, un padre molto speciale in Kenya.\" \/>\n<meta property=\"og:url\" content=\"https:\/\/www.manitese.it\/en\/buona-festa-del-papa-a-tutti-i-papa-del-mondo\/\" \/>\n<meta property=\"og:site_name\" content=\"Mani Tese\" \/>\n<meta property=\"article:published_time\" content=\"2023-03-15T08:31:40+00:00\" \/>\n<meta property=\"article:modified_time\" content=\"2023-11-29T14:56:05+00:00\" \/>\n<meta property=\"og:image\" content=\"https:\/\/www.manitese.it\/wp-content\/uploads\/2023\/03\/header-festa-papa.jpg\" \/>\n\t<meta property=\"og:image:width\" content=\"1907\" \/>\n\t<meta property=\"og:image:height\" content=\"805\" \/>\n\t<meta property=\"og:image:type\" content=\"image\/jpeg\" \/>\n<meta name=\"author\" content=\"agevis\" \/>\n<meta name=\"twitter:card\" content=\"summary_large_image\" \/>\n<meta name=\"twitter:label1\" content=\"Written by\" \/>\n\t<meta name=\"twitter:data1\" content=\"agevis\" \/>\n\t<meta name=\"twitter:label2\" content=\"Est. reading time\" \/>\n\t<meta name=\"twitter:data2\" content=\"2 minutes\" \/>\n<script type=\"application\/ld+json\" class=\"yoast-schema-graph\">{\"@context\":\"https:\\\/\\\/schema.org\",\"@graph\":[{\"@type\":\"Article\",\"@id\":\"https:\\\/\\\/www.manitese.it\\\/en\\\/buona-festa-del-papa-a-tutti-i-papa-del-mondo\\\/#article\",\"isPartOf\":{\"@id\":\"https:\\\/\\\/www.manitese.it\\\/en\\\/buona-festa-del-papa-a-tutti-i-papa-del-mondo\\\/\"},\"author\":{\"name\":\"agevis\",\"@id\":\"https:\\\/\\\/www.manitese.it\\\/en\\\/#\\\/schema\\\/person\\\/5a9774f17e4940e2510bfeba90f04f65\"},\"headline\":\"Buona festa del Pap\u00e0 a tutti I Pap\u00e0 del mondo!\",\"datePublished\":\"2023-03-15T08:31:40+00:00\",\"dateModified\":\"2023-11-29T14:56:05+00:00\",\"mainEntityOfPage\":{\"@id\":\"https:\\\/\\\/www.manitese.it\\\/en\\\/buona-festa-del-papa-a-tutti-i-papa-del-mondo\\\/\"},\"wordCount\":266,\"commentCount\":0,\"image\":{\"@id\":\"https:\\\/\\\/www.manitese.it\\\/en\\\/buona-festa-del-papa-a-tutti-i-papa-del-mondo\\\/#primaryimage\"},\"thumbnailUrl\":\"https:\\\/\\\/www.manitese.it\\\/wp-content\\\/uploads\\\/2023\\\/03\\\/header-festa-papa.jpg\",\"keywords\":[\"Kenya\"],\"articleSection\":[\"News\"],\"inLanguage\":\"en-US\",\"potentialAction\":[{\"@type\":\"CommentAction\",\"name\":\"Comment\",\"target\":[\"https:\\\/\\\/www.manitese.it\\\/en\\\/buona-festa-del-papa-a-tutti-i-papa-del-mondo\\\/#respond\"]}]},{\"@type\":\"WebPage\",\"@id\":\"https:\\\/\\\/www.manitese.it\\\/en\\\/buona-festa-del-papa-a-tutti-i-papa-del-mondo\\\/\",\"url\":\"https:\\\/\\\/www.manitese.it\\\/en\\\/buona-festa-del-papa-a-tutti-i-papa-del-mondo\\\/\",\"name\":\"Buona festa del Pap\u00e0 a tutti I Pap\u00e0 del mondo! - Mani Tese\",\"isPartOf\":{\"@id\":\"https:\\\/\\\/www.manitese.it\\\/en\\\/#website\"},\"primaryImageOfPage\":{\"@id\":\"https:\\\/\\\/www.manitese.it\\\/en\\\/buona-festa-del-papa-a-tutti-i-papa-del-mondo\\\/#primaryimage\"},\"image\":{\"@id\":\"https:\\\/\\\/www.manitese.it\\\/en\\\/buona-festa-del-papa-a-tutti-i-papa-del-mondo\\\/#primaryimage\"},\"thumbnailUrl\":\"https:\\\/\\\/www.manitese.it\\\/wp-content\\\/uploads\\\/2023\\\/03\\\/header-festa-papa.jpg\",\"datePublished\":\"2023-03-15T08:31:40+00:00\",\"dateModified\":\"2023-11-29T14:56:05+00:00\",\"author\":{\"@id\":\"https:\\\/\\\/www.manitese.it\\\/en\\\/#\\\/schema\\\/person\\\/5a9774f17e4940e2510bfeba90f04f65\"},\"description\":\"In occasione della festa del pap\u00e0, vi raccontiamo la storia di Peter Kibe, un padre molto speciale in Kenya.\",\"breadcrumb\":{\"@id\":\"https:\\\/\\\/www.manitese.it\\\/en\\\/buona-festa-del-papa-a-tutti-i-papa-del-mondo\\\/#breadcrumb\"},\"inLanguage\":\"en-US\",\"potentialAction\":[{\"@type\":\"ReadAction\",\"target\":[\"https:\\\/\\\/www.manitese.it\\\/en\\\/buona-festa-del-papa-a-tutti-i-papa-del-mondo\\\/\"]}]},{\"@type\":\"ImageObject\",\"inLanguage\":\"en-US\",\"@id\":\"https:\\\/\\\/www.manitese.it\\\/en\\\/buona-festa-del-papa-a-tutti-i-papa-del-mondo\\\/#primaryimage\",\"url\":\"https:\\\/\\\/www.manitese.it\\\/wp-content\\\/uploads\\\/2023\\\/03\\\/header-festa-papa.jpg\",\"contentUrl\":\"https:\\\/\\\/www.manitese.it\\\/wp-content\\\/uploads\\\/2023\\\/03\\\/header-festa-papa.jpg\",\"width\":1907,\"height\":805},{\"@type\":\"BreadcrumbList\",\"@id\":\"https:\\\/\\\/www.manitese.it\\\/en\\\/buona-festa-del-papa-a-tutti-i-papa-del-mondo\\\/#breadcrumb\",\"itemListElement\":[{\"@type\":\"ListItem\",\"position\":1,\"name\":\"Home\",\"item\":\"https:\\\/\\\/www.manitese.it\\\/en\\\/\"},{\"@type\":\"ListItem\",\"position\":2,\"name\":\"Buona festa del Pap\u00e0 a tutti I Pap\u00e0 del mondo!\"}]},{\"@type\":\"WebSite\",\"@id\":\"https:\\\/\\\/www.manitese.it\\\/en\\\/#website\",\"url\":\"https:\\\/\\\/www.manitese.it\\\/en\\\/\",\"name\":\"Mani Tese\",\"description\":\"\",\"potentialAction\":[{\"@type\":\"SearchAction\",\"target\":{\"@type\":\"EntryPoint\",\"urlTemplate\":\"https:\\\/\\\/www.manitese.it\\\/en\\\/?s={search_term_string}\"},\"query-input\":{\"@type\":\"PropertyValueSpecification\",\"valueRequired\":true,\"valueName\":\"search_term_string\"}}],\"inLanguage\":\"en-US\"},{\"@type\":\"Person\",\"@id\":\"https:\\\/\\\/www.manitese.it\\\/en\\\/#\\\/schema\\\/person\\\/5a9774f17e4940e2510bfeba90f04f65\",\"name\":\"agevis\",\"image\":{\"@type\":\"ImageObject\",\"inLanguage\":\"en-US\",\"@id\":\"https:\\\/\\\/secure.gravatar.com\\\/avatar\\\/2dc96c93fcf3387a5922a93b50fb3bff01d4800590fb6a4ab91a034adb25ba17?s=96&d=mm&r=g\",\"url\":\"https:\\\/\\\/secure.gravatar.com\\\/avatar\\\/2dc96c93fcf3387a5922a93b50fb3bff01d4800590fb6a4ab91a034adb25ba17?s=96&d=mm&r=g\",\"contentUrl\":\"https:\\\/\\\/secure.gravatar.com\\\/avatar\\\/2dc96c93fcf3387a5922a93b50fb3bff01d4800590fb6a4ab91a034adb25ba17?s=96&d=mm&r=g\",\"caption\":\"agevis\"},\"url\":\"https:\\\/\\\/www.manitese.it\\\/en\\\/author\\\/wp_agevis_admin\\\/\"}]}<\/script>\n<!-- \/ Yoast SEO plugin. -->","yoast_head_json":{"title":"Buona festa del Pap\u00e0 a tutti I Pap\u00e0 del mondo! - Mani Tese","description":"In occasione della festa del pap\u00e0, vi raccontiamo la storia di Peter Kibe, un padre molto speciale in Kenya.","robots":{"index":"index","follow":"follow","max-snippet":"max-snippet:-1","max-image-preview":"max-image-preview:large","max-video-preview":"max-video-preview:-1"},"canonical":"https:\/\/www.manitese.it\/en\/buona-festa-del-papa-a-tutti-i-papa-del-mondo\/","og_locale":"en_US","og_type":"article","og_title":"Buona festa del Pap\u00e0 a tutti I Pap\u00e0 del mondo! - Mani Tese","og_description":"In occasione della festa del pap\u00e0, vi raccontiamo la storia di Peter Kibe, un padre molto speciale in Kenya.","og_url":"https:\/\/www.manitese.it\/en\/buona-festa-del-papa-a-tutti-i-papa-del-mondo\/","og_site_name":"Mani Tese","article_published_time":"2023-03-15T08:31:40+00:00","article_modified_time":"2023-11-29T14:56:05+00:00","og_image":[{"width":1907,"height":805,"url":"https:\/\/www.manitese.it\/wp-content\/uploads\/2023\/03\/header-festa-papa.jpg","type":"image\/jpeg"}],"author":"agevis","twitter_card":"summary_large_image","twitter_misc":{"Written by":"agevis","Est. reading time":"2 minutes"},"schema":{"@context":"https:\/\/schema.org","@graph":[{"@type":"Article","@id":"https:\/\/www.manitese.it\/en\/buona-festa-del-papa-a-tutti-i-papa-del-mondo\/#article","isPartOf":{"@id":"https:\/\/www.manitese.it\/en\/buona-festa-del-papa-a-tutti-i-papa-del-mondo\/"},"author":{"name":"agevis","@id":"https:\/\/www.manitese.it\/en\/#\/schema\/person\/5a9774f17e4940e2510bfeba90f04f65"},"headline":"Buona festa del Pap\u00e0 a tutti I Pap\u00e0 del mondo!","datePublished":"2023-03-15T08:31:40+00:00","dateModified":"2023-11-29T14:56:05+00:00","mainEntityOfPage":{"@id":"https:\/\/www.manitese.it\/en\/buona-festa-del-papa-a-tutti-i-papa-del-mondo\/"},"wordCount":266,"commentCount":0,"image":{"@id":"https:\/\/www.manitese.it\/en\/buona-festa-del-papa-a-tutti-i-papa-del-mondo\/#primaryimage"},"thumbnailUrl":"https:\/\/www.manitese.it\/wp-content\/uploads\/2023\/03\/header-festa-papa.jpg","keywords":["Kenya"],"articleSection":["News"],"inLanguage":"en-US","potentialAction":[{"@type":"CommentAction","name":"Comment","target":["https:\/\/www.manitese.it\/en\/buona-festa-del-papa-a-tutti-i-papa-del-mondo\/#respond"]}]},{"@type":"WebPage","@id":"https:\/\/www.manitese.it\/en\/buona-festa-del-papa-a-tutti-i-papa-del-mondo\/","url":"https:\/\/www.manitese.it\/en\/buona-festa-del-papa-a-tutti-i-papa-del-mondo\/","name":"Buona festa del Pap\u00e0 a tutti I Pap\u00e0 del mondo! - Mani Tese","isPartOf":{"@id":"https:\/\/www.manitese.it\/en\/#website"},"primaryImageOfPage":{"@id":"https:\/\/www.manitese.it\/en\/buona-festa-del-papa-a-tutti-i-papa-del-mondo\/#primaryimage"},"image":{"@id":"https:\/\/www.manitese.it\/en\/buona-festa-del-papa-a-tutti-i-papa-del-mondo\/#primaryimage"},"thumbnailUrl":"https:\/\/www.manitese.it\/wp-content\/uploads\/2023\/03\/header-festa-papa.jpg","datePublished":"2023-03-15T08:31:40+00:00","dateModified":"2023-11-29T14:56:05+00:00","author":{"@id":"https:\/\/www.manitese.it\/en\/#\/schema\/person\/5a9774f17e4940e2510bfeba90f04f65"},"description":"In occasione della festa del pap\u00e0, vi raccontiamo la storia di Peter Kibe, un padre molto speciale in Kenya.","breadcrumb":{"@id":"https:\/\/www.manitese.it\/en\/buona-festa-del-papa-a-tutti-i-papa-del-mondo\/#breadcrumb"},"inLanguage":"en-US","potentialAction":[{"@type":"ReadAction","target":["https:\/\/www.manitese.it\/en\/buona-festa-del-papa-a-tutti-i-papa-del-mondo\/"]}]},{"@type":"ImageObject","inLanguage":"en-US","@id":"https:\/\/www.manitese.it\/en\/buona-festa-del-papa-a-tutti-i-papa-del-mondo\/#primaryimage","url":"https:\/\/www.manitese.it\/wp-content\/uploads\/2023\/03\/header-festa-papa.jpg","contentUrl":"https:\/\/www.manitese.it\/wp-content\/uploads\/2023\/03\/header-festa-papa.jpg","width":1907,"height":805},{"@type":"BreadcrumbList","@id":"https:\/\/www.manitese.it\/en\/buona-festa-del-papa-a-tutti-i-papa-del-mondo\/#breadcrumb","itemListElement":[{"@type":"ListItem","position":1,"name":"Home","item":"https:\/\/www.manitese.it\/en\/"},{"@type":"ListItem","position":2,"name":"Buona festa del Pap\u00e0 a tutti I Pap\u00e0 del mondo!"}]},{"@type":"WebSite","@id":"https:\/\/www.manitese.it\/en\/#website","url":"https:\/\/www.manitese.it\/en\/","name":"Mani Tese","description":"","potentialAction":[{"@type":"SearchAction","target":{"@type":"EntryPoint","urlTemplate":"https:\/\/www.manitese.it\/en\/?s={search_term_string}"},"query-input":{"@type":"PropertyValueSpecification","valueRequired":true,"valueName":"search_term_string"}}],"inLanguage":"en-US"},{"@type":"Person","@id":"https:\/\/www.manitese.it\/en\/#\/schema\/person\/5a9774f17e4940e2510bfeba90f04f65","name":"agevis","image":{"@type":"ImageObject","inLanguage":"en-US","@id":"https:\/\/secure.gravatar.com\/avatar\/2dc96c93fcf3387a5922a93b50fb3bff01d4800590fb6a4ab91a034adb25ba17?s=96&d=mm&r=g","url":"https:\/\/secure.gravatar.com\/avatar\/2dc96c93fcf3387a5922a93b50fb3bff01d4800590fb6a4ab91a034adb25ba17?s=96&d=mm&r=g","contentUrl":"https:\/\/secure.gravatar.com\/avatar\/2dc96c93fcf3387a5922a93b50fb3bff01d4800590fb6a4ab91a034adb25ba17?s=96&d=mm&r=g","caption":"agevis"},"url":"https:\/\/www.manitese.it\/en\/author\/wp_agevis_admin\/"}]}},"jetpack_featured_media_url":"https:\/\/www.manitese.it\/wp-content\/uploads\/2023\/03\/header-festa-papa.jpg","jetpack_sharing_enabled":true,"_links":{"self":[{"href":"https:\/\/www.manitese.it\/en\/wp-json\/wp\/v2\/posts\/169771","targetHints":{"allow":["GET"]}}],"collection":[{"href":"https:\/\/www.manitese.it\/en\/wp-json\/wp\/v2\/posts"}],"about":[{"href":"https:\/\/www.manitese.it\/en\/wp-json\/wp\/v2\/types\/post"}],"author":[{"embeddable":true,"href":"https:\/\/www.manitese.it\/en\/wp-json\/wp\/v2\/users\/1"}],"replies":[{"embeddable":true,"href":"https:\/\/www.manitese.it\/en\/wp-json\/wp\/v2\/comments?post=169771"}],"version-history":[{"count":3,"href":"https:\/\/www.manitese.it\/en\/wp-json\/wp\/v2\/posts\/169771\/revisions"}],"predecessor-version":[{"id":191607,"href":"https:\/\/www.manitese.it\/en\/wp-json\/wp\/v2\/posts\/169771\/revisions\/191607"}],"wp:featuredmedia":[{"embeddable":true,"href":"https:\/\/www.manitese.it\/en\/wp-json\/wp\/v2\/media\/169772"}],"wp:attachment":[{"href":"https:\/\/www.manitese.it\/en\/wp-json\/wp\/v2\/media?parent=169771"}],"wp:term":[{"taxonomy":"category","embeddable":true,"href":"https:\/\/www.manitese.it\/en\/wp-json\/wp\/v2\/categories?post=169771"},{"taxonomy":"post_tag","embeddable":true,"href":"https:\/\/www.manitese.it\/en\/wp-json\/wp\/v2\/tags?post=169771"},{"taxonomy":"thematic_area","embeddable":true,"href":"https:\/\/www.manitese.it\/en\/wp-json\/wp\/v2\/thematic_area?post=169771"}],"curies":[{"name":"wp","href":"https:\/\/api.w.org\/{rel}","templated":true}]}}