{"id":169741,"date":"2023-03-13T15:24:53","date_gmt":"2023-03-13T14:24:53","guid":{"rendered":"https:\/\/manitese.it\/?p=169741"},"modified":"2023-07-20T18:55:45","modified_gmt":"2023-07-20T16:55:45","slug":"emergenza-ciclone-freddy-mozambico","status":"publish","type":"post","link":"https:\/\/www.manitese.it\/en\/emergenza-ciclone-freddy-mozambico\/","title":{"rendered":"Emergenza ciclone Freddy in Mozambico!"},"content":{"rendered":"\n<p>Il ciclone Freddy si \u00e8 abbattuto su Quelimane e sulle zone dove siamo presenti per realizzare i nostri progetti di cooperazione, e la situazione ora \u00e8 di emergenza.<\/p>\n\n\n\n<p>Ci sono case scoperchiate. Tralicci dell&#8217;elettricit\u00e0 e alberi sono caduti.<\/p>\n\n\n\n<p>Comunicazione ed elettricit\u00e0 al momento sono interrotte e quindi anche l\u2019accesso all\u2019acqua.<\/p>\n\n\n\n<p>Anche le strade per raggiungere le zone rurali sono interrotte e si segnala la presenza di persone sfollate.<\/p>\n\n\n\n<p>Cercheremo di tenervi aggiornati.<\/p>\n\n\n\n<p>Mani Tese opera a fianco della popolazione colpita&nbsp;<a href=\"https:\/\/manitese.it\/paese\/mozambico\" target=\"_blank\" rel=\"noreferrer noopener\">con i suoi progetti di cooperazione internazionale<\/a>, oggi ancora pi\u00f9 importanti perch\u00e9 permetteranno alle comunit\u00e0 di risollevarsi dopo questa calamit\u00e0.<\/p>\n\n\n\n<p>Per chi pu\u00f2 e vuole aiutare, abbiamo aperto una raccolta fondi di emergenza.<\/p>\n\n\n\n<p><em>&gt; Modalit\u00e0 di donazione:<\/em><\/p>\n\n\n\n<p><em>&#8211; Carta di credito sul <a rel=\"noreferrer noopener\" href=\"https:\/\/donazioni.manitese.it\/\" data-type=\"URL\" data-id=\"https:\/\/donazioni.manitese.it\/\" target=\"_blank\">sito di Mani Tese<\/a> inserendo l\u2019importo che desideri donare<\/em><\/p>\n\n\n\n<p><em>&#8211; Bonifico bancario intestato a Associazione MANI TESE ONG Onlus presso banca Popolare Etica (IBAN: IT 57 F 05018 01600 000010203040)<\/em><\/p>\n\n\n\n<p><em>&#8211; CCP, Conto Corrente Postale: n\u00b0 291278 intestato a Associazione Mani Tese ONG ONLUS , P.le Morandi 2, 20121 Milano<\/em><\/p>\n\n\n\n<p><em>Inserendo come causale (bonifico\/CCP): &nbsp;EMERGENZA CICLONE FREDDY<\/em><\/p>\n\n\n\n<div class=\"wp-block-columns is-layout-flex wp-container-core-columns-is-layout-9d6595d7 wp-block-columns-is-layout-flex\">\n<div class=\"wp-block-column is-layout-flow wp-block-column-is-layout-flow\" style=\"flex-basis:100%\">\n<figure class=\"wp-block-gallery has-nested-images columns-default is-cropped wp-block-gallery-1 is-layout-flex wp-block-gallery-is-layout-flex\">\n<figure class=\"wp-block-image size-large\"><img fetchpriority=\"high\" decoding=\"async\" width=\"1024\" height=\"768\" data-id=\"169746\" src=\"https:\/\/manitese.it\/wp-content\/uploads\/2023\/03\/Ciclone-1-1024x768.jpg\" alt=\"\" class=\"wp-image-169746\" srcset=\"https:\/\/www.manitese.it\/wp-content\/uploads\/2023\/03\/Ciclone-1-1024x768.jpg 1024w, https:\/\/www.manitese.it\/wp-content\/uploads\/2023\/03\/Ciclone-1-600x450.jpg 600w, https:\/\/www.manitese.it\/wp-content\/uploads\/2023\/03\/Ciclone-1-300x225.jpg 300w, https:\/\/www.manitese.it\/wp-content\/uploads\/2023\/03\/Ciclone-1-768x576.jpg 768w, https:\/\/www.manitese.it\/wp-content\/uploads\/2023\/03\/Ciclone-1-400x300.jpg 400w, https:\/\/www.manitese.it\/wp-content\/uploads\/2023\/03\/Ciclone-1.jpg 1040w\" sizes=\"(max-width: 1024px) 100vw, 1024px\" \/><\/figure>\n\n\n\n<figure class=\"wp-block-image size-large\"><img decoding=\"async\" width=\"1024\" height=\"768\" data-id=\"169748\" src=\"https:\/\/manitese.it\/wp-content\/uploads\/2023\/03\/Ciclone-2-1024x768.jpg\" alt=\"\" class=\"wp-image-169748\" srcset=\"https:\/\/www.manitese.it\/wp-content\/uploads\/2023\/03\/Ciclone-2-1024x768.jpg 1024w, https:\/\/www.manitese.it\/wp-content\/uploads\/2023\/03\/Ciclone-2-600x450.jpg 600w, https:\/\/www.manitese.it\/wp-content\/uploads\/2023\/03\/Ciclone-2-300x225.jpg 300w, https:\/\/www.manitese.it\/wp-content\/uploads\/2023\/03\/Ciclone-2-768x576.jpg 768w, https:\/\/www.manitese.it\/wp-content\/uploads\/2023\/03\/Ciclone-2-400x300.jpg 400w, https:\/\/www.manitese.it\/wp-content\/uploads\/2023\/03\/Ciclone-2.jpg 1040w\" sizes=\"(max-width: 1024px) 100vw, 1024px\" \/><\/figure>\n\n\n\n<figure class=\"wp-block-image size-large\"><img decoding=\"async\" width=\"1024\" height=\"768\" data-id=\"169750\" src=\"https:\/\/manitese.it\/wp-content\/uploads\/2023\/03\/Ciclone-3-1024x768.jpg\" alt=\"\" class=\"wp-image-169750\" srcset=\"https:\/\/www.manitese.it\/wp-content\/uploads\/2023\/03\/Ciclone-3-1024x768.jpg 1024w, https:\/\/www.manitese.it\/wp-content\/uploads\/2023\/03\/Ciclone-3-600x450.jpg 600w, https:\/\/www.manitese.it\/wp-content\/uploads\/2023\/03\/Ciclone-3-300x225.jpg 300w, https:\/\/www.manitese.it\/wp-content\/uploads\/2023\/03\/Ciclone-3-768x576.jpg 768w, https:\/\/www.manitese.it\/wp-content\/uploads\/2023\/03\/Ciclone-3-400x300.jpg 400w, https:\/\/www.manitese.it\/wp-content\/uploads\/2023\/03\/Ciclone-3.jpg 1040w\" sizes=\"(max-width: 1024px) 100vw, 1024px\" \/><\/figure>\n\n\n\n<figure class=\"wp-block-image size-large\"><img loading=\"lazy\" decoding=\"async\" width=\"1024\" height=\"768\" data-id=\"169752\" src=\"https:\/\/manitese.it\/wp-content\/uploads\/2023\/03\/Ciclone-4-1024x768.jpg\" alt=\"\" class=\"wp-image-169752\" srcset=\"https:\/\/www.manitese.it\/wp-content\/uploads\/2023\/03\/Ciclone-4-1024x768.jpg 1024w, https:\/\/www.manitese.it\/wp-content\/uploads\/2023\/03\/Ciclone-4-600x450.jpg 600w, https:\/\/www.manitese.it\/wp-content\/uploads\/2023\/03\/Ciclone-4-300x225.jpg 300w, https:\/\/www.manitese.it\/wp-content\/uploads\/2023\/03\/Ciclone-4-768x576.jpg 768w, https:\/\/www.manitese.it\/wp-content\/uploads\/2023\/03\/Ciclone-4-400x300.jpg 400w, https:\/\/www.manitese.it\/wp-content\/uploads\/2023\/03\/Ciclone-4.jpg 1040w\" sizes=\"(max-width: 1024px) 100vw, 1024px\" \/><\/figure>\n\n\n\n<figure class=\"wp-block-image size-large\"><img loading=\"lazy\" decoding=\"async\" width=\"1024\" height=\"768\" data-id=\"169754\" src=\"https:\/\/manitese.it\/wp-content\/uploads\/2023\/03\/Ciclone-5-1024x768.jpg\" alt=\"\" class=\"wp-image-169754\" srcset=\"https:\/\/www.manitese.it\/wp-content\/uploads\/2023\/03\/Ciclone-5-1024x768.jpg 1024w, https:\/\/www.manitese.it\/wp-content\/uploads\/2023\/03\/Ciclone-5-600x450.jpg 600w, https:\/\/www.manitese.it\/wp-content\/uploads\/2023\/03\/Ciclone-5-300x225.jpg 300w, https:\/\/www.manitese.it\/wp-content\/uploads\/2023\/03\/Ciclone-5-768x576.jpg 768w, https:\/\/www.manitese.it\/wp-content\/uploads\/2023\/03\/Ciclone-5-400x300.jpg 400w, https:\/\/www.manitese.it\/wp-content\/uploads\/2023\/03\/Ciclone-5.jpg 1040w\" sizes=\"(max-width: 1024px) 100vw, 1024px\" \/><\/figure>\n\n\n\n<figure class=\"wp-block-image size-large\"><img loading=\"lazy\" decoding=\"async\" width=\"1024\" height=\"768\" data-id=\"169756\" src=\"https:\/\/manitese.it\/wp-content\/uploads\/2023\/03\/Ciclone-6-1024x768.jpg\" alt=\"\" class=\"wp-image-169756\" srcset=\"https:\/\/www.manitese.it\/wp-content\/uploads\/2023\/03\/Ciclone-6-1024x768.jpg 1024w, https:\/\/www.manitese.it\/wp-content\/uploads\/2023\/03\/Ciclone-6-600x450.jpg 600w, https:\/\/www.manitese.it\/wp-content\/uploads\/2023\/03\/Ciclone-6-300x225.jpg 300w, https:\/\/www.manitese.it\/wp-content\/uploads\/2023\/03\/Ciclone-6-768x576.jpg 768w, https:\/\/www.manitese.it\/wp-content\/uploads\/2023\/03\/Ciclone-6-400x300.jpg 400w, https:\/\/www.manitese.it\/wp-content\/uploads\/2023\/03\/Ciclone-6.jpg 1040w\" sizes=\"(max-width: 1024px) 100vw, 1024px\" \/><\/figure>\n\n\n\n<figure class=\"wp-block-image size-large\"><img loading=\"lazy\" decoding=\"async\" width=\"1040\" height=\"780\" data-id=\"169758\" src=\"https:\/\/manitese.it\/wp-content\/uploads\/2023\/03\/Ciclone-8.jpg\" alt=\"\" class=\"wp-image-169758\" srcset=\"https:\/\/www.manitese.it\/wp-content\/uploads\/2023\/03\/Ciclone-8.jpg 1040w, https:\/\/www.manitese.it\/wp-content\/uploads\/2023\/03\/Ciclone-8-600x450.jpg 600w, https:\/\/www.manitese.it\/wp-content\/uploads\/2023\/03\/Ciclone-8-300x225.jpg 300w, https:\/\/www.manitese.it\/wp-content\/uploads\/2023\/03\/Ciclone-8-1024x768.jpg 1024w, https:\/\/www.manitese.it\/wp-content\/uploads\/2023\/03\/Ciclone-8-768x576.jpg 768w, https:\/\/www.manitese.it\/wp-content\/uploads\/2023\/03\/Ciclone-8-400x300.jpg 400w\" sizes=\"(max-width: 1040px) 100vw, 1040px\" \/><\/figure>\n\n\n\n<figure class=\"wp-block-image size-large\"><img loading=\"lazy\" decoding=\"async\" width=\"1040\" height=\"780\" data-id=\"169760\" src=\"https:\/\/manitese.it\/wp-content\/uploads\/2023\/03\/Ciclone-7.jpg\" alt=\"\" class=\"wp-image-169760\" srcset=\"https:\/\/www.manitese.it\/wp-content\/uploads\/2023\/03\/Ciclone-7.jpg 1040w, https:\/\/www.manitese.it\/wp-content\/uploads\/2023\/03\/Ciclone-7-600x450.jpg 600w, https:\/\/www.manitese.it\/wp-content\/uploads\/2023\/03\/Ciclone-7-300x225.jpg 300w, https:\/\/www.manitese.it\/wp-content\/uploads\/2023\/03\/Ciclone-7-1024x768.jpg 1024w, https:\/\/www.manitese.it\/wp-content\/uploads\/2023\/03\/Ciclone-7-768x576.jpg 768w, https:\/\/www.manitese.it\/wp-content\/uploads\/2023\/03\/Ciclone-7-400x300.jpg 400w\" sizes=\"(max-width: 1040px) 100vw, 1040px\" \/><\/figure>\n\n\n\n<figure class=\"wp-block-image size-large\"><img loading=\"lazy\" decoding=\"async\" width=\"1040\" height=\"780\" data-id=\"169762\" src=\"https:\/\/manitese.it\/wp-content\/uploads\/2023\/03\/cover.jpeg\" alt=\"\" class=\"wp-image-169762\" srcset=\"https:\/\/www.manitese.it\/wp-content\/uploads\/2023\/03\/cover.jpeg 1040w, https:\/\/www.manitese.it\/wp-content\/uploads\/2023\/03\/cover-600x450.jpeg 600w, https:\/\/www.manitese.it\/wp-content\/uploads\/2023\/03\/cover-300x225.jpeg 300w, https:\/\/www.manitese.it\/wp-content\/uploads\/2023\/03\/cover-1024x768.jpeg 1024w, https:\/\/www.manitese.it\/wp-content\/uploads\/2023\/03\/cover-768x576.jpeg 768w, https:\/\/www.manitese.it\/wp-content\/uploads\/2023\/03\/cover-400x300.jpeg 400w\" sizes=\"(max-width: 1040px) 100vw, 1040px\" \/><\/figure>\n<\/figure>\n<\/div>\n<\/div>\n","protected":false},"excerpt":{"rendered":"<p>Il ciclone Freddy si \u00e8 abbattuto su Quelimane e sulle zone dove siamo presenti per realizzare i nostri progetti di cooperazione, e la situazione ora \u00e8 di emergenza.<\/p>\n","protected":false},"author":1,"featured_media":169744,"comment_status":"open","ping_status":"open","sticky":false,"template":"","format":"standard","meta":{"_acf_changed":false,"give_campaign_id":0,"inline_featured_image":false,"_jetpack_memberships_contains_paid_content":false,"footnotes":""},"categories":[1],"tags":[53],"thematic_area":[],"class_list":["post-169741","post","type-post","status-publish","format-standard","has-post-thumbnail","hentry","category-news","tag-mozambico"],"acf":[],"yoast_head":"<!-- This site is optimized with the Yoast SEO plugin v27.5 - https:\/\/yoast.com\/product\/yoast-seo-wordpress\/ -->\n<title>Emergenza ciclone Freddy in Mozambico! - Mani Tese<\/title>\n<meta name=\"description\" content=\"Il ciclone Freddy si \u00e8 abbattuto su Quelimane e sulle zone dove siamo presenti per realizzare i nostri progetti di cooperazione, e la situazione ora \u00e8 di emergenza.\" \/>\n<meta name=\"robots\" content=\"index, follow, max-snippet:-1, max-image-preview:large, max-video-preview:-1\" \/>\n<link rel=\"canonical\" href=\"https:\/\/www.manitese.it\/en\/emergenza-ciclone-freddy-mozambico\/\" \/>\n<meta property=\"og:locale\" content=\"en_US\" \/>\n<meta property=\"og:type\" content=\"article\" \/>\n<meta property=\"og:title\" content=\"Emergenza ciclone Freddy in Mozambico! - Mani Tese\" \/>\n<meta property=\"og:description\" content=\"Il ciclone Freddy si \u00e8 abbattuto su Quelimane e sulle zone dove siamo presenti per realizzare i nostri progetti di cooperazione, e la situazione ora \u00e8 di emergenza.\" \/>\n<meta property=\"og:url\" content=\"https:\/\/www.manitese.it\/en\/emergenza-ciclone-freddy-mozambico\/\" \/>\n<meta property=\"og:site_name\" content=\"Mani Tese\" \/>\n<meta property=\"article:published_time\" content=\"2023-03-13T14:24:53+00:00\" \/>\n<meta property=\"article:modified_time\" content=\"2023-07-20T16:55:45+00:00\" \/>\n<meta property=\"og:image\" content=\"https:\/\/www.manitese.it\/wp-content\/uploads\/2023\/03\/cover_ciclone.jpg\" \/>\n\t<meta property=\"og:image:width\" content=\"1917\" \/>\n\t<meta property=\"og:image:height\" content=\"801\" \/>\n\t<meta property=\"og:image:type\" content=\"image\/jpeg\" \/>\n<meta name=\"author\" content=\"agevis\" \/>\n<meta name=\"twitter:card\" content=\"summary_large_image\" \/>\n<meta name=\"twitter:label1\" content=\"Written by\" \/>\n\t<meta name=\"twitter:data1\" content=\"agevis\" \/>\n\t<meta name=\"twitter:label2\" content=\"Est. reading time\" \/>\n\t<meta name=\"twitter:data2\" content=\"1 minute\" \/>\n<script type=\"application\/ld+json\" class=\"yoast-schema-graph\">{\"@context\":\"https:\\\/\\\/schema.org\",\"@graph\":[{\"@type\":\"Article\",\"@id\":\"https:\\\/\\\/www.manitese.it\\\/en\\\/emergenza-ciclone-freddy-mozambico\\\/#article\",\"isPartOf\":{\"@id\":\"https:\\\/\\\/www.manitese.it\\\/en\\\/emergenza-ciclone-freddy-mozambico\\\/\"},\"author\":{\"name\":\"agevis\",\"@id\":\"https:\\\/\\\/www.manitese.it\\\/en\\\/#\\\/schema\\\/person\\\/5a9774f17e4940e2510bfeba90f04f65\"},\"headline\":\"Emergenza ciclone Freddy in Mozambico!\",\"datePublished\":\"2023-03-13T14:24:53+00:00\",\"dateModified\":\"2023-07-20T16:55:45+00:00\",\"mainEntityOfPage\":{\"@id\":\"https:\\\/\\\/www.manitese.it\\\/en\\\/emergenza-ciclone-freddy-mozambico\\\/\"},\"wordCount\":182,\"commentCount\":0,\"image\":{\"@id\":\"https:\\\/\\\/www.manitese.it\\\/en\\\/emergenza-ciclone-freddy-mozambico\\\/#primaryimage\"},\"thumbnailUrl\":\"https:\\\/\\\/www.manitese.it\\\/wp-content\\\/uploads\\\/2023\\\/03\\\/cover_ciclone.jpg\",\"keywords\":[\"Mozambico\"],\"articleSection\":[\"News\"],\"inLanguage\":\"en-US\",\"potentialAction\":[{\"@type\":\"CommentAction\",\"name\":\"Comment\",\"target\":[\"https:\\\/\\\/www.manitese.it\\\/en\\\/emergenza-ciclone-freddy-mozambico\\\/#respond\"]}]},{\"@type\":\"WebPage\",\"@id\":\"https:\\\/\\\/www.manitese.it\\\/en\\\/emergenza-ciclone-freddy-mozambico\\\/\",\"url\":\"https:\\\/\\\/www.manitese.it\\\/en\\\/emergenza-ciclone-freddy-mozambico\\\/\",\"name\":\"Emergenza ciclone Freddy in Mozambico! - Mani Tese\",\"isPartOf\":{\"@id\":\"https:\\\/\\\/www.manitese.it\\\/en\\\/#website\"},\"primaryImageOfPage\":{\"@id\":\"https:\\\/\\\/www.manitese.it\\\/en\\\/emergenza-ciclone-freddy-mozambico\\\/#primaryimage\"},\"image\":{\"@id\":\"https:\\\/\\\/www.manitese.it\\\/en\\\/emergenza-ciclone-freddy-mozambico\\\/#primaryimage\"},\"thumbnailUrl\":\"https:\\\/\\\/www.manitese.it\\\/wp-content\\\/uploads\\\/2023\\\/03\\\/cover_ciclone.jpg\",\"datePublished\":\"2023-03-13T14:24:53+00:00\",\"dateModified\":\"2023-07-20T16:55:45+00:00\",\"author\":{\"@id\":\"https:\\\/\\\/www.manitese.it\\\/en\\\/#\\\/schema\\\/person\\\/5a9774f17e4940e2510bfeba90f04f65\"},\"description\":\"Il ciclone Freddy si \u00e8 abbattuto su Quelimane e sulle zone dove siamo presenti per realizzare i nostri progetti di cooperazione, e la situazione ora \u00e8 di emergenza.\",\"breadcrumb\":{\"@id\":\"https:\\\/\\\/www.manitese.it\\\/en\\\/emergenza-ciclone-freddy-mozambico\\\/#breadcrumb\"},\"inLanguage\":\"en-US\",\"potentialAction\":[{\"@type\":\"ReadAction\",\"target\":[\"https:\\\/\\\/www.manitese.it\\\/en\\\/emergenza-ciclone-freddy-mozambico\\\/\"]}]},{\"@type\":\"ImageObject\",\"inLanguage\":\"en-US\",\"@id\":\"https:\\\/\\\/www.manitese.it\\\/en\\\/emergenza-ciclone-freddy-mozambico\\\/#primaryimage\",\"url\":\"https:\\\/\\\/www.manitese.it\\\/wp-content\\\/uploads\\\/2023\\\/03\\\/cover_ciclone.jpg\",\"contentUrl\":\"https:\\\/\\\/www.manitese.it\\\/wp-content\\\/uploads\\\/2023\\\/03\\\/cover_ciclone.jpg\",\"width\":1917,\"height\":801,\"caption\":\"ciclone Mozambico\"},{\"@type\":\"BreadcrumbList\",\"@id\":\"https:\\\/\\\/www.manitese.it\\\/en\\\/emergenza-ciclone-freddy-mozambico\\\/#breadcrumb\",\"itemListElement\":[{\"@type\":\"ListItem\",\"position\":1,\"name\":\"Home\",\"item\":\"https:\\\/\\\/www.manitese.it\\\/en\\\/\"},{\"@type\":\"ListItem\",\"position\":2,\"name\":\"Emergenza ciclone Freddy in Mozambico!\"}]},{\"@type\":\"WebSite\",\"@id\":\"https:\\\/\\\/www.manitese.it\\\/en\\\/#website\",\"url\":\"https:\\\/\\\/www.manitese.it\\\/en\\\/\",\"name\":\"Mani Tese\",\"description\":\"\",\"potentialAction\":[{\"@type\":\"SearchAction\",\"target\":{\"@type\":\"EntryPoint\",\"urlTemplate\":\"https:\\\/\\\/www.manitese.it\\\/en\\\/?s={search_term_string}\"},\"query-input\":{\"@type\":\"PropertyValueSpecification\",\"valueRequired\":true,\"valueName\":\"search_term_string\"}}],\"inLanguage\":\"en-US\"},{\"@type\":\"Person\",\"@id\":\"https:\\\/\\\/www.manitese.it\\\/en\\\/#\\\/schema\\\/person\\\/5a9774f17e4940e2510bfeba90f04f65\",\"name\":\"agevis\",\"image\":{\"@type\":\"ImageObject\",\"inLanguage\":\"en-US\",\"@id\":\"https:\\\/\\\/secure.gravatar.com\\\/avatar\\\/2dc96c93fcf3387a5922a93b50fb3bff01d4800590fb6a4ab91a034adb25ba17?s=96&d=mm&r=g\",\"url\":\"https:\\\/\\\/secure.gravatar.com\\\/avatar\\\/2dc96c93fcf3387a5922a93b50fb3bff01d4800590fb6a4ab91a034adb25ba17?s=96&d=mm&r=g\",\"contentUrl\":\"https:\\\/\\\/secure.gravatar.com\\\/avatar\\\/2dc96c93fcf3387a5922a93b50fb3bff01d4800590fb6a4ab91a034adb25ba17?s=96&d=mm&r=g\",\"caption\":\"agevis\"},\"url\":\"https:\\\/\\\/www.manitese.it\\\/en\\\/author\\\/wp_agevis_admin\\\/\"}]}<\/script>\n<!-- \/ Yoast SEO plugin. -->","yoast_head_json":{"title":"Emergenza ciclone Freddy in Mozambico! - Mani Tese","description":"Il ciclone Freddy si \u00e8 abbattuto su Quelimane e sulle zone dove siamo presenti per realizzare i nostri progetti di cooperazione, e la situazione ora \u00e8 di emergenza.","robots":{"index":"index","follow":"follow","max-snippet":"max-snippet:-1","max-image-preview":"max-image-preview:large","max-video-preview":"max-video-preview:-1"},"canonical":"https:\/\/www.manitese.it\/en\/emergenza-ciclone-freddy-mozambico\/","og_locale":"en_US","og_type":"article","og_title":"Emergenza ciclone Freddy in Mozambico! - Mani Tese","og_description":"Il ciclone Freddy si \u00e8 abbattuto su Quelimane e sulle zone dove siamo presenti per realizzare i nostri progetti di cooperazione, e la situazione ora \u00e8 di emergenza.","og_url":"https:\/\/www.manitese.it\/en\/emergenza-ciclone-freddy-mozambico\/","og_site_name":"Mani Tese","article_published_time":"2023-03-13T14:24:53+00:00","article_modified_time":"2023-07-20T16:55:45+00:00","og_image":[{"width":1917,"height":801,"url":"https:\/\/www.manitese.it\/wp-content\/uploads\/2023\/03\/cover_ciclone.jpg","type":"image\/jpeg"}],"author":"agevis","twitter_card":"summary_large_image","twitter_misc":{"Written by":"agevis","Est. reading time":"1 minute"},"schema":{"@context":"https:\/\/schema.org","@graph":[{"@type":"Article","@id":"https:\/\/www.manitese.it\/en\/emergenza-ciclone-freddy-mozambico\/#article","isPartOf":{"@id":"https:\/\/www.manitese.it\/en\/emergenza-ciclone-freddy-mozambico\/"},"author":{"name":"agevis","@id":"https:\/\/www.manitese.it\/en\/#\/schema\/person\/5a9774f17e4940e2510bfeba90f04f65"},"headline":"Emergenza ciclone Freddy in Mozambico!","datePublished":"2023-03-13T14:24:53+00:00","dateModified":"2023-07-20T16:55:45+00:00","mainEntityOfPage":{"@id":"https:\/\/www.manitese.it\/en\/emergenza-ciclone-freddy-mozambico\/"},"wordCount":182,"commentCount":0,"image":{"@id":"https:\/\/www.manitese.it\/en\/emergenza-ciclone-freddy-mozambico\/#primaryimage"},"thumbnailUrl":"https:\/\/www.manitese.it\/wp-content\/uploads\/2023\/03\/cover_ciclone.jpg","keywords":["Mozambico"],"articleSection":["News"],"inLanguage":"en-US","potentialAction":[{"@type":"CommentAction","name":"Comment","target":["https:\/\/www.manitese.it\/en\/emergenza-ciclone-freddy-mozambico\/#respond"]}]},{"@type":"WebPage","@id":"https:\/\/www.manitese.it\/en\/emergenza-ciclone-freddy-mozambico\/","url":"https:\/\/www.manitese.it\/en\/emergenza-ciclone-freddy-mozambico\/","name":"Emergenza ciclone Freddy in Mozambico! - Mani Tese","isPartOf":{"@id":"https:\/\/www.manitese.it\/en\/#website"},"primaryImageOfPage":{"@id":"https:\/\/www.manitese.it\/en\/emergenza-ciclone-freddy-mozambico\/#primaryimage"},"image":{"@id":"https:\/\/www.manitese.it\/en\/emergenza-ciclone-freddy-mozambico\/#primaryimage"},"thumbnailUrl":"https:\/\/www.manitese.it\/wp-content\/uploads\/2023\/03\/cover_ciclone.jpg","datePublished":"2023-03-13T14:24:53+00:00","dateModified":"2023-07-20T16:55:45+00:00","author":{"@id":"https:\/\/www.manitese.it\/en\/#\/schema\/person\/5a9774f17e4940e2510bfeba90f04f65"},"description":"Il ciclone Freddy si \u00e8 abbattuto su Quelimane e sulle zone dove siamo presenti per realizzare i nostri progetti di cooperazione, e la situazione ora \u00e8 di emergenza.","breadcrumb":{"@id":"https:\/\/www.manitese.it\/en\/emergenza-ciclone-freddy-mozambico\/#breadcrumb"},"inLanguage":"en-US","potentialAction":[{"@type":"ReadAction","target":["https:\/\/www.manitese.it\/en\/emergenza-ciclone-freddy-mozambico\/"]}]},{"@type":"ImageObject","inLanguage":"en-US","@id":"https:\/\/www.manitese.it\/en\/emergenza-ciclone-freddy-mozambico\/#primaryimage","url":"https:\/\/www.manitese.it\/wp-content\/uploads\/2023\/03\/cover_ciclone.jpg","contentUrl":"https:\/\/www.manitese.it\/wp-content\/uploads\/2023\/03\/cover_ciclone.jpg","width":1917,"height":801,"caption":"ciclone Mozambico"},{"@type":"BreadcrumbList","@id":"https:\/\/www.manitese.it\/en\/emergenza-ciclone-freddy-mozambico\/#breadcrumb","itemListElement":[{"@type":"ListItem","position":1,"name":"Home","item":"https:\/\/www.manitese.it\/en\/"},{"@type":"ListItem","position":2,"name":"Emergenza ciclone Freddy in Mozambico!"}]},{"@type":"WebSite","@id":"https:\/\/www.manitese.it\/en\/#website","url":"https:\/\/www.manitese.it\/en\/","name":"Mani Tese","description":"","potentialAction":[{"@type":"SearchAction","target":{"@type":"EntryPoint","urlTemplate":"https:\/\/www.manitese.it\/en\/?s={search_term_string}"},"query-input":{"@type":"PropertyValueSpecification","valueRequired":true,"valueName":"search_term_string"}}],"inLanguage":"en-US"},{"@type":"Person","@id":"https:\/\/www.manitese.it\/en\/#\/schema\/person\/5a9774f17e4940e2510bfeba90f04f65","name":"agevis","image":{"@type":"ImageObject","inLanguage":"en-US","@id":"https:\/\/secure.gravatar.com\/avatar\/2dc96c93fcf3387a5922a93b50fb3bff01d4800590fb6a4ab91a034adb25ba17?s=96&d=mm&r=g","url":"https:\/\/secure.gravatar.com\/avatar\/2dc96c93fcf3387a5922a93b50fb3bff01d4800590fb6a4ab91a034adb25ba17?s=96&d=mm&r=g","contentUrl":"https:\/\/secure.gravatar.com\/avatar\/2dc96c93fcf3387a5922a93b50fb3bff01d4800590fb6a4ab91a034adb25ba17?s=96&d=mm&r=g","caption":"agevis"},"url":"https:\/\/www.manitese.it\/en\/author\/wp_agevis_admin\/"}]}},"jetpack_featured_media_url":"https:\/\/www.manitese.it\/wp-content\/uploads\/2023\/03\/cover_ciclone.jpg","jetpack_sharing_enabled":true,"_links":{"self":[{"href":"https:\/\/www.manitese.it\/en\/wp-json\/wp\/v2\/posts\/169741","targetHints":{"allow":["GET"]}}],"collection":[{"href":"https:\/\/www.manitese.it\/en\/wp-json\/wp\/v2\/posts"}],"about":[{"href":"https:\/\/www.manitese.it\/en\/wp-json\/wp\/v2\/types\/post"}],"author":[{"embeddable":true,"href":"https:\/\/www.manitese.it\/en\/wp-json\/wp\/v2\/users\/1"}],"replies":[{"embeddable":true,"href":"https:\/\/www.manitese.it\/en\/wp-json\/wp\/v2\/comments?post=169741"}],"version-history":[{"count":2,"href":"https:\/\/www.manitese.it\/en\/wp-json\/wp\/v2\/posts\/169741\/revisions"}],"predecessor-version":[{"id":177573,"href":"https:\/\/www.manitese.it\/en\/wp-json\/wp\/v2\/posts\/169741\/revisions\/177573"}],"wp:featuredmedia":[{"embeddable":true,"href":"https:\/\/www.manitese.it\/en\/wp-json\/wp\/v2\/media\/169744"}],"wp:attachment":[{"href":"https:\/\/www.manitese.it\/en\/wp-json\/wp\/v2\/media?parent=169741"}],"wp:term":[{"taxonomy":"category","embeddable":true,"href":"https:\/\/www.manitese.it\/en\/wp-json\/wp\/v2\/categories?post=169741"},{"taxonomy":"post_tag","embeddable":true,"href":"https:\/\/www.manitese.it\/en\/wp-json\/wp\/v2\/tags?post=169741"},{"taxonomy":"thematic_area","embeddable":true,"href":"https:\/\/www.manitese.it\/en\/wp-json\/wp\/v2\/thematic_area?post=169741"}],"curies":[{"name":"wp","href":"https:\/\/api.w.org\/{rel}","templated":true}]}}