{"id":169717,"date":"2023-03-10T14:43:19","date_gmt":"2023-03-10T13:43:19","guid":{"rendered":"https:\/\/manitese.it\/?p=169717"},"modified":"2023-11-29T15:48:55","modified_gmt":"2023-11-29T14:48:55","slug":"lancio-ufficiale-progetto-nutrire-la-citta","status":"publish","type":"post","link":"https:\/\/www.manitese.it\/en\/lancio-ufficiale-progetto-nutrire-la-citta\/","title":{"rendered":"Il lancio ufficiale del progetto \u201cnutrire la citta\u201d"},"content":{"rendered":"\r\n<p>Il 16 febbraio si \u00e8 tenuto a Ouagadougou l\u2019evento di lancio del progetto \u201c<a href=\"https:\/\/manitese.it\/progetto\/nutrire-la-citta\" target=\"_blank\" rel=\"noreferrer noopener\"><strong>Nutrire la citt\u00e0<\/strong><\/a>\u201d presso la Mairie Centrale. L\u2019<em>atelier<\/em> \u00e8 stato organizzato da ACRA in collaborazione con il Comune di Ouagadougou, partner di progetto insieme a Mani Tese, Watinoma, Ke De Burkinab\u00e8, Etifor e Gnucoop.<\/p>\r\n\r\n\r\n\r\n<p>All\u2019evento era presente anche <strong>Domenico Bruzzone, Direttore dell\u2019Agenzia Italiana per la Cooperazione allo Sviluppo<\/strong>, che nel suo discorso di apertura ha ringraziato gli operatori delle Ong presenti rimarcando l\u2019importanza del loro lavoro sul campo e del ruolo che giocano i cooperanti per la buona riuscita dei progetti.<\/p>\r\n\r\n\r\n\r\n<p>\u201c<strong><em>Gli operatori delle Ong sono coloro che agiscono e riescono a rendere efficaci gli aiuti. Un\u2019azione come quella intrapresa nel 2018 da Mani Tese non si deve fermare<\/em><\/strong>\u201d ha dichiarato.<\/p>\r\n\r\n\r\n\r\n<p><strong>Flavio Boffi per ACRA e Eugenio Attard per Mani Tese<\/strong> hanno presentato il progetto enunciando gli obiettivi e i risultati attesi, sottolineando l\u2019importanza di una buona comunicazione tra le parti.<\/p>\r\n\r\n\r\n\r\n<p>\u201c<em>Interagire e continuare a scambiarsi informazioni e punti di vista \u00e8 fondamentale per la buona riuscita del progetto in questi tre anni<\/em>\u201d ha affermato <strong>Flavio Boffi di ACRA.<\/strong><\/p>\r\n\r\n\r\n\r\n<p>\u201c<em>Mani Tese si impegner\u00e0 a fondo per collaborare e portare avanti gli interventi in modo partecipato e in continuit\u00e0 con quanto fatto in precedenza, affinch\u00e9 si possano ottenere dei risultati sostenibili e durevoli per la citt\u00e0 e per le comunit\u00e0 interessate<\/em>\u201d ha concluso <strong>Eugenio Attard di Mani Tese.<\/strong><\/p>\r\n\r\n\r\n\r\n<p><strong>Nutrire la citt\u00e0<\/strong> si inserisce in <strong>un piano statale pi\u00f9 ampio che riguarda la lotta alla desertificazione e lo sviluppo di citt\u00e0 sostenibili<\/strong>. Durante l\u2019evento \u00e8 emerso il profondo interesse dei cittadini per la buona riuscita dell\u2019intervento e il desiderio di farsi coinvolgere nelle attivit\u00e0.<\/p>\r\n\r\n\r\n\r\n<p><strong>Valentin BAYIRI, rappresentante del Comune di Ouagadogou<\/strong>, ha dichiarato: \u201c<strong><em>Il Burkina ha l\u2019obiettivo di risistemare 150 ettari della cintura verde.<\/em><\/strong><em> Per riuscirci \u00e8 fondamentale la collaborazione con attori che puntano sull\u2019agricoltura sostenibile e l\u2019agroecologia. <strong>In citt\u00e0, a causa del forte utilizzo di prodotti chimici in agricoltura in alcune zone \u00e8 aumentato il tasso di persone che soffre di tumori<\/strong>. Dobbiamo trasformare la produzione alimentare in qualcosa di pi\u00f9 sano e per riuscirci dobbiamo, insieme, co-costruire questo grande processo\u201d.<\/em><\/p>\r\n\r\n\r\n\r\n<p><strong>Ouagadougou sta vivendo una crescita demografica senza precedenti e per garantire a tutti salute e cibo \u00e8 necessario lavorare sul miglioramento delle filiere alimentari locali e sostenibili<\/strong>. Coinvolgere le famiglie di produttori, <strong>in particolare le donne<\/strong>, \u00e8 il punto di partenza per costruire un futuro migliore per la citt\u00e0.<\/p>\r\n\r\n\r\n\r\n<p>\u201c<strong><em>Le madri sono i Ministri dell\u2019Interno delle nostre famiglie<\/em><\/strong> &#8211; ha affermato BAYIRI <em>\u2013 dobbiamo partire dal loro coinvolgimento per riuscire a migliorare il benessere della popolazione oggi e per il futuro\u201d.<\/em> Il progetto<strong>\u00a0\u201c<\/strong><a href=\"https:\/\/manitese.it\/progetto\/nutrire-la-citta\" target=\"_blank\" rel=\"noreferrer noopener\"><strong>NUTRIRE LA CITT\u00c0 \u2013 Agricoltura urbana e produzione del cibo sano e locale per lo sviluppo di un sistema agroalimentare sostenibile e inclusivo<\/strong><\/a><strong>\u201d,<\/strong>\u00a0\u00e8 cofinanziato dall\u2019Agenzia Italiana per la Cooperazione allo Sviluppo (AICS) e promosso da Fondazione ACRA (capofila), Mani Tese insieme con Gnucoop, Etifor, ITAL WATINOMA e ASSOCIATION WATINOMA, Ke Du Burkinab\u00e9, Mairie Di Ouagadougou.<\/p>\r\n\r\n\r\n\r\n<figure class=\"wp-block-gallery has-nested-images columns-default is-cropped wp-block-gallery-1 is-layout-flex wp-block-gallery-is-layout-flex\">\r\n<figure class=\"wp-block-image size-large\"><img decoding=\"async\" data-id=\"169720\" class=\"wp-image-169720\" src=\"https:\/\/manitese.it\/wp-content\/uploads\/2023\/03\/20230216_095932-1024x576.jpg\" alt=\"\" \/><\/figure>\r\n\r\n\r\n\r\n<figure class=\"wp-block-image size-full\"><img fetchpriority=\"high\" decoding=\"async\" width=\"1024\" height=\"565\" data-id=\"169722\" class=\"wp-image-169722\" src=\"https:\/\/manitese.it\/wp-content\/uploads\/2023\/03\/image00008.jpeg\" alt=\"\" srcset=\"https:\/\/www.manitese.it\/wp-content\/uploads\/2023\/03\/image00008.jpeg 1024w, https:\/\/www.manitese.it\/wp-content\/uploads\/2023\/03\/image00008-600x331.jpeg 600w, https:\/\/www.manitese.it\/wp-content\/uploads\/2023\/03\/image00008-300x166.jpeg 300w, https:\/\/www.manitese.it\/wp-content\/uploads\/2023\/03\/image00008-768x424.jpeg 768w, https:\/\/www.manitese.it\/wp-content\/uploads\/2023\/03\/image00008-400x221.jpeg 400w\" sizes=\"(max-width: 1024px) 100vw, 1024px\" \/><\/figure>\r\n\r\n\r\n\r\n<figure class=\"wp-block-image size-full\"><img decoding=\"async\" width=\"1024\" height=\"554\" data-id=\"169724\" class=\"wp-image-169724\" src=\"https:\/\/manitese.it\/wp-content\/uploads\/2023\/03\/image00009.jpeg\" alt=\"\" srcset=\"https:\/\/www.manitese.it\/wp-content\/uploads\/2023\/03\/image00009.jpeg 1024w, https:\/\/www.manitese.it\/wp-content\/uploads\/2023\/03\/image00009-600x325.jpeg 600w, https:\/\/www.manitese.it\/wp-content\/uploads\/2023\/03\/image00009-300x162.jpeg 300w, https:\/\/www.manitese.it\/wp-content\/uploads\/2023\/03\/image00009-768x416.jpeg 768w, https:\/\/www.manitese.it\/wp-content\/uploads\/2023\/03\/image00009-400x216.jpeg 400w\" sizes=\"(max-width: 1024px) 100vw, 1024px\" \/><\/figure>\r\n\r\n\r\n\r\n<figure class=\"wp-block-image size-full\"><img decoding=\"async\" width=\"1024\" height=\"562\" data-id=\"169726\" class=\"wp-image-169726\" src=\"https:\/\/manitese.it\/wp-content\/uploads\/2023\/03\/image00012.jpeg\" alt=\"\" srcset=\"https:\/\/www.manitese.it\/wp-content\/uploads\/2023\/03\/image00012.jpeg 1024w, https:\/\/www.manitese.it\/wp-content\/uploads\/2023\/03\/image00012-600x329.jpeg 600w, https:\/\/www.manitese.it\/wp-content\/uploads\/2023\/03\/image00012-300x165.jpeg 300w, https:\/\/www.manitese.it\/wp-content\/uploads\/2023\/03\/image00012-768x422.jpeg 768w, https:\/\/www.manitese.it\/wp-content\/uploads\/2023\/03\/image00012-400x220.jpeg 400w\" sizes=\"(max-width: 1024px) 100vw, 1024px\" \/><\/figure>\r\n\r\n\r\n\r\n<figure class=\"wp-block-image size-full\"><img loading=\"lazy\" decoding=\"async\" width=\"1024\" height=\"572\" data-id=\"169728\" class=\"wp-image-169728\" src=\"https:\/\/manitese.it\/wp-content\/uploads\/2023\/03\/image00014.jpeg\" alt=\"\" srcset=\"https:\/\/www.manitese.it\/wp-content\/uploads\/2023\/03\/image00014.jpeg 1024w, https:\/\/www.manitese.it\/wp-content\/uploads\/2023\/03\/image00014-600x335.jpeg 600w, https:\/\/www.manitese.it\/wp-content\/uploads\/2023\/03\/image00014-300x168.jpeg 300w, https:\/\/www.manitese.it\/wp-content\/uploads\/2023\/03\/image00014-768x429.jpeg 768w, https:\/\/www.manitese.it\/wp-content\/uploads\/2023\/03\/image00014-400x223.jpeg 400w\" sizes=\"(max-width: 1024px) 100vw, 1024px\" \/><\/figure>\r\n\r\n\r\n\r\n<figure class=\"wp-block-image size-full\"><img loading=\"lazy\" decoding=\"async\" width=\"1002\" height=\"526\" data-id=\"169718\" class=\"wp-image-169718\" src=\"https:\/\/manitese.it\/wp-content\/uploads\/2023\/03\/image00003.jpeg\" alt=\"nutrire la citt\u00e0\" srcset=\"https:\/\/www.manitese.it\/wp-content\/uploads\/2023\/03\/image00003.jpeg 1002w, https:\/\/www.manitese.it\/wp-content\/uploads\/2023\/03\/image00003-600x315.jpeg 600w, https:\/\/www.manitese.it\/wp-content\/uploads\/2023\/03\/image00003-300x157.jpeg 300w, https:\/\/www.manitese.it\/wp-content\/uploads\/2023\/03\/image00003-768x403.jpeg 768w, https:\/\/www.manitese.it\/wp-content\/uploads\/2023\/03\/image00003-400x210.jpeg 400w\" sizes=\"(max-width: 1002px) 100vw, 1002px\" \/><\/figure>\r\n<\/figure>\r\n","protected":false},"excerpt":{"rendered":"<p>Si parte! Lanciato ufficialmente il progetto \u201cNutrire la citt\u00e0\u201d a Ouagadougou, in Burkina Faso, davanti alle autorit\u00e0 locali. Obiettivo: riqualificare 150 ettari della cintura verde e promuovere l\u2019agroecologia.<\/p>\n","protected":false},"author":1,"featured_media":169718,"comment_status":"open","ping_status":"open","sticky":false,"template":"","format":"standard","meta":{"_acf_changed":false,"give_campaign_id":0,"inline_featured_image":false,"_jetpack_memberships_contains_paid_content":false,"footnotes":""},"categories":[1],"tags":[39],"thematic_area":[918,916,914],"class_list":["post-169717","post","type-post","status-publish","format-standard","has-post-thumbnail","hentry","category-news","tag-burkina-faso-2","thematic_area-sistemi-e-filiere-agroalimentari-locali","thematic_area-citta-e-pratiche-sostenibili","thematic_area-riforestazione-e-biodiversita"],"acf":[],"yoast_head":"<!-- This site is optimized with the Yoast SEO plugin v27.5 - https:\/\/yoast.com\/product\/yoast-seo-wordpress\/ -->\n<title>Il lancio ufficiale del progetto \u201cnutrire la citta\u201d - Mani Tese<\/title>\n<meta name=\"description\" content=\"Si parte! Lanciato ufficialmente il progetto \u201cNutrire la citt\u00e0\u201d a Ouagadougou, in Burkina Faso, davanti alle autorit\u00e0 locali. Obiettivo: riqualificare 150 ettari della cintura verde e promuovere l\u2019agroecologia.\" \/>\n<meta name=\"robots\" content=\"index, follow, max-snippet:-1, max-image-preview:large, max-video-preview:-1\" \/>\n<link rel=\"canonical\" href=\"https:\/\/www.manitese.it\/en\/lancio-ufficiale-progetto-nutrire-la-citta\/\" \/>\n<meta property=\"og:locale\" content=\"en_US\" \/>\n<meta property=\"og:type\" content=\"article\" \/>\n<meta property=\"og:title\" content=\"Il lancio ufficiale del progetto \u201cnutrire la citta\u201d - Mani Tese\" \/>\n<meta property=\"og:description\" content=\"Si parte! Lanciato ufficialmente il progetto \u201cNutrire la citt\u00e0\u201d a Ouagadougou, in Burkina Faso, davanti alle autorit\u00e0 locali. Obiettivo: riqualificare 150 ettari della cintura verde e promuovere l\u2019agroecologia.\" \/>\n<meta property=\"og:url\" content=\"https:\/\/www.manitese.it\/en\/lancio-ufficiale-progetto-nutrire-la-citta\/\" \/>\n<meta property=\"og:site_name\" content=\"Mani Tese\" \/>\n<meta property=\"article:published_time\" content=\"2023-03-10T13:43:19+00:00\" \/>\n<meta property=\"article:modified_time\" content=\"2023-11-29T14:48:55+00:00\" \/>\n<meta property=\"og:image\" content=\"https:\/\/www.manitese.it\/wp-content\/uploads\/2023\/03\/image00003.jpeg\" \/>\n\t<meta property=\"og:image:width\" content=\"1002\" \/>\n\t<meta property=\"og:image:height\" content=\"526\" \/>\n\t<meta property=\"og:image:type\" content=\"image\/jpeg\" \/>\n<meta name=\"author\" content=\"agevis\" \/>\n<meta name=\"twitter:card\" content=\"summary_large_image\" \/>\n<meta name=\"twitter:label1\" content=\"Written by\" \/>\n\t<meta name=\"twitter:data1\" content=\"agevis\" \/>\n\t<meta name=\"twitter:label2\" content=\"Est. reading time\" \/>\n\t<meta name=\"twitter:data2\" content=\"4 minutes\" \/>\n<script type=\"application\/ld+json\" class=\"yoast-schema-graph\">{\"@context\":\"https:\\\/\\\/schema.org\",\"@graph\":[{\"@type\":\"Article\",\"@id\":\"https:\\\/\\\/www.manitese.it\\\/en\\\/lancio-ufficiale-progetto-nutrire-la-citta\\\/#article\",\"isPartOf\":{\"@id\":\"https:\\\/\\\/www.manitese.it\\\/en\\\/lancio-ufficiale-progetto-nutrire-la-citta\\\/\"},\"author\":{\"name\":\"agevis\",\"@id\":\"https:\\\/\\\/www.manitese.it\\\/en\\\/#\\\/schema\\\/person\\\/5a9774f17e4940e2510bfeba90f04f65\"},\"headline\":\"Il lancio ufficiale del progetto \u201cnutrire la citta\u201d\",\"datePublished\":\"2023-03-10T13:43:19+00:00\",\"dateModified\":\"2023-11-29T14:48:55+00:00\",\"mainEntityOfPage\":{\"@id\":\"https:\\\/\\\/www.manitese.it\\\/en\\\/lancio-ufficiale-progetto-nutrire-la-citta\\\/\"},\"wordCount\":500,\"commentCount\":0,\"image\":{\"@id\":\"https:\\\/\\\/www.manitese.it\\\/en\\\/lancio-ufficiale-progetto-nutrire-la-citta\\\/#primaryimage\"},\"thumbnailUrl\":\"https:\\\/\\\/www.manitese.it\\\/wp-content\\\/uploads\\\/2023\\\/03\\\/image00003.jpeg\",\"keywords\":[\"burkina faso\"],\"articleSection\":[\"News\"],\"inLanguage\":\"en-US\",\"potentialAction\":[{\"@type\":\"CommentAction\",\"name\":\"Comment\",\"target\":[\"https:\\\/\\\/www.manitese.it\\\/en\\\/lancio-ufficiale-progetto-nutrire-la-citta\\\/#respond\"]}]},{\"@type\":\"WebPage\",\"@id\":\"https:\\\/\\\/www.manitese.it\\\/en\\\/lancio-ufficiale-progetto-nutrire-la-citta\\\/\",\"url\":\"https:\\\/\\\/www.manitese.it\\\/en\\\/lancio-ufficiale-progetto-nutrire-la-citta\\\/\",\"name\":\"Il lancio ufficiale del progetto \u201cnutrire la citta\u201d - Mani Tese\",\"isPartOf\":{\"@id\":\"https:\\\/\\\/www.manitese.it\\\/en\\\/#website\"},\"primaryImageOfPage\":{\"@id\":\"https:\\\/\\\/www.manitese.it\\\/en\\\/lancio-ufficiale-progetto-nutrire-la-citta\\\/#primaryimage\"},\"image\":{\"@id\":\"https:\\\/\\\/www.manitese.it\\\/en\\\/lancio-ufficiale-progetto-nutrire-la-citta\\\/#primaryimage\"},\"thumbnailUrl\":\"https:\\\/\\\/www.manitese.it\\\/wp-content\\\/uploads\\\/2023\\\/03\\\/image00003.jpeg\",\"datePublished\":\"2023-03-10T13:43:19+00:00\",\"dateModified\":\"2023-11-29T14:48:55+00:00\",\"author\":{\"@id\":\"https:\\\/\\\/www.manitese.it\\\/en\\\/#\\\/schema\\\/person\\\/5a9774f17e4940e2510bfeba90f04f65\"},\"description\":\"Si parte! Lanciato ufficialmente il progetto \u201cNutrire la citt\u00e0\u201d a Ouagadougou, in Burkina Faso, davanti alle autorit\u00e0 locali. Obiettivo: riqualificare 150 ettari della cintura verde e promuovere l\u2019agroecologia.\",\"breadcrumb\":{\"@id\":\"https:\\\/\\\/www.manitese.it\\\/en\\\/lancio-ufficiale-progetto-nutrire-la-citta\\\/#breadcrumb\"},\"inLanguage\":\"en-US\",\"potentialAction\":[{\"@type\":\"ReadAction\",\"target\":[\"https:\\\/\\\/www.manitese.it\\\/en\\\/lancio-ufficiale-progetto-nutrire-la-citta\\\/\"]}]},{\"@type\":\"ImageObject\",\"inLanguage\":\"en-US\",\"@id\":\"https:\\\/\\\/www.manitese.it\\\/en\\\/lancio-ufficiale-progetto-nutrire-la-citta\\\/#primaryimage\",\"url\":\"https:\\\/\\\/www.manitese.it\\\/wp-content\\\/uploads\\\/2023\\\/03\\\/image00003.jpeg\",\"contentUrl\":\"https:\\\/\\\/www.manitese.it\\\/wp-content\\\/uploads\\\/2023\\\/03\\\/image00003.jpeg\",\"width\":1002,\"height\":526,\"caption\":\"nutrire la citt\u00e0\"},{\"@type\":\"BreadcrumbList\",\"@id\":\"https:\\\/\\\/www.manitese.it\\\/en\\\/lancio-ufficiale-progetto-nutrire-la-citta\\\/#breadcrumb\",\"itemListElement\":[{\"@type\":\"ListItem\",\"position\":1,\"name\":\"Home\",\"item\":\"https:\\\/\\\/www.manitese.it\\\/en\\\/\"},{\"@type\":\"ListItem\",\"position\":2,\"name\":\"Il lancio ufficiale del progetto \u201cnutrire la citta\u201d\"}]},{\"@type\":\"WebSite\",\"@id\":\"https:\\\/\\\/www.manitese.it\\\/en\\\/#website\",\"url\":\"https:\\\/\\\/www.manitese.it\\\/en\\\/\",\"name\":\"Mani Tese\",\"description\":\"\",\"potentialAction\":[{\"@type\":\"SearchAction\",\"target\":{\"@type\":\"EntryPoint\",\"urlTemplate\":\"https:\\\/\\\/www.manitese.it\\\/en\\\/?s={search_term_string}\"},\"query-input\":{\"@type\":\"PropertyValueSpecification\",\"valueRequired\":true,\"valueName\":\"search_term_string\"}}],\"inLanguage\":\"en-US\"},{\"@type\":\"Person\",\"@id\":\"https:\\\/\\\/www.manitese.it\\\/en\\\/#\\\/schema\\\/person\\\/5a9774f17e4940e2510bfeba90f04f65\",\"name\":\"agevis\",\"image\":{\"@type\":\"ImageObject\",\"inLanguage\":\"en-US\",\"@id\":\"https:\\\/\\\/secure.gravatar.com\\\/avatar\\\/2dc96c93fcf3387a5922a93b50fb3bff01d4800590fb6a4ab91a034adb25ba17?s=96&d=mm&r=g\",\"url\":\"https:\\\/\\\/secure.gravatar.com\\\/avatar\\\/2dc96c93fcf3387a5922a93b50fb3bff01d4800590fb6a4ab91a034adb25ba17?s=96&d=mm&r=g\",\"contentUrl\":\"https:\\\/\\\/secure.gravatar.com\\\/avatar\\\/2dc96c93fcf3387a5922a93b50fb3bff01d4800590fb6a4ab91a034adb25ba17?s=96&d=mm&r=g\",\"caption\":\"agevis\"},\"url\":\"https:\\\/\\\/www.manitese.it\\\/en\\\/author\\\/wp_agevis_admin\\\/\"}]}<\/script>\n<!-- \/ Yoast SEO plugin. -->","yoast_head_json":{"title":"Il lancio ufficiale del progetto \u201cnutrire la citta\u201d - Mani Tese","description":"Si parte! Lanciato ufficialmente il progetto \u201cNutrire la citt\u00e0\u201d a Ouagadougou, in Burkina Faso, davanti alle autorit\u00e0 locali. Obiettivo: riqualificare 150 ettari della cintura verde e promuovere l\u2019agroecologia.","robots":{"index":"index","follow":"follow","max-snippet":"max-snippet:-1","max-image-preview":"max-image-preview:large","max-video-preview":"max-video-preview:-1"},"canonical":"https:\/\/www.manitese.it\/en\/lancio-ufficiale-progetto-nutrire-la-citta\/","og_locale":"en_US","og_type":"article","og_title":"Il lancio ufficiale del progetto \u201cnutrire la citta\u201d - Mani Tese","og_description":"Si parte! Lanciato ufficialmente il progetto \u201cNutrire la citt\u00e0\u201d a Ouagadougou, in Burkina Faso, davanti alle autorit\u00e0 locali. Obiettivo: riqualificare 150 ettari della cintura verde e promuovere l\u2019agroecologia.","og_url":"https:\/\/www.manitese.it\/en\/lancio-ufficiale-progetto-nutrire-la-citta\/","og_site_name":"Mani Tese","article_published_time":"2023-03-10T13:43:19+00:00","article_modified_time":"2023-11-29T14:48:55+00:00","og_image":[{"width":1002,"height":526,"url":"https:\/\/www.manitese.it\/wp-content\/uploads\/2023\/03\/image00003.jpeg","type":"image\/jpeg"}],"author":"agevis","twitter_card":"summary_large_image","twitter_misc":{"Written by":"agevis","Est. reading time":"4 minutes"},"schema":{"@context":"https:\/\/schema.org","@graph":[{"@type":"Article","@id":"https:\/\/www.manitese.it\/en\/lancio-ufficiale-progetto-nutrire-la-citta\/#article","isPartOf":{"@id":"https:\/\/www.manitese.it\/en\/lancio-ufficiale-progetto-nutrire-la-citta\/"},"author":{"name":"agevis","@id":"https:\/\/www.manitese.it\/en\/#\/schema\/person\/5a9774f17e4940e2510bfeba90f04f65"},"headline":"Il lancio ufficiale del progetto \u201cnutrire la citta\u201d","datePublished":"2023-03-10T13:43:19+00:00","dateModified":"2023-11-29T14:48:55+00:00","mainEntityOfPage":{"@id":"https:\/\/www.manitese.it\/en\/lancio-ufficiale-progetto-nutrire-la-citta\/"},"wordCount":500,"commentCount":0,"image":{"@id":"https:\/\/www.manitese.it\/en\/lancio-ufficiale-progetto-nutrire-la-citta\/#primaryimage"},"thumbnailUrl":"https:\/\/www.manitese.it\/wp-content\/uploads\/2023\/03\/image00003.jpeg","keywords":["burkina faso"],"articleSection":["News"],"inLanguage":"en-US","potentialAction":[{"@type":"CommentAction","name":"Comment","target":["https:\/\/www.manitese.it\/en\/lancio-ufficiale-progetto-nutrire-la-citta\/#respond"]}]},{"@type":"WebPage","@id":"https:\/\/www.manitese.it\/en\/lancio-ufficiale-progetto-nutrire-la-citta\/","url":"https:\/\/www.manitese.it\/en\/lancio-ufficiale-progetto-nutrire-la-citta\/","name":"Il lancio ufficiale del progetto \u201cnutrire la citta\u201d - Mani Tese","isPartOf":{"@id":"https:\/\/www.manitese.it\/en\/#website"},"primaryImageOfPage":{"@id":"https:\/\/www.manitese.it\/en\/lancio-ufficiale-progetto-nutrire-la-citta\/#primaryimage"},"image":{"@id":"https:\/\/www.manitese.it\/en\/lancio-ufficiale-progetto-nutrire-la-citta\/#primaryimage"},"thumbnailUrl":"https:\/\/www.manitese.it\/wp-content\/uploads\/2023\/03\/image00003.jpeg","datePublished":"2023-03-10T13:43:19+00:00","dateModified":"2023-11-29T14:48:55+00:00","author":{"@id":"https:\/\/www.manitese.it\/en\/#\/schema\/person\/5a9774f17e4940e2510bfeba90f04f65"},"description":"Si parte! Lanciato ufficialmente il progetto \u201cNutrire la citt\u00e0\u201d a Ouagadougou, in Burkina Faso, davanti alle autorit\u00e0 locali. Obiettivo: riqualificare 150 ettari della cintura verde e promuovere l\u2019agroecologia.","breadcrumb":{"@id":"https:\/\/www.manitese.it\/en\/lancio-ufficiale-progetto-nutrire-la-citta\/#breadcrumb"},"inLanguage":"en-US","potentialAction":[{"@type":"ReadAction","target":["https:\/\/www.manitese.it\/en\/lancio-ufficiale-progetto-nutrire-la-citta\/"]}]},{"@type":"ImageObject","inLanguage":"en-US","@id":"https:\/\/www.manitese.it\/en\/lancio-ufficiale-progetto-nutrire-la-citta\/#primaryimage","url":"https:\/\/www.manitese.it\/wp-content\/uploads\/2023\/03\/image00003.jpeg","contentUrl":"https:\/\/www.manitese.it\/wp-content\/uploads\/2023\/03\/image00003.jpeg","width":1002,"height":526,"caption":"nutrire la citt\u00e0"},{"@type":"BreadcrumbList","@id":"https:\/\/www.manitese.it\/en\/lancio-ufficiale-progetto-nutrire-la-citta\/#breadcrumb","itemListElement":[{"@type":"ListItem","position":1,"name":"Home","item":"https:\/\/www.manitese.it\/en\/"},{"@type":"ListItem","position":2,"name":"Il lancio ufficiale del progetto \u201cnutrire la citta\u201d"}]},{"@type":"WebSite","@id":"https:\/\/www.manitese.it\/en\/#website","url":"https:\/\/www.manitese.it\/en\/","name":"Mani Tese","description":"","potentialAction":[{"@type":"SearchAction","target":{"@type":"EntryPoint","urlTemplate":"https:\/\/www.manitese.it\/en\/?s={search_term_string}"},"query-input":{"@type":"PropertyValueSpecification","valueRequired":true,"valueName":"search_term_string"}}],"inLanguage":"en-US"},{"@type":"Person","@id":"https:\/\/www.manitese.it\/en\/#\/schema\/person\/5a9774f17e4940e2510bfeba90f04f65","name":"agevis","image":{"@type":"ImageObject","inLanguage":"en-US","@id":"https:\/\/secure.gravatar.com\/avatar\/2dc96c93fcf3387a5922a93b50fb3bff01d4800590fb6a4ab91a034adb25ba17?s=96&d=mm&r=g","url":"https:\/\/secure.gravatar.com\/avatar\/2dc96c93fcf3387a5922a93b50fb3bff01d4800590fb6a4ab91a034adb25ba17?s=96&d=mm&r=g","contentUrl":"https:\/\/secure.gravatar.com\/avatar\/2dc96c93fcf3387a5922a93b50fb3bff01d4800590fb6a4ab91a034adb25ba17?s=96&d=mm&r=g","caption":"agevis"},"url":"https:\/\/www.manitese.it\/en\/author\/wp_agevis_admin\/"}]}},"jetpack_featured_media_url":"https:\/\/www.manitese.it\/wp-content\/uploads\/2023\/03\/image00003.jpeg","jetpack_sharing_enabled":true,"_links":{"self":[{"href":"https:\/\/www.manitese.it\/en\/wp-json\/wp\/v2\/posts\/169717","targetHints":{"allow":["GET"]}}],"collection":[{"href":"https:\/\/www.manitese.it\/en\/wp-json\/wp\/v2\/posts"}],"about":[{"href":"https:\/\/www.manitese.it\/en\/wp-json\/wp\/v2\/types\/post"}],"author":[{"embeddable":true,"href":"https:\/\/www.manitese.it\/en\/wp-json\/wp\/v2\/users\/1"}],"replies":[{"embeddable":true,"href":"https:\/\/www.manitese.it\/en\/wp-json\/wp\/v2\/comments?post=169717"}],"version-history":[{"count":3,"href":"https:\/\/www.manitese.it\/en\/wp-json\/wp\/v2\/posts\/169717\/revisions"}],"predecessor-version":[{"id":191603,"href":"https:\/\/www.manitese.it\/en\/wp-json\/wp\/v2\/posts\/169717\/revisions\/191603"}],"wp:featuredmedia":[{"embeddable":true,"href":"https:\/\/www.manitese.it\/en\/wp-json\/wp\/v2\/media\/169718"}],"wp:attachment":[{"href":"https:\/\/www.manitese.it\/en\/wp-json\/wp\/v2\/media?parent=169717"}],"wp:term":[{"taxonomy":"category","embeddable":true,"href":"https:\/\/www.manitese.it\/en\/wp-json\/wp\/v2\/categories?post=169717"},{"taxonomy":"post_tag","embeddable":true,"href":"https:\/\/www.manitese.it\/en\/wp-json\/wp\/v2\/tags?post=169717"},{"taxonomy":"thematic_area","embeddable":true,"href":"https:\/\/www.manitese.it\/en\/wp-json\/wp\/v2\/thematic_area?post=169717"}],"curies":[{"name":"wp","href":"https:\/\/api.w.org\/{rel}","templated":true}]}}