{"id":169641,"date":"2023-03-23T09:09:25","date_gmt":"2023-03-23T08:09:25","guid":{"rendered":"https:\/\/manitese.it\/?p=169641"},"modified":"2023-11-29T15:41:07","modified_gmt":"2023-11-29T14:41:07","slug":"effetti-miglioramento-sicurezza-alimentare-in-burkina-faso","status":"publish","type":"post","link":"https:\/\/www.manitese.it\/en\/effetti-miglioramento-sicurezza-alimentare-in-burkina-faso\/","title":{"rendered":"Gli effetti del miglioramento della sicurezza alimentare in Burkina Faso"},"content":{"rendered":"\r\n<p><strong>Neerbewendin SAWADOGO<\/strong>, fondatrice e direttrice della societ\u00e0 di consulenza EffiDev, esperta di economia agraria e gestione aziendale, ha dedicato la sua intera carriera a sostenere le PMI, le donne e i giovani e a promuovere la sicurezza alimentare in Burkina Faso.<\/p>\r\n\r\n\r\n\r\n<p>Per Mani Tese ha svolto il ruolo di valutatrice esterna del nostro progetto <a href=\"https:\/\/manitese.it\/progetto\/miglioramento-della-sicurezza-alimentare-nella-provincia-di-boulgou\" target=\"_blank\" rel=\"noreferrer noopener\"><strong>Miglioramento della sicurezza alimentare e promozione dello sviluppo rurale nel Boulgou<\/strong><\/a>, provincia della regione del Centro Est del Burkina Faso, co-finanziato da 8&#215;1000 irpef a gestione statale.<\/p>\r\n\r\n\r\n\r\n<p>Il lavoro di <strong>Neerbewendin SAWADOGO<\/strong> (detta Nere, per gli amici e per le amiche) ci ha permesso di capire meglio qual era la situazione di partenza e come sta cambiando, a conclusione del primo anno di progetto.<\/p>\r\n\r\n\r\n\r\n<p>\u201cL\u2019obiettivo del progetto \u00e8 quello di fornire una risposta al problema <strong>dell\u2019insicurezza alimentare<\/strong> in quattro villaggi nella regione attraverso <strong>tre strumenti<\/strong>: la produzione di riso e prodotti orticoli (in particolare pomodori e cipolle), il loro consumo e l\u2019organizzazione degli attori che ruotano intorno alla produzione\u201d afferma <strong>Nere<\/strong> \u201cAlla luce dei risultati dello studio, possiamo aspettarci un forte impatto sulla vita delle comunit\u00e0, soprattutto perch\u00e9 gli obiettivi del progetto sono perfettamente in linea con le esigenze dei beneficiari\u201d.\u00a0<\/p>\r\n\r\n\r\n\r\n<p>La zona interessata \u00e8 difficile da coltivare se non si conoscono le tecniche adatte a quel tipo di terreno e se i produttori non sono ben organizzati tra loro. Oltre il 40% delle famiglie soffre per questo di insicurezza alimentare per quasi la met\u00e0 dell\u2019anno. Produce infatti riso in quantit\u00e0 ridotte e non sufficienti per il proprio fabbisogno.\u00a0<\/p>\r\n\r\n\r\n\r\n<p>Nere ci racconta che le comunit\u00e0 protagoniste del progetto ora stanno inserendo riso, cipolle e pomodori nelle loro abitudini alimentari e produttive e che <strong>pi\u00f9 dell\u201980% parla dei benefici che ne sono derivati a livello di salute.<\/strong><strong>\u00a0<\/strong><\/p>\r\n\r\n\r\n\r\n<p>\u201cIl progetto sta impattando sulla vita di queste comunit\u00e0 in molteplici modi\u201d spiega <strong>Nere<\/strong> \u201cHo registrato un miglioramento della produttivit\u00e0, in termini di quantit\u00e0 e qualit\u00e0, a seguito della formazione sulle tecniche agroecologiche e della fornitura di sementi migliorate. Inoltre oggi c\u2019\u00e8 una maggiore disponibilit\u00e0 di cipolle e pomodori durante tutto l\u2019anno grazie alla formazione sulla trasformazione seguita dalle donne\u201d.\u00a0<\/p>\r\n\r\n\r\n\r\n<p><strong>La maggior presenza di cibo sano nell\u2019area \u00e8 fondamentale soprattutto in questo periodo di forte insicurezza che rende difficili gli spostamenti verso le citt\u00e0, i mercati e riduce al minimo le importazioni per via dei numerosi furti ai convogli con le derrate alimentari.<\/strong><strong>\u00a0<\/strong><\/p>\r\n\r\n\r\n\r\n<p>\u201cDurante le interviste ho potuto constatare come stia migliorando la qualit\u00e0 della vita di queste persone grazie a una dieta sana e al reddito generato dalla vendita di parte della produzione. <strong>L\u2019autosufficienza alimentare ed economica \u00e8 molto importante per queste comunit\u00e0, che sono isolate a causa della crisi securitaria<\/strong>. In pi\u00f9, in molti hanno sottolineato quanto importante sia stato per loro creare dei gruppi di produttori riconosciuti formalmente. Questo ha permesso di <strong>ritrovare il legame sociale perduto<\/strong> e di sentirsi pi\u00f9 uniti in questi tempi difficili\u201d.\u00a0<\/p>\r\n\r\n\r\n\r\n<p>Nere ci ha raccontato che \u00e8 stato molto importante per lei sviluppare questo studio sul progetto. Lavorare sui dati, le statistiche e raccogliere le testimonianze dei suoi concittadini \u00e8 infatti il suo modo di contribuire allo sviluppo del Paese.\u00a0\u00a0<\/p>\r\n\r\n\r\n\r\n<p>\u201cQuesto progetto \u00e8 una leva per migliorare le condizioni di vita della popolazione. Ci\u00f2 che sar\u00e0 importante per amplificarne l\u2019impatto \u00e8 la creazione di <strong>una vera sinergia tra tutti gli attori,<\/strong> ponendo al centro la comunicazione\u201d conclude <strong>Nere.<\/strong><\/p>\r\n\r\n\r\n\r\n<figure class=\"wp-block-gallery has-nested-images columns-default is-cropped wp-block-gallery-1 is-layout-flex wp-block-gallery-is-layout-flex\">\r\n<figure class=\"wp-block-image size-large\"><img fetchpriority=\"high\" decoding=\"async\" width=\"743\" height=\"1024\" data-id=\"169646\" class=\"wp-image-169646\" src=\"https:\/\/manitese.it\/wp-content\/uploads\/2023\/03\/WhatsApp-Image-2023-02-13-at-10.29.3672-743x1024.jpeg\" alt=\"\" srcset=\"https:\/\/www.manitese.it\/wp-content\/uploads\/2023\/03\/WhatsApp-Image-2023-02-13-at-10.29.3672-743x1024.jpeg 743w, https:\/\/www.manitese.it\/wp-content\/uploads\/2023\/03\/WhatsApp-Image-2023-02-13-at-10.29.3672-600x827.jpeg 600w, https:\/\/www.manitese.it\/wp-content\/uploads\/2023\/03\/WhatsApp-Image-2023-02-13-at-10.29.3672-218x300.jpeg 218w, https:\/\/www.manitese.it\/wp-content\/uploads\/2023\/03\/WhatsApp-Image-2023-02-13-at-10.29.3672-768x1058.jpeg 768w, https:\/\/www.manitese.it\/wp-content\/uploads\/2023\/03\/WhatsApp-Image-2023-02-13-at-10.29.3672-400x551.jpeg 400w, https:\/\/www.manitese.it\/wp-content\/uploads\/2023\/03\/WhatsApp-Image-2023-02-13-at-10.29.3672.jpeg 784w\" sizes=\"(max-width: 743px) 100vw, 743px\" \/><\/figure>\r\n\r\n\r\n\r\n<figure class=\"wp-block-image size-large\"><img decoding=\"async\" data-id=\"169648\" class=\"wp-image-169648\" src=\"https:\/\/manitese.it\/wp-content\/uploads\/2023\/03\/20221025_102159-1024x576.jpg\" alt=\"\" \/><\/figure>\r\n\r\n\r\n\r\n<figure class=\"wp-block-image size-large\"><img decoding=\"async\" width=\"768\" height=\"1024\" data-id=\"169644\" class=\"wp-image-169644\" src=\"https:\/\/manitese.it\/wp-content\/uploads\/2023\/03\/0272-768x1024.jpeg\" alt=\"\" srcset=\"https:\/\/www.manitese.it\/wp-content\/uploads\/2023\/03\/0272-768x1024.jpeg 768w, https:\/\/www.manitese.it\/wp-content\/uploads\/2023\/03\/0272-600x800.jpeg 600w, https:\/\/www.manitese.it\/wp-content\/uploads\/2023\/03\/0272-225x300.jpeg 225w, https:\/\/www.manitese.it\/wp-content\/uploads\/2023\/03\/0272-400x533.jpeg 400w, https:\/\/www.manitese.it\/wp-content\/uploads\/2023\/03\/0272.jpeg 810w\" sizes=\"(max-width: 768px) 100vw, 768px\" \/><\/figure>\r\n<\/figure>\r\n","protected":false},"excerpt":{"rendered":"<p>In Burkina Faso si \u00e8 concluso il primo anno del progetto \u201cMiglioramento della sicurezza alimentare e promozione dello sviluppo rurale nel Boulgou\u201d: la valutazione di Neerbewendin Sawadogo che ci racconta il significato dei dati raccolti. <\/p>\n","protected":false},"author":1,"featured_media":169642,"comment_status":"open","ping_status":"open","sticky":false,"template":"","format":"standard","meta":{"_acf_changed":false,"give_campaign_id":0,"inline_featured_image":false,"_jetpack_memberships_contains_paid_content":false,"footnotes":""},"categories":[1],"tags":[39],"thematic_area":[918,905],"class_list":["post-169641","post","type-post","status-publish","format-standard","has-post-thumbnail","hentry","category-news","tag-burkina-faso-2","thematic_area-sistemi-e-filiere-agroalimentari-locali","thematic_area-accesso-universale-al-cibo-e-allacqua"],"acf":[],"yoast_head":"<!-- This site is optimized with the Yoast SEO plugin v27.5 - https:\/\/yoast.com\/product\/yoast-seo-wordpress\/ -->\n<title>Gli effetti del miglioramento della sicurezza alimentare in Burkina Faso - Mani Tese<\/title>\n<meta name=\"description\" content=\"In Burkina Faso si \u00e8 concluso il primo anno del progetto \u201cMiglioramento della sicurezza alimentare e promozione dello sviluppo rurale nel Boulgou\u201d: la valutazione di Neerbewendin Sawadogo che ci racconta il significato dei dati raccolti.\" \/>\n<meta name=\"robots\" content=\"index, follow, max-snippet:-1, max-image-preview:large, max-video-preview:-1\" \/>\n<link rel=\"canonical\" href=\"https:\/\/www.manitese.it\/en\/effetti-miglioramento-sicurezza-alimentare-in-burkina-faso\/\" \/>\n<meta property=\"og:locale\" content=\"en_US\" \/>\n<meta property=\"og:type\" content=\"article\" \/>\n<meta property=\"og:title\" content=\"Gli effetti del miglioramento della sicurezza alimentare in Burkina Faso - Mani Tese\" \/>\n<meta property=\"og:description\" content=\"In Burkina Faso si \u00e8 concluso il primo anno del progetto \u201cMiglioramento della sicurezza alimentare e promozione dello sviluppo rurale nel Boulgou\u201d: la valutazione di Neerbewendin Sawadogo che ci racconta il significato dei dati raccolti.\" \/>\n<meta property=\"og:url\" content=\"https:\/\/www.manitese.it\/en\/effetti-miglioramento-sicurezza-alimentare-in-burkina-faso\/\" \/>\n<meta property=\"og:site_name\" content=\"Mani Tese\" \/>\n<meta property=\"article:published_time\" content=\"2023-03-23T08:09:25+00:00\" \/>\n<meta property=\"article:modified_time\" content=\"2023-11-29T14:41:07+00:00\" \/>\n<meta property=\"og:image\" content=\"https:\/\/www.manitese.it\/wp-content\/uploads\/2023\/03\/Nere-header.jpg\" \/>\n\t<meta property=\"og:image:width\" content=\"1914\" \/>\n\t<meta property=\"og:image:height\" content=\"801\" \/>\n\t<meta property=\"og:image:type\" content=\"image\/jpeg\" \/>\n<meta name=\"author\" content=\"agevis\" \/>\n<meta name=\"twitter:card\" content=\"summary_large_image\" \/>\n<meta name=\"twitter:label1\" content=\"Written by\" \/>\n\t<meta name=\"twitter:data1\" content=\"agevis\" \/>\n\t<meta name=\"twitter:label2\" content=\"Est. reading time\" \/>\n\t<meta name=\"twitter:data2\" content=\"4 minutes\" \/>\n<script type=\"application\/ld+json\" class=\"yoast-schema-graph\">{\"@context\":\"https:\\\/\\\/schema.org\",\"@graph\":[{\"@type\":\"Article\",\"@id\":\"https:\\\/\\\/www.manitese.it\\\/en\\\/effetti-miglioramento-sicurezza-alimentare-in-burkina-faso\\\/#article\",\"isPartOf\":{\"@id\":\"https:\\\/\\\/www.manitese.it\\\/en\\\/effetti-miglioramento-sicurezza-alimentare-in-burkina-faso\\\/\"},\"author\":{\"name\":\"agevis\",\"@id\":\"https:\\\/\\\/www.manitese.it\\\/en\\\/#\\\/schema\\\/person\\\/5a9774f17e4940e2510bfeba90f04f65\"},\"headline\":\"Gli effetti del miglioramento della sicurezza alimentare in Burkina Faso\",\"datePublished\":\"2023-03-23T08:09:25+00:00\",\"dateModified\":\"2023-11-29T14:41:07+00:00\",\"mainEntityOfPage\":{\"@id\":\"https:\\\/\\\/www.manitese.it\\\/en\\\/effetti-miglioramento-sicurezza-alimentare-in-burkina-faso\\\/\"},\"wordCount\":565,\"commentCount\":0,\"image\":{\"@id\":\"https:\\\/\\\/www.manitese.it\\\/en\\\/effetti-miglioramento-sicurezza-alimentare-in-burkina-faso\\\/#primaryimage\"},\"thumbnailUrl\":\"https:\\\/\\\/www.manitese.it\\\/wp-content\\\/uploads\\\/2023\\\/03\\\/Nere-header.jpg\",\"keywords\":[\"burkina faso\"],\"articleSection\":[\"News\"],\"inLanguage\":\"en-US\",\"potentialAction\":[{\"@type\":\"CommentAction\",\"name\":\"Comment\",\"target\":[\"https:\\\/\\\/www.manitese.it\\\/en\\\/effetti-miglioramento-sicurezza-alimentare-in-burkina-faso\\\/#respond\"]}]},{\"@type\":\"WebPage\",\"@id\":\"https:\\\/\\\/www.manitese.it\\\/en\\\/effetti-miglioramento-sicurezza-alimentare-in-burkina-faso\\\/\",\"url\":\"https:\\\/\\\/www.manitese.it\\\/en\\\/effetti-miglioramento-sicurezza-alimentare-in-burkina-faso\\\/\",\"name\":\"Gli effetti del miglioramento della sicurezza alimentare in Burkina Faso - Mani Tese\",\"isPartOf\":{\"@id\":\"https:\\\/\\\/www.manitese.it\\\/en\\\/#website\"},\"primaryImageOfPage\":{\"@id\":\"https:\\\/\\\/www.manitese.it\\\/en\\\/effetti-miglioramento-sicurezza-alimentare-in-burkina-faso\\\/#primaryimage\"},\"image\":{\"@id\":\"https:\\\/\\\/www.manitese.it\\\/en\\\/effetti-miglioramento-sicurezza-alimentare-in-burkina-faso\\\/#primaryimage\"},\"thumbnailUrl\":\"https:\\\/\\\/www.manitese.it\\\/wp-content\\\/uploads\\\/2023\\\/03\\\/Nere-header.jpg\",\"datePublished\":\"2023-03-23T08:09:25+00:00\",\"dateModified\":\"2023-11-29T14:41:07+00:00\",\"author\":{\"@id\":\"https:\\\/\\\/www.manitese.it\\\/en\\\/#\\\/schema\\\/person\\\/5a9774f17e4940e2510bfeba90f04f65\"},\"description\":\"In Burkina Faso si \u00e8 concluso il primo anno del progetto \u201cMiglioramento della sicurezza alimentare e promozione dello sviluppo rurale nel Boulgou\u201d: la valutazione di Neerbewendin Sawadogo che ci racconta il significato dei dati raccolti.\",\"breadcrumb\":{\"@id\":\"https:\\\/\\\/www.manitese.it\\\/en\\\/effetti-miglioramento-sicurezza-alimentare-in-burkina-faso\\\/#breadcrumb\"},\"inLanguage\":\"en-US\",\"potentialAction\":[{\"@type\":\"ReadAction\",\"target\":[\"https:\\\/\\\/www.manitese.it\\\/en\\\/effetti-miglioramento-sicurezza-alimentare-in-burkina-faso\\\/\"]}]},{\"@type\":\"ImageObject\",\"inLanguage\":\"en-US\",\"@id\":\"https:\\\/\\\/www.manitese.it\\\/en\\\/effetti-miglioramento-sicurezza-alimentare-in-burkina-faso\\\/#primaryimage\",\"url\":\"https:\\\/\\\/www.manitese.it\\\/wp-content\\\/uploads\\\/2023\\\/03\\\/Nere-header.jpg\",\"contentUrl\":\"https:\\\/\\\/www.manitese.it\\\/wp-content\\\/uploads\\\/2023\\\/03\\\/Nere-header.jpg\",\"width\":1914,\"height\":801},{\"@type\":\"BreadcrumbList\",\"@id\":\"https:\\\/\\\/www.manitese.it\\\/en\\\/effetti-miglioramento-sicurezza-alimentare-in-burkina-faso\\\/#breadcrumb\",\"itemListElement\":[{\"@type\":\"ListItem\",\"position\":1,\"name\":\"Home\",\"item\":\"https:\\\/\\\/www.manitese.it\\\/en\\\/\"},{\"@type\":\"ListItem\",\"position\":2,\"name\":\"Gli effetti del miglioramento della sicurezza alimentare in Burkina Faso\"}]},{\"@type\":\"WebSite\",\"@id\":\"https:\\\/\\\/www.manitese.it\\\/en\\\/#website\",\"url\":\"https:\\\/\\\/www.manitese.it\\\/en\\\/\",\"name\":\"Mani Tese\",\"description\":\"\",\"potentialAction\":[{\"@type\":\"SearchAction\",\"target\":{\"@type\":\"EntryPoint\",\"urlTemplate\":\"https:\\\/\\\/www.manitese.it\\\/en\\\/?s={search_term_string}\"},\"query-input\":{\"@type\":\"PropertyValueSpecification\",\"valueRequired\":true,\"valueName\":\"search_term_string\"}}],\"inLanguage\":\"en-US\"},{\"@type\":\"Person\",\"@id\":\"https:\\\/\\\/www.manitese.it\\\/en\\\/#\\\/schema\\\/person\\\/5a9774f17e4940e2510bfeba90f04f65\",\"name\":\"agevis\",\"image\":{\"@type\":\"ImageObject\",\"inLanguage\":\"en-US\",\"@id\":\"https:\\\/\\\/secure.gravatar.com\\\/avatar\\\/2dc96c93fcf3387a5922a93b50fb3bff01d4800590fb6a4ab91a034adb25ba17?s=96&d=mm&r=g\",\"url\":\"https:\\\/\\\/secure.gravatar.com\\\/avatar\\\/2dc96c93fcf3387a5922a93b50fb3bff01d4800590fb6a4ab91a034adb25ba17?s=96&d=mm&r=g\",\"contentUrl\":\"https:\\\/\\\/secure.gravatar.com\\\/avatar\\\/2dc96c93fcf3387a5922a93b50fb3bff01d4800590fb6a4ab91a034adb25ba17?s=96&d=mm&r=g\",\"caption\":\"agevis\"},\"url\":\"https:\\\/\\\/www.manitese.it\\\/en\\\/author\\\/wp_agevis_admin\\\/\"}]}<\/script>\n<!-- \/ Yoast SEO plugin. -->","yoast_head_json":{"title":"Gli effetti del miglioramento della sicurezza alimentare in Burkina Faso - Mani Tese","description":"In Burkina Faso si \u00e8 concluso il primo anno del progetto \u201cMiglioramento della sicurezza alimentare e promozione dello sviluppo rurale nel Boulgou\u201d: la valutazione di Neerbewendin Sawadogo che ci racconta il significato dei dati raccolti.","robots":{"index":"index","follow":"follow","max-snippet":"max-snippet:-1","max-image-preview":"max-image-preview:large","max-video-preview":"max-video-preview:-1"},"canonical":"https:\/\/www.manitese.it\/en\/effetti-miglioramento-sicurezza-alimentare-in-burkina-faso\/","og_locale":"en_US","og_type":"article","og_title":"Gli effetti del miglioramento della sicurezza alimentare in Burkina Faso - Mani Tese","og_description":"In Burkina Faso si \u00e8 concluso il primo anno del progetto \u201cMiglioramento della sicurezza alimentare e promozione dello sviluppo rurale nel Boulgou\u201d: la valutazione di Neerbewendin Sawadogo che ci racconta il significato dei dati raccolti.","og_url":"https:\/\/www.manitese.it\/en\/effetti-miglioramento-sicurezza-alimentare-in-burkina-faso\/","og_site_name":"Mani Tese","article_published_time":"2023-03-23T08:09:25+00:00","article_modified_time":"2023-11-29T14:41:07+00:00","og_image":[{"width":1914,"height":801,"url":"https:\/\/www.manitese.it\/wp-content\/uploads\/2023\/03\/Nere-header.jpg","type":"image\/jpeg"}],"author":"agevis","twitter_card":"summary_large_image","twitter_misc":{"Written by":"agevis","Est. reading time":"4 minutes"},"schema":{"@context":"https:\/\/schema.org","@graph":[{"@type":"Article","@id":"https:\/\/www.manitese.it\/en\/effetti-miglioramento-sicurezza-alimentare-in-burkina-faso\/#article","isPartOf":{"@id":"https:\/\/www.manitese.it\/en\/effetti-miglioramento-sicurezza-alimentare-in-burkina-faso\/"},"author":{"name":"agevis","@id":"https:\/\/www.manitese.it\/en\/#\/schema\/person\/5a9774f17e4940e2510bfeba90f04f65"},"headline":"Gli effetti del miglioramento della sicurezza alimentare in Burkina Faso","datePublished":"2023-03-23T08:09:25+00:00","dateModified":"2023-11-29T14:41:07+00:00","mainEntityOfPage":{"@id":"https:\/\/www.manitese.it\/en\/effetti-miglioramento-sicurezza-alimentare-in-burkina-faso\/"},"wordCount":565,"commentCount":0,"image":{"@id":"https:\/\/www.manitese.it\/en\/effetti-miglioramento-sicurezza-alimentare-in-burkina-faso\/#primaryimage"},"thumbnailUrl":"https:\/\/www.manitese.it\/wp-content\/uploads\/2023\/03\/Nere-header.jpg","keywords":["burkina faso"],"articleSection":["News"],"inLanguage":"en-US","potentialAction":[{"@type":"CommentAction","name":"Comment","target":["https:\/\/www.manitese.it\/en\/effetti-miglioramento-sicurezza-alimentare-in-burkina-faso\/#respond"]}]},{"@type":"WebPage","@id":"https:\/\/www.manitese.it\/en\/effetti-miglioramento-sicurezza-alimentare-in-burkina-faso\/","url":"https:\/\/www.manitese.it\/en\/effetti-miglioramento-sicurezza-alimentare-in-burkina-faso\/","name":"Gli effetti del miglioramento della sicurezza alimentare in Burkina Faso - Mani Tese","isPartOf":{"@id":"https:\/\/www.manitese.it\/en\/#website"},"primaryImageOfPage":{"@id":"https:\/\/www.manitese.it\/en\/effetti-miglioramento-sicurezza-alimentare-in-burkina-faso\/#primaryimage"},"image":{"@id":"https:\/\/www.manitese.it\/en\/effetti-miglioramento-sicurezza-alimentare-in-burkina-faso\/#primaryimage"},"thumbnailUrl":"https:\/\/www.manitese.it\/wp-content\/uploads\/2023\/03\/Nere-header.jpg","datePublished":"2023-03-23T08:09:25+00:00","dateModified":"2023-11-29T14:41:07+00:00","author":{"@id":"https:\/\/www.manitese.it\/en\/#\/schema\/person\/5a9774f17e4940e2510bfeba90f04f65"},"description":"In Burkina Faso si \u00e8 concluso il primo anno del progetto \u201cMiglioramento della sicurezza alimentare e promozione dello sviluppo rurale nel Boulgou\u201d: la valutazione di Neerbewendin Sawadogo che ci racconta il significato dei dati raccolti.","breadcrumb":{"@id":"https:\/\/www.manitese.it\/en\/effetti-miglioramento-sicurezza-alimentare-in-burkina-faso\/#breadcrumb"},"inLanguage":"en-US","potentialAction":[{"@type":"ReadAction","target":["https:\/\/www.manitese.it\/en\/effetti-miglioramento-sicurezza-alimentare-in-burkina-faso\/"]}]},{"@type":"ImageObject","inLanguage":"en-US","@id":"https:\/\/www.manitese.it\/en\/effetti-miglioramento-sicurezza-alimentare-in-burkina-faso\/#primaryimage","url":"https:\/\/www.manitese.it\/wp-content\/uploads\/2023\/03\/Nere-header.jpg","contentUrl":"https:\/\/www.manitese.it\/wp-content\/uploads\/2023\/03\/Nere-header.jpg","width":1914,"height":801},{"@type":"BreadcrumbList","@id":"https:\/\/www.manitese.it\/en\/effetti-miglioramento-sicurezza-alimentare-in-burkina-faso\/#breadcrumb","itemListElement":[{"@type":"ListItem","position":1,"name":"Home","item":"https:\/\/www.manitese.it\/en\/"},{"@type":"ListItem","position":2,"name":"Gli effetti del miglioramento della sicurezza alimentare in Burkina Faso"}]},{"@type":"WebSite","@id":"https:\/\/www.manitese.it\/en\/#website","url":"https:\/\/www.manitese.it\/en\/","name":"Mani Tese","description":"","potentialAction":[{"@type":"SearchAction","target":{"@type":"EntryPoint","urlTemplate":"https:\/\/www.manitese.it\/en\/?s={search_term_string}"},"query-input":{"@type":"PropertyValueSpecification","valueRequired":true,"valueName":"search_term_string"}}],"inLanguage":"en-US"},{"@type":"Person","@id":"https:\/\/www.manitese.it\/en\/#\/schema\/person\/5a9774f17e4940e2510bfeba90f04f65","name":"agevis","image":{"@type":"ImageObject","inLanguage":"en-US","@id":"https:\/\/secure.gravatar.com\/avatar\/2dc96c93fcf3387a5922a93b50fb3bff01d4800590fb6a4ab91a034adb25ba17?s=96&d=mm&r=g","url":"https:\/\/secure.gravatar.com\/avatar\/2dc96c93fcf3387a5922a93b50fb3bff01d4800590fb6a4ab91a034adb25ba17?s=96&d=mm&r=g","contentUrl":"https:\/\/secure.gravatar.com\/avatar\/2dc96c93fcf3387a5922a93b50fb3bff01d4800590fb6a4ab91a034adb25ba17?s=96&d=mm&r=g","caption":"agevis"},"url":"https:\/\/www.manitese.it\/en\/author\/wp_agevis_admin\/"}]}},"jetpack_featured_media_url":"https:\/\/www.manitese.it\/wp-content\/uploads\/2023\/03\/Nere-header.jpg","jetpack_sharing_enabled":true,"_links":{"self":[{"href":"https:\/\/www.manitese.it\/en\/wp-json\/wp\/v2\/posts\/169641","targetHints":{"allow":["GET"]}}],"collection":[{"href":"https:\/\/www.manitese.it\/en\/wp-json\/wp\/v2\/posts"}],"about":[{"href":"https:\/\/www.manitese.it\/en\/wp-json\/wp\/v2\/types\/post"}],"author":[{"embeddable":true,"href":"https:\/\/www.manitese.it\/en\/wp-json\/wp\/v2\/users\/1"}],"replies":[{"embeddable":true,"href":"https:\/\/www.manitese.it\/en\/wp-json\/wp\/v2\/comments?post=169641"}],"version-history":[{"count":3,"href":"https:\/\/www.manitese.it\/en\/wp-json\/wp\/v2\/posts\/169641\/revisions"}],"predecessor-version":[{"id":191601,"href":"https:\/\/www.manitese.it\/en\/wp-json\/wp\/v2\/posts\/169641\/revisions\/191601"}],"wp:featuredmedia":[{"embeddable":true,"href":"https:\/\/www.manitese.it\/en\/wp-json\/wp\/v2\/media\/169642"}],"wp:attachment":[{"href":"https:\/\/www.manitese.it\/en\/wp-json\/wp\/v2\/media?parent=169641"}],"wp:term":[{"taxonomy":"category","embeddable":true,"href":"https:\/\/www.manitese.it\/en\/wp-json\/wp\/v2\/categories?post=169641"},{"taxonomy":"post_tag","embeddable":true,"href":"https:\/\/www.manitese.it\/en\/wp-json\/wp\/v2\/tags?post=169641"},{"taxonomy":"thematic_area","embeddable":true,"href":"https:\/\/www.manitese.it\/en\/wp-json\/wp\/v2\/thematic_area?post=169641"}],"curies":[{"name":"wp","href":"https:\/\/api.w.org\/{rel}","templated":true}]}}