{"id":169601,"date":"2023-03-06T09:34:39","date_gmt":"2023-03-06T08:34:39","guid":{"rendered":"https:\/\/manitese.it\/?p=169601"},"modified":"2023-11-30T11:52:38","modified_gmt":"2023-11-30T10:52:38","slug":"coltivare-pace-in-burkina-faso","status":"publish","type":"post","link":"https:\/\/www.manitese.it\/en\/coltivare-pace-in-burkina-faso\/","title":{"rendered":"Coltivare la pace in Burkina Faso"},"content":{"rendered":"\r\n<p>Il 15 ottobre 2015 a Milano viene siglato il <strong>Milan Urban Food Policy Pact<\/strong> da pi\u00f9 di 100 citt\u00e0 nel mondo e, in occasione del World Food Day, viene presentato dal Segretario Generale delle Nazioni Unite Ban Ki-moon. Dal 2016, nell\u2019ambito di questo patto, \u00e8 stato avviato un <strong>forum regionale sulle politiche alimentari cittadine per l\u2019Africa<\/strong> francofona e nel 2021 il forum si \u00e8 svolto proprio a Ouagadougou, in Burkina Faso.<\/p>\r\n\r\n\r\n\r\n<p>La capitale del Paese gi\u00e0 negli anni \u201860 aveva cominciato a parlare di politiche alimentari e nel 1976 aveva iniziato i lavori per sviluppare <strong>una cintura che avrebbe circondato la citt\u00e0 come un vero e proprio polmone verde. <\/strong>L\u2019obiettivo era ristorare 2.100 ettari per conservare la biodiversit\u00e0, fornire prodotti forestali a scopo alimentare, proteggere la citt\u00e0 dal vento, dalla polvere e dall\u2019erosione del suolo.<\/p>\r\n\r\n\r\n\r\n<p>Purtroppo, per\u00f2, i lavori si sono interrotti nel 1990 e, da allora, la cintura verde di Ouagadougou \u00e8 rimasta un\u2019opera pubblica realizzata a met\u00e0, con solo 1032 ettari coltivati. <strong>La sottoscrizione del Milan Urban Food Policy Pact da parte del Comune di Ouagadougou ha per\u00f2 segnato l\u2019inizio di un nuovo periodo di lavori per la riabilitazione della cintura con l\u2019obiettivo di garantire la sostenibilit\u00e0 alimentare a una citt\u00e0 nel pieno di un\u2019esplosione demografica.<\/strong><\/p>\r\n\r\n\r\n\r\n<p>Bintou e Roland sono arrivati nella sede di Mani Tese a Ouagadougou dalla regione del Nord dopo un lungo viaggio compiuto insieme ad altre quattro persone per raccontare al nostro staff la loro esperienza a conclusione del progetto <a href=\"https:\/\/manitese.it\/progetto\/semina-superare-emergenza-incentivando-agricoltura\" target=\"_blank\" rel=\"noreferrer noopener\"><strong>SEmInA \u2013 Superare l\u2019emergenza incentivando l\u2019agricoltura<\/strong><\/a> e per parlare della situazione del loro territorio. \u00c8 la prima volta che i protagonisti di un progetto di emergenza in zone di difficile accesso umanitario e con i quali siamo stati costantemente in contatto per quasi due anni, riescono a raggiungerci in capitale.<\/p>\r\n\r\n\r\n\r\n<p>Finanziato dall\u2019<strong>Agenzia Italiana per la Cooperazione allo Sviluppo<\/strong>, il progetto <strong>SEmInA<\/strong> ha supportato le comunit\u00e0 di Bintou e Roland nello sviluppo di <strong>orti famigliari agroecologici, <\/strong>che hanno aiutato a superare l\u2019insicurezza alimentare delle comunit\u00e0 in un contesto di forte emergenza.<\/p>\r\n\r\n\r\n\r\n<p>I comuni di Nodin e Yalka, da cui provengono Bintou e Roland, si trovano nella provincia di Yatenga, dipartimento di Ouahigouya. Si tratta <strong>di zone molto colpite dagli attacchi terroristici, con un elevatissimo numero di sfollati interni.<\/strong> Nel solo mese di dicembre 2022, infatti, secondo i dati di UNHCR, la Regione del Nord contava 21.996 persone sfollate.<\/p>\r\n\r\n\r\n\r\n<p>In Burkina Faso<a id=\"_ftnref1\" href=\"#_ftn1\">[1]<\/a> la vita delle famiglie che vivono in situazioni precarie ruota spesso intorno alle attivit\u00e0 di estrazione mineraria.<\/p>\r\n\r\n\r\n\r\n<p>\u201cPrima del progetto <strong>SEmInA<\/strong> molte famiglie si dedicavano alla ricerca dell\u2019oro nelle miniere, soprattutto dopo che lo stato d\u2019insicurezza era aumentato, spesso utilizzando tecniche artigianali dannose per la salute e l\u2019ambiente\u201d racconta Roland.<\/p>\r\n\r\n\r\n\r\n<p class=\"has-black-color has-text-color\">\u201cNella provincia di Yatenga &#8211; spiega Bintou, <a href=\"https:\/\/manitese.it\/bintou-una-mamma-coraggiosa-in-burkina-faso\" target=\"_blank\" rel=\"noreferrer noopener\">una destinataria del progetto di cui avevamo gi\u00e0 parlato<\/a> &#8211; diverse famiglie si dedicano alla ricerca dell\u2019oro per provare a garantire un futuro migliore ai propri figli. Altre si dedicano all\u2019agricoltura ma usano molti fertilizzanti. Grazie alle formazioni di Mani Tese, per\u00f2, oggi abbiamo capito l\u2019importanza di utilizzare le tecniche agroecologiche e, con gli strumenti forniti, abbiamo iniziato a lavorare la terra in modo pi\u00f9 sano\u201d.<\/p>\r\n\r\n\r\n\r\n<p>Il progetto <strong>SEmInA<\/strong> ha infatti incentivato la produzione di miglio, ortaggi e la trasformazione di alcuni prodotti, la cui vendita ha aumentato il reddito famigliare. Nel corso del progetto i gruppi di famiglie coinvolti hanno ricevuto degli utensili per il lavoro agricolo, hanno partecipato alla costruzione di pozzi per irrigare i propri terreni e oggi possono usufruire anche di due centri di trasformazione per i propri prodotti.<\/p>\r\n\r\n\r\n\r\n<p>Mani Tese \u00e8 anche intervenuta in situazioni di emergenza fornendo assistenza alimentare ed economica a 120 famiglie vulnerabili.<\/p>\r\n\r\n\r\n\r\n<p>\u201c<strong>Poter produrre il nostro cibo in modo sano ci permette di dar da mangiare alla famiglia senza dover andare a cercare l\u2019oro e senza dover uscire dal villaggio, rischiando di incontrare milizie armate, o senza dover aspettare il cibo importato<\/strong>\u201d afferma Roland.<\/p>\r\n\r\n\r\n\r\n<p>La condivisione degli utensili per coltivare e la creazione di gruppi di gestione delle risorse comuni ha inoltre rinsaldato il legame tra le famiglie che, per via della paura, rischiava di rompersi. \u201cDopo le formazioni abbiamo fatto vedere quello che abbiamo imparato ai nostri vicini, e <strong>grazie al progetto, abbiamo riacquistato un po\u2019 pi\u00f9 di fiducia verso gli altri<\/strong>\u201d conclude Bintou \u201c<strong>Ora coltiviamo insieme, produciamo il nostro cibo e ci sentiamo un po\u2019 pi\u00f9 al sicuro, nonostante tutto<\/strong>\u201d.<\/p>\r\n\r\n\r\n\r\n<p>Il problema pi\u00f9 grande in queste comunit\u00e0, come ci ha raccontato Bintou, \u00e8 infatti proprio la mancanza di fiducia. Le persone non si fidano pi\u00f9 le une delle altre. Inoltre le scuole, come ha spiegato Roland, sono chiuse in molti villaggi e i ragazzi sono in giro senza poter studiare.<\/p>\r\n\r\n\r\n\r\n<p>In un contesto del genere coltivare insieme diventa quindi uno strumento non solo per garantire cibo ma anche per costruire la pace.<\/p>\r\n\r\n\r\n<hr class=\"wp-block-separator has-alpha-channel-opacity\" \/>\r\n\r\n\r\n<p><a id=\"_ftn1\" href=\"#_ftnref1\">[1]<\/a> Drechesel F., Engels B., Sch\u00e4fer M., \u00abLes mines nous rendent pauvres \u00bb : L&#8217;exploitation mini\u00e8re industrielle au Burkina Faso, GLOCON Contry Report n\u00b02, dicembre 2018, p. 5.<\/p>\r\n\r\n\r\n\r\n<figure class=\"wp-block-gallery has-nested-images columns-default is-cropped wp-block-gallery-1 is-layout-flex wp-block-gallery-is-layout-flex\">\r\n<figure class=\"wp-block-image size-large\"><img decoding=\"async\" data-id=\"169619\" class=\"wp-image-169619\" src=\"https:\/\/manitese.it\/wp-content\/uploads\/2023\/03\/A1.6_2372-1024x768.jpg\" alt=\"\" \/><\/figure>\r\n\r\n\r\n\r\n<figure class=\"wp-block-image size-large\"><img fetchpriority=\"high\" decoding=\"async\" width=\"1024\" height=\"575\" data-id=\"169621\" class=\"wp-image-169621\" src=\"https:\/\/manitese.it\/wp-content\/uploads\/2023\/03\/IMG_20221213_13063472rid-1024x575.jpg\" alt=\"\" srcset=\"https:\/\/www.manitese.it\/wp-content\/uploads\/2023\/03\/IMG_20221213_13063472rid-1024x575.jpg 1024w, https:\/\/www.manitese.it\/wp-content\/uploads\/2023\/03\/IMG_20221213_13063472rid-600x337.jpg 600w, https:\/\/www.manitese.it\/wp-content\/uploads\/2023\/03\/IMG_20221213_13063472rid-300x169.jpg 300w, https:\/\/www.manitese.it\/wp-content\/uploads\/2023\/03\/IMG_20221213_13063472rid-768x432.jpg 768w, https:\/\/www.manitese.it\/wp-content\/uploads\/2023\/03\/IMG_20221213_13063472rid-400x225.jpg 400w, https:\/\/www.manitese.it\/wp-content\/uploads\/2023\/03\/IMG_20221213_13063472rid.jpg 1500w\" sizes=\"(max-width: 1024px) 100vw, 1024px\" \/><\/figure>\r\n\r\n\r\n\r\n<figure class=\"wp-block-image size-large\"><img decoding=\"async\" data-id=\"169617\" class=\"wp-image-169617\" src=\"https:\/\/manitese.it\/wp-content\/uploads\/2023\/03\/A1.7_1372-1024x768.jpg\" alt=\"\" \/><\/figure>\r\n\r\n\r\n\r\n<figure class=\"wp-block-image size-large\"><img decoding=\"async\" data-id=\"169627\" class=\"wp-image-169627\" src=\"https:\/\/manitese.it\/wp-content\/uploads\/2023\/03\/A1.7_1372-1-1024x768.jpg\" alt=\"\" \/><\/figure>\r\n\r\n\r\n\r\n<figure class=\"wp-block-image size-large\"><img decoding=\"async\" width=\"1024\" height=\"768\" data-id=\"169625\" class=\"wp-image-169625\" src=\"https:\/\/manitese.it\/wp-content\/uploads\/2023\/03\/1172-1024x768.jpeg\" alt=\"\" srcset=\"https:\/\/www.manitese.it\/wp-content\/uploads\/2023\/03\/1172-1024x768.jpeg 1024w, https:\/\/www.manitese.it\/wp-content\/uploads\/2023\/03\/1172-600x450.jpeg 600w, https:\/\/www.manitese.it\/wp-content\/uploads\/2023\/03\/1172-300x225.jpeg 300w, https:\/\/www.manitese.it\/wp-content\/uploads\/2023\/03\/1172-768x576.jpeg 768w, https:\/\/www.manitese.it\/wp-content\/uploads\/2023\/03\/1172-400x300.jpeg 400w, https:\/\/www.manitese.it\/wp-content\/uploads\/2023\/03\/1172.jpeg 1040w\" sizes=\"(max-width: 1024px) 100vw, 1024px\" \/><\/figure>\r\n\r\n\r\n\r\n<figure class=\"wp-block-image size-large\"><img decoding=\"async\" width=\"1024\" height=\"461\" data-id=\"169623\" class=\"wp-image-169623\" src=\"https:\/\/manitese.it\/wp-content\/uploads\/2023\/03\/A1.6_2272-1024x461.jpg\" alt=\"\" srcset=\"https:\/\/www.manitese.it\/wp-content\/uploads\/2023\/03\/A1.6_2272-1024x461.jpg 1024w, https:\/\/www.manitese.it\/wp-content\/uploads\/2023\/03\/A1.6_2272-600x270.jpg 600w, https:\/\/www.manitese.it\/wp-content\/uploads\/2023\/03\/A1.6_2272-300x135.jpg 300w, https:\/\/www.manitese.it\/wp-content\/uploads\/2023\/03\/A1.6_2272-768x346.jpg 768w, https:\/\/www.manitese.it\/wp-content\/uploads\/2023\/03\/A1.6_2272-400x180.jpg 400w, https:\/\/www.manitese.it\/wp-content\/uploads\/2023\/03\/A1.6_2272.jpg 1080w\" sizes=\"(max-width: 1024px) 100vw, 1024px\" \/><\/figure>\r\n<\/figure>\r\n","protected":false},"excerpt":{"rendered":"<p>Il progetto SEmInA ha aiutato le famiglie del Nord ad affrontare la povert\u00e0 e il terrorismo attraverso l\u2019agroecologia. Le parole delle famiglie destinatarie del progetto che sono venute a trovarci nella nostra sede di Ouagadougou.<\/p>\n","protected":false},"author":1,"featured_media":169605,"comment_status":"open","ping_status":"open","sticky":false,"template":"","format":"standard","meta":{"_acf_changed":false,"give_campaign_id":0,"inline_featured_image":false,"_jetpack_memberships_contains_paid_content":false,"footnotes":""},"categories":[1],"tags":[39],"thematic_area":[905],"class_list":["post-169601","post","type-post","status-publish","format-standard","has-post-thumbnail","hentry","category-news","tag-burkina-faso-2","thematic_area-accesso-universale-al-cibo-e-allacqua"],"acf":[],"yoast_head":"<!-- This site is optimized with the Yoast SEO plugin v27.5 - https:\/\/yoast.com\/product\/yoast-seo-wordpress\/ -->\n<title>Coltivare la pace in Burkina Faso - Mani Tese<\/title>\n<meta name=\"description\" content=\"Il progetto SEmInA ha aiutato le famiglie del Nord ad affrontare la povert\u00e0 e il terrorismo attraverso l\u2019agroecologia. Le parole delle famiglie destinatarie del progetto che sono venute a trovarci nella nostra sede di Ouagadougou.\" \/>\n<meta name=\"robots\" content=\"index, follow, max-snippet:-1, max-image-preview:large, max-video-preview:-1\" \/>\n<link rel=\"canonical\" href=\"https:\/\/www.manitese.it\/en\/coltivare-pace-in-burkina-faso\/\" \/>\n<meta property=\"og:locale\" content=\"en_US\" \/>\n<meta property=\"og:type\" content=\"article\" \/>\n<meta property=\"og:title\" content=\"Coltivare la pace in Burkina Faso - Mani Tese\" \/>\n<meta property=\"og:description\" content=\"Il progetto SEmInA ha aiutato le famiglie del Nord ad affrontare la povert\u00e0 e il terrorismo attraverso l\u2019agroecologia. Le parole delle famiglie destinatarie del progetto che sono venute a trovarci nella nostra sede di Ouagadougou.\" \/>\n<meta property=\"og:url\" content=\"https:\/\/www.manitese.it\/en\/coltivare-pace-in-burkina-faso\/\" \/>\n<meta property=\"og:site_name\" content=\"Mani Tese\" \/>\n<meta property=\"article:published_time\" content=\"2023-03-06T08:34:39+00:00\" \/>\n<meta property=\"article:modified_time\" content=\"2023-11-30T10:52:38+00:00\" \/>\n<meta property=\"og:image\" content=\"https:\/\/www.manitese.it\/wp-content\/uploads\/2023\/03\/header-burkina-faso-news.jpg\" \/>\n\t<meta property=\"og:image:width\" content=\"1919\" \/>\n\t<meta property=\"og:image:height\" content=\"805\" \/>\n\t<meta property=\"og:image:type\" content=\"image\/jpeg\" \/>\n<meta name=\"author\" content=\"agevis\" \/>\n<meta name=\"twitter:card\" content=\"summary_large_image\" \/>\n<meta name=\"twitter:label1\" content=\"Written by\" \/>\n\t<meta name=\"twitter:data1\" content=\"agevis\" \/>\n\t<meta name=\"twitter:label2\" content=\"Est. reading time\" \/>\n\t<meta name=\"twitter:data2\" content=\"5 minutes\" \/>\n<script type=\"application\/ld+json\" class=\"yoast-schema-graph\">{\"@context\":\"https:\\\/\\\/schema.org\",\"@graph\":[{\"@type\":\"Article\",\"@id\":\"https:\\\/\\\/www.manitese.it\\\/en\\\/coltivare-pace-in-burkina-faso\\\/#article\",\"isPartOf\":{\"@id\":\"https:\\\/\\\/www.manitese.it\\\/en\\\/coltivare-pace-in-burkina-faso\\\/\"},\"author\":{\"name\":\"agevis\",\"@id\":\"https:\\\/\\\/www.manitese.it\\\/en\\\/#\\\/schema\\\/person\\\/5a9774f17e4940e2510bfeba90f04f65\"},\"headline\":\"Coltivare la pace in Burkina Faso\",\"datePublished\":\"2023-03-06T08:34:39+00:00\",\"dateModified\":\"2023-11-30T10:52:38+00:00\",\"mainEntityOfPage\":{\"@id\":\"https:\\\/\\\/www.manitese.it\\\/en\\\/coltivare-pace-in-burkina-faso\\\/\"},\"wordCount\":827,\"commentCount\":0,\"image\":{\"@id\":\"https:\\\/\\\/www.manitese.it\\\/en\\\/coltivare-pace-in-burkina-faso\\\/#primaryimage\"},\"thumbnailUrl\":\"https:\\\/\\\/www.manitese.it\\\/wp-content\\\/uploads\\\/2023\\\/03\\\/header-burkina-faso-news.jpg\",\"keywords\":[\"burkina faso\"],\"articleSection\":[\"News\"],\"inLanguage\":\"en-US\",\"potentialAction\":[{\"@type\":\"CommentAction\",\"name\":\"Comment\",\"target\":[\"https:\\\/\\\/www.manitese.it\\\/en\\\/coltivare-pace-in-burkina-faso\\\/#respond\"]}]},{\"@type\":\"WebPage\",\"@id\":\"https:\\\/\\\/www.manitese.it\\\/en\\\/coltivare-pace-in-burkina-faso\\\/\",\"url\":\"https:\\\/\\\/www.manitese.it\\\/en\\\/coltivare-pace-in-burkina-faso\\\/\",\"name\":\"Coltivare la pace in Burkina Faso - Mani Tese\",\"isPartOf\":{\"@id\":\"https:\\\/\\\/www.manitese.it\\\/en\\\/#website\"},\"primaryImageOfPage\":{\"@id\":\"https:\\\/\\\/www.manitese.it\\\/en\\\/coltivare-pace-in-burkina-faso\\\/#primaryimage\"},\"image\":{\"@id\":\"https:\\\/\\\/www.manitese.it\\\/en\\\/coltivare-pace-in-burkina-faso\\\/#primaryimage\"},\"thumbnailUrl\":\"https:\\\/\\\/www.manitese.it\\\/wp-content\\\/uploads\\\/2023\\\/03\\\/header-burkina-faso-news.jpg\",\"datePublished\":\"2023-03-06T08:34:39+00:00\",\"dateModified\":\"2023-11-30T10:52:38+00:00\",\"author\":{\"@id\":\"https:\\\/\\\/www.manitese.it\\\/en\\\/#\\\/schema\\\/person\\\/5a9774f17e4940e2510bfeba90f04f65\"},\"description\":\"Il progetto SEmInA ha aiutato le famiglie del Nord ad affrontare la povert\u00e0 e il terrorismo attraverso l\u2019agroecologia. Le parole delle famiglie destinatarie del progetto che sono venute a trovarci nella nostra sede di Ouagadougou.\",\"breadcrumb\":{\"@id\":\"https:\\\/\\\/www.manitese.it\\\/en\\\/coltivare-pace-in-burkina-faso\\\/#breadcrumb\"},\"inLanguage\":\"en-US\",\"potentialAction\":[{\"@type\":\"ReadAction\",\"target\":[\"https:\\\/\\\/www.manitese.it\\\/en\\\/coltivare-pace-in-burkina-faso\\\/\"]}]},{\"@type\":\"ImageObject\",\"inLanguage\":\"en-US\",\"@id\":\"https:\\\/\\\/www.manitese.it\\\/en\\\/coltivare-pace-in-burkina-faso\\\/#primaryimage\",\"url\":\"https:\\\/\\\/www.manitese.it\\\/wp-content\\\/uploads\\\/2023\\\/03\\\/header-burkina-faso-news.jpg\",\"contentUrl\":\"https:\\\/\\\/www.manitese.it\\\/wp-content\\\/uploads\\\/2023\\\/03\\\/header-burkina-faso-news.jpg\",\"width\":1919,\"height\":805,\"caption\":\"COLTIVARE LA PACE IN BURKINA FASO\"},{\"@type\":\"BreadcrumbList\",\"@id\":\"https:\\\/\\\/www.manitese.it\\\/en\\\/coltivare-pace-in-burkina-faso\\\/#breadcrumb\",\"itemListElement\":[{\"@type\":\"ListItem\",\"position\":1,\"name\":\"Home\",\"item\":\"https:\\\/\\\/www.manitese.it\\\/en\\\/\"},{\"@type\":\"ListItem\",\"position\":2,\"name\":\"Coltivare la pace in Burkina Faso\"}]},{\"@type\":\"WebSite\",\"@id\":\"https:\\\/\\\/www.manitese.it\\\/en\\\/#website\",\"url\":\"https:\\\/\\\/www.manitese.it\\\/en\\\/\",\"name\":\"Mani Tese\",\"description\":\"\",\"potentialAction\":[{\"@type\":\"SearchAction\",\"target\":{\"@type\":\"EntryPoint\",\"urlTemplate\":\"https:\\\/\\\/www.manitese.it\\\/en\\\/?s={search_term_string}\"},\"query-input\":{\"@type\":\"PropertyValueSpecification\",\"valueRequired\":true,\"valueName\":\"search_term_string\"}}],\"inLanguage\":\"en-US\"},{\"@type\":\"Person\",\"@id\":\"https:\\\/\\\/www.manitese.it\\\/en\\\/#\\\/schema\\\/person\\\/5a9774f17e4940e2510bfeba90f04f65\",\"name\":\"agevis\",\"image\":{\"@type\":\"ImageObject\",\"inLanguage\":\"en-US\",\"@id\":\"https:\\\/\\\/secure.gravatar.com\\\/avatar\\\/2dc96c93fcf3387a5922a93b50fb3bff01d4800590fb6a4ab91a034adb25ba17?s=96&d=mm&r=g\",\"url\":\"https:\\\/\\\/secure.gravatar.com\\\/avatar\\\/2dc96c93fcf3387a5922a93b50fb3bff01d4800590fb6a4ab91a034adb25ba17?s=96&d=mm&r=g\",\"contentUrl\":\"https:\\\/\\\/secure.gravatar.com\\\/avatar\\\/2dc96c93fcf3387a5922a93b50fb3bff01d4800590fb6a4ab91a034adb25ba17?s=96&d=mm&r=g\",\"caption\":\"agevis\"},\"url\":\"https:\\\/\\\/www.manitese.it\\\/en\\\/author\\\/wp_agevis_admin\\\/\"}]}<\/script>\n<!-- \/ Yoast SEO plugin. -->","yoast_head_json":{"title":"Coltivare la pace in Burkina Faso - Mani Tese","description":"Il progetto SEmInA ha aiutato le famiglie del Nord ad affrontare la povert\u00e0 e il terrorismo attraverso l\u2019agroecologia. Le parole delle famiglie destinatarie del progetto che sono venute a trovarci nella nostra sede di Ouagadougou.","robots":{"index":"index","follow":"follow","max-snippet":"max-snippet:-1","max-image-preview":"max-image-preview:large","max-video-preview":"max-video-preview:-1"},"canonical":"https:\/\/www.manitese.it\/en\/coltivare-pace-in-burkina-faso\/","og_locale":"en_US","og_type":"article","og_title":"Coltivare la pace in Burkina Faso - Mani Tese","og_description":"Il progetto SEmInA ha aiutato le famiglie del Nord ad affrontare la povert\u00e0 e il terrorismo attraverso l\u2019agroecologia. Le parole delle famiglie destinatarie del progetto che sono venute a trovarci nella nostra sede di Ouagadougou.","og_url":"https:\/\/www.manitese.it\/en\/coltivare-pace-in-burkina-faso\/","og_site_name":"Mani Tese","article_published_time":"2023-03-06T08:34:39+00:00","article_modified_time":"2023-11-30T10:52:38+00:00","og_image":[{"width":1919,"height":805,"url":"https:\/\/www.manitese.it\/wp-content\/uploads\/2023\/03\/header-burkina-faso-news.jpg","type":"image\/jpeg"}],"author":"agevis","twitter_card":"summary_large_image","twitter_misc":{"Written by":"agevis","Est. reading time":"5 minutes"},"schema":{"@context":"https:\/\/schema.org","@graph":[{"@type":"Article","@id":"https:\/\/www.manitese.it\/en\/coltivare-pace-in-burkina-faso\/#article","isPartOf":{"@id":"https:\/\/www.manitese.it\/en\/coltivare-pace-in-burkina-faso\/"},"author":{"name":"agevis","@id":"https:\/\/www.manitese.it\/en\/#\/schema\/person\/5a9774f17e4940e2510bfeba90f04f65"},"headline":"Coltivare la pace in Burkina Faso","datePublished":"2023-03-06T08:34:39+00:00","dateModified":"2023-11-30T10:52:38+00:00","mainEntityOfPage":{"@id":"https:\/\/www.manitese.it\/en\/coltivare-pace-in-burkina-faso\/"},"wordCount":827,"commentCount":0,"image":{"@id":"https:\/\/www.manitese.it\/en\/coltivare-pace-in-burkina-faso\/#primaryimage"},"thumbnailUrl":"https:\/\/www.manitese.it\/wp-content\/uploads\/2023\/03\/header-burkina-faso-news.jpg","keywords":["burkina faso"],"articleSection":["News"],"inLanguage":"en-US","potentialAction":[{"@type":"CommentAction","name":"Comment","target":["https:\/\/www.manitese.it\/en\/coltivare-pace-in-burkina-faso\/#respond"]}]},{"@type":"WebPage","@id":"https:\/\/www.manitese.it\/en\/coltivare-pace-in-burkina-faso\/","url":"https:\/\/www.manitese.it\/en\/coltivare-pace-in-burkina-faso\/","name":"Coltivare la pace in Burkina Faso - Mani Tese","isPartOf":{"@id":"https:\/\/www.manitese.it\/en\/#website"},"primaryImageOfPage":{"@id":"https:\/\/www.manitese.it\/en\/coltivare-pace-in-burkina-faso\/#primaryimage"},"image":{"@id":"https:\/\/www.manitese.it\/en\/coltivare-pace-in-burkina-faso\/#primaryimage"},"thumbnailUrl":"https:\/\/www.manitese.it\/wp-content\/uploads\/2023\/03\/header-burkina-faso-news.jpg","datePublished":"2023-03-06T08:34:39+00:00","dateModified":"2023-11-30T10:52:38+00:00","author":{"@id":"https:\/\/www.manitese.it\/en\/#\/schema\/person\/5a9774f17e4940e2510bfeba90f04f65"},"description":"Il progetto SEmInA ha aiutato le famiglie del Nord ad affrontare la povert\u00e0 e il terrorismo attraverso l\u2019agroecologia. Le parole delle famiglie destinatarie del progetto che sono venute a trovarci nella nostra sede di Ouagadougou.","breadcrumb":{"@id":"https:\/\/www.manitese.it\/en\/coltivare-pace-in-burkina-faso\/#breadcrumb"},"inLanguage":"en-US","potentialAction":[{"@type":"ReadAction","target":["https:\/\/www.manitese.it\/en\/coltivare-pace-in-burkina-faso\/"]}]},{"@type":"ImageObject","inLanguage":"en-US","@id":"https:\/\/www.manitese.it\/en\/coltivare-pace-in-burkina-faso\/#primaryimage","url":"https:\/\/www.manitese.it\/wp-content\/uploads\/2023\/03\/header-burkina-faso-news.jpg","contentUrl":"https:\/\/www.manitese.it\/wp-content\/uploads\/2023\/03\/header-burkina-faso-news.jpg","width":1919,"height":805,"caption":"COLTIVARE LA PACE IN BURKINA FASO"},{"@type":"BreadcrumbList","@id":"https:\/\/www.manitese.it\/en\/coltivare-pace-in-burkina-faso\/#breadcrumb","itemListElement":[{"@type":"ListItem","position":1,"name":"Home","item":"https:\/\/www.manitese.it\/en\/"},{"@type":"ListItem","position":2,"name":"Coltivare la pace in Burkina Faso"}]},{"@type":"WebSite","@id":"https:\/\/www.manitese.it\/en\/#website","url":"https:\/\/www.manitese.it\/en\/","name":"Mani Tese","description":"","potentialAction":[{"@type":"SearchAction","target":{"@type":"EntryPoint","urlTemplate":"https:\/\/www.manitese.it\/en\/?s={search_term_string}"},"query-input":{"@type":"PropertyValueSpecification","valueRequired":true,"valueName":"search_term_string"}}],"inLanguage":"en-US"},{"@type":"Person","@id":"https:\/\/www.manitese.it\/en\/#\/schema\/person\/5a9774f17e4940e2510bfeba90f04f65","name":"agevis","image":{"@type":"ImageObject","inLanguage":"en-US","@id":"https:\/\/secure.gravatar.com\/avatar\/2dc96c93fcf3387a5922a93b50fb3bff01d4800590fb6a4ab91a034adb25ba17?s=96&d=mm&r=g","url":"https:\/\/secure.gravatar.com\/avatar\/2dc96c93fcf3387a5922a93b50fb3bff01d4800590fb6a4ab91a034adb25ba17?s=96&d=mm&r=g","contentUrl":"https:\/\/secure.gravatar.com\/avatar\/2dc96c93fcf3387a5922a93b50fb3bff01d4800590fb6a4ab91a034adb25ba17?s=96&d=mm&r=g","caption":"agevis"},"url":"https:\/\/www.manitese.it\/en\/author\/wp_agevis_admin\/"}]}},"jetpack_featured_media_url":"https:\/\/www.manitese.it\/wp-content\/uploads\/2023\/03\/header-burkina-faso-news.jpg","jetpack_sharing_enabled":true,"_links":{"self":[{"href":"https:\/\/www.manitese.it\/en\/wp-json\/wp\/v2\/posts\/169601","targetHints":{"allow":["GET"]}}],"collection":[{"href":"https:\/\/www.manitese.it\/en\/wp-json\/wp\/v2\/posts"}],"about":[{"href":"https:\/\/www.manitese.it\/en\/wp-json\/wp\/v2\/types\/post"}],"author":[{"embeddable":true,"href":"https:\/\/www.manitese.it\/en\/wp-json\/wp\/v2\/users\/1"}],"replies":[{"embeddable":true,"href":"https:\/\/www.manitese.it\/en\/wp-json\/wp\/v2\/comments?post=169601"}],"version-history":[{"count":3,"href":"https:\/\/www.manitese.it\/en\/wp-json\/wp\/v2\/posts\/169601\/revisions"}],"predecessor-version":[{"id":191669,"href":"https:\/\/www.manitese.it\/en\/wp-json\/wp\/v2\/posts\/169601\/revisions\/191669"}],"wp:featuredmedia":[{"embeddable":true,"href":"https:\/\/www.manitese.it\/en\/wp-json\/wp\/v2\/media\/169605"}],"wp:attachment":[{"href":"https:\/\/www.manitese.it\/en\/wp-json\/wp\/v2\/media?parent=169601"}],"wp:term":[{"taxonomy":"category","embeddable":true,"href":"https:\/\/www.manitese.it\/en\/wp-json\/wp\/v2\/categories?post=169601"},{"taxonomy":"post_tag","embeddable":true,"href":"https:\/\/www.manitese.it\/en\/wp-json\/wp\/v2\/tags?post=169601"},{"taxonomy":"thematic_area","embeddable":true,"href":"https:\/\/www.manitese.it\/en\/wp-json\/wp\/v2\/thematic_area?post=169601"}],"curies":[{"name":"wp","href":"https:\/\/api.w.org\/{rel}","templated":true}]}}