{"id":169427,"date":"2023-02-23T09:29:19","date_gmt":"2023-02-23T08:29:19","guid":{"rendered":"https:\/\/manitese.it\/?p=169427"},"modified":"2023-11-29T12:22:44","modified_gmt":"2023-11-29T11:22:44","slug":"storie-di-donne-graciela-e-finalmente-libera-di-scegliere","status":"publish","type":"post","link":"https:\/\/www.manitese.it\/en\/storie-di-donne-graciela-e-finalmente-libera-di-scegliere\/","title":{"rendered":"Storie di donne: Graciela \u00e8 finalmente libera di scegliere"},"content":{"rendered":"\r\n<p>Mi chiamo Graciela*, ho 21 anni e sono <strong>vittima di un tentativo di matrimonio forzato<\/strong> da parte di mia zia, che quando avevo diciott\u2019anni voleva darmi in sposa a suo marito.<\/p>\r\n\r\n\r\n\r\n<p>All\u2019epoca, sapute le sue intenzioni, scappai di casa e mi rifugiai presso una donna che mi aveva sempre trattata come una figlia. Questa signora per\u00f2 inizi\u00f2 a sfruttarmi facendomi lavorare duramente e costringendomi ad abbandonare gli studi.<\/p>\r\n\r\n\r\n\r\n<p><strong>Fu allora che venni accolta presso il centro di accoglienza per le donne vittime di violenza.<\/strong><\/p>\r\n\r\n\r\n\r\n<p><strong>Al centro ho trovato la pace e il sostegno per superare la paura, la tristezza e la delusione della mia famiglia.<\/strong> Ho anche stretto amicizia con altre ragazze. <strong>Ho avuto l&#8217;opportunit\u00e0 di studiare<\/strong> per due anni scolastici frequentando anche un corso di sartoria, di imprenditorialit\u00e0 e di gestione alberghiera e domestica.<\/p>\r\n\r\n\r\n\r\n<p><strong>Da tre anni lavoro in una clinica di Ostetricia e Ginecologia, dove svolgo le pulizie. Grazie a questo lavoro, posso pagarmi gli studi.<\/strong> Ho infatti l&#8217;ambizione di imparare e di esplorare nuove opportunit\u00e0 per me perch\u00e9 voglio diventare una donna indipendente, onesta e istruita&#8230;Una grande donna.<\/p>\r\n\r\n\r\n\r\n<p>Alle ragazze che si trovano nella mia situazione vorrei offrire conforto attraverso la mia esperienza. Io ho provato una disperazione, una paura e un dolore tali da non credere quasi pi\u00f9 in me stessa. Mi sono sentita sola al mondo perch\u00e9 non potevo contare sulla mia famiglia, che mi considerava una traditrice.<\/p>\r\n\r\n\r\n\r\n<p><strong>Grazie al centro di accoglienza, per\u00f2, pian piano sono riuscita a stare meglio.<\/strong><\/p>\r\n\r\n\r\n\r\n<p>Oggi vivo con un altro parente, il mio zio materno, e sono trattata con dignit\u00e0 e rispetto.<\/p>\r\n\r\n\r\n\r\n<p>Non dobbiamo mai permettere agli altri di compiere delle scelte al nostro posto approfittandosi della nostra ingenuit\u00e0 o della nostra insicurezza perch\u00e9, <strong>finch\u00e9 ci sar\u00e0 un centro di accoglienza, ci sar\u00e0 sempre una possibilit\u00e0 di scelta.<\/strong><\/p>\r\n\r\n\r\n\r\n<p><a href=\"https:\/\/regalisolidali.manitese.it\/ricorrenza.php?titolo=ogni-giorno-%C3%A8-la-festa-della-donna\" data-type=\"URL\" data-id=\"https:\/\/regalisolidali.manitese.it\/ricorrenza.php?titolo=ogni-giorno-%C3%A8-la-festa-della-donna\"><strong><em><u>Aiutaci a salvare la vita di una donna in Guinea-Bissau garantendole un futuro libero dalla violenza. Sostieni un centro di accoglienza<\/u><\/em><\/strong>.<\/a><\/p>\r\n\r\n\r\n\r\n<p>&nbsp;<\/p>\r\n\r\n\r\n\r\n<p><strong><em>&gt; <a href=\"https:\/\/manitese.it\/8-marzo-libere-dalla-violenza\" target=\"_blank\" rel=\"noreferrer noopener\" data-type=\"URL\" data-id=\"https:\/\/manitese.it\/8-marzo-libere-dalla-violenza\">La situazione delle donne in Guinea-Bissau<\/a><\/em><\/strong><\/p>\r\n\r\n\r\n\r\n<p><strong><em>&gt; Approfondisci il nostro progetto in corso \u201c<u><a href=\"https:\/\/manitese.it\/progetto\/no-tene-diritu-a-um-vida-sem-violencia\" data-type=\"URL\" data-id=\"https:\/\/manitese.it\/progetto\/no-tene-diritu-a-um-vida-sem-violencia\">NO TENE DIRITU A UM VIDA SEM VIOL\u00caNCIA\u201d &#8211; Rafforzamento dei meccanismi di protezione delle vittime di gbv e promozione dei diritti delle donne in Guinea-Bissau<\/a><\/u>\u201d finanziato dall\u2019<\/em><\/strong><a href=\"https:\/\/european-union.europa.eu\/\" data-type=\"URL\" data-id=\"https:\/\/european-union.europa.eu\/\"><strong><em>Unione Europea<\/em><\/strong><\/a><strong><em> e promosso da Mani Tese in partenariato con FEC &#8211; F\u00e9 e Coopera\u00e7\u00e3o, ENGIM &#8211; Fondazione Ente Nazionale Giuseppini Murialdo, AMIC \u2013 Associa\u00e7\u00e3o dos Amigos da Crian\u00e7a.<\/em><\/strong><\/p>\r\n\r\n\r\n\r\n<p><em>*Nome di fantasia per tutelare la privacy della ragazza.<\/em><\/p>\r\n","protected":false},"excerpt":{"rendered":"<p>Fuggita da un matrimonio forzato da ragazzina, oggi Graciela \u00e8 una giovane donna indipendente. \u201cFinch\u00e9 ci sar\u00e0 un centro di accoglienza, ci sar\u00e0 sempre una possibilit\u00e0 di scelta\u201d.<\/p>\n","protected":false},"author":1,"featured_media":169428,"comment_status":"open","ping_status":"open","sticky":false,"template":"","format":"standard","meta":{"_acf_changed":false,"give_campaign_id":0,"inline_featured_image":false,"_jetpack_memberships_contains_paid_content":false,"footnotes":""},"categories":[1],"tags":[],"thematic_area":[909,908,912],"class_list":["post-169427","post","type-post","status-publish","format-standard","has-post-thumbnail","hentry","category-news","thematic_area-inclusione-sociale","thematic_area-parita-di-genere","thematic_area-pace-e-coesione-sociale"],"acf":[],"yoast_head":"<!-- This site is optimized with the Yoast SEO plugin v27.5 - https:\/\/yoast.com\/product\/yoast-seo-wordpress\/ -->\n<title>Storie di donne: Graciela \u00e8 finalmente libera di scegliere - Mani Tese<\/title>\n<meta name=\"description\" content=\"Fuggita da un matrimonio forzato da ragazzina, oggi Graciela \u00e8 una giovane donna indipendente. \u201cFinch\u00e9 ci sar\u00e0 un centro di accoglienza, ci sar\u00e0 sempre una possibilit\u00e0 di scelta\u201d.\" \/>\n<meta name=\"robots\" content=\"index, follow, max-snippet:-1, max-image-preview:large, max-video-preview:-1\" \/>\n<link rel=\"canonical\" href=\"https:\/\/www.manitese.it\/en\/storie-di-donne-graciela-e-finalmente-libera-di-scegliere\/\" \/>\n<meta property=\"og:locale\" content=\"en_US\" \/>\n<meta property=\"og:type\" content=\"article\" \/>\n<meta property=\"og:title\" content=\"Storie di donne: Graciela \u00e8 finalmente libera di scegliere - Mani Tese\" \/>\n<meta property=\"og:description\" content=\"Fuggita da un matrimonio forzato da ragazzina, oggi Graciela \u00e8 una giovane donna indipendente. \u201cFinch\u00e9 ci sar\u00e0 un centro di accoglienza, ci sar\u00e0 sempre una possibilit\u00e0 di scelta\u201d.\" \/>\n<meta property=\"og:url\" content=\"https:\/\/www.manitese.it\/en\/storie-di-donne-graciela-e-finalmente-libera-di-scegliere\/\" \/>\n<meta property=\"og:site_name\" content=\"Mani Tese\" \/>\n<meta property=\"article:published_time\" content=\"2023-02-23T08:29:19+00:00\" \/>\n<meta property=\"article:modified_time\" content=\"2023-11-29T11:22:44+00:00\" \/>\n<meta property=\"og:image\" content=\"https:\/\/www.manitese.it\/wp-content\/uploads\/2023\/02\/Testimonianza-Graciela.jpeg\" \/>\n\t<meta property=\"og:image:width\" content=\"1024\" \/>\n\t<meta property=\"og:image:height\" content=\"768\" \/>\n\t<meta property=\"og:image:type\" content=\"image\/jpeg\" \/>\n<meta name=\"author\" content=\"agevis\" \/>\n<meta name=\"twitter:card\" content=\"summary_large_image\" \/>\n<meta name=\"twitter:label1\" content=\"Written by\" \/>\n\t<meta name=\"twitter:data1\" content=\"agevis\" \/>\n\t<meta name=\"twitter:label2\" content=\"Est. reading time\" \/>\n\t<meta name=\"twitter:data2\" content=\"2 minutes\" \/>\n<script type=\"application\/ld+json\" class=\"yoast-schema-graph\">{\"@context\":\"https:\\\/\\\/schema.org\",\"@graph\":[{\"@type\":\"Article\",\"@id\":\"https:\\\/\\\/www.manitese.it\\\/en\\\/storie-di-donne-graciela-e-finalmente-libera-di-scegliere\\\/#article\",\"isPartOf\":{\"@id\":\"https:\\\/\\\/www.manitese.it\\\/en\\\/storie-di-donne-graciela-e-finalmente-libera-di-scegliere\\\/\"},\"author\":{\"name\":\"agevis\",\"@id\":\"https:\\\/\\\/www.manitese.it\\\/en\\\/#\\\/schema\\\/person\\\/5a9774f17e4940e2510bfeba90f04f65\"},\"headline\":\"Storie di donne: Graciela \u00e8 finalmente libera di scegliere\",\"datePublished\":\"2023-02-23T08:29:19+00:00\",\"dateModified\":\"2023-11-29T11:22:44+00:00\",\"mainEntityOfPage\":{\"@id\":\"https:\\\/\\\/www.manitese.it\\\/en\\\/storie-di-donne-graciela-e-finalmente-libera-di-scegliere\\\/\"},\"wordCount\":416,\"commentCount\":0,\"image\":{\"@id\":\"https:\\\/\\\/www.manitese.it\\\/en\\\/storie-di-donne-graciela-e-finalmente-libera-di-scegliere\\\/#primaryimage\"},\"thumbnailUrl\":\"https:\\\/\\\/www.manitese.it\\\/wp-content\\\/uploads\\\/2023\\\/02\\\/Testimonianza-Graciela.jpeg\",\"articleSection\":[\"News\"],\"inLanguage\":\"en-US\",\"potentialAction\":[{\"@type\":\"CommentAction\",\"name\":\"Comment\",\"target\":[\"https:\\\/\\\/www.manitese.it\\\/en\\\/storie-di-donne-graciela-e-finalmente-libera-di-scegliere\\\/#respond\"]}]},{\"@type\":\"WebPage\",\"@id\":\"https:\\\/\\\/www.manitese.it\\\/en\\\/storie-di-donne-graciela-e-finalmente-libera-di-scegliere\\\/\",\"url\":\"https:\\\/\\\/www.manitese.it\\\/en\\\/storie-di-donne-graciela-e-finalmente-libera-di-scegliere\\\/\",\"name\":\"Storie di donne: Graciela \u00e8 finalmente libera di scegliere - Mani Tese\",\"isPartOf\":{\"@id\":\"https:\\\/\\\/www.manitese.it\\\/en\\\/#website\"},\"primaryImageOfPage\":{\"@id\":\"https:\\\/\\\/www.manitese.it\\\/en\\\/storie-di-donne-graciela-e-finalmente-libera-di-scegliere\\\/#primaryimage\"},\"image\":{\"@id\":\"https:\\\/\\\/www.manitese.it\\\/en\\\/storie-di-donne-graciela-e-finalmente-libera-di-scegliere\\\/#primaryimage\"},\"thumbnailUrl\":\"https:\\\/\\\/www.manitese.it\\\/wp-content\\\/uploads\\\/2023\\\/02\\\/Testimonianza-Graciela.jpeg\",\"datePublished\":\"2023-02-23T08:29:19+00:00\",\"dateModified\":\"2023-11-29T11:22:44+00:00\",\"author\":{\"@id\":\"https:\\\/\\\/www.manitese.it\\\/en\\\/#\\\/schema\\\/person\\\/5a9774f17e4940e2510bfeba90f04f65\"},\"description\":\"Fuggita da un matrimonio forzato da ragazzina, oggi Graciela \u00e8 una giovane donna indipendente. \u201cFinch\u00e9 ci sar\u00e0 un centro di accoglienza, ci sar\u00e0 sempre una possibilit\u00e0 di scelta\u201d.\",\"breadcrumb\":{\"@id\":\"https:\\\/\\\/www.manitese.it\\\/en\\\/storie-di-donne-graciela-e-finalmente-libera-di-scegliere\\\/#breadcrumb\"},\"inLanguage\":\"en-US\",\"potentialAction\":[{\"@type\":\"ReadAction\",\"target\":[\"https:\\\/\\\/www.manitese.it\\\/en\\\/storie-di-donne-graciela-e-finalmente-libera-di-scegliere\\\/\"]}]},{\"@type\":\"ImageObject\",\"inLanguage\":\"en-US\",\"@id\":\"https:\\\/\\\/www.manitese.it\\\/en\\\/storie-di-donne-graciela-e-finalmente-libera-di-scegliere\\\/#primaryimage\",\"url\":\"https:\\\/\\\/www.manitese.it\\\/wp-content\\\/uploads\\\/2023\\\/02\\\/Testimonianza-Graciela.jpeg\",\"contentUrl\":\"https:\\\/\\\/www.manitese.it\\\/wp-content\\\/uploads\\\/2023\\\/02\\\/Testimonianza-Graciela.jpeg\",\"width\":1024,\"height\":768},{\"@type\":\"BreadcrumbList\",\"@id\":\"https:\\\/\\\/www.manitese.it\\\/en\\\/storie-di-donne-graciela-e-finalmente-libera-di-scegliere\\\/#breadcrumb\",\"itemListElement\":[{\"@type\":\"ListItem\",\"position\":1,\"name\":\"Home\",\"item\":\"https:\\\/\\\/www.manitese.it\\\/en\\\/\"},{\"@type\":\"ListItem\",\"position\":2,\"name\":\"Storie di donne: Graciela \u00e8 finalmente libera di scegliere\"}]},{\"@type\":\"WebSite\",\"@id\":\"https:\\\/\\\/www.manitese.it\\\/en\\\/#website\",\"url\":\"https:\\\/\\\/www.manitese.it\\\/en\\\/\",\"name\":\"Mani Tese\",\"description\":\"\",\"potentialAction\":[{\"@type\":\"SearchAction\",\"target\":{\"@type\":\"EntryPoint\",\"urlTemplate\":\"https:\\\/\\\/www.manitese.it\\\/en\\\/?s={search_term_string}\"},\"query-input\":{\"@type\":\"PropertyValueSpecification\",\"valueRequired\":true,\"valueName\":\"search_term_string\"}}],\"inLanguage\":\"en-US\"},{\"@type\":\"Person\",\"@id\":\"https:\\\/\\\/www.manitese.it\\\/en\\\/#\\\/schema\\\/person\\\/5a9774f17e4940e2510bfeba90f04f65\",\"name\":\"agevis\",\"image\":{\"@type\":\"ImageObject\",\"inLanguage\":\"en-US\",\"@id\":\"https:\\\/\\\/secure.gravatar.com\\\/avatar\\\/2dc96c93fcf3387a5922a93b50fb3bff01d4800590fb6a4ab91a034adb25ba17?s=96&d=mm&r=g\",\"url\":\"https:\\\/\\\/secure.gravatar.com\\\/avatar\\\/2dc96c93fcf3387a5922a93b50fb3bff01d4800590fb6a4ab91a034adb25ba17?s=96&d=mm&r=g\",\"contentUrl\":\"https:\\\/\\\/secure.gravatar.com\\\/avatar\\\/2dc96c93fcf3387a5922a93b50fb3bff01d4800590fb6a4ab91a034adb25ba17?s=96&d=mm&r=g\",\"caption\":\"agevis\"},\"url\":\"https:\\\/\\\/www.manitese.it\\\/en\\\/author\\\/wp_agevis_admin\\\/\"}]}<\/script>\n<!-- \/ Yoast SEO plugin. -->","yoast_head_json":{"title":"Storie di donne: Graciela \u00e8 finalmente libera di scegliere - Mani Tese","description":"Fuggita da un matrimonio forzato da ragazzina, oggi Graciela \u00e8 una giovane donna indipendente. \u201cFinch\u00e9 ci sar\u00e0 un centro di accoglienza, ci sar\u00e0 sempre una possibilit\u00e0 di scelta\u201d.","robots":{"index":"index","follow":"follow","max-snippet":"max-snippet:-1","max-image-preview":"max-image-preview:large","max-video-preview":"max-video-preview:-1"},"canonical":"https:\/\/www.manitese.it\/en\/storie-di-donne-graciela-e-finalmente-libera-di-scegliere\/","og_locale":"en_US","og_type":"article","og_title":"Storie di donne: Graciela \u00e8 finalmente libera di scegliere - Mani Tese","og_description":"Fuggita da un matrimonio forzato da ragazzina, oggi Graciela \u00e8 una giovane donna indipendente. \u201cFinch\u00e9 ci sar\u00e0 un centro di accoglienza, ci sar\u00e0 sempre una possibilit\u00e0 di scelta\u201d.","og_url":"https:\/\/www.manitese.it\/en\/storie-di-donne-graciela-e-finalmente-libera-di-scegliere\/","og_site_name":"Mani Tese","article_published_time":"2023-02-23T08:29:19+00:00","article_modified_time":"2023-11-29T11:22:44+00:00","og_image":[{"width":1024,"height":768,"url":"https:\/\/www.manitese.it\/wp-content\/uploads\/2023\/02\/Testimonianza-Graciela.jpeg","type":"image\/jpeg"}],"author":"agevis","twitter_card":"summary_large_image","twitter_misc":{"Written by":"agevis","Est. reading time":"2 minutes"},"schema":{"@context":"https:\/\/schema.org","@graph":[{"@type":"Article","@id":"https:\/\/www.manitese.it\/en\/storie-di-donne-graciela-e-finalmente-libera-di-scegliere\/#article","isPartOf":{"@id":"https:\/\/www.manitese.it\/en\/storie-di-donne-graciela-e-finalmente-libera-di-scegliere\/"},"author":{"name":"agevis","@id":"https:\/\/www.manitese.it\/en\/#\/schema\/person\/5a9774f17e4940e2510bfeba90f04f65"},"headline":"Storie di donne: Graciela \u00e8 finalmente libera di scegliere","datePublished":"2023-02-23T08:29:19+00:00","dateModified":"2023-11-29T11:22:44+00:00","mainEntityOfPage":{"@id":"https:\/\/www.manitese.it\/en\/storie-di-donne-graciela-e-finalmente-libera-di-scegliere\/"},"wordCount":416,"commentCount":0,"image":{"@id":"https:\/\/www.manitese.it\/en\/storie-di-donne-graciela-e-finalmente-libera-di-scegliere\/#primaryimage"},"thumbnailUrl":"https:\/\/www.manitese.it\/wp-content\/uploads\/2023\/02\/Testimonianza-Graciela.jpeg","articleSection":["News"],"inLanguage":"en-US","potentialAction":[{"@type":"CommentAction","name":"Comment","target":["https:\/\/www.manitese.it\/en\/storie-di-donne-graciela-e-finalmente-libera-di-scegliere\/#respond"]}]},{"@type":"WebPage","@id":"https:\/\/www.manitese.it\/en\/storie-di-donne-graciela-e-finalmente-libera-di-scegliere\/","url":"https:\/\/www.manitese.it\/en\/storie-di-donne-graciela-e-finalmente-libera-di-scegliere\/","name":"Storie di donne: Graciela \u00e8 finalmente libera di scegliere - Mani Tese","isPartOf":{"@id":"https:\/\/www.manitese.it\/en\/#website"},"primaryImageOfPage":{"@id":"https:\/\/www.manitese.it\/en\/storie-di-donne-graciela-e-finalmente-libera-di-scegliere\/#primaryimage"},"image":{"@id":"https:\/\/www.manitese.it\/en\/storie-di-donne-graciela-e-finalmente-libera-di-scegliere\/#primaryimage"},"thumbnailUrl":"https:\/\/www.manitese.it\/wp-content\/uploads\/2023\/02\/Testimonianza-Graciela.jpeg","datePublished":"2023-02-23T08:29:19+00:00","dateModified":"2023-11-29T11:22:44+00:00","author":{"@id":"https:\/\/www.manitese.it\/en\/#\/schema\/person\/5a9774f17e4940e2510bfeba90f04f65"},"description":"Fuggita da un matrimonio forzato da ragazzina, oggi Graciela \u00e8 una giovane donna indipendente. \u201cFinch\u00e9 ci sar\u00e0 un centro di accoglienza, ci sar\u00e0 sempre una possibilit\u00e0 di scelta\u201d.","breadcrumb":{"@id":"https:\/\/www.manitese.it\/en\/storie-di-donne-graciela-e-finalmente-libera-di-scegliere\/#breadcrumb"},"inLanguage":"en-US","potentialAction":[{"@type":"ReadAction","target":["https:\/\/www.manitese.it\/en\/storie-di-donne-graciela-e-finalmente-libera-di-scegliere\/"]}]},{"@type":"ImageObject","inLanguage":"en-US","@id":"https:\/\/www.manitese.it\/en\/storie-di-donne-graciela-e-finalmente-libera-di-scegliere\/#primaryimage","url":"https:\/\/www.manitese.it\/wp-content\/uploads\/2023\/02\/Testimonianza-Graciela.jpeg","contentUrl":"https:\/\/www.manitese.it\/wp-content\/uploads\/2023\/02\/Testimonianza-Graciela.jpeg","width":1024,"height":768},{"@type":"BreadcrumbList","@id":"https:\/\/www.manitese.it\/en\/storie-di-donne-graciela-e-finalmente-libera-di-scegliere\/#breadcrumb","itemListElement":[{"@type":"ListItem","position":1,"name":"Home","item":"https:\/\/www.manitese.it\/en\/"},{"@type":"ListItem","position":2,"name":"Storie di donne: Graciela \u00e8 finalmente libera di scegliere"}]},{"@type":"WebSite","@id":"https:\/\/www.manitese.it\/en\/#website","url":"https:\/\/www.manitese.it\/en\/","name":"Mani Tese","description":"","potentialAction":[{"@type":"SearchAction","target":{"@type":"EntryPoint","urlTemplate":"https:\/\/www.manitese.it\/en\/?s={search_term_string}"},"query-input":{"@type":"PropertyValueSpecification","valueRequired":true,"valueName":"search_term_string"}}],"inLanguage":"en-US"},{"@type":"Person","@id":"https:\/\/www.manitese.it\/en\/#\/schema\/person\/5a9774f17e4940e2510bfeba90f04f65","name":"agevis","image":{"@type":"ImageObject","inLanguage":"en-US","@id":"https:\/\/secure.gravatar.com\/avatar\/2dc96c93fcf3387a5922a93b50fb3bff01d4800590fb6a4ab91a034adb25ba17?s=96&d=mm&r=g","url":"https:\/\/secure.gravatar.com\/avatar\/2dc96c93fcf3387a5922a93b50fb3bff01d4800590fb6a4ab91a034adb25ba17?s=96&d=mm&r=g","contentUrl":"https:\/\/secure.gravatar.com\/avatar\/2dc96c93fcf3387a5922a93b50fb3bff01d4800590fb6a4ab91a034adb25ba17?s=96&d=mm&r=g","caption":"agevis"},"url":"https:\/\/www.manitese.it\/en\/author\/wp_agevis_admin\/"}]}},"jetpack_featured_media_url":"https:\/\/www.manitese.it\/wp-content\/uploads\/2023\/02\/Testimonianza-Graciela.jpeg","jetpack_sharing_enabled":true,"_links":{"self":[{"href":"https:\/\/www.manitese.it\/en\/wp-json\/wp\/v2\/posts\/169427","targetHints":{"allow":["GET"]}}],"collection":[{"href":"https:\/\/www.manitese.it\/en\/wp-json\/wp\/v2\/posts"}],"about":[{"href":"https:\/\/www.manitese.it\/en\/wp-json\/wp\/v2\/types\/post"}],"author":[{"embeddable":true,"href":"https:\/\/www.manitese.it\/en\/wp-json\/wp\/v2\/users\/1"}],"replies":[{"embeddable":true,"href":"https:\/\/www.manitese.it\/en\/wp-json\/wp\/v2\/comments?post=169427"}],"version-history":[{"count":3,"href":"https:\/\/www.manitese.it\/en\/wp-json\/wp\/v2\/posts\/169427\/revisions"}],"predecessor-version":[{"id":191569,"href":"https:\/\/www.manitese.it\/en\/wp-json\/wp\/v2\/posts\/169427\/revisions\/191569"}],"wp:featuredmedia":[{"embeddable":true,"href":"https:\/\/www.manitese.it\/en\/wp-json\/wp\/v2\/media\/169428"}],"wp:attachment":[{"href":"https:\/\/www.manitese.it\/en\/wp-json\/wp\/v2\/media?parent=169427"}],"wp:term":[{"taxonomy":"category","embeddable":true,"href":"https:\/\/www.manitese.it\/en\/wp-json\/wp\/v2\/categories?post=169427"},{"taxonomy":"post_tag","embeddable":true,"href":"https:\/\/www.manitese.it\/en\/wp-json\/wp\/v2\/tags?post=169427"},{"taxonomy":"thematic_area","embeddable":true,"href":"https:\/\/www.manitese.it\/en\/wp-json\/wp\/v2\/thematic_area?post=169427"}],"curies":[{"name":"wp","href":"https:\/\/api.w.org\/{rel}","templated":true}]}}