{"id":169421,"date":"2023-02-23T09:28:05","date_gmt":"2023-02-23T08:28:05","guid":{"rendered":"https:\/\/manitese.it\/?p=169421"},"modified":"2023-11-29T15:23:48","modified_gmt":"2023-11-29T14:23:48","slug":"storie-di-donne-pola-sfuggita-a-un-matrimonio-forzato","status":"publish","type":"post","link":"https:\/\/www.manitese.it\/en\/storie-di-donne-pola-sfuggita-a-un-matrimonio-forzato\/","title":{"rendered":"Storie di donne: Pola, sfuggita a un matrimonio forzato"},"content":{"rendered":"\r\n<p>Mi chiamo Pola*, ho 23 anni e sono scappata da un matrimonio forzato.<\/p>\r\n\r\n\r\n\r\n<p>Mia zia, che mi ha cresciuta da quando avevo due anni, tre anni fa <strong>voleva darmi in sposa a suo marito<\/strong>. Mi diceva che ormai ero vecchia e che dovevo prendere il suo posto. Per questo mi aveva cresciuta dopo la morte dei miei genitori.<\/p>\r\n\r\n\r\n\r\n<p>Io mi sono rifiutata di sposarmi perch\u00e9 mio zio, per me, era come un padre.<\/p>\r\n\r\n\r\n\r\n<p>Dopo il mio rifiuto, fortunatamente <strong>sono stata accolta al centro di accoglienza di AMIC, che mi ha ospitata per quattro mesi.<\/strong><\/p>\r\n\r\n\r\n\r\n<p><strong>Al centro ho trovato sostegno e mi sono sentita finalmente rispettata.<\/strong> Le operatrici mi hanno insegnato che tutte le persone hanno il diritto di scegliere la propria vita e che non sono obbligata a sposarmi se non voglio.<\/p>\r\n\r\n\r\n\r\n<p>Al centro ho anche ricominciato a studiare: ho frequentato un corso di gestione alberghiera e domestica, un corso di imprenditorialit\u00e0 e un corso di sartoria.<\/p>\r\n\r\n\r\n\r\n<p><strong>Nonostante le minacce di mia zia, alla fine sono riuscita a non sposare mio zio.<\/strong><\/p>\r\n\r\n\r\n\r\n<p>Ora che ho lasciato il centro, il mio obiettivo \u00e8 quello di <strong>continuare a studiare<\/strong> perch\u00e9 voglio diventare una donna istruita e indipendente.<\/p>\r\n\r\n\r\n\r\n<p>Oggi mi sono separata dal mio compagno, con cui ho una figlia di due anni e che lui non mi aiuta a mantenere e, grazie ai corsi che ho seguito mentre ero al centro, sto cercando un lavoro con cui essere indipendente.<\/p>\r\n\r\n\r\n\r\n<p>Se un giorno vorr\u00f2 sposarmi, sar\u00f2 io a scegliere quando e con chi.<\/p>\r\n\r\n\r\n\r\n<p>Alle altre ragazze nella mia situazione vorrei dire che <strong>ogni persona ha il diritto di fare le proprie scelte di vita e di non avere paura di denunciare la propria famiglia o chiunque intenda violare i loro diritti, perch\u00e9 ci sono organizzazioni e persone disposte ad aiutarle e a sostenerle.<\/strong><\/p>\r\n\r\n\r\n\r\n<p>Con il tempo il dolore passa e ci si rialza da terra pi\u00f9 forti e pi\u00f9 mature.<\/p>\r\n\r\n\r\n\r\n<p><strong><em><u><a href=\"https:\/\/regalisolidali.manitese.it\/ricorrenza.php?titolo=ogni-giorno-%C3%A8-la-festa-della-donna\" data-type=\"URL\" data-id=\"https:\/\/regalisolidali.manitese.it\/ricorrenza.php?titolo=ogni-giorno-%C3%A8-la-festa-della-donna\">Aiutaci a salvare la vita di una donna in Guinea-Bissau garantendole un futuro libero dalla violenza. Sostieni un centro di accoglienza.<\/a><\/u><\/em><\/strong><\/p>\r\n\r\n\r\n\r\n<p><strong><em>&gt; <a href=\"https:\/\/manitese.it\/8-marzo-libere-dalla-violenza\" data-type=\"URL\" data-id=\"https:\/\/manitese.it\/8-marzo-libere-dalla-violenza\">La situazione delle donne in Guinea-Bissau <\/a><\/em><\/strong><\/p>\r\n\r\n\r\n\r\n<p><strong><em>&gt; Approfondisci il nostro progetto in corso \u201c<u><a href=\"https:\/\/manitese.it\/progetto\/no-tene-diritu-a-um-vida-sem-violencia\" data-type=\"URL\" data-id=\"https:\/\/manitese.it\/progetto\/no-tene-diritu-a-um-vida-sem-violencia\">NO TENE DIRITU A UM VIDA SEM VIOL\u00caNCIA\u201d &#8211; Rafforzamento dei meccanismi di protezione delle vittime di gbv e promozione dei diritti delle donne in Guinea-Bissau<\/a><\/u>\u201d finanziato dall\u2019<a href=\"https:\/\/european-union.europa.eu\/\" target=\"_blank\" rel=\"noreferrer noopener\" data-type=\"URL\" data-id=\"https:\/\/european-union.europa.eu\/\">Unione Europea<\/a> e promosso da Mani Tese in partenariato con FEC &#8211; F\u00e9 e Coopera\u00e7\u00e3o, ENGIM &#8211; Fondazione Ente Nazionale Giuseppini Murialdo, AMIC \u2013 Associa\u00e7\u00e3o dos Amigos da Crian\u00e7a.<\/em><\/strong><\/p>\r\n\r\n\r\n\r\n<p>&nbsp;<\/p>\r\n\r\n\r\n\r\n<p><em>*Nome di fantasia per tutelare la privacy della ragazza.<\/em><\/p>\r\n","protected":false},"excerpt":{"rendered":"<p>Mi chiamo Pola*, ho 23 anni e sono scappata da un matrimonio forzato. Mia zia, che mi ha cresciuta da quando avevo due anni, tre anni fa voleva darmi in sposa a suo marito. Mi diceva che ormai ero vecchia e che dovevo prendere il suo posto. Per questo mi aveva cresciuta dopo la morte [&hellip;]<\/p>\n","protected":false},"author":1,"featured_media":169422,"comment_status":"open","ping_status":"open","sticky":false,"template":"","format":"standard","meta":{"_acf_changed":false,"give_campaign_id":0,"inline_featured_image":false,"_jetpack_memberships_contains_paid_content":false,"footnotes":""},"categories":[1],"tags":[],"thematic_area":[909,908,912],"class_list":["post-169421","post","type-post","status-publish","format-standard","has-post-thumbnail","hentry","category-news","thematic_area-inclusione-sociale","thematic_area-parita-di-genere","thematic_area-pace-e-coesione-sociale"],"acf":[],"yoast_head":"<!-- This site is optimized with the Yoast SEO plugin v27.5 - https:\/\/yoast.com\/product\/yoast-seo-wordpress\/ -->\n<title>Storie di donne: Pola, sfuggita a un matrimonio forzato - Mani Tese<\/title>\n<meta name=\"description\" content=\"Costretta a sposare suo zio, Pola \u00e8 scappata di casa e ha trovato rifugio presso il centro di accoglienza di Bissau di Mani Tese. Ora vuole studiare per poter essere indipendente.\" \/>\n<meta name=\"robots\" content=\"index, follow, max-snippet:-1, max-image-preview:large, max-video-preview:-1\" \/>\n<link rel=\"canonical\" href=\"https:\/\/www.manitese.it\/en\/storie-di-donne-pola-sfuggita-a-un-matrimonio-forzato\/\" \/>\n<meta property=\"og:locale\" content=\"en_US\" \/>\n<meta property=\"og:type\" content=\"article\" \/>\n<meta property=\"og:title\" content=\"Storie di donne: Pola, sfuggita a un matrimonio forzato - Mani Tese\" \/>\n<meta property=\"og:description\" content=\"Costretta a sposare suo zio, Pola \u00e8 scappata di casa e ha trovato rifugio presso il centro di accoglienza di Bissau di Mani Tese. Ora vuole studiare per poter essere indipendente.\" \/>\n<meta property=\"og:url\" content=\"https:\/\/www.manitese.it\/en\/storie-di-donne-pola-sfuggita-a-un-matrimonio-forzato\/\" \/>\n<meta property=\"og:site_name\" content=\"Mani Tese\" \/>\n<meta property=\"article:published_time\" content=\"2023-02-23T08:28:05+00:00\" \/>\n<meta property=\"article:modified_time\" content=\"2023-11-29T14:23:48+00:00\" \/>\n<meta property=\"og:image\" content=\"https:\/\/www.manitese.it\/wp-content\/uploads\/2023\/02\/Testimonianza-Pola.jpeg\" \/>\n\t<meta property=\"og:image:width\" content=\"1024\" \/>\n\t<meta property=\"og:image:height\" content=\"910\" \/>\n\t<meta property=\"og:image:type\" content=\"image\/jpeg\" \/>\n<meta name=\"author\" content=\"agevis\" \/>\n<meta name=\"twitter:card\" content=\"summary_large_image\" \/>\n<meta name=\"twitter:label1\" content=\"Written by\" \/>\n\t<meta name=\"twitter:data1\" content=\"agevis\" \/>\n\t<meta name=\"twitter:label2\" content=\"Est. reading time\" \/>\n\t<meta name=\"twitter:data2\" content=\"2 minutes\" \/>\n<script type=\"application\/ld+json\" class=\"yoast-schema-graph\">{\"@context\":\"https:\\\/\\\/schema.org\",\"@graph\":[{\"@type\":\"Article\",\"@id\":\"https:\\\/\\\/www.manitese.it\\\/en\\\/storie-di-donne-pola-sfuggita-a-un-matrimonio-forzato\\\/#article\",\"isPartOf\":{\"@id\":\"https:\\\/\\\/www.manitese.it\\\/en\\\/storie-di-donne-pola-sfuggita-a-un-matrimonio-forzato\\\/\"},\"author\":{\"name\":\"agevis\",\"@id\":\"https:\\\/\\\/www.manitese.it\\\/en\\\/#\\\/schema\\\/person\\\/5a9774f17e4940e2510bfeba90f04f65\"},\"headline\":\"Storie di donne: Pola, sfuggita a un matrimonio forzato\",\"datePublished\":\"2023-02-23T08:28:05+00:00\",\"dateModified\":\"2023-11-29T14:23:48+00:00\",\"mainEntityOfPage\":{\"@id\":\"https:\\\/\\\/www.manitese.it\\\/en\\\/storie-di-donne-pola-sfuggita-a-un-matrimonio-forzato\\\/\"},\"wordCount\":429,\"commentCount\":0,\"image\":{\"@id\":\"https:\\\/\\\/www.manitese.it\\\/en\\\/storie-di-donne-pola-sfuggita-a-un-matrimonio-forzato\\\/#primaryimage\"},\"thumbnailUrl\":\"https:\\\/\\\/www.manitese.it\\\/wp-content\\\/uploads\\\/2023\\\/02\\\/Testimonianza-Pola.jpeg\",\"articleSection\":[\"News\"],\"inLanguage\":\"en-US\",\"potentialAction\":[{\"@type\":\"CommentAction\",\"name\":\"Comment\",\"target\":[\"https:\\\/\\\/www.manitese.it\\\/en\\\/storie-di-donne-pola-sfuggita-a-un-matrimonio-forzato\\\/#respond\"]}]},{\"@type\":\"WebPage\",\"@id\":\"https:\\\/\\\/www.manitese.it\\\/en\\\/storie-di-donne-pola-sfuggita-a-un-matrimonio-forzato\\\/\",\"url\":\"https:\\\/\\\/www.manitese.it\\\/en\\\/storie-di-donne-pola-sfuggita-a-un-matrimonio-forzato\\\/\",\"name\":\"Storie di donne: Pola, sfuggita a un matrimonio forzato - Mani Tese\",\"isPartOf\":{\"@id\":\"https:\\\/\\\/www.manitese.it\\\/en\\\/#website\"},\"primaryImageOfPage\":{\"@id\":\"https:\\\/\\\/www.manitese.it\\\/en\\\/storie-di-donne-pola-sfuggita-a-un-matrimonio-forzato\\\/#primaryimage\"},\"image\":{\"@id\":\"https:\\\/\\\/www.manitese.it\\\/en\\\/storie-di-donne-pola-sfuggita-a-un-matrimonio-forzato\\\/#primaryimage\"},\"thumbnailUrl\":\"https:\\\/\\\/www.manitese.it\\\/wp-content\\\/uploads\\\/2023\\\/02\\\/Testimonianza-Pola.jpeg\",\"datePublished\":\"2023-02-23T08:28:05+00:00\",\"dateModified\":\"2023-11-29T14:23:48+00:00\",\"author\":{\"@id\":\"https:\\\/\\\/www.manitese.it\\\/en\\\/#\\\/schema\\\/person\\\/5a9774f17e4940e2510bfeba90f04f65\"},\"description\":\"Costretta a sposare suo zio, Pola \u00e8 scappata di casa e ha trovato rifugio presso il centro di accoglienza di Bissau di Mani Tese. Ora vuole studiare per poter essere indipendente.\",\"breadcrumb\":{\"@id\":\"https:\\\/\\\/www.manitese.it\\\/en\\\/storie-di-donne-pola-sfuggita-a-un-matrimonio-forzato\\\/#breadcrumb\"},\"inLanguage\":\"en-US\",\"potentialAction\":[{\"@type\":\"ReadAction\",\"target\":[\"https:\\\/\\\/www.manitese.it\\\/en\\\/storie-di-donne-pola-sfuggita-a-un-matrimonio-forzato\\\/\"]}]},{\"@type\":\"ImageObject\",\"inLanguage\":\"en-US\",\"@id\":\"https:\\\/\\\/www.manitese.it\\\/en\\\/storie-di-donne-pola-sfuggita-a-un-matrimonio-forzato\\\/#primaryimage\",\"url\":\"https:\\\/\\\/www.manitese.it\\\/wp-content\\\/uploads\\\/2023\\\/02\\\/Testimonianza-Pola.jpeg\",\"contentUrl\":\"https:\\\/\\\/www.manitese.it\\\/wp-content\\\/uploads\\\/2023\\\/02\\\/Testimonianza-Pola.jpeg\",\"width\":1024,\"height\":910},{\"@type\":\"BreadcrumbList\",\"@id\":\"https:\\\/\\\/www.manitese.it\\\/en\\\/storie-di-donne-pola-sfuggita-a-un-matrimonio-forzato\\\/#breadcrumb\",\"itemListElement\":[{\"@type\":\"ListItem\",\"position\":1,\"name\":\"Home\",\"item\":\"https:\\\/\\\/www.manitese.it\\\/en\\\/\"},{\"@type\":\"ListItem\",\"position\":2,\"name\":\"Storie di donne: Pola, sfuggita a un matrimonio forzato\"}]},{\"@type\":\"WebSite\",\"@id\":\"https:\\\/\\\/www.manitese.it\\\/en\\\/#website\",\"url\":\"https:\\\/\\\/www.manitese.it\\\/en\\\/\",\"name\":\"Mani Tese\",\"description\":\"\",\"potentialAction\":[{\"@type\":\"SearchAction\",\"target\":{\"@type\":\"EntryPoint\",\"urlTemplate\":\"https:\\\/\\\/www.manitese.it\\\/en\\\/?s={search_term_string}\"},\"query-input\":{\"@type\":\"PropertyValueSpecification\",\"valueRequired\":true,\"valueName\":\"search_term_string\"}}],\"inLanguage\":\"en-US\"},{\"@type\":\"Person\",\"@id\":\"https:\\\/\\\/www.manitese.it\\\/en\\\/#\\\/schema\\\/person\\\/5a9774f17e4940e2510bfeba90f04f65\",\"name\":\"agevis\",\"image\":{\"@type\":\"ImageObject\",\"inLanguage\":\"en-US\",\"@id\":\"https:\\\/\\\/secure.gravatar.com\\\/avatar\\\/2dc96c93fcf3387a5922a93b50fb3bff01d4800590fb6a4ab91a034adb25ba17?s=96&d=mm&r=g\",\"url\":\"https:\\\/\\\/secure.gravatar.com\\\/avatar\\\/2dc96c93fcf3387a5922a93b50fb3bff01d4800590fb6a4ab91a034adb25ba17?s=96&d=mm&r=g\",\"contentUrl\":\"https:\\\/\\\/secure.gravatar.com\\\/avatar\\\/2dc96c93fcf3387a5922a93b50fb3bff01d4800590fb6a4ab91a034adb25ba17?s=96&d=mm&r=g\",\"caption\":\"agevis\"},\"url\":\"https:\\\/\\\/www.manitese.it\\\/en\\\/author\\\/wp_agevis_admin\\\/\"}]}<\/script>\n<!-- \/ Yoast SEO plugin. -->","yoast_head_json":{"title":"Storie di donne: Pola, sfuggita a un matrimonio forzato - Mani Tese","description":"Costretta a sposare suo zio, Pola \u00e8 scappata di casa e ha trovato rifugio presso il centro di accoglienza di Bissau di Mani Tese. Ora vuole studiare per poter essere indipendente.","robots":{"index":"index","follow":"follow","max-snippet":"max-snippet:-1","max-image-preview":"max-image-preview:large","max-video-preview":"max-video-preview:-1"},"canonical":"https:\/\/www.manitese.it\/en\/storie-di-donne-pola-sfuggita-a-un-matrimonio-forzato\/","og_locale":"en_US","og_type":"article","og_title":"Storie di donne: Pola, sfuggita a un matrimonio forzato - Mani Tese","og_description":"Costretta a sposare suo zio, Pola \u00e8 scappata di casa e ha trovato rifugio presso il centro di accoglienza di Bissau di Mani Tese. Ora vuole studiare per poter essere indipendente.","og_url":"https:\/\/www.manitese.it\/en\/storie-di-donne-pola-sfuggita-a-un-matrimonio-forzato\/","og_site_name":"Mani Tese","article_published_time":"2023-02-23T08:28:05+00:00","article_modified_time":"2023-11-29T14:23:48+00:00","og_image":[{"width":1024,"height":910,"url":"https:\/\/www.manitese.it\/wp-content\/uploads\/2023\/02\/Testimonianza-Pola.jpeg","type":"image\/jpeg"}],"author":"agevis","twitter_card":"summary_large_image","twitter_misc":{"Written by":"agevis","Est. reading time":"2 minutes"},"schema":{"@context":"https:\/\/schema.org","@graph":[{"@type":"Article","@id":"https:\/\/www.manitese.it\/en\/storie-di-donne-pola-sfuggita-a-un-matrimonio-forzato\/#article","isPartOf":{"@id":"https:\/\/www.manitese.it\/en\/storie-di-donne-pola-sfuggita-a-un-matrimonio-forzato\/"},"author":{"name":"agevis","@id":"https:\/\/www.manitese.it\/en\/#\/schema\/person\/5a9774f17e4940e2510bfeba90f04f65"},"headline":"Storie di donne: Pola, sfuggita a un matrimonio forzato","datePublished":"2023-02-23T08:28:05+00:00","dateModified":"2023-11-29T14:23:48+00:00","mainEntityOfPage":{"@id":"https:\/\/www.manitese.it\/en\/storie-di-donne-pola-sfuggita-a-un-matrimonio-forzato\/"},"wordCount":429,"commentCount":0,"image":{"@id":"https:\/\/www.manitese.it\/en\/storie-di-donne-pola-sfuggita-a-un-matrimonio-forzato\/#primaryimage"},"thumbnailUrl":"https:\/\/www.manitese.it\/wp-content\/uploads\/2023\/02\/Testimonianza-Pola.jpeg","articleSection":["News"],"inLanguage":"en-US","potentialAction":[{"@type":"CommentAction","name":"Comment","target":["https:\/\/www.manitese.it\/en\/storie-di-donne-pola-sfuggita-a-un-matrimonio-forzato\/#respond"]}]},{"@type":"WebPage","@id":"https:\/\/www.manitese.it\/en\/storie-di-donne-pola-sfuggita-a-un-matrimonio-forzato\/","url":"https:\/\/www.manitese.it\/en\/storie-di-donne-pola-sfuggita-a-un-matrimonio-forzato\/","name":"Storie di donne: Pola, sfuggita a un matrimonio forzato - Mani Tese","isPartOf":{"@id":"https:\/\/www.manitese.it\/en\/#website"},"primaryImageOfPage":{"@id":"https:\/\/www.manitese.it\/en\/storie-di-donne-pola-sfuggita-a-un-matrimonio-forzato\/#primaryimage"},"image":{"@id":"https:\/\/www.manitese.it\/en\/storie-di-donne-pola-sfuggita-a-un-matrimonio-forzato\/#primaryimage"},"thumbnailUrl":"https:\/\/www.manitese.it\/wp-content\/uploads\/2023\/02\/Testimonianza-Pola.jpeg","datePublished":"2023-02-23T08:28:05+00:00","dateModified":"2023-11-29T14:23:48+00:00","author":{"@id":"https:\/\/www.manitese.it\/en\/#\/schema\/person\/5a9774f17e4940e2510bfeba90f04f65"},"description":"Costretta a sposare suo zio, Pola \u00e8 scappata di casa e ha trovato rifugio presso il centro di accoglienza di Bissau di Mani Tese. Ora vuole studiare per poter essere indipendente.","breadcrumb":{"@id":"https:\/\/www.manitese.it\/en\/storie-di-donne-pola-sfuggita-a-un-matrimonio-forzato\/#breadcrumb"},"inLanguage":"en-US","potentialAction":[{"@type":"ReadAction","target":["https:\/\/www.manitese.it\/en\/storie-di-donne-pola-sfuggita-a-un-matrimonio-forzato\/"]}]},{"@type":"ImageObject","inLanguage":"en-US","@id":"https:\/\/www.manitese.it\/en\/storie-di-donne-pola-sfuggita-a-un-matrimonio-forzato\/#primaryimage","url":"https:\/\/www.manitese.it\/wp-content\/uploads\/2023\/02\/Testimonianza-Pola.jpeg","contentUrl":"https:\/\/www.manitese.it\/wp-content\/uploads\/2023\/02\/Testimonianza-Pola.jpeg","width":1024,"height":910},{"@type":"BreadcrumbList","@id":"https:\/\/www.manitese.it\/en\/storie-di-donne-pola-sfuggita-a-un-matrimonio-forzato\/#breadcrumb","itemListElement":[{"@type":"ListItem","position":1,"name":"Home","item":"https:\/\/www.manitese.it\/en\/"},{"@type":"ListItem","position":2,"name":"Storie di donne: Pola, sfuggita a un matrimonio forzato"}]},{"@type":"WebSite","@id":"https:\/\/www.manitese.it\/en\/#website","url":"https:\/\/www.manitese.it\/en\/","name":"Mani Tese","description":"","potentialAction":[{"@type":"SearchAction","target":{"@type":"EntryPoint","urlTemplate":"https:\/\/www.manitese.it\/en\/?s={search_term_string}"},"query-input":{"@type":"PropertyValueSpecification","valueRequired":true,"valueName":"search_term_string"}}],"inLanguage":"en-US"},{"@type":"Person","@id":"https:\/\/www.manitese.it\/en\/#\/schema\/person\/5a9774f17e4940e2510bfeba90f04f65","name":"agevis","image":{"@type":"ImageObject","inLanguage":"en-US","@id":"https:\/\/secure.gravatar.com\/avatar\/2dc96c93fcf3387a5922a93b50fb3bff01d4800590fb6a4ab91a034adb25ba17?s=96&d=mm&r=g","url":"https:\/\/secure.gravatar.com\/avatar\/2dc96c93fcf3387a5922a93b50fb3bff01d4800590fb6a4ab91a034adb25ba17?s=96&d=mm&r=g","contentUrl":"https:\/\/secure.gravatar.com\/avatar\/2dc96c93fcf3387a5922a93b50fb3bff01d4800590fb6a4ab91a034adb25ba17?s=96&d=mm&r=g","caption":"agevis"},"url":"https:\/\/www.manitese.it\/en\/author\/wp_agevis_admin\/"}]}},"jetpack_featured_media_url":"https:\/\/www.manitese.it\/wp-content\/uploads\/2023\/02\/Testimonianza-Pola.jpeg","jetpack_sharing_enabled":true,"_links":{"self":[{"href":"https:\/\/www.manitese.it\/en\/wp-json\/wp\/v2\/posts\/169421","targetHints":{"allow":["GET"]}}],"collection":[{"href":"https:\/\/www.manitese.it\/en\/wp-json\/wp\/v2\/posts"}],"about":[{"href":"https:\/\/www.manitese.it\/en\/wp-json\/wp\/v2\/types\/post"}],"author":[{"embeddable":true,"href":"https:\/\/www.manitese.it\/en\/wp-json\/wp\/v2\/users\/1"}],"replies":[{"embeddable":true,"href":"https:\/\/www.manitese.it\/en\/wp-json\/wp\/v2\/comments?post=169421"}],"version-history":[{"count":3,"href":"https:\/\/www.manitese.it\/en\/wp-json\/wp\/v2\/posts\/169421\/revisions"}],"predecessor-version":[{"id":191599,"href":"https:\/\/www.manitese.it\/en\/wp-json\/wp\/v2\/posts\/169421\/revisions\/191599"}],"wp:featuredmedia":[{"embeddable":true,"href":"https:\/\/www.manitese.it\/en\/wp-json\/wp\/v2\/media\/169422"}],"wp:attachment":[{"href":"https:\/\/www.manitese.it\/en\/wp-json\/wp\/v2\/media?parent=169421"}],"wp:term":[{"taxonomy":"category","embeddable":true,"href":"https:\/\/www.manitese.it\/en\/wp-json\/wp\/v2\/categories?post=169421"},{"taxonomy":"post_tag","embeddable":true,"href":"https:\/\/www.manitese.it\/en\/wp-json\/wp\/v2\/tags?post=169421"},{"taxonomy":"thematic_area","embeddable":true,"href":"https:\/\/www.manitese.it\/en\/wp-json\/wp\/v2\/thematic_area?post=169421"}],"curies":[{"name":"wp","href":"https:\/\/api.w.org\/{rel}","templated":true}]}}