{"id":169413,"date":"2023-02-23T09:26:47","date_gmt":"2023-02-23T08:26:47","guid":{"rendered":"https:\/\/manitese.it\/?p=169413"},"modified":"2023-11-29T12:27:12","modified_gmt":"2023-11-29T11:27:12","slug":"storie-di-donne-aisha-non-vuole-piu-morire","status":"publish","type":"post","link":"https:\/\/www.manitese.it\/en\/storie-di-donne-aisha-non-vuole-piu-morire\/","title":{"rendered":"Storie di donne: Aisha non vuole pi\u00f9 morire"},"content":{"rendered":"\r\n<p><em>Di Marika Sottile, coordinatrice del progetto \u201cNo tene diritu a um vida sem viol\u00eancia\u201d di Mani Tese<\/em><\/p>\r\n\r\n\r\n\r\n<p>Mi chiamo Marika Sottile e lavoro in Guinea-Bissau come coordinatrice del progetto <strong><em><u><a href=\"https:\/\/manitese.it\/progetto\/no-tene-diritu-a-um-vida-sem-violencia\" data-type=\"URL\" data-id=\"https:\/\/manitese.it\/progetto\/no-tene-diritu-a-um-vida-sem-violencia\">No tene diritu a um vida sem viol\u00eancia<\/a><\/u><\/em><\/strong> finanziato dall\u2019Unione Europea e promosso da Mani Tese in partenariato con FEC &#8211; F\u00e9 e Coopera\u00e7\u00e3o, ENGIM &#8211; Fondazione Ente Nazionale Giuseppini Murialdo, AMIC \u2013 Associa\u00e7\u00e3o dos Amigos da Crian\u00e7a.<\/p>\r\n\r\n\r\n\r\n<p>Per farvi capire l\u2019importanza di questo progetto, voglio raccontarvi <strong>un episodio che mi \u00e8 accaduto.<\/strong><\/p>\r\n\r\n\r\n\r\n<p>Una domenica pomeriggio del mese di ottobre scorso stavo facendo una passeggiata nel centro della citt\u00e0 di Bissau con la mia coinquilina, quando abbiamo incontrato Aisha*.<\/p>\r\n\r\n\r\n\r\n<p>Nascosta dietro un camion, accovacciata su stessa, Aisha, non appena ci ha viste, si \u00e8 avvicinata a noi e ci ha chiesto aiuto perch\u00e9 stava molto male. Subito dopo, infatti, ha iniziato a vomitare.<\/p>\r\n\r\n\r\n\r\n<p><strong>Aisha stava soffrendo di depressione post-parto.<\/strong> Era scappata dalla casa di sua zia, aveva comprato dell\u2019acido e l\u2019aveva bevuto con l\u2019idea di voler morire e di doverlo meritare perch\u00e9 non provava nessun amore per il figlio nato nove mesi prima e avuto da un uomo che l\u2019aveva abbandonata.<\/p>\r\n\r\n\r\n\r\n<p>Non aveva con s\u00e9 n\u00e9 soldi, n\u00e9 documenti, n\u00e9 telefono.<\/p>\r\n\r\n\r\n\r\n<p><strong>Aisha aveva assolutamente bisogno di un servizio di primo soccorso urgente.<\/strong> Non abbiamo trovato un\u2019ambulanza cos\u00ec abbiamo chiamato un taxi e l\u2019abbiamo portata noi stesse all\u2019ospedale centrale di Bissau, dove abbiamo atteso a lungo prima che potesse effettuare tutti gli esami necessari. L\u2019ospedale, per altro, era sprovvisto sia di flebo che di siringhe, che abbiamo dovuto comprare noi in farmacia.<\/p>\r\n\r\n\r\n\r\n<p>Aisha, a causa delle sue condizioni precarie di salute, sarebbe dovuta rimanere sotto sorveglianza quella notte ma all\u2019ospedale non c\u2019era posto. L\u2019unico luogo che poteva ospitarla per qualche tempo era <strong>il Centro di Accoglienza per le vittime di violenza di genere di Bissau, <\/strong>gestito da AMIC e sostenuto da Mani Tese, la ONG per cui lavoro.<\/p>\r\n\r\n\r\n\r\n<p>Cos\u00ec ho chiamato Laudolino, responsabile del Centro, che, nonostante le tante difficolt\u00e0 della struttura, ha subito accettato di prendersi cura di Aisha. <strong>Presso il centro, la ragazza ha ricevuto dei pasti adeguati, \u00e8 stata accompagnata a svolgere una radiografia e ha ricevuto le medicine per la sua ripresa psico-fisica.<\/strong><\/p>\r\n\r\n\r\n\r\n<p><strong>Aisha \u00e8 rimasta al centro una settimana.<\/strong> Nel frattempo, lo staff del centro si \u00e8 attivato per ritrovare la sua famiglia, che ha infine deciso di sostenerla incoraggiandola a intraprendere un percorso psico-fisico di recupero. Con le dovute precauzioni, Aisha \u00e8 stata reinserita dal personale del centro che ne ha verificato la sua effettiva ripresa e il suo benessere.<\/p>\r\n\r\n\r\n\r\n<p><strong>Qui in Guinea-Bissau l\u2019assistenza sanitaria e sociale \u00e8 pressoch\u00e9 assente e le persone si sentono abbandonate a s\u00e9 stesse. Soprattutto le donne, spesso purtroppo vittime di violenza<\/strong>. Per fortuna ci sono organizzazioni locali che tentano di sopperire alla mancanza dei servizi ma che hanno bisogno di tutto il sostegno possibile.<\/p>\r\n\r\n\r\n\r\n<p>Per questo, <strong>Mani Tese sta lavorando per supportare gli unici due centri di accoglienza per le donne nel Paese<\/strong>, da un lato, potenziando la protezione delle vittime di violenza di genere e, dall\u2019altro, aiutandoli a raggiungere l\u2019autosufficienza economica.<\/p>\r\n\r\n\r\n\r\n<p>Si tratta per\u00f2 di un processo che richiede tempo e risorse. <strong>Nel frattempo, le ragazze e le donne vittime di violenza di genere continuano ad arrivare ai centri e non possono aspettare. Hanno bisogno di aiuto e ne hanno bisogno subito.<\/strong><\/p>\r\n\r\n\r\n\r\n<p>Aisha al centro di Bissau ha sentito il supporto di tutti coloro che l\u2019hanno sostenuta e <strong>questo l\u2019ha convinta che non meritasse di morire <\/strong>ma che poteva trovare altrove il sostegno che non ha ricevuto dal padre di suo figlio.<\/p>\r\n\r\n\r\n\r\n<p><strong>Vorrei fare un appello a chiunque possa darci una mano a supportare i due centri di accoglienza per le donne vittime di violenza di genere del Paese<\/strong>: <a href=\"https:\/\/regalisolidali.manitese.it\/ricorrenza.php?titolo=ogni-giorno-%C3%A8-la-festa-della-donna\" data-type=\"URL\" data-id=\"https:\/\/regalisolidali.manitese.it\/ricorrenza.php?titolo=ogni-giorno-%C3%A8-la-festa-della-donna\"><strong><u>bastano davvero pochi euro per aiutarci a comprare, per esempio, una medicina o un pasto caldo per queste ragazze<\/u><\/strong> <\/a><\/p>\r\n\r\n\r\n\r\n<p>Grazie per tutto ci\u00f2 che potrete fare per le donne di questo Paese, che meritano, come tutte, di vivere una vita libera dalla violenza.<\/p>\r\n\r\n\r\n\r\n<p><strong><em>&gt; <a href=\"https:\/\/manitese.it\/8-marzo-libere-dalla-violenza\" target=\"_blank\" rel=\"noreferrer noopener\" data-type=\"URL\" data-id=\"https:\/\/manitese.it\/8-marzo-libere-dalla-violenza\">La situazione delle donne in Guinea-Bissau <\/a><\/em><\/strong><\/p>\r\n\r\n\r\n\r\n<p><strong><em>&gt; Approfondisci il nostro progetto in corso \u201c<u><a href=\"https:\/\/manitese.it\/progetto\/no-tene-diritu-a-um-vida-sem-violencia\" data-type=\"URL\" data-id=\"https:\/\/manitese.it\/progetto\/no-tene-diritu-a-um-vida-sem-violencia\">NO TENE DIRITU A UM VIDA SEM VIOL\u00caNCIA\u201d &#8211; Rafforzamento dei meccanismi di protezione delle vittime di gbv e promozione dei diritti delle donne in Guinea-Bissau<\/a><\/u>\u201d finanziato dall\u2019<a href=\"https:\/\/european-union.europa.eu\/\" target=\"_blank\" rel=\"noreferrer noopener\" data-type=\"URL\" data-id=\"https:\/\/european-union.europa.eu\/\">Unione Europea <\/a>e promosso da Mani Tese in partenariato con FEC &#8211; F\u00e9 e Coopera\u00e7\u00e3o, ENGIM &#8211; Fondazione Ente Nazionale Giuseppini Murialdo, AMIC \u2013 Associa\u00e7\u00e3o dos Amigos da Crian\u00e7a.<\/em><\/strong><\/p>\r\n\r\n\r\n\r\n<p><em>*Nome di fantasia per tutelare la privacy della ragazza.<\/em><\/p>\r\n","protected":false},"excerpt":{"rendered":"<p>La nostra cooperante in Guinea-Bissau ci racconta l\u2019esperienza di una ragazza madre abbandonata dal compagno, che ha ricominciato a vivere grazie al centro di accog<\/p>\n","protected":false},"author":1,"featured_media":169414,"comment_status":"open","ping_status":"open","sticky":false,"template":"","format":"standard","meta":{"_acf_changed":false,"give_campaign_id":0,"inline_featured_image":false,"_jetpack_memberships_contains_paid_content":false,"footnotes":""},"categories":[1],"tags":[],"thematic_area":[909,908,912],"class_list":["post-169413","post","type-post","status-publish","format-standard","has-post-thumbnail","hentry","category-news","thematic_area-inclusione-sociale","thematic_area-parita-di-genere","thematic_area-pace-e-coesione-sociale"],"acf":[],"yoast_head":"<!-- This site is optimized with the Yoast SEO plugin v27.5 - https:\/\/yoast.com\/product\/yoast-seo-wordpress\/ -->\n<title>Storie di donne: Aisha non vuole pi\u00f9 morire - Mani Tese<\/title>\n<meta name=\"description\" content=\"La nostra cooperante in Guinea-Bissau ci racconta l\u2019esperienza di una ragazza madre abbandonata dal compagno, che ha ricominciato a vivere grazie al centro di accoglienza di Bissau.\" \/>\n<meta name=\"robots\" content=\"index, follow, max-snippet:-1, max-image-preview:large, max-video-preview:-1\" \/>\n<link rel=\"canonical\" href=\"https:\/\/www.manitese.it\/en\/storie-di-donne-aisha-non-vuole-piu-morire\/\" \/>\n<meta property=\"og:locale\" content=\"en_US\" \/>\n<meta property=\"og:type\" content=\"article\" \/>\n<meta property=\"og:title\" content=\"Storie di donne: Aisha non vuole pi\u00f9 morire - Mani Tese\" \/>\n<meta property=\"og:description\" content=\"La nostra cooperante in Guinea-Bissau ci racconta l\u2019esperienza di una ragazza madre abbandonata dal compagno, che ha ricominciato a vivere grazie al centro di accoglienza di Bissau.\" \/>\n<meta property=\"og:url\" content=\"https:\/\/www.manitese.it\/en\/storie-di-donne-aisha-non-vuole-piu-morire\/\" \/>\n<meta property=\"og:site_name\" content=\"Mani Tese\" \/>\n<meta property=\"article:published_time\" content=\"2023-02-23T08:26:47+00:00\" \/>\n<meta property=\"article:modified_time\" content=\"2023-11-29T11:27:12+00:00\" \/>\n<meta property=\"og:image\" content=\"https:\/\/www.manitese.it\/wp-content\/uploads\/2023\/02\/Testimonianza-Aisha.jpeg\" \/>\n\t<meta property=\"og:image:width\" content=\"1080\" \/>\n\t<meta property=\"og:image:height\" content=\"681\" \/>\n\t<meta property=\"og:image:type\" content=\"image\/jpeg\" \/>\n<meta name=\"author\" content=\"agevis\" \/>\n<meta name=\"twitter:card\" content=\"summary_large_image\" \/>\n<meta name=\"twitter:label1\" content=\"Written by\" \/>\n\t<meta name=\"twitter:data1\" content=\"agevis\" \/>\n\t<meta name=\"twitter:label2\" content=\"Est. reading time\" \/>\n\t<meta name=\"twitter:data2\" content=\"4 minutes\" \/>\n<script type=\"application\/ld+json\" class=\"yoast-schema-graph\">{\"@context\":\"https:\\\/\\\/schema.org\",\"@graph\":[{\"@type\":\"Article\",\"@id\":\"https:\\\/\\\/www.manitese.it\\\/en\\\/storie-di-donne-aisha-non-vuole-piu-morire\\\/#article\",\"isPartOf\":{\"@id\":\"https:\\\/\\\/www.manitese.it\\\/en\\\/storie-di-donne-aisha-non-vuole-piu-morire\\\/\"},\"author\":{\"name\":\"agevis\",\"@id\":\"https:\\\/\\\/www.manitese.it\\\/en\\\/#\\\/schema\\\/person\\\/5a9774f17e4940e2510bfeba90f04f65\"},\"headline\":\"Storie di donne: Aisha non vuole pi\u00f9 morire\",\"datePublished\":\"2023-02-23T08:26:47+00:00\",\"dateModified\":\"2023-11-29T11:27:12+00:00\",\"mainEntityOfPage\":{\"@id\":\"https:\\\/\\\/www.manitese.it\\\/en\\\/storie-di-donne-aisha-non-vuole-piu-morire\\\/\"},\"wordCount\":769,\"commentCount\":0,\"image\":{\"@id\":\"https:\\\/\\\/www.manitese.it\\\/en\\\/storie-di-donne-aisha-non-vuole-piu-morire\\\/#primaryimage\"},\"thumbnailUrl\":\"https:\\\/\\\/www.manitese.it\\\/wp-content\\\/uploads\\\/2023\\\/02\\\/Testimonianza-Aisha.jpeg\",\"articleSection\":[\"News\"],\"inLanguage\":\"en-US\",\"potentialAction\":[{\"@type\":\"CommentAction\",\"name\":\"Comment\",\"target\":[\"https:\\\/\\\/www.manitese.it\\\/en\\\/storie-di-donne-aisha-non-vuole-piu-morire\\\/#respond\"]}]},{\"@type\":\"WebPage\",\"@id\":\"https:\\\/\\\/www.manitese.it\\\/en\\\/storie-di-donne-aisha-non-vuole-piu-morire\\\/\",\"url\":\"https:\\\/\\\/www.manitese.it\\\/en\\\/storie-di-donne-aisha-non-vuole-piu-morire\\\/\",\"name\":\"Storie di donne: Aisha non vuole pi\u00f9 morire - Mani Tese\",\"isPartOf\":{\"@id\":\"https:\\\/\\\/www.manitese.it\\\/en\\\/#website\"},\"primaryImageOfPage\":{\"@id\":\"https:\\\/\\\/www.manitese.it\\\/en\\\/storie-di-donne-aisha-non-vuole-piu-morire\\\/#primaryimage\"},\"image\":{\"@id\":\"https:\\\/\\\/www.manitese.it\\\/en\\\/storie-di-donne-aisha-non-vuole-piu-morire\\\/#primaryimage\"},\"thumbnailUrl\":\"https:\\\/\\\/www.manitese.it\\\/wp-content\\\/uploads\\\/2023\\\/02\\\/Testimonianza-Aisha.jpeg\",\"datePublished\":\"2023-02-23T08:26:47+00:00\",\"dateModified\":\"2023-11-29T11:27:12+00:00\",\"author\":{\"@id\":\"https:\\\/\\\/www.manitese.it\\\/en\\\/#\\\/schema\\\/person\\\/5a9774f17e4940e2510bfeba90f04f65\"},\"description\":\"La nostra cooperante in Guinea-Bissau ci racconta l\u2019esperienza di una ragazza madre abbandonata dal compagno, che ha ricominciato a vivere grazie al centro di accoglienza di Bissau.\",\"breadcrumb\":{\"@id\":\"https:\\\/\\\/www.manitese.it\\\/en\\\/storie-di-donne-aisha-non-vuole-piu-morire\\\/#breadcrumb\"},\"inLanguage\":\"en-US\",\"potentialAction\":[{\"@type\":\"ReadAction\",\"target\":[\"https:\\\/\\\/www.manitese.it\\\/en\\\/storie-di-donne-aisha-non-vuole-piu-morire\\\/\"]}]},{\"@type\":\"ImageObject\",\"inLanguage\":\"en-US\",\"@id\":\"https:\\\/\\\/www.manitese.it\\\/en\\\/storie-di-donne-aisha-non-vuole-piu-morire\\\/#primaryimage\",\"url\":\"https:\\\/\\\/www.manitese.it\\\/wp-content\\\/uploads\\\/2023\\\/02\\\/Testimonianza-Aisha.jpeg\",\"contentUrl\":\"https:\\\/\\\/www.manitese.it\\\/wp-content\\\/uploads\\\/2023\\\/02\\\/Testimonianza-Aisha.jpeg\",\"width\":1080,\"height\":681,\"caption\":\"Testimonianza Aisha\"},{\"@type\":\"BreadcrumbList\",\"@id\":\"https:\\\/\\\/www.manitese.it\\\/en\\\/storie-di-donne-aisha-non-vuole-piu-morire\\\/#breadcrumb\",\"itemListElement\":[{\"@type\":\"ListItem\",\"position\":1,\"name\":\"Home\",\"item\":\"https:\\\/\\\/www.manitese.it\\\/en\\\/\"},{\"@type\":\"ListItem\",\"position\":2,\"name\":\"Storie di donne: Aisha non vuole pi\u00f9 morire\"}]},{\"@type\":\"WebSite\",\"@id\":\"https:\\\/\\\/www.manitese.it\\\/en\\\/#website\",\"url\":\"https:\\\/\\\/www.manitese.it\\\/en\\\/\",\"name\":\"Mani Tese\",\"description\":\"\",\"potentialAction\":[{\"@type\":\"SearchAction\",\"target\":{\"@type\":\"EntryPoint\",\"urlTemplate\":\"https:\\\/\\\/www.manitese.it\\\/en\\\/?s={search_term_string}\"},\"query-input\":{\"@type\":\"PropertyValueSpecification\",\"valueRequired\":true,\"valueName\":\"search_term_string\"}}],\"inLanguage\":\"en-US\"},{\"@type\":\"Person\",\"@id\":\"https:\\\/\\\/www.manitese.it\\\/en\\\/#\\\/schema\\\/person\\\/5a9774f17e4940e2510bfeba90f04f65\",\"name\":\"agevis\",\"image\":{\"@type\":\"ImageObject\",\"inLanguage\":\"en-US\",\"@id\":\"https:\\\/\\\/secure.gravatar.com\\\/avatar\\\/2dc96c93fcf3387a5922a93b50fb3bff01d4800590fb6a4ab91a034adb25ba17?s=96&d=mm&r=g\",\"url\":\"https:\\\/\\\/secure.gravatar.com\\\/avatar\\\/2dc96c93fcf3387a5922a93b50fb3bff01d4800590fb6a4ab91a034adb25ba17?s=96&d=mm&r=g\",\"contentUrl\":\"https:\\\/\\\/secure.gravatar.com\\\/avatar\\\/2dc96c93fcf3387a5922a93b50fb3bff01d4800590fb6a4ab91a034adb25ba17?s=96&d=mm&r=g\",\"caption\":\"agevis\"},\"url\":\"https:\\\/\\\/www.manitese.it\\\/en\\\/author\\\/wp_agevis_admin\\\/\"}]}<\/script>\n<!-- \/ Yoast SEO plugin. -->","yoast_head_json":{"title":"Storie di donne: Aisha non vuole pi\u00f9 morire - Mani Tese","description":"La nostra cooperante in Guinea-Bissau ci racconta l\u2019esperienza di una ragazza madre abbandonata dal compagno, che ha ricominciato a vivere grazie al centro di accoglienza di Bissau.","robots":{"index":"index","follow":"follow","max-snippet":"max-snippet:-1","max-image-preview":"max-image-preview:large","max-video-preview":"max-video-preview:-1"},"canonical":"https:\/\/www.manitese.it\/en\/storie-di-donne-aisha-non-vuole-piu-morire\/","og_locale":"en_US","og_type":"article","og_title":"Storie di donne: Aisha non vuole pi\u00f9 morire - Mani Tese","og_description":"La nostra cooperante in Guinea-Bissau ci racconta l\u2019esperienza di una ragazza madre abbandonata dal compagno, che ha ricominciato a vivere grazie al centro di accoglienza di Bissau.","og_url":"https:\/\/www.manitese.it\/en\/storie-di-donne-aisha-non-vuole-piu-morire\/","og_site_name":"Mani Tese","article_published_time":"2023-02-23T08:26:47+00:00","article_modified_time":"2023-11-29T11:27:12+00:00","og_image":[{"width":1080,"height":681,"url":"https:\/\/www.manitese.it\/wp-content\/uploads\/2023\/02\/Testimonianza-Aisha.jpeg","type":"image\/jpeg"}],"author":"agevis","twitter_card":"summary_large_image","twitter_misc":{"Written by":"agevis","Est. reading time":"4 minutes"},"schema":{"@context":"https:\/\/schema.org","@graph":[{"@type":"Article","@id":"https:\/\/www.manitese.it\/en\/storie-di-donne-aisha-non-vuole-piu-morire\/#article","isPartOf":{"@id":"https:\/\/www.manitese.it\/en\/storie-di-donne-aisha-non-vuole-piu-morire\/"},"author":{"name":"agevis","@id":"https:\/\/www.manitese.it\/en\/#\/schema\/person\/5a9774f17e4940e2510bfeba90f04f65"},"headline":"Storie di donne: Aisha non vuole pi\u00f9 morire","datePublished":"2023-02-23T08:26:47+00:00","dateModified":"2023-11-29T11:27:12+00:00","mainEntityOfPage":{"@id":"https:\/\/www.manitese.it\/en\/storie-di-donne-aisha-non-vuole-piu-morire\/"},"wordCount":769,"commentCount":0,"image":{"@id":"https:\/\/www.manitese.it\/en\/storie-di-donne-aisha-non-vuole-piu-morire\/#primaryimage"},"thumbnailUrl":"https:\/\/www.manitese.it\/wp-content\/uploads\/2023\/02\/Testimonianza-Aisha.jpeg","articleSection":["News"],"inLanguage":"en-US","potentialAction":[{"@type":"CommentAction","name":"Comment","target":["https:\/\/www.manitese.it\/en\/storie-di-donne-aisha-non-vuole-piu-morire\/#respond"]}]},{"@type":"WebPage","@id":"https:\/\/www.manitese.it\/en\/storie-di-donne-aisha-non-vuole-piu-morire\/","url":"https:\/\/www.manitese.it\/en\/storie-di-donne-aisha-non-vuole-piu-morire\/","name":"Storie di donne: Aisha non vuole pi\u00f9 morire - Mani Tese","isPartOf":{"@id":"https:\/\/www.manitese.it\/en\/#website"},"primaryImageOfPage":{"@id":"https:\/\/www.manitese.it\/en\/storie-di-donne-aisha-non-vuole-piu-morire\/#primaryimage"},"image":{"@id":"https:\/\/www.manitese.it\/en\/storie-di-donne-aisha-non-vuole-piu-morire\/#primaryimage"},"thumbnailUrl":"https:\/\/www.manitese.it\/wp-content\/uploads\/2023\/02\/Testimonianza-Aisha.jpeg","datePublished":"2023-02-23T08:26:47+00:00","dateModified":"2023-11-29T11:27:12+00:00","author":{"@id":"https:\/\/www.manitese.it\/en\/#\/schema\/person\/5a9774f17e4940e2510bfeba90f04f65"},"description":"La nostra cooperante in Guinea-Bissau ci racconta l\u2019esperienza di una ragazza madre abbandonata dal compagno, che ha ricominciato a vivere grazie al centro di accoglienza di Bissau.","breadcrumb":{"@id":"https:\/\/www.manitese.it\/en\/storie-di-donne-aisha-non-vuole-piu-morire\/#breadcrumb"},"inLanguage":"en-US","potentialAction":[{"@type":"ReadAction","target":["https:\/\/www.manitese.it\/en\/storie-di-donne-aisha-non-vuole-piu-morire\/"]}]},{"@type":"ImageObject","inLanguage":"en-US","@id":"https:\/\/www.manitese.it\/en\/storie-di-donne-aisha-non-vuole-piu-morire\/#primaryimage","url":"https:\/\/www.manitese.it\/wp-content\/uploads\/2023\/02\/Testimonianza-Aisha.jpeg","contentUrl":"https:\/\/www.manitese.it\/wp-content\/uploads\/2023\/02\/Testimonianza-Aisha.jpeg","width":1080,"height":681,"caption":"Testimonianza Aisha"},{"@type":"BreadcrumbList","@id":"https:\/\/www.manitese.it\/en\/storie-di-donne-aisha-non-vuole-piu-morire\/#breadcrumb","itemListElement":[{"@type":"ListItem","position":1,"name":"Home","item":"https:\/\/www.manitese.it\/en\/"},{"@type":"ListItem","position":2,"name":"Storie di donne: Aisha non vuole pi\u00f9 morire"}]},{"@type":"WebSite","@id":"https:\/\/www.manitese.it\/en\/#website","url":"https:\/\/www.manitese.it\/en\/","name":"Mani Tese","description":"","potentialAction":[{"@type":"SearchAction","target":{"@type":"EntryPoint","urlTemplate":"https:\/\/www.manitese.it\/en\/?s={search_term_string}"},"query-input":{"@type":"PropertyValueSpecification","valueRequired":true,"valueName":"search_term_string"}}],"inLanguage":"en-US"},{"@type":"Person","@id":"https:\/\/www.manitese.it\/en\/#\/schema\/person\/5a9774f17e4940e2510bfeba90f04f65","name":"agevis","image":{"@type":"ImageObject","inLanguage":"en-US","@id":"https:\/\/secure.gravatar.com\/avatar\/2dc96c93fcf3387a5922a93b50fb3bff01d4800590fb6a4ab91a034adb25ba17?s=96&d=mm&r=g","url":"https:\/\/secure.gravatar.com\/avatar\/2dc96c93fcf3387a5922a93b50fb3bff01d4800590fb6a4ab91a034adb25ba17?s=96&d=mm&r=g","contentUrl":"https:\/\/secure.gravatar.com\/avatar\/2dc96c93fcf3387a5922a93b50fb3bff01d4800590fb6a4ab91a034adb25ba17?s=96&d=mm&r=g","caption":"agevis"},"url":"https:\/\/www.manitese.it\/en\/author\/wp_agevis_admin\/"}]}},"jetpack_featured_media_url":"https:\/\/www.manitese.it\/wp-content\/uploads\/2023\/02\/Testimonianza-Aisha.jpeg","jetpack_sharing_enabled":true,"_links":{"self":[{"href":"https:\/\/www.manitese.it\/en\/wp-json\/wp\/v2\/posts\/169413","targetHints":{"allow":["GET"]}}],"collection":[{"href":"https:\/\/www.manitese.it\/en\/wp-json\/wp\/v2\/posts"}],"about":[{"href":"https:\/\/www.manitese.it\/en\/wp-json\/wp\/v2\/types\/post"}],"author":[{"embeddable":true,"href":"https:\/\/www.manitese.it\/en\/wp-json\/wp\/v2\/users\/1"}],"replies":[{"embeddable":true,"href":"https:\/\/www.manitese.it\/en\/wp-json\/wp\/v2\/comments?post=169413"}],"version-history":[{"count":3,"href":"https:\/\/www.manitese.it\/en\/wp-json\/wp\/v2\/posts\/169413\/revisions"}],"predecessor-version":[{"id":191570,"href":"https:\/\/www.manitese.it\/en\/wp-json\/wp\/v2\/posts\/169413\/revisions\/191570"}],"wp:featuredmedia":[{"embeddable":true,"href":"https:\/\/www.manitese.it\/en\/wp-json\/wp\/v2\/media\/169414"}],"wp:attachment":[{"href":"https:\/\/www.manitese.it\/en\/wp-json\/wp\/v2\/media?parent=169413"}],"wp:term":[{"taxonomy":"category","embeddable":true,"href":"https:\/\/www.manitese.it\/en\/wp-json\/wp\/v2\/categories?post=169413"},{"taxonomy":"post_tag","embeddable":true,"href":"https:\/\/www.manitese.it\/en\/wp-json\/wp\/v2\/tags?post=169413"},{"taxonomy":"thematic_area","embeddable":true,"href":"https:\/\/www.manitese.it\/en\/wp-json\/wp\/v2\/thematic_area?post=169413"}],"curies":[{"name":"wp","href":"https:\/\/api.w.org\/{rel}","templated":true}]}}