{"id":169401,"date":"2023-02-23T09:23:09","date_gmt":"2023-02-23T08:23:09","guid":{"rendered":"https:\/\/manitese.it\/?p=169401"},"modified":"2023-11-29T15:27:12","modified_gmt":"2023-11-29T14:27:12","slug":"8-marzo-libere-dalla-violenza","status":"publish","type":"post","link":"https:\/\/www.manitese.it\/en\/8-marzo-libere-dalla-violenza\/","title":{"rendered":"8 Marzo: libere dalla violenza"},"content":{"rendered":"\r\n<p>La <strong>Guinea-Bissau<\/strong> \u00e8 un piccolo Paese dell\u2019Africa Occidentale con un altissimo indice di povert\u00e0, una forte instabilit\u00e0 politica e una grave carenza di lavoro e risorse. \u00c8 un Paese di cui si parla poco, dove Mani Tese \u00e8 presente da pi\u00f9 di 40 anni per sostenere, in particolare, le donne.<\/p>\r\n\r\n\r\n\r\n<p><strong>In Guinea-Bissau la disuguaglianza e la violenza di genere sono a livelli allarmanti.<\/strong><\/p>\r\n\r\n\r\n\r\n<p><strong>Pi\u00f9 della met\u00e0 delle donne (il 52%) ha subito mutilazione genitale femminile<\/strong>. Si tratta, soprattutto, di bambine tra gli 0 e i 14 anni (30%). In uno studio realizzato nel 2021 nel quadro del progetto NO NA CUIDA DE NO VIDA, MINDJER!, in particolare, ben il 60% delle donne intervistate ha confessato di aver subito questa pratica.<\/p>\r\n\r\n\r\n\r\n<p><strong>Moltissime donne hanno subito o subiscono violenza.<\/strong> Il 67% delle donne intervistate ha dichiarato di essere stata vittima di almeno un tipo di violenza. In particolare, delle 978 donne intervistate che hanno o hanno avuto un partner, ben 613 hanno affermato di aver subito violenza da quest\u2019ultimo.<\/p>\r\n\r\n\r\n\r\n<p><strong>Pochissime sono le donne che denunciano gli atti di violenza<\/strong>. Il 68% non ha raccontato a nessuno l&#8217;accaduto e solo lo 0,5% lo ha riferito a un medico.<\/p>\r\n\r\n\r\n\r\n<p><strong>Tantissime ragazze sono costrette a matrimoni forzati e precoci<\/strong>. Su 871 donne che hanno risposto alla domanda sulla decisione del loro matrimonio, solo 22 donne (2,5%) hanno dichiarato di avere deciso da sole di sposarsi e 73 (8,4%) hanno preso questa decisione come coppia. <strong>Nella stragrande maggioranza dei casi, (81,1% delle donne), il matrimonio \u00e8 stato deciso dalla famiglia del marito<\/strong>.<\/p>\r\n\r\n\r\n\r\n<p>Lontane dai riflettori e da ogni forma di assistenza, <strong>molte donne in Guinea-Bissau non hanno nessuno su cui contare, se non il personale degli unici due centri di accoglienza per vittime di violenza di genere presenti in tutto il Paese e sostenuti da Mani Tese: il centro di Bissau e quello, pi\u00f9 recente, di S\u00e3o Domingos.<\/strong><\/p>\r\n\r\n\r\n\r\n<p>Bambine che hanno sub\u00ecto mutilazioni genitali, ragazzine costrette a sposarsi con uomini molto pi\u00f9 grandi di loro, donne abusate dai propri compagni o famigliari&#8230;<strong>Questi centri di accoglienza rappresentano, a oggi, l\u2019unica speranza di sopravvivenza per tantissime di loro.<\/strong><\/p>\r\n\r\n\r\n\r\n<p><strong>Mani Tese sta facendo tutto il possibile per mantenerli attivi ma le necessit\u00e0 sono tante e sono urgenti.<\/strong><\/p>\r\n\r\n\r\n\r\n<p><strong>Serve cibo<\/strong> con cui assicurare pasti caldi e completi a tutte le ospiti.<\/p>\r\n\r\n\r\n\r\n<p><strong>Serve un forno<\/strong> con cui preparare gli alimenti non solo per nutrire le donne accolte ma anche per essere venduti e poter generare cos\u00ec un reddito sicuro per il centro.<\/p>\r\n\r\n\r\n\r\n<p><strong>Servono medicine<\/strong> con cui curare le donne vittime di violenza.<\/p>\r\n\r\n\r\n\r\n<p><strong>Serve il carburante per i mezzi di trasporto<\/strong> con cui poterle accompagnare in ospedale in caso di emergenza o per visite di controllo.<\/p>\r\n\r\n\r\n\r\n<p><strong>Servono pi\u00f9 mamme sociali<\/strong>, cos\u00ec come qui vengono chiamate le operatrici dei centri, che forniscono una prima assistenza, preziosissima, anche e soprattutto emotiva alle donne accolte.<\/p>\r\n\r\n\r\n\r\n<p><strong>Servono mura di recinzione pi\u00f9 alte<\/strong> per tenere al sicuro le donne da chi vorrebbe far loro di nuovo del male o riportarle a casa con la forza.<\/p>\r\n\r\n\r\n\r\n<p class=\"has-black-color has-text-color\"><strong><a href=\"https:\/\/regalisolidali.manitese.it\/ricorrenza.php?titolo=ogni-giorno-%C3%A8-la-festa-della-donna\" target=\"_blank\" rel=\"noreferrer noopener\" data-type=\"URL\" data-id=\"https:\/\/regalisolidali.manitese.it\/ricorrenza.php?titolo=ogni-giorno-%C3%A8-la-festa-della-donna\">Per l\u20198 marzo, aiutaci a mantenere attivi i centri di accoglienza con un dono solidale che aiuti tante donne in Guinea-Bissau ad avere un futuro libero dalla violenza<\/a><\/strong><\/p>\r\n\r\n\r\n\r\n<figure class=\"wp-block-image size-large\"><img fetchpriority=\"high\" decoding=\"async\" width=\"1024\" height=\"646\" class=\"wp-image-169402\" src=\"https:\/\/manitese.it\/wp-content\/uploads\/2023\/02\/Libere-dalla-violenza-1024x646.jpeg\" alt=\"Libere dalla violenza\" srcset=\"https:\/\/www.manitese.it\/wp-content\/uploads\/2023\/02\/Libere-dalla-violenza-1024x646.jpeg 1024w, https:\/\/www.manitese.it\/wp-content\/uploads\/2023\/02\/Libere-dalla-violenza-600x378.jpeg 600w, https:\/\/www.manitese.it\/wp-content\/uploads\/2023\/02\/Libere-dalla-violenza-300x189.jpeg 300w, https:\/\/www.manitese.it\/wp-content\/uploads\/2023\/02\/Libere-dalla-violenza-768x484.jpeg 768w, https:\/\/www.manitese.it\/wp-content\/uploads\/2023\/02\/Libere-dalla-violenza-400x252.jpeg 400w, https:\/\/www.manitese.it\/wp-content\/uploads\/2023\/02\/Libere-dalla-violenza.jpeg 1080w\" sizes=\"(max-width: 1024px) 100vw, 1024px\" \/><\/figure>\r\n\r\n\r\n\r\n<p><strong><em>&gt; Leggi le testimonianze di alcune donne accolte presso il centro di Bissau:<\/em><\/strong><\/p>\r\n\r\n\r\n\r\n<ul class=\"wp-block-list\">\r\n<li><a href=\"https:\/\/manitese.it\/storie-di-donne-aisha-non-vuole-piu-morire\" target=\"_blank\" rel=\"noreferrer noopener\" data-type=\"URL\" data-id=\"https:\/\/manitese.it\/storie-di-donne-aisha-non-vuole-piu-morire\">Aisha non vuole pi\u00f9 morire<\/a><\/li>\r\n<li><a href=\"https:\/\/manitese.it\/storie-di-donne-pola-sfuggita-a-un-matrimonio-forzato\" target=\"_blank\" rel=\"noreferrer noopener\" data-type=\"URL\" data-id=\"https:\/\/manitese.it\/storie-di-donne-pola-sfuggita-a-un-matrimonio-forzato\">Pola, sfuggita a un matrimonio forzato<\/a><\/li>\r\n<li><a href=\"https:\/\/manitese.it\/storie-di-donne-graciela-e-finalmente-libera-di-scegliere\" target=\"_blank\" rel=\"noreferrer noopener\" data-type=\"URL\" data-id=\"https:\/\/manitese.it\/storie-di-donne-graciela-e-finalmente-libera-di-scegliere\">Graciela \u00e8 finalmente libera di scegliere<\/a><\/li>\r\n<\/ul>\r\n\r\n\r\n\r\n<p>&nbsp;<\/p>\r\n\r\n\r\n\r\n<p><strong><em>&gt; Approfondisci il nostro progetto in corso \u201c<u><a href=\"https:\/\/manitese.it\/progetto\/no-tene-diritu-a-um-vida-sem-violencia\" data-type=\"URL\" data-id=\"https:\/\/manitese.it\/progetto\/no-tene-diritu-a-um-vida-sem-violencia\">NO TENE DIRITU A UM VIDA SEM VIOL\u00caNCIA\u201d &#8211; Rafforzamento dei meccanismi di protezione delle vittime di gbv e promozione dei diritti delle donne in Guinea-Bissau<\/a><\/u>\u201d finanziato dall\u2019<\/em><\/strong><a href=\"https:\/\/european-union.europa.eu\/\" target=\"_blank\" rel=\"noreferrer noopener\" data-type=\"URL\" data-id=\"https:\/\/european-union.europa.eu\/\"><strong><em>Unione Europea<\/em><\/strong><\/a><strong><em> e promosso da Mani Tese in partenariato con FEC &#8211; F\u00e9 e Coopera\u00e7\u00e3o, ENGIM &#8211; Fondazione Ente Nazionale Giuseppini Murialdo, AMIC \u2013 Associa\u00e7\u00e3o dos Amigos da Crian\u00e7a.<\/em><\/strong><\/p>\r\n","protected":false},"excerpt":{"rendered":"<p>In Guinea-Bissau la disuguaglianza e la violenza di genere sono allarmanti. Aiutaci a sostenere gli unici due centri di accoglienza per le donne presenti nel Paese!<\/p>\n","protected":false},"author":1,"featured_media":169404,"comment_status":"open","ping_status":"open","sticky":false,"template":"","format":"standard","meta":{"_acf_changed":false,"give_campaign_id":0,"inline_featured_image":false,"_jetpack_memberships_contains_paid_content":false,"footnotes":""},"categories":[1],"tags":[57,101],"thematic_area":[909,908,912],"class_list":["post-169401","post","type-post","status-publish","format-standard","has-post-thumbnail","hentry","category-news","tag-guinea-bissau","tag-diritti-2","thematic_area-inclusione-sociale","thematic_area-parita-di-genere","thematic_area-pace-e-coesione-sociale"],"acf":[],"yoast_head":"<!-- This site is optimized with the Yoast SEO plugin v27.5 - https:\/\/yoast.com\/product\/yoast-seo-wordpress\/ -->\n<title>8 Marzo: libere dalla violenza - Mani Tese<\/title>\n<meta name=\"description\" content=\"In Guinea-Bissau la disuguaglianza e la violenza di genere sono allarmanti. Aiutaci a sostenere gli unici due centri di accoglienza per le donne presenti nel Paese!\" \/>\n<meta name=\"robots\" content=\"index, follow, max-snippet:-1, max-image-preview:large, max-video-preview:-1\" \/>\n<link rel=\"canonical\" href=\"https:\/\/www.manitese.it\/en\/8-marzo-libere-dalla-violenza\/\" \/>\n<meta property=\"og:locale\" content=\"en_US\" \/>\n<meta property=\"og:type\" content=\"article\" \/>\n<meta property=\"og:title\" content=\"8 Marzo: libere dalla violenza - Mani Tese\" \/>\n<meta property=\"og:description\" content=\"In Guinea-Bissau la disuguaglianza e la violenza di genere sono allarmanti. Aiutaci a sostenere gli unici due centri di accoglienza per le donne presenti nel Paese!\" \/>\n<meta property=\"og:url\" content=\"https:\/\/www.manitese.it\/en\/8-marzo-libere-dalla-violenza\/\" \/>\n<meta property=\"og:site_name\" content=\"Mani Tese\" \/>\n<meta property=\"article:published_time\" content=\"2023-02-23T08:23:09+00:00\" \/>\n<meta property=\"article:modified_time\" content=\"2023-11-29T14:27:12+00:00\" \/>\n<meta property=\"og:image\" content=\"https:\/\/www.manitese.it\/wp-content\/uploads\/2023\/02\/8-marzo.jpg\" \/>\n\t<meta property=\"og:image:width\" content=\"1921\" \/>\n\t<meta property=\"og:image:height\" content=\"801\" \/>\n\t<meta property=\"og:image:type\" content=\"image\/jpeg\" \/>\n<meta name=\"author\" content=\"agevis\" \/>\n<meta name=\"twitter:card\" content=\"summary_large_image\" \/>\n<meta name=\"twitter:label1\" content=\"Written by\" \/>\n\t<meta name=\"twitter:data1\" content=\"agevis\" \/>\n\t<meta name=\"twitter:label2\" content=\"Est. reading time\" \/>\n\t<meta name=\"twitter:data2\" content=\"3 minutes\" \/>\n<script type=\"application\/ld+json\" class=\"yoast-schema-graph\">{\"@context\":\"https:\\\/\\\/schema.org\",\"@graph\":[{\"@type\":\"Article\",\"@id\":\"https:\\\/\\\/www.manitese.it\\\/en\\\/8-marzo-libere-dalla-violenza\\\/#article\",\"isPartOf\":{\"@id\":\"https:\\\/\\\/www.manitese.it\\\/en\\\/8-marzo-libere-dalla-violenza\\\/\"},\"author\":{\"name\":\"agevis\",\"@id\":\"https:\\\/\\\/www.manitese.it\\\/en\\\/#\\\/schema\\\/person\\\/5a9774f17e4940e2510bfeba90f04f65\"},\"headline\":\"8 Marzo: libere dalla violenza\",\"datePublished\":\"2023-02-23T08:23:09+00:00\",\"dateModified\":\"2023-11-29T14:27:12+00:00\",\"mainEntityOfPage\":{\"@id\":\"https:\\\/\\\/www.manitese.it\\\/en\\\/8-marzo-libere-dalla-violenza\\\/\"},\"wordCount\":612,\"commentCount\":0,\"image\":{\"@id\":\"https:\\\/\\\/www.manitese.it\\\/en\\\/8-marzo-libere-dalla-violenza\\\/#primaryimage\"},\"thumbnailUrl\":\"https:\\\/\\\/www.manitese.it\\\/wp-content\\\/uploads\\\/2023\\\/02\\\/8-marzo.jpg\",\"keywords\":[\"Guinea Bissau\",\"diritti\"],\"articleSection\":[\"News\"],\"inLanguage\":\"en-US\",\"potentialAction\":[{\"@type\":\"CommentAction\",\"name\":\"Comment\",\"target\":[\"https:\\\/\\\/www.manitese.it\\\/en\\\/8-marzo-libere-dalla-violenza\\\/#respond\"]}]},{\"@type\":\"WebPage\",\"@id\":\"https:\\\/\\\/www.manitese.it\\\/en\\\/8-marzo-libere-dalla-violenza\\\/\",\"url\":\"https:\\\/\\\/www.manitese.it\\\/en\\\/8-marzo-libere-dalla-violenza\\\/\",\"name\":\"8 Marzo: libere dalla violenza - Mani Tese\",\"isPartOf\":{\"@id\":\"https:\\\/\\\/www.manitese.it\\\/en\\\/#website\"},\"primaryImageOfPage\":{\"@id\":\"https:\\\/\\\/www.manitese.it\\\/en\\\/8-marzo-libere-dalla-violenza\\\/#primaryimage\"},\"image\":{\"@id\":\"https:\\\/\\\/www.manitese.it\\\/en\\\/8-marzo-libere-dalla-violenza\\\/#primaryimage\"},\"thumbnailUrl\":\"https:\\\/\\\/www.manitese.it\\\/wp-content\\\/uploads\\\/2023\\\/02\\\/8-marzo.jpg\",\"datePublished\":\"2023-02-23T08:23:09+00:00\",\"dateModified\":\"2023-11-29T14:27:12+00:00\",\"author\":{\"@id\":\"https:\\\/\\\/www.manitese.it\\\/en\\\/#\\\/schema\\\/person\\\/5a9774f17e4940e2510bfeba90f04f65\"},\"description\":\"In Guinea-Bissau la disuguaglianza e la violenza di genere sono allarmanti. Aiutaci a sostenere gli unici due centri di accoglienza per le donne presenti nel Paese!\",\"breadcrumb\":{\"@id\":\"https:\\\/\\\/www.manitese.it\\\/en\\\/8-marzo-libere-dalla-violenza\\\/#breadcrumb\"},\"inLanguage\":\"en-US\",\"potentialAction\":[{\"@type\":\"ReadAction\",\"target\":[\"https:\\\/\\\/www.manitese.it\\\/en\\\/8-marzo-libere-dalla-violenza\\\/\"]}]},{\"@type\":\"ImageObject\",\"inLanguage\":\"en-US\",\"@id\":\"https:\\\/\\\/www.manitese.it\\\/en\\\/8-marzo-libere-dalla-violenza\\\/#primaryimage\",\"url\":\"https:\\\/\\\/www.manitese.it\\\/wp-content\\\/uploads\\\/2023\\\/02\\\/8-marzo.jpg\",\"contentUrl\":\"https:\\\/\\\/www.manitese.it\\\/wp-content\\\/uploads\\\/2023\\\/02\\\/8-marzo.jpg\",\"width\":1921,\"height\":801,\"caption\":\"8 Marzo\"},{\"@type\":\"BreadcrumbList\",\"@id\":\"https:\\\/\\\/www.manitese.it\\\/en\\\/8-marzo-libere-dalla-violenza\\\/#breadcrumb\",\"itemListElement\":[{\"@type\":\"ListItem\",\"position\":1,\"name\":\"Home\",\"item\":\"https:\\\/\\\/www.manitese.it\\\/en\\\/\"},{\"@type\":\"ListItem\",\"position\":2,\"name\":\"8 Marzo: libere dalla violenza\"}]},{\"@type\":\"WebSite\",\"@id\":\"https:\\\/\\\/www.manitese.it\\\/en\\\/#website\",\"url\":\"https:\\\/\\\/www.manitese.it\\\/en\\\/\",\"name\":\"Mani Tese\",\"description\":\"\",\"potentialAction\":[{\"@type\":\"SearchAction\",\"target\":{\"@type\":\"EntryPoint\",\"urlTemplate\":\"https:\\\/\\\/www.manitese.it\\\/en\\\/?s={search_term_string}\"},\"query-input\":{\"@type\":\"PropertyValueSpecification\",\"valueRequired\":true,\"valueName\":\"search_term_string\"}}],\"inLanguage\":\"en-US\"},{\"@type\":\"Person\",\"@id\":\"https:\\\/\\\/www.manitese.it\\\/en\\\/#\\\/schema\\\/person\\\/5a9774f17e4940e2510bfeba90f04f65\",\"name\":\"agevis\",\"image\":{\"@type\":\"ImageObject\",\"inLanguage\":\"en-US\",\"@id\":\"https:\\\/\\\/secure.gravatar.com\\\/avatar\\\/2dc96c93fcf3387a5922a93b50fb3bff01d4800590fb6a4ab91a034adb25ba17?s=96&d=mm&r=g\",\"url\":\"https:\\\/\\\/secure.gravatar.com\\\/avatar\\\/2dc96c93fcf3387a5922a93b50fb3bff01d4800590fb6a4ab91a034adb25ba17?s=96&d=mm&r=g\",\"contentUrl\":\"https:\\\/\\\/secure.gravatar.com\\\/avatar\\\/2dc96c93fcf3387a5922a93b50fb3bff01d4800590fb6a4ab91a034adb25ba17?s=96&d=mm&r=g\",\"caption\":\"agevis\"},\"url\":\"https:\\\/\\\/www.manitese.it\\\/en\\\/author\\\/wp_agevis_admin\\\/\"}]}<\/script>\n<!-- \/ Yoast SEO plugin. -->","yoast_head_json":{"title":"8 Marzo: libere dalla violenza - Mani Tese","description":"In Guinea-Bissau la disuguaglianza e la violenza di genere sono allarmanti. Aiutaci a sostenere gli unici due centri di accoglienza per le donne presenti nel Paese!","robots":{"index":"index","follow":"follow","max-snippet":"max-snippet:-1","max-image-preview":"max-image-preview:large","max-video-preview":"max-video-preview:-1"},"canonical":"https:\/\/www.manitese.it\/en\/8-marzo-libere-dalla-violenza\/","og_locale":"en_US","og_type":"article","og_title":"8 Marzo: libere dalla violenza - Mani Tese","og_description":"In Guinea-Bissau la disuguaglianza e la violenza di genere sono allarmanti. Aiutaci a sostenere gli unici due centri di accoglienza per le donne presenti nel Paese!","og_url":"https:\/\/www.manitese.it\/en\/8-marzo-libere-dalla-violenza\/","og_site_name":"Mani Tese","article_published_time":"2023-02-23T08:23:09+00:00","article_modified_time":"2023-11-29T14:27:12+00:00","og_image":[{"width":1921,"height":801,"url":"https:\/\/www.manitese.it\/wp-content\/uploads\/2023\/02\/8-marzo.jpg","type":"image\/jpeg"}],"author":"agevis","twitter_card":"summary_large_image","twitter_misc":{"Written by":"agevis","Est. reading time":"3 minutes"},"schema":{"@context":"https:\/\/schema.org","@graph":[{"@type":"Article","@id":"https:\/\/www.manitese.it\/en\/8-marzo-libere-dalla-violenza\/#article","isPartOf":{"@id":"https:\/\/www.manitese.it\/en\/8-marzo-libere-dalla-violenza\/"},"author":{"name":"agevis","@id":"https:\/\/www.manitese.it\/en\/#\/schema\/person\/5a9774f17e4940e2510bfeba90f04f65"},"headline":"8 Marzo: libere dalla violenza","datePublished":"2023-02-23T08:23:09+00:00","dateModified":"2023-11-29T14:27:12+00:00","mainEntityOfPage":{"@id":"https:\/\/www.manitese.it\/en\/8-marzo-libere-dalla-violenza\/"},"wordCount":612,"commentCount":0,"image":{"@id":"https:\/\/www.manitese.it\/en\/8-marzo-libere-dalla-violenza\/#primaryimage"},"thumbnailUrl":"https:\/\/www.manitese.it\/wp-content\/uploads\/2023\/02\/8-marzo.jpg","keywords":["Guinea Bissau","diritti"],"articleSection":["News"],"inLanguage":"en-US","potentialAction":[{"@type":"CommentAction","name":"Comment","target":["https:\/\/www.manitese.it\/en\/8-marzo-libere-dalla-violenza\/#respond"]}]},{"@type":"WebPage","@id":"https:\/\/www.manitese.it\/en\/8-marzo-libere-dalla-violenza\/","url":"https:\/\/www.manitese.it\/en\/8-marzo-libere-dalla-violenza\/","name":"8 Marzo: libere dalla violenza - Mani Tese","isPartOf":{"@id":"https:\/\/www.manitese.it\/en\/#website"},"primaryImageOfPage":{"@id":"https:\/\/www.manitese.it\/en\/8-marzo-libere-dalla-violenza\/#primaryimage"},"image":{"@id":"https:\/\/www.manitese.it\/en\/8-marzo-libere-dalla-violenza\/#primaryimage"},"thumbnailUrl":"https:\/\/www.manitese.it\/wp-content\/uploads\/2023\/02\/8-marzo.jpg","datePublished":"2023-02-23T08:23:09+00:00","dateModified":"2023-11-29T14:27:12+00:00","author":{"@id":"https:\/\/www.manitese.it\/en\/#\/schema\/person\/5a9774f17e4940e2510bfeba90f04f65"},"description":"In Guinea-Bissau la disuguaglianza e la violenza di genere sono allarmanti. Aiutaci a sostenere gli unici due centri di accoglienza per le donne presenti nel Paese!","breadcrumb":{"@id":"https:\/\/www.manitese.it\/en\/8-marzo-libere-dalla-violenza\/#breadcrumb"},"inLanguage":"en-US","potentialAction":[{"@type":"ReadAction","target":["https:\/\/www.manitese.it\/en\/8-marzo-libere-dalla-violenza\/"]}]},{"@type":"ImageObject","inLanguage":"en-US","@id":"https:\/\/www.manitese.it\/en\/8-marzo-libere-dalla-violenza\/#primaryimage","url":"https:\/\/www.manitese.it\/wp-content\/uploads\/2023\/02\/8-marzo.jpg","contentUrl":"https:\/\/www.manitese.it\/wp-content\/uploads\/2023\/02\/8-marzo.jpg","width":1921,"height":801,"caption":"8 Marzo"},{"@type":"BreadcrumbList","@id":"https:\/\/www.manitese.it\/en\/8-marzo-libere-dalla-violenza\/#breadcrumb","itemListElement":[{"@type":"ListItem","position":1,"name":"Home","item":"https:\/\/www.manitese.it\/en\/"},{"@type":"ListItem","position":2,"name":"8 Marzo: libere dalla violenza"}]},{"@type":"WebSite","@id":"https:\/\/www.manitese.it\/en\/#website","url":"https:\/\/www.manitese.it\/en\/","name":"Mani Tese","description":"","potentialAction":[{"@type":"SearchAction","target":{"@type":"EntryPoint","urlTemplate":"https:\/\/www.manitese.it\/en\/?s={search_term_string}"},"query-input":{"@type":"PropertyValueSpecification","valueRequired":true,"valueName":"search_term_string"}}],"inLanguage":"en-US"},{"@type":"Person","@id":"https:\/\/www.manitese.it\/en\/#\/schema\/person\/5a9774f17e4940e2510bfeba90f04f65","name":"agevis","image":{"@type":"ImageObject","inLanguage":"en-US","@id":"https:\/\/secure.gravatar.com\/avatar\/2dc96c93fcf3387a5922a93b50fb3bff01d4800590fb6a4ab91a034adb25ba17?s=96&d=mm&r=g","url":"https:\/\/secure.gravatar.com\/avatar\/2dc96c93fcf3387a5922a93b50fb3bff01d4800590fb6a4ab91a034adb25ba17?s=96&d=mm&r=g","contentUrl":"https:\/\/secure.gravatar.com\/avatar\/2dc96c93fcf3387a5922a93b50fb3bff01d4800590fb6a4ab91a034adb25ba17?s=96&d=mm&r=g","caption":"agevis"},"url":"https:\/\/www.manitese.it\/en\/author\/wp_agevis_admin\/"}]}},"jetpack_featured_media_url":"https:\/\/www.manitese.it\/wp-content\/uploads\/2023\/02\/8-marzo.jpg","jetpack_sharing_enabled":true,"_links":{"self":[{"href":"https:\/\/www.manitese.it\/en\/wp-json\/wp\/v2\/posts\/169401","targetHints":{"allow":["GET"]}}],"collection":[{"href":"https:\/\/www.manitese.it\/en\/wp-json\/wp\/v2\/posts"}],"about":[{"href":"https:\/\/www.manitese.it\/en\/wp-json\/wp\/v2\/types\/post"}],"author":[{"embeddable":true,"href":"https:\/\/www.manitese.it\/en\/wp-json\/wp\/v2\/users\/1"}],"replies":[{"embeddable":true,"href":"https:\/\/www.manitese.it\/en\/wp-json\/wp\/v2\/comments?post=169401"}],"version-history":[{"count":3,"href":"https:\/\/www.manitese.it\/en\/wp-json\/wp\/v2\/posts\/169401\/revisions"}],"predecessor-version":[{"id":191600,"href":"https:\/\/www.manitese.it\/en\/wp-json\/wp\/v2\/posts\/169401\/revisions\/191600"}],"wp:featuredmedia":[{"embeddable":true,"href":"https:\/\/www.manitese.it\/en\/wp-json\/wp\/v2\/media\/169404"}],"wp:attachment":[{"href":"https:\/\/www.manitese.it\/en\/wp-json\/wp\/v2\/media?parent=169401"}],"wp:term":[{"taxonomy":"category","embeddable":true,"href":"https:\/\/www.manitese.it\/en\/wp-json\/wp\/v2\/categories?post=169401"},{"taxonomy":"post_tag","embeddable":true,"href":"https:\/\/www.manitese.it\/en\/wp-json\/wp\/v2\/tags?post=169401"},{"taxonomy":"thematic_area","embeddable":true,"href":"https:\/\/www.manitese.it\/en\/wp-json\/wp\/v2\/thematic_area?post=169401"}],"curies":[{"name":"wp","href":"https:\/\/api.w.org\/{rel}","templated":true}]}}