{"id":169360,"date":"2023-02-16T09:11:12","date_gmt":"2023-02-16T08:11:12","guid":{"rendered":"https:\/\/manitese.it\/?p=169360"},"modified":"2023-07-20T18:57:11","modified_gmt":"2023-07-20T16:57:11","slug":"appello-di-mani-tese-per-la-pace","status":"publish","type":"post","link":"https:\/\/www.manitese.it\/en\/appello-di-mani-tese-per-la-pace\/","title":{"rendered":"Appello di Mani Tese per la pace"},"content":{"rendered":"\n<p>Il <strong>20 febbraio 2022<\/strong> <strong>l\u2019Europa si \u00e8 svegliata e si \u00e8 resa conto di essere finita in un brutto incubo<\/strong>: un conflitto stava esplodendo all\u2019interno del suo territorio, per la prima volta dai tempi della seconda guerra mondiale.<\/p>\n\n\n\n<p>Tutto ci\u00f2 che \u00e8 successo in precedenza, dagli anni Cinquanta del Novecento in avanti, era sempre stato giustificato in qualche modo, oppure era rimasto sfocato all\u2019orizzonte. Il conflitto nelle regioni ucraine orientali, che in quasi otto anni di scontri aveva gi\u00e0 provocato migliaia di morti, non interessava quasi a nessuno. Si continuava senza troppi rimorsi a produrre armi da gettare nella mischia di conflitti lontani. I migranti disperati, che fuggivano da quelle stesse guerre oppure da fame, dittature e mancanza di prospettive, venivano catalogati come invasori clandestini e lasciati, con ogni mezzo possibile, al di fuori della \u201cfortezza Europa\u201d.<\/p>\n\n\n\n<p>Senza addentrarci sull\u2019andamento altalenante del conflitto, un aspetto \u00e8 stato chiaro sin dal primo minuto: <strong>in terra d\u2019Ucraina si stava combattendo una battaglia internazionale<\/strong>, con l\u2019esercito russo da un lato e gli strumenti a disposizione della Nato dall\u2019altro.<\/p>\n\n\n\n<p>In quest\u2019anno i confini e le frontiere si sono modificati di poco, in alcune zone gli eserciti sono rimasti pressoch\u00e8 immobili, ma a un prezzo enorme di vite umane. Un numero che, in questi casi, spesso si sottostima e che ben difficilmente si pu\u00f2 accertare con sicurezza. Questo conflitto, pur con tutte le ovvie differenze del caso, ci fa facilmente tornare alla memoria gli scenari sanguinosi e terribili delle due guerre mondiali, nei quali milioni di persone morivano con gli eserciti che, per mesi o per anni, rimanevano fermi praticamente nelle stesse posizioni.<\/p>\n\n\n\n<p><strong>Sin da subito Mani Tese ha affermato a gran voce, cos\u00ec come gran parte del mondo associazionistico e del Terzo Settore, che le armi non hanno mai portato all\u2019ottenimento della pace e che &#8211; la storia ce lo insegna &#8211; questo conflitto non \u00e8 e non pu\u00f2 essere differente dai precedenti.<\/strong><\/p>\n\n\n\n<p>Purtroppo, nonostante le manifestazioni pacifiste e gli appelli che si sono susseguiti senza sosta, la scelta dell\u2019Unione Europea \u00e8 stata diametralmente opposta, deliberando solamente di fornire sempre maggiori armamenti al governo del presidente Zelensky.<\/p>\n\n\n\n<p><strong>Mani Tese continua a richiedere una decisione pi\u00f9 lungimirante che metta la diplomazia al centro del dibattito, ma al momento ogni nostra volont\u00e0 sembra risultare vana.<\/strong><\/p>\n\n\n\n<p>Al contempo, <strong>il tetro spettro dell\u2019ipotesi di una terza guerra mondiale non sembra spaventare in alcun modo i governanti europei.<\/strong> Per scongiurare tale terribile pericolo, noi di Mani Tese siamo per <strong>una risoluzione pacifica, siamo per un istantaneo stop alle forniture di armi in cambio di un\u2019immediata cessazione dei bombardamenti russi, siamo favorevoli all\u2019istituzione di una \u201czona cuscinetto\u201d tra i due contendenti per salvare quante pi\u00f9 vite umane possibili<\/strong>. Di conseguenza <strong>invochiamo un reale tavolo di confronto che porti a degli accordi condivisi<\/strong>, magari con l\u2019Unione Europea e la Cina a svolgere il ruolo di reali e imparziali interlocutori.<\/p>\n\n\n\n<p>Da sempre Mani Tese porta avanti progetti e azioni fondamentali in favore della pace, dall\u2019Italia all\u2019America Latina, dall\u2019Asia all\u2019Africa, continente in cui lo stesso Papa Francesco si \u00e8 recentemente espresso contro ogni conflitto, in maniera perentoria, durante il suo viaggio. A livello territoriale, inoltre, Mani Tese testimonia il suo impegno aderendo alle molteplici manifestazioni che si stanno susseguendo di fronte al grave rischio di escalation delle violenze e al tragico immobilismo da parte del resto del mondo.<\/p>\n\n\n\n<p>Tutto pare procedere in senso inverso a ci\u00f2 che invochiamo, ma <strong>ora pi\u00f9 che mai tutti noi dobbiamo continuare a far sentire la nostra voce e dobbiamo insistere nel richiedere la pace al pi\u00f9 presto.<\/strong> Da ci\u00f2 che accadr\u00e0 nei prossimi mesi dipender\u00e0 la sorte di tantissimi altri esseri umani e, forse, il futuro di tutti noi. <\/p>\n\n\n\n<p><strong>Per questo motivo Mani Tese aderisce alla marcia della Pace Perugia-Assisi del 24 febbraio 2023.<\/strong><\/p>\n","protected":false},"excerpt":{"rendered":"<p>A un anno di distanza dallo scoppio del conflitto in Ucraina, Mani Tese invoca la diplomazia e lo stop alla fornitura di armi per scongiurare il pericolo di una terza guerra mondiale e aderisce alla marcia Perugia-Assisi del 24 febbraio 2023 <\/p>\n","protected":false},"author":1,"featured_media":169361,"comment_status":"open","ping_status":"open","sticky":false,"template":"","format":"standard","meta":{"_acf_changed":false,"give_campaign_id":0,"inline_featured_image":false,"_jetpack_memberships_contains_paid_content":false,"footnotes":""},"categories":[1],"tags":[],"thematic_area":[],"class_list":["post-169360","post","type-post","status-publish","format-standard","has-post-thumbnail","hentry","category-news"],"acf":[],"yoast_head":"<!-- This site is optimized with the Yoast SEO plugin v27.5 - https:\/\/yoast.com\/product\/yoast-seo-wordpress\/ -->\n<title>Appello di Mani Tese per la pace - Mani Tese<\/title>\n<meta name=\"robots\" content=\"index, follow, max-snippet:-1, max-image-preview:large, max-video-preview:-1\" \/>\n<link rel=\"canonical\" href=\"https:\/\/www.manitese.it\/en\/appello-di-mani-tese-per-la-pace\/\" \/>\n<meta property=\"og:locale\" content=\"en_US\" \/>\n<meta property=\"og:type\" content=\"article\" \/>\n<meta property=\"og:title\" content=\"Appello di Mani Tese per la pace - Mani Tese\" \/>\n<meta property=\"og:description\" content=\"A un anno di distanza dallo scoppio del conflitto in Ucraina, Mani Tese invoca la diplomazia e lo stop alla fornitura di armi per scongiurare il pericolo di una terza guerra mondiale e aderisce alla marcia Perugia-Assisi del 24 febbraio 2023\" \/>\n<meta property=\"og:url\" content=\"https:\/\/www.manitese.it\/en\/appello-di-mani-tese-per-la-pace\/\" \/>\n<meta property=\"og:site_name\" content=\"Mani Tese\" \/>\n<meta property=\"article:published_time\" content=\"2023-02-16T08:11:12+00:00\" \/>\n<meta property=\"article:modified_time\" content=\"2023-07-20T16:57:11+00:00\" \/>\n<meta property=\"og:image\" content=\"https:\/\/www.manitese.it\/wp-content\/uploads\/2023\/02\/marcia-pace-2021.jpg\" \/>\n\t<meta property=\"og:image:width\" content=\"1819\" \/>\n\t<meta property=\"og:image:height\" content=\"923\" \/>\n\t<meta property=\"og:image:type\" content=\"image\/jpeg\" \/>\n<meta name=\"author\" content=\"agevis\" \/>\n<meta name=\"twitter:card\" content=\"summary_large_image\" \/>\n<meta name=\"twitter:label1\" content=\"Written by\" \/>\n\t<meta name=\"twitter:data1\" content=\"agevis\" \/>\n\t<meta name=\"twitter:label2\" content=\"Est. reading time\" \/>\n\t<meta name=\"twitter:data2\" content=\"3 minutes\" \/>\n<script type=\"application\/ld+json\" class=\"yoast-schema-graph\">{\"@context\":\"https:\\\/\\\/schema.org\",\"@graph\":[{\"@type\":\"Article\",\"@id\":\"https:\\\/\\\/www.manitese.it\\\/en\\\/appello-di-mani-tese-per-la-pace\\\/#article\",\"isPartOf\":{\"@id\":\"https:\\\/\\\/www.manitese.it\\\/en\\\/appello-di-mani-tese-per-la-pace\\\/\"},\"author\":{\"name\":\"agevis\",\"@id\":\"https:\\\/\\\/www.manitese.it\\\/en\\\/#\\\/schema\\\/person\\\/5a9774f17e4940e2510bfeba90f04f65\"},\"headline\":\"Appello di Mani Tese per la pace\",\"datePublished\":\"2023-02-16T08:11:12+00:00\",\"dateModified\":\"2023-07-20T16:57:11+00:00\",\"mainEntityOfPage\":{\"@id\":\"https:\\\/\\\/www.manitese.it\\\/en\\\/appello-di-mani-tese-per-la-pace\\\/\"},\"wordCount\":641,\"commentCount\":0,\"image\":{\"@id\":\"https:\\\/\\\/www.manitese.it\\\/en\\\/appello-di-mani-tese-per-la-pace\\\/#primaryimage\"},\"thumbnailUrl\":\"https:\\\/\\\/www.manitese.it\\\/wp-content\\\/uploads\\\/2023\\\/02\\\/marcia-pace-2021.jpg\",\"articleSection\":[\"News\"],\"inLanguage\":\"en-US\",\"potentialAction\":[{\"@type\":\"CommentAction\",\"name\":\"Comment\",\"target\":[\"https:\\\/\\\/www.manitese.it\\\/en\\\/appello-di-mani-tese-per-la-pace\\\/#respond\"]}]},{\"@type\":\"WebPage\",\"@id\":\"https:\\\/\\\/www.manitese.it\\\/en\\\/appello-di-mani-tese-per-la-pace\\\/\",\"url\":\"https:\\\/\\\/www.manitese.it\\\/en\\\/appello-di-mani-tese-per-la-pace\\\/\",\"name\":\"Appello di Mani Tese per la pace - Mani Tese\",\"isPartOf\":{\"@id\":\"https:\\\/\\\/www.manitese.it\\\/en\\\/#website\"},\"primaryImageOfPage\":{\"@id\":\"https:\\\/\\\/www.manitese.it\\\/en\\\/appello-di-mani-tese-per-la-pace\\\/#primaryimage\"},\"image\":{\"@id\":\"https:\\\/\\\/www.manitese.it\\\/en\\\/appello-di-mani-tese-per-la-pace\\\/#primaryimage\"},\"thumbnailUrl\":\"https:\\\/\\\/www.manitese.it\\\/wp-content\\\/uploads\\\/2023\\\/02\\\/marcia-pace-2021.jpg\",\"datePublished\":\"2023-02-16T08:11:12+00:00\",\"dateModified\":\"2023-07-20T16:57:11+00:00\",\"author\":{\"@id\":\"https:\\\/\\\/www.manitese.it\\\/en\\\/#\\\/schema\\\/person\\\/5a9774f17e4940e2510bfeba90f04f65\"},\"breadcrumb\":{\"@id\":\"https:\\\/\\\/www.manitese.it\\\/en\\\/appello-di-mani-tese-per-la-pace\\\/#breadcrumb\"},\"inLanguage\":\"en-US\",\"potentialAction\":[{\"@type\":\"ReadAction\",\"target\":[\"https:\\\/\\\/www.manitese.it\\\/en\\\/appello-di-mani-tese-per-la-pace\\\/\"]}]},{\"@type\":\"ImageObject\",\"inLanguage\":\"en-US\",\"@id\":\"https:\\\/\\\/www.manitese.it\\\/en\\\/appello-di-mani-tese-per-la-pace\\\/#primaryimage\",\"url\":\"https:\\\/\\\/www.manitese.it\\\/wp-content\\\/uploads\\\/2023\\\/02\\\/marcia-pace-2021.jpg\",\"contentUrl\":\"https:\\\/\\\/www.manitese.it\\\/wp-content\\\/uploads\\\/2023\\\/02\\\/marcia-pace-2021.jpg\",\"width\":1819,\"height\":923},{\"@type\":\"BreadcrumbList\",\"@id\":\"https:\\\/\\\/www.manitese.it\\\/en\\\/appello-di-mani-tese-per-la-pace\\\/#breadcrumb\",\"itemListElement\":[{\"@type\":\"ListItem\",\"position\":1,\"name\":\"Home\",\"item\":\"https:\\\/\\\/www.manitese.it\\\/en\\\/\"},{\"@type\":\"ListItem\",\"position\":2,\"name\":\"Appello di Mani Tese per la pace\"}]},{\"@type\":\"WebSite\",\"@id\":\"https:\\\/\\\/www.manitese.it\\\/en\\\/#website\",\"url\":\"https:\\\/\\\/www.manitese.it\\\/en\\\/\",\"name\":\"Mani Tese\",\"description\":\"\",\"potentialAction\":[{\"@type\":\"SearchAction\",\"target\":{\"@type\":\"EntryPoint\",\"urlTemplate\":\"https:\\\/\\\/www.manitese.it\\\/en\\\/?s={search_term_string}\"},\"query-input\":{\"@type\":\"PropertyValueSpecification\",\"valueRequired\":true,\"valueName\":\"search_term_string\"}}],\"inLanguage\":\"en-US\"},{\"@type\":\"Person\",\"@id\":\"https:\\\/\\\/www.manitese.it\\\/en\\\/#\\\/schema\\\/person\\\/5a9774f17e4940e2510bfeba90f04f65\",\"name\":\"agevis\",\"image\":{\"@type\":\"ImageObject\",\"inLanguage\":\"en-US\",\"@id\":\"https:\\\/\\\/secure.gravatar.com\\\/avatar\\\/2dc96c93fcf3387a5922a93b50fb3bff01d4800590fb6a4ab91a034adb25ba17?s=96&d=mm&r=g\",\"url\":\"https:\\\/\\\/secure.gravatar.com\\\/avatar\\\/2dc96c93fcf3387a5922a93b50fb3bff01d4800590fb6a4ab91a034adb25ba17?s=96&d=mm&r=g\",\"contentUrl\":\"https:\\\/\\\/secure.gravatar.com\\\/avatar\\\/2dc96c93fcf3387a5922a93b50fb3bff01d4800590fb6a4ab91a034adb25ba17?s=96&d=mm&r=g\",\"caption\":\"agevis\"},\"url\":\"https:\\\/\\\/www.manitese.it\\\/en\\\/author\\\/wp_agevis_admin\\\/\"}]}<\/script>\n<!-- \/ Yoast SEO plugin. -->","yoast_head_json":{"title":"Appello di Mani Tese per la pace - Mani Tese","robots":{"index":"index","follow":"follow","max-snippet":"max-snippet:-1","max-image-preview":"max-image-preview:large","max-video-preview":"max-video-preview:-1"},"canonical":"https:\/\/www.manitese.it\/en\/appello-di-mani-tese-per-la-pace\/","og_locale":"en_US","og_type":"article","og_title":"Appello di Mani Tese per la pace - Mani Tese","og_description":"A un anno di distanza dallo scoppio del conflitto in Ucraina, Mani Tese invoca la diplomazia e lo stop alla fornitura di armi per scongiurare il pericolo di una terza guerra mondiale e aderisce alla marcia Perugia-Assisi del 24 febbraio 2023","og_url":"https:\/\/www.manitese.it\/en\/appello-di-mani-tese-per-la-pace\/","og_site_name":"Mani Tese","article_published_time":"2023-02-16T08:11:12+00:00","article_modified_time":"2023-07-20T16:57:11+00:00","og_image":[{"width":1819,"height":923,"url":"https:\/\/www.manitese.it\/wp-content\/uploads\/2023\/02\/marcia-pace-2021.jpg","type":"image\/jpeg"}],"author":"agevis","twitter_card":"summary_large_image","twitter_misc":{"Written by":"agevis","Est. reading time":"3 minutes"},"schema":{"@context":"https:\/\/schema.org","@graph":[{"@type":"Article","@id":"https:\/\/www.manitese.it\/en\/appello-di-mani-tese-per-la-pace\/#article","isPartOf":{"@id":"https:\/\/www.manitese.it\/en\/appello-di-mani-tese-per-la-pace\/"},"author":{"name":"agevis","@id":"https:\/\/www.manitese.it\/en\/#\/schema\/person\/5a9774f17e4940e2510bfeba90f04f65"},"headline":"Appello di Mani Tese per la pace","datePublished":"2023-02-16T08:11:12+00:00","dateModified":"2023-07-20T16:57:11+00:00","mainEntityOfPage":{"@id":"https:\/\/www.manitese.it\/en\/appello-di-mani-tese-per-la-pace\/"},"wordCount":641,"commentCount":0,"image":{"@id":"https:\/\/www.manitese.it\/en\/appello-di-mani-tese-per-la-pace\/#primaryimage"},"thumbnailUrl":"https:\/\/www.manitese.it\/wp-content\/uploads\/2023\/02\/marcia-pace-2021.jpg","articleSection":["News"],"inLanguage":"en-US","potentialAction":[{"@type":"CommentAction","name":"Comment","target":["https:\/\/www.manitese.it\/en\/appello-di-mani-tese-per-la-pace\/#respond"]}]},{"@type":"WebPage","@id":"https:\/\/www.manitese.it\/en\/appello-di-mani-tese-per-la-pace\/","url":"https:\/\/www.manitese.it\/en\/appello-di-mani-tese-per-la-pace\/","name":"Appello di Mani Tese per la pace - Mani Tese","isPartOf":{"@id":"https:\/\/www.manitese.it\/en\/#website"},"primaryImageOfPage":{"@id":"https:\/\/www.manitese.it\/en\/appello-di-mani-tese-per-la-pace\/#primaryimage"},"image":{"@id":"https:\/\/www.manitese.it\/en\/appello-di-mani-tese-per-la-pace\/#primaryimage"},"thumbnailUrl":"https:\/\/www.manitese.it\/wp-content\/uploads\/2023\/02\/marcia-pace-2021.jpg","datePublished":"2023-02-16T08:11:12+00:00","dateModified":"2023-07-20T16:57:11+00:00","author":{"@id":"https:\/\/www.manitese.it\/en\/#\/schema\/person\/5a9774f17e4940e2510bfeba90f04f65"},"breadcrumb":{"@id":"https:\/\/www.manitese.it\/en\/appello-di-mani-tese-per-la-pace\/#breadcrumb"},"inLanguage":"en-US","potentialAction":[{"@type":"ReadAction","target":["https:\/\/www.manitese.it\/en\/appello-di-mani-tese-per-la-pace\/"]}]},{"@type":"ImageObject","inLanguage":"en-US","@id":"https:\/\/www.manitese.it\/en\/appello-di-mani-tese-per-la-pace\/#primaryimage","url":"https:\/\/www.manitese.it\/wp-content\/uploads\/2023\/02\/marcia-pace-2021.jpg","contentUrl":"https:\/\/www.manitese.it\/wp-content\/uploads\/2023\/02\/marcia-pace-2021.jpg","width":1819,"height":923},{"@type":"BreadcrumbList","@id":"https:\/\/www.manitese.it\/en\/appello-di-mani-tese-per-la-pace\/#breadcrumb","itemListElement":[{"@type":"ListItem","position":1,"name":"Home","item":"https:\/\/www.manitese.it\/en\/"},{"@type":"ListItem","position":2,"name":"Appello di Mani Tese per la pace"}]},{"@type":"WebSite","@id":"https:\/\/www.manitese.it\/en\/#website","url":"https:\/\/www.manitese.it\/en\/","name":"Mani Tese","description":"","potentialAction":[{"@type":"SearchAction","target":{"@type":"EntryPoint","urlTemplate":"https:\/\/www.manitese.it\/en\/?s={search_term_string}"},"query-input":{"@type":"PropertyValueSpecification","valueRequired":true,"valueName":"search_term_string"}}],"inLanguage":"en-US"},{"@type":"Person","@id":"https:\/\/www.manitese.it\/en\/#\/schema\/person\/5a9774f17e4940e2510bfeba90f04f65","name":"agevis","image":{"@type":"ImageObject","inLanguage":"en-US","@id":"https:\/\/secure.gravatar.com\/avatar\/2dc96c93fcf3387a5922a93b50fb3bff01d4800590fb6a4ab91a034adb25ba17?s=96&d=mm&r=g","url":"https:\/\/secure.gravatar.com\/avatar\/2dc96c93fcf3387a5922a93b50fb3bff01d4800590fb6a4ab91a034adb25ba17?s=96&d=mm&r=g","contentUrl":"https:\/\/secure.gravatar.com\/avatar\/2dc96c93fcf3387a5922a93b50fb3bff01d4800590fb6a4ab91a034adb25ba17?s=96&d=mm&r=g","caption":"agevis"},"url":"https:\/\/www.manitese.it\/en\/author\/wp_agevis_admin\/"}]}},"jetpack_featured_media_url":"https:\/\/www.manitese.it\/wp-content\/uploads\/2023\/02\/marcia-pace-2021.jpg","jetpack_sharing_enabled":true,"_links":{"self":[{"href":"https:\/\/www.manitese.it\/en\/wp-json\/wp\/v2\/posts\/169360","targetHints":{"allow":["GET"]}}],"collection":[{"href":"https:\/\/www.manitese.it\/en\/wp-json\/wp\/v2\/posts"}],"about":[{"href":"https:\/\/www.manitese.it\/en\/wp-json\/wp\/v2\/types\/post"}],"author":[{"embeddable":true,"href":"https:\/\/www.manitese.it\/en\/wp-json\/wp\/v2\/users\/1"}],"replies":[{"embeddable":true,"href":"https:\/\/www.manitese.it\/en\/wp-json\/wp\/v2\/comments?post=169360"}],"version-history":[{"count":2,"href":"https:\/\/www.manitese.it\/en\/wp-json\/wp\/v2\/posts\/169360\/revisions"}],"predecessor-version":[{"id":177580,"href":"https:\/\/www.manitese.it\/en\/wp-json\/wp\/v2\/posts\/169360\/revisions\/177580"}],"wp:featuredmedia":[{"embeddable":true,"href":"https:\/\/www.manitese.it\/en\/wp-json\/wp\/v2\/media\/169361"}],"wp:attachment":[{"href":"https:\/\/www.manitese.it\/en\/wp-json\/wp\/v2\/media?parent=169360"}],"wp:term":[{"taxonomy":"category","embeddable":true,"href":"https:\/\/www.manitese.it\/en\/wp-json\/wp\/v2\/categories?post=169360"},{"taxonomy":"post_tag","embeddable":true,"href":"https:\/\/www.manitese.it\/en\/wp-json\/wp\/v2\/tags?post=169360"},{"taxonomy":"thematic_area","embeddable":true,"href":"https:\/\/www.manitese.it\/en\/wp-json\/wp\/v2\/thematic_area?post=169360"}],"curies":[{"name":"wp","href":"https:\/\/api.w.org\/{rel}","templated":true}]}}