{"id":169229,"date":"2023-02-09T12:10:35","date_gmt":"2023-02-09T11:10:35","guid":{"rendered":"https:\/\/manitese.it\/?p=169229"},"modified":"2023-09-21T17:31:57","modified_gmt":"2023-09-21T15:31:57","slug":"prorogato-il-bando-del-servizio-civile","status":"publish","type":"post","link":"https:\/\/www.manitese.it\/en\/prorogato-il-bando-del-servizio-civile\/","title":{"rendered":"Prorogato il bando del servizio civile"},"content":{"rendered":"\r\n<p>Con Decreto del Capo del Dipartimento n. 116\/2023 <a href=\"https:\/\/www.politichegiovanili.gov.it\/comunicazione\/news\/2023\/2\/proroga-bando-ordinario\/\">\u00e8 prorogato al 20 febbraio 2023, ore 14.00, il termine di presentazione delle domande di servizio civile universale<\/a> previsto dall&#8217;art. 5 del Bando per la selezione di 71.550 operatori volontari da impiegare in progetti afferenti a programmi di intervento di Servizio civile universale da realizzarsi in Italia e all\u2019estero, pubblicato sul sito del Dipartimento per le Politiche Giovanili e il Servizio Civile Universale in data 15 dicembre 2022.<\/p>\r\n\r\n\r\n\r\n<p>Conseguentemente, il termine ultimo per la trasmissione e la consegna, da parte degli enti, delle graduatorie dei giovani selezionati, di cui all\u2019art. 7 del sopra citato Bando, \u00e8 prorogato al 25 maggio 2023.<\/p>\r\n\r\n\r\n\r\n<p>Vi ricordiamo che \u00e8 possibile candidarsi a uno dei progetti di Mani Tese: \u201cLA VIA GIUSTA \u00c8 CAMBIARE STRADA!\u201d e \u201cFACCIAMO LA PACE, SEMINIAMO GIUSTIZIA\u201d.<\/p>\r\n\r\n\r\n\r\n<p>\u00c8 attivo un nostro sportello telefonico e WhatsApp per informazioni su questi progetti:<\/p>\r\n\r\n\r\n\r\n<p>Infoline 373 746 3996<\/p>\r\n\r\n\r\n\r\n<p>(Luned\u00ec, mercoled\u00ec e venerd\u00ec dalle 10.00 alle 12.00).<\/p>\r\n","protected":false},"excerpt":{"rendered":"<p>C\u2019\u00e8 tempo fino al 20 febbraio 2023 alle 14.00 per presentare le candidature al Servizio Civile Universale a Mani Tese!<\/p>\n","protected":false},"author":1,"featured_media":167647,"comment_status":"open","ping_status":"open","sticky":false,"template":"","format":"standard","meta":{"_acf_changed":false,"give_campaign_id":0,"inline_featured_image":false,"_jetpack_memberships_contains_paid_content":false,"footnotes":""},"categories":[1],"tags":[801],"thematic_area":[],"class_list":["post-169229","post","type-post","status-publish","format-standard","has-post-thumbnail","hentry","category-news","tag-serviziocivile"],"acf":[],"yoast_head":"<!-- This site is optimized with the Yoast SEO plugin v27.5 - https:\/\/yoast.com\/product\/yoast-seo-wordpress\/ -->\n<title>Prorogato il bando del servizio civile - Mani Tese<\/title>\n<meta name=\"description\" content=\"C\u2019\u00e8 tempo fino al 20 febbraio 2023 alle 14.00 per presentare le candidature al Servizio Civile Universale a Mani Tese!\" \/>\n<meta name=\"robots\" content=\"index, follow, max-snippet:-1, max-image-preview:large, max-video-preview:-1\" \/>\n<link rel=\"canonical\" href=\"https:\/\/www.manitese.it\/en\/prorogato-il-bando-del-servizio-civile\/\" \/>\n<meta property=\"og:locale\" content=\"en_US\" \/>\n<meta property=\"og:type\" content=\"article\" \/>\n<meta property=\"og:title\" content=\"Prorogato il bando del servizio civile - Mani Tese\" \/>\n<meta property=\"og:description\" content=\"C\u2019\u00e8 tempo fino al 20 febbraio 2023 alle 14.00 per presentare le candidature al Servizio Civile Universale a Mani Tese!\" \/>\n<meta property=\"og:url\" content=\"https:\/\/www.manitese.it\/en\/prorogato-il-bando-del-servizio-civile\/\" \/>\n<meta property=\"og:site_name\" content=\"Mani Tese\" \/>\n<meta property=\"article:published_time\" content=\"2023-02-09T11:10:35+00:00\" \/>\n<meta property=\"article:modified_time\" content=\"2023-09-21T15:31:57+00:00\" \/>\n<meta property=\"og:image\" content=\"https:\/\/www.manitese.it\/wp-content\/uploads\/2022\/12\/servizio-civile-2021-2022-mani-tese-1.jpg\" \/>\n\t<meta property=\"og:image:width\" content=\"1920\" \/>\n\t<meta property=\"og:image:height\" content=\"800\" \/>\n\t<meta property=\"og:image:type\" content=\"image\/jpeg\" \/>\n<meta name=\"author\" content=\"agevis\" \/>\n<meta name=\"twitter:card\" content=\"summary_large_image\" \/>\n<meta name=\"twitter:label1\" content=\"Written by\" \/>\n\t<meta name=\"twitter:data1\" content=\"agevis\" \/>\n\t<meta name=\"twitter:label2\" content=\"Est. reading time\" \/>\n\t<meta name=\"twitter:data2\" content=\"1 minute\" \/>\n<script type=\"application\/ld+json\" class=\"yoast-schema-graph\">{\"@context\":\"https:\\\/\\\/schema.org\",\"@graph\":[{\"@type\":\"Article\",\"@id\":\"https:\\\/\\\/www.manitese.it\\\/en\\\/prorogato-il-bando-del-servizio-civile\\\/#article\",\"isPartOf\":{\"@id\":\"https:\\\/\\\/www.manitese.it\\\/en\\\/prorogato-il-bando-del-servizio-civile\\\/\"},\"author\":{\"name\":\"agevis\",\"@id\":\"https:\\\/\\\/www.manitese.it\\\/en\\\/#\\\/schema\\\/person\\\/5a9774f17e4940e2510bfeba90f04f65\"},\"headline\":\"Prorogato il bando del servizio civile\",\"datePublished\":\"2023-02-09T11:10:35+00:00\",\"dateModified\":\"2023-09-21T15:31:57+00:00\",\"mainEntityOfPage\":{\"@id\":\"https:\\\/\\\/www.manitese.it\\\/en\\\/prorogato-il-bando-del-servizio-civile\\\/\"},\"wordCount\":147,\"commentCount\":0,\"image\":{\"@id\":\"https:\\\/\\\/www.manitese.it\\\/en\\\/prorogato-il-bando-del-servizio-civile\\\/#primaryimage\"},\"thumbnailUrl\":\"https:\\\/\\\/www.manitese.it\\\/wp-content\\\/uploads\\\/2022\\\/12\\\/servizio-civile-2021-2022-mani-tese-1.jpg\",\"keywords\":[\"serviziocivile\"],\"articleSection\":[\"News\"],\"inLanguage\":\"en-US\",\"potentialAction\":[{\"@type\":\"CommentAction\",\"name\":\"Comment\",\"target\":[\"https:\\\/\\\/www.manitese.it\\\/en\\\/prorogato-il-bando-del-servizio-civile\\\/#respond\"]}]},{\"@type\":\"WebPage\",\"@id\":\"https:\\\/\\\/www.manitese.it\\\/en\\\/prorogato-il-bando-del-servizio-civile\\\/\",\"url\":\"https:\\\/\\\/www.manitese.it\\\/en\\\/prorogato-il-bando-del-servizio-civile\\\/\",\"name\":\"Prorogato il bando del servizio civile - Mani Tese\",\"isPartOf\":{\"@id\":\"https:\\\/\\\/www.manitese.it\\\/en\\\/#website\"},\"primaryImageOfPage\":{\"@id\":\"https:\\\/\\\/www.manitese.it\\\/en\\\/prorogato-il-bando-del-servizio-civile\\\/#primaryimage\"},\"image\":{\"@id\":\"https:\\\/\\\/www.manitese.it\\\/en\\\/prorogato-il-bando-del-servizio-civile\\\/#primaryimage\"},\"thumbnailUrl\":\"https:\\\/\\\/www.manitese.it\\\/wp-content\\\/uploads\\\/2022\\\/12\\\/servizio-civile-2021-2022-mani-tese-1.jpg\",\"datePublished\":\"2023-02-09T11:10:35+00:00\",\"dateModified\":\"2023-09-21T15:31:57+00:00\",\"author\":{\"@id\":\"https:\\\/\\\/www.manitese.it\\\/en\\\/#\\\/schema\\\/person\\\/5a9774f17e4940e2510bfeba90f04f65\"},\"description\":\"C\u2019\u00e8 tempo fino al 20 febbraio 2023 alle 14.00 per presentare le candidature al Servizio Civile Universale a Mani Tese!\",\"breadcrumb\":{\"@id\":\"https:\\\/\\\/www.manitese.it\\\/en\\\/prorogato-il-bando-del-servizio-civile\\\/#breadcrumb\"},\"inLanguage\":\"en-US\",\"potentialAction\":[{\"@type\":\"ReadAction\",\"target\":[\"https:\\\/\\\/www.manitese.it\\\/en\\\/prorogato-il-bando-del-servizio-civile\\\/\"]}]},{\"@type\":\"ImageObject\",\"inLanguage\":\"en-US\",\"@id\":\"https:\\\/\\\/www.manitese.it\\\/en\\\/prorogato-il-bando-del-servizio-civile\\\/#primaryimage\",\"url\":\"https:\\\/\\\/www.manitese.it\\\/wp-content\\\/uploads\\\/2022\\\/12\\\/servizio-civile-2021-2022-mani-tese-1.jpg\",\"contentUrl\":\"https:\\\/\\\/www.manitese.it\\\/wp-content\\\/uploads\\\/2022\\\/12\\\/servizio-civile-2021-2022-mani-tese-1.jpg\",\"width\":1920,\"height\":800,\"caption\":\"Servizio Civile 2021 - 222\"},{\"@type\":\"BreadcrumbList\",\"@id\":\"https:\\\/\\\/www.manitese.it\\\/en\\\/prorogato-il-bando-del-servizio-civile\\\/#breadcrumb\",\"itemListElement\":[{\"@type\":\"ListItem\",\"position\":1,\"name\":\"Home\",\"item\":\"https:\\\/\\\/www.manitese.it\\\/en\\\/\"},{\"@type\":\"ListItem\",\"position\":2,\"name\":\"Prorogato il bando del servizio civile\"}]},{\"@type\":\"WebSite\",\"@id\":\"https:\\\/\\\/www.manitese.it\\\/en\\\/#website\",\"url\":\"https:\\\/\\\/www.manitese.it\\\/en\\\/\",\"name\":\"Mani Tese\",\"description\":\"\",\"potentialAction\":[{\"@type\":\"SearchAction\",\"target\":{\"@type\":\"EntryPoint\",\"urlTemplate\":\"https:\\\/\\\/www.manitese.it\\\/en\\\/?s={search_term_string}\"},\"query-input\":{\"@type\":\"PropertyValueSpecification\",\"valueRequired\":true,\"valueName\":\"search_term_string\"}}],\"inLanguage\":\"en-US\"},{\"@type\":\"Person\",\"@id\":\"https:\\\/\\\/www.manitese.it\\\/en\\\/#\\\/schema\\\/person\\\/5a9774f17e4940e2510bfeba90f04f65\",\"name\":\"agevis\",\"image\":{\"@type\":\"ImageObject\",\"inLanguage\":\"en-US\",\"@id\":\"https:\\\/\\\/secure.gravatar.com\\\/avatar\\\/2dc96c93fcf3387a5922a93b50fb3bff01d4800590fb6a4ab91a034adb25ba17?s=96&d=mm&r=g\",\"url\":\"https:\\\/\\\/secure.gravatar.com\\\/avatar\\\/2dc96c93fcf3387a5922a93b50fb3bff01d4800590fb6a4ab91a034adb25ba17?s=96&d=mm&r=g\",\"contentUrl\":\"https:\\\/\\\/secure.gravatar.com\\\/avatar\\\/2dc96c93fcf3387a5922a93b50fb3bff01d4800590fb6a4ab91a034adb25ba17?s=96&d=mm&r=g\",\"caption\":\"agevis\"},\"url\":\"https:\\\/\\\/www.manitese.it\\\/en\\\/author\\\/wp_agevis_admin\\\/\"}]}<\/script>\n<!-- \/ Yoast SEO plugin. -->","yoast_head_json":{"title":"Prorogato il bando del servizio civile - Mani Tese","description":"C\u2019\u00e8 tempo fino al 20 febbraio 2023 alle 14.00 per presentare le candidature al Servizio Civile Universale a Mani Tese!","robots":{"index":"index","follow":"follow","max-snippet":"max-snippet:-1","max-image-preview":"max-image-preview:large","max-video-preview":"max-video-preview:-1"},"canonical":"https:\/\/www.manitese.it\/en\/prorogato-il-bando-del-servizio-civile\/","og_locale":"en_US","og_type":"article","og_title":"Prorogato il bando del servizio civile - Mani Tese","og_description":"C\u2019\u00e8 tempo fino al 20 febbraio 2023 alle 14.00 per presentare le candidature al Servizio Civile Universale a Mani Tese!","og_url":"https:\/\/www.manitese.it\/en\/prorogato-il-bando-del-servizio-civile\/","og_site_name":"Mani Tese","article_published_time":"2023-02-09T11:10:35+00:00","article_modified_time":"2023-09-21T15:31:57+00:00","og_image":[{"width":1920,"height":800,"url":"https:\/\/www.manitese.it\/wp-content\/uploads\/2022\/12\/servizio-civile-2021-2022-mani-tese-1.jpg","type":"image\/jpeg"}],"author":"agevis","twitter_card":"summary_large_image","twitter_misc":{"Written by":"agevis","Est. reading time":"1 minute"},"schema":{"@context":"https:\/\/schema.org","@graph":[{"@type":"Article","@id":"https:\/\/www.manitese.it\/en\/prorogato-il-bando-del-servizio-civile\/#article","isPartOf":{"@id":"https:\/\/www.manitese.it\/en\/prorogato-il-bando-del-servizio-civile\/"},"author":{"name":"agevis","@id":"https:\/\/www.manitese.it\/en\/#\/schema\/person\/5a9774f17e4940e2510bfeba90f04f65"},"headline":"Prorogato il bando del servizio civile","datePublished":"2023-02-09T11:10:35+00:00","dateModified":"2023-09-21T15:31:57+00:00","mainEntityOfPage":{"@id":"https:\/\/www.manitese.it\/en\/prorogato-il-bando-del-servizio-civile\/"},"wordCount":147,"commentCount":0,"image":{"@id":"https:\/\/www.manitese.it\/en\/prorogato-il-bando-del-servizio-civile\/#primaryimage"},"thumbnailUrl":"https:\/\/www.manitese.it\/wp-content\/uploads\/2022\/12\/servizio-civile-2021-2022-mani-tese-1.jpg","keywords":["serviziocivile"],"articleSection":["News"],"inLanguage":"en-US","potentialAction":[{"@type":"CommentAction","name":"Comment","target":["https:\/\/www.manitese.it\/en\/prorogato-il-bando-del-servizio-civile\/#respond"]}]},{"@type":"WebPage","@id":"https:\/\/www.manitese.it\/en\/prorogato-il-bando-del-servizio-civile\/","url":"https:\/\/www.manitese.it\/en\/prorogato-il-bando-del-servizio-civile\/","name":"Prorogato il bando del servizio civile - Mani Tese","isPartOf":{"@id":"https:\/\/www.manitese.it\/en\/#website"},"primaryImageOfPage":{"@id":"https:\/\/www.manitese.it\/en\/prorogato-il-bando-del-servizio-civile\/#primaryimage"},"image":{"@id":"https:\/\/www.manitese.it\/en\/prorogato-il-bando-del-servizio-civile\/#primaryimage"},"thumbnailUrl":"https:\/\/www.manitese.it\/wp-content\/uploads\/2022\/12\/servizio-civile-2021-2022-mani-tese-1.jpg","datePublished":"2023-02-09T11:10:35+00:00","dateModified":"2023-09-21T15:31:57+00:00","author":{"@id":"https:\/\/www.manitese.it\/en\/#\/schema\/person\/5a9774f17e4940e2510bfeba90f04f65"},"description":"C\u2019\u00e8 tempo fino al 20 febbraio 2023 alle 14.00 per presentare le candidature al Servizio Civile Universale a Mani Tese!","breadcrumb":{"@id":"https:\/\/www.manitese.it\/en\/prorogato-il-bando-del-servizio-civile\/#breadcrumb"},"inLanguage":"en-US","potentialAction":[{"@type":"ReadAction","target":["https:\/\/www.manitese.it\/en\/prorogato-il-bando-del-servizio-civile\/"]}]},{"@type":"ImageObject","inLanguage":"en-US","@id":"https:\/\/www.manitese.it\/en\/prorogato-il-bando-del-servizio-civile\/#primaryimage","url":"https:\/\/www.manitese.it\/wp-content\/uploads\/2022\/12\/servizio-civile-2021-2022-mani-tese-1.jpg","contentUrl":"https:\/\/www.manitese.it\/wp-content\/uploads\/2022\/12\/servizio-civile-2021-2022-mani-tese-1.jpg","width":1920,"height":800,"caption":"Servizio Civile 2021 - 222"},{"@type":"BreadcrumbList","@id":"https:\/\/www.manitese.it\/en\/prorogato-il-bando-del-servizio-civile\/#breadcrumb","itemListElement":[{"@type":"ListItem","position":1,"name":"Home","item":"https:\/\/www.manitese.it\/en\/"},{"@type":"ListItem","position":2,"name":"Prorogato il bando del servizio civile"}]},{"@type":"WebSite","@id":"https:\/\/www.manitese.it\/en\/#website","url":"https:\/\/www.manitese.it\/en\/","name":"Mani Tese","description":"","potentialAction":[{"@type":"SearchAction","target":{"@type":"EntryPoint","urlTemplate":"https:\/\/www.manitese.it\/en\/?s={search_term_string}"},"query-input":{"@type":"PropertyValueSpecification","valueRequired":true,"valueName":"search_term_string"}}],"inLanguage":"en-US"},{"@type":"Person","@id":"https:\/\/www.manitese.it\/en\/#\/schema\/person\/5a9774f17e4940e2510bfeba90f04f65","name":"agevis","image":{"@type":"ImageObject","inLanguage":"en-US","@id":"https:\/\/secure.gravatar.com\/avatar\/2dc96c93fcf3387a5922a93b50fb3bff01d4800590fb6a4ab91a034adb25ba17?s=96&d=mm&r=g","url":"https:\/\/secure.gravatar.com\/avatar\/2dc96c93fcf3387a5922a93b50fb3bff01d4800590fb6a4ab91a034adb25ba17?s=96&d=mm&r=g","contentUrl":"https:\/\/secure.gravatar.com\/avatar\/2dc96c93fcf3387a5922a93b50fb3bff01d4800590fb6a4ab91a034adb25ba17?s=96&d=mm&r=g","caption":"agevis"},"url":"https:\/\/www.manitese.it\/en\/author\/wp_agevis_admin\/"}]}},"jetpack_featured_media_url":"https:\/\/www.manitese.it\/wp-content\/uploads\/2022\/12\/servizio-civile-2021-2022-mani-tese-1.jpg","jetpack_sharing_enabled":true,"_links":{"self":[{"href":"https:\/\/www.manitese.it\/en\/wp-json\/wp\/v2\/posts\/169229","targetHints":{"allow":["GET"]}}],"collection":[{"href":"https:\/\/www.manitese.it\/en\/wp-json\/wp\/v2\/posts"}],"about":[{"href":"https:\/\/www.manitese.it\/en\/wp-json\/wp\/v2\/types\/post"}],"author":[{"embeddable":true,"href":"https:\/\/www.manitese.it\/en\/wp-json\/wp\/v2\/users\/1"}],"replies":[{"embeddable":true,"href":"https:\/\/www.manitese.it\/en\/wp-json\/wp\/v2\/comments?post=169229"}],"version-history":[{"count":2,"href":"https:\/\/www.manitese.it\/en\/wp-json\/wp\/v2\/posts\/169229\/revisions"}],"predecessor-version":[{"id":177581,"href":"https:\/\/www.manitese.it\/en\/wp-json\/wp\/v2\/posts\/169229\/revisions\/177581"}],"wp:featuredmedia":[{"embeddable":true,"href":"https:\/\/www.manitese.it\/en\/wp-json\/wp\/v2\/media\/167647"}],"wp:attachment":[{"href":"https:\/\/www.manitese.it\/en\/wp-json\/wp\/v2\/media?parent=169229"}],"wp:term":[{"taxonomy":"category","embeddable":true,"href":"https:\/\/www.manitese.it\/en\/wp-json\/wp\/v2\/categories?post=169229"},{"taxonomy":"post_tag","embeddable":true,"href":"https:\/\/www.manitese.it\/en\/wp-json\/wp\/v2\/tags?post=169229"},{"taxonomy":"thematic_area","embeddable":true,"href":"https:\/\/www.manitese.it\/en\/wp-json\/wp\/v2\/thematic_area?post=169229"}],"curies":[{"name":"wp","href":"https:\/\/api.w.org\/{rel}","templated":true}]}}