{"id":168646,"date":"2023-02-01T15:12:53","date_gmt":"2023-02-01T14:12:53","guid":{"rendered":"https:\/\/manitese.it\/?p=168646"},"modified":"2023-11-29T15:51:07","modified_gmt":"2023-11-29T14:51:07","slug":"un-polmone-verde-nella-citta-di-ouagadougou","status":"publish","type":"post","link":"https:\/\/www.manitese.it\/en\/un-polmone-verde-nella-citta-di-ouagadougou\/","title":{"rendered":"Un polmone verde nella citt\u00e0 di Ouagadougou"},"content":{"rendered":"\r\n<p>Il progetto \u201c<strong>NUTRIRE LA CITT\u00c0 \u2013 Agricoltura urbana e produzione del cibo sano e locale per lo sviluppo di un sistema agroalimentare sostenibile e inclusivo \u201d<\/strong> in Burkina Faso \u00e8 iniziato da alcuni mesi. Si tratta di un progetto cofinanziato dall\u2019Agenzia Italiana per la Cooperazione allo Sviluppo, a cui Mani Tese sta lavorando insieme a Fondazione ACRA, capofila, e i partner Gnucoop, Etifor, ITAL WATINOMA e ASSOCIATION WATINOMA, Ke Du Burkinab\u00e9 e Mairie Di Ouagadougou.<\/p>\r\n\r\n\r\n\r\n<p>Nel quadro di questo progetto triennale, ci siamo prefissati un obiettivo ambizioso: la creazione di 15 ettari di orti urbani e la riabilitazione di alcune aree del <strong>Parco urbano Bengr Weogo<\/strong>, nel cuore della citt\u00e0 di Ouagadougou.<\/p>\r\n\r\n\r\n\r\n<p>I <strong>15 ettari di orti<\/strong> sono distribuiti all&#8217;interno della zona denominata \u201c<strong>cintura verde<\/strong>\u201d. Si tratta di siti di produzione di ortaggi molto importanti per la sostenibilit\u00e0 alimentare della citt\u00e0. Il proposito di Mani Tese \u00e8 quello di convertirli in perimetri agroecologici per migliorare la qualit\u00e0 e la sostenibilit\u00e0 della produzione garantendo una filiera corta quanto pi\u00f9 prossima ai mercati di distribuzione e ai consumatori della citt\u00e0.<\/p>\r\n\r\n\r\n\r\n<p>Il <strong>Parco Beng Weogo<\/strong> \u00e8 invece un vero e proprio polmone verde per la citt\u00e0. Al suo interno si possono trovare numerosi alberi con frutti e foglie interessanti per l&#8217;alimentazione (i PFNL &#8211; prodotti forestali non legnosi). Il parco \u00e8 inoltre popolato da animali quali coccodrilli, varani, gazzelle di varie specie, alcune scimmie e una gran moltitudine di uccelli. <strong>Rappresenta quindi un ambiente estremamente variegato che va protetto e salvaguardato.<\/strong> Mani Tese nei prossimi mesi sar\u00e0 impegnata nella riabilitazione di alcune zone e di alcune strutture del parco, nella formazione del personale e anche nella creazione di un percorso tematico. Ma intanto diamo un\u2019occhiata a questo bellissimo parco, nel video realizzato da Eugenio Attard, Responsabile Paese di Mani Tese in Burkina Faso, durante l\u2019ispezione della zona:<\/p>\r\n\r\n\r\n\r\n<p><iframe title=\"YouTube video player\" src=\"https:\/\/www.youtube.com\/embed\/fulipyIyTVY\" width=\"100%\" height=\"450\" frameborder=\"0\" allowfullscreen=\"allowfullscreen\"><\/iframe><\/p>\r\n\r\n\r\n\r\n<figure class=\"wp-block-gallery has-nested-images columns-default is-cropped wp-block-gallery-1 is-layout-flex wp-block-gallery-is-layout-flex\">\r\n<figure class=\"wp-block-image size-large\"><img decoding=\"async\" data-id=\"168661\" class=\"wp-image-168661\" src=\"https:\/\/manitese.it\/wp-content\/uploads\/2023\/02\/IMG_20221213_100853-1024x576.jpg\" alt=\"\" \/><\/figure>\r\n\r\n\r\n\r\n<figure class=\"wp-block-image size-large\"><img decoding=\"async\" data-id=\"168663\" class=\"wp-image-168663\" src=\"https:\/\/manitese.it\/wp-content\/uploads\/2023\/02\/IMG_20221213_110810-1024x576.jpg\" alt=\"\" \/><\/figure>\r\n\r\n\r\n\r\n<figure class=\"wp-block-image size-large\"><img decoding=\"async\" data-id=\"168665\" class=\"wp-image-168665\" src=\"https:\/\/manitese.it\/wp-content\/uploads\/2023\/02\/IMG_20221213_111411-1024x576.jpg\" alt=\"\" \/><\/figure>\r\n<\/figure>\r\n","protected":false},"excerpt":{"rendered":"<p>Nell\u2019ambito del progetto \u201cNutrire la citt\u00e0\u201d riabiliteremo il Parco Bengr Weogo nella capitale del Burkina Faso. Ecco il video della nostra prima ispezione!<\/p>\n","protected":false},"author":1,"featured_media":168658,"comment_status":"open","ping_status":"open","sticky":false,"template":"","format":"standard","meta":{"_acf_changed":false,"give_campaign_id":0,"inline_featured_image":false,"_jetpack_memberships_contains_paid_content":false,"footnotes":""},"categories":[1],"tags":[39,107,112],"thematic_area":[918,916,914],"class_list":["post-168646","post","type-post","status-publish","format-standard","has-post-thumbnail","hentry","category-news","tag-burkina-faso-2","tag-nutrire-la-citta","tag-parco-forestale","thematic_area-sistemi-e-filiere-agroalimentari-locali","thematic_area-citta-e-pratiche-sostenibili","thematic_area-riforestazione-e-biodiversita"],"acf":[],"yoast_head":"<!-- This site is optimized with the Yoast SEO plugin v27.5 - https:\/\/yoast.com\/product\/yoast-seo-wordpress\/ -->\n<title>Un polmone verde nella citt\u00e0 di Ouagadougou - Mani Tese<\/title>\n<meta name=\"description\" content=\"Nell\u2019ambito del progetto \u201cNutrire la citt\u00e0\u201d Mani Tese riabiliter\u00e0 il Parco Bengr Weogo nella capitale del Burkina Faso. Ecco il video della nostra prima ispezione!\" \/>\n<meta name=\"robots\" content=\"index, follow, max-snippet:-1, max-image-preview:large, max-video-preview:-1\" \/>\n<link rel=\"canonical\" href=\"https:\/\/www.manitese.it\/en\/un-polmone-verde-nella-citta-di-ouagadougou\/\" \/>\n<meta property=\"og:locale\" content=\"en_US\" \/>\n<meta property=\"og:type\" content=\"article\" \/>\n<meta property=\"og:title\" content=\"Un polmone verde nella citt\u00e0 di Ouagadougou - Mani Tese\" \/>\n<meta property=\"og:description\" content=\"Nell\u2019ambito del progetto \u201cNutrire la citt\u00e0\u201d Mani Tese riabiliter\u00e0 il Parco Bengr Weogo nella capitale del Burkina Faso. Ecco il video della nostra prima ispezione!\" \/>\n<meta property=\"og:url\" content=\"https:\/\/www.manitese.it\/en\/un-polmone-verde-nella-citta-di-ouagadougou\/\" \/>\n<meta property=\"og:site_name\" content=\"Mani Tese\" \/>\n<meta property=\"article:published_time\" content=\"2023-02-01T14:12:53+00:00\" \/>\n<meta property=\"article:modified_time\" content=\"2023-11-29T14:51:07+00:00\" \/>\n<meta property=\"og:image\" content=\"https:\/\/www.manitese.it\/wp-content\/uploads\/2023\/02\/header-rid.jpg\" \/>\n\t<meta property=\"og:image:width\" content=\"1917\" \/>\n\t<meta property=\"og:image:height\" content=\"801\" \/>\n\t<meta property=\"og:image:type\" content=\"image\/jpeg\" \/>\n<meta name=\"author\" content=\"agevis\" \/>\n<meta name=\"twitter:card\" content=\"summary_large_image\" \/>\n<meta name=\"twitter:label1\" content=\"Written by\" \/>\n\t<meta name=\"twitter:data1\" content=\"agevis\" \/>\n\t<meta name=\"twitter:label2\" content=\"Est. reading time\" \/>\n\t<meta name=\"twitter:data2\" content=\"2 minutes\" \/>\n<script type=\"application\/ld+json\" class=\"yoast-schema-graph\">{\"@context\":\"https:\\\/\\\/schema.org\",\"@graph\":[{\"@type\":\"Article\",\"@id\":\"https:\\\/\\\/www.manitese.it\\\/en\\\/un-polmone-verde-nella-citta-di-ouagadougou\\\/#article\",\"isPartOf\":{\"@id\":\"https:\\\/\\\/www.manitese.it\\\/en\\\/un-polmone-verde-nella-citta-di-ouagadougou\\\/\"},\"author\":{\"name\":\"agevis\",\"@id\":\"https:\\\/\\\/www.manitese.it\\\/en\\\/#\\\/schema\\\/person\\\/5a9774f17e4940e2510bfeba90f04f65\"},\"headline\":\"Un polmone verde nella citt\u00e0 di Ouagadougou\",\"datePublished\":\"2023-02-01T14:12:53+00:00\",\"dateModified\":\"2023-11-29T14:51:07+00:00\",\"mainEntityOfPage\":{\"@id\":\"https:\\\/\\\/www.manitese.it\\\/en\\\/un-polmone-verde-nella-citta-di-ouagadougou\\\/\"},\"wordCount\":308,\"commentCount\":0,\"image\":{\"@id\":\"https:\\\/\\\/www.manitese.it\\\/en\\\/un-polmone-verde-nella-citta-di-ouagadougou\\\/#primaryimage\"},\"thumbnailUrl\":\"https:\\\/\\\/www.manitese.it\\\/wp-content\\\/uploads\\\/2023\\\/02\\\/header-rid.jpg\",\"keywords\":[\"burkina faso\",\"nutrire la citt\u00e0\",\"parco forestale\"],\"articleSection\":[\"News\"],\"inLanguage\":\"en-US\",\"potentialAction\":[{\"@type\":\"CommentAction\",\"name\":\"Comment\",\"target\":[\"https:\\\/\\\/www.manitese.it\\\/en\\\/un-polmone-verde-nella-citta-di-ouagadougou\\\/#respond\"]}]},{\"@type\":\"WebPage\",\"@id\":\"https:\\\/\\\/www.manitese.it\\\/en\\\/un-polmone-verde-nella-citta-di-ouagadougou\\\/\",\"url\":\"https:\\\/\\\/www.manitese.it\\\/en\\\/un-polmone-verde-nella-citta-di-ouagadougou\\\/\",\"name\":\"Un polmone verde nella citt\u00e0 di Ouagadougou - Mani Tese\",\"isPartOf\":{\"@id\":\"https:\\\/\\\/www.manitese.it\\\/en\\\/#website\"},\"primaryImageOfPage\":{\"@id\":\"https:\\\/\\\/www.manitese.it\\\/en\\\/un-polmone-verde-nella-citta-di-ouagadougou\\\/#primaryimage\"},\"image\":{\"@id\":\"https:\\\/\\\/www.manitese.it\\\/en\\\/un-polmone-verde-nella-citta-di-ouagadougou\\\/#primaryimage\"},\"thumbnailUrl\":\"https:\\\/\\\/www.manitese.it\\\/wp-content\\\/uploads\\\/2023\\\/02\\\/header-rid.jpg\",\"datePublished\":\"2023-02-01T14:12:53+00:00\",\"dateModified\":\"2023-11-29T14:51:07+00:00\",\"author\":{\"@id\":\"https:\\\/\\\/www.manitese.it\\\/en\\\/#\\\/schema\\\/person\\\/5a9774f17e4940e2510bfeba90f04f65\"},\"description\":\"Nell\u2019ambito del progetto \u201cNutrire la citt\u00e0\u201d Mani Tese riabiliter\u00e0 il Parco Bengr Weogo nella capitale del Burkina Faso. Ecco il video della nostra prima ispezione!\",\"breadcrumb\":{\"@id\":\"https:\\\/\\\/www.manitese.it\\\/en\\\/un-polmone-verde-nella-citta-di-ouagadougou\\\/#breadcrumb\"},\"inLanguage\":\"en-US\",\"potentialAction\":[{\"@type\":\"ReadAction\",\"target\":[\"https:\\\/\\\/www.manitese.it\\\/en\\\/un-polmone-verde-nella-citta-di-ouagadougou\\\/\"]}]},{\"@type\":\"ImageObject\",\"inLanguage\":\"en-US\",\"@id\":\"https:\\\/\\\/www.manitese.it\\\/en\\\/un-polmone-verde-nella-citta-di-ouagadougou\\\/#primaryimage\",\"url\":\"https:\\\/\\\/www.manitese.it\\\/wp-content\\\/uploads\\\/2023\\\/02\\\/header-rid.jpg\",\"contentUrl\":\"https:\\\/\\\/www.manitese.it\\\/wp-content\\\/uploads\\\/2023\\\/02\\\/header-rid.jpg\",\"width\":1917,\"height\":801,\"caption\":\"Ispezione al parco Bangr Waego\"},{\"@type\":\"BreadcrumbList\",\"@id\":\"https:\\\/\\\/www.manitese.it\\\/en\\\/un-polmone-verde-nella-citta-di-ouagadougou\\\/#breadcrumb\",\"itemListElement\":[{\"@type\":\"ListItem\",\"position\":1,\"name\":\"Home\",\"item\":\"https:\\\/\\\/www.manitese.it\\\/en\\\/\"},{\"@type\":\"ListItem\",\"position\":2,\"name\":\"Un polmone verde nella citt\u00e0 di Ouagadougou\"}]},{\"@type\":\"WebSite\",\"@id\":\"https:\\\/\\\/www.manitese.it\\\/en\\\/#website\",\"url\":\"https:\\\/\\\/www.manitese.it\\\/en\\\/\",\"name\":\"Mani Tese\",\"description\":\"\",\"potentialAction\":[{\"@type\":\"SearchAction\",\"target\":{\"@type\":\"EntryPoint\",\"urlTemplate\":\"https:\\\/\\\/www.manitese.it\\\/en\\\/?s={search_term_string}\"},\"query-input\":{\"@type\":\"PropertyValueSpecification\",\"valueRequired\":true,\"valueName\":\"search_term_string\"}}],\"inLanguage\":\"en-US\"},{\"@type\":\"Person\",\"@id\":\"https:\\\/\\\/www.manitese.it\\\/en\\\/#\\\/schema\\\/person\\\/5a9774f17e4940e2510bfeba90f04f65\",\"name\":\"agevis\",\"image\":{\"@type\":\"ImageObject\",\"inLanguage\":\"en-US\",\"@id\":\"https:\\\/\\\/secure.gravatar.com\\\/avatar\\\/2dc96c93fcf3387a5922a93b50fb3bff01d4800590fb6a4ab91a034adb25ba17?s=96&d=mm&r=g\",\"url\":\"https:\\\/\\\/secure.gravatar.com\\\/avatar\\\/2dc96c93fcf3387a5922a93b50fb3bff01d4800590fb6a4ab91a034adb25ba17?s=96&d=mm&r=g\",\"contentUrl\":\"https:\\\/\\\/secure.gravatar.com\\\/avatar\\\/2dc96c93fcf3387a5922a93b50fb3bff01d4800590fb6a4ab91a034adb25ba17?s=96&d=mm&r=g\",\"caption\":\"agevis\"},\"url\":\"https:\\\/\\\/www.manitese.it\\\/en\\\/author\\\/wp_agevis_admin\\\/\"}]}<\/script>\n<!-- \/ Yoast SEO plugin. -->","yoast_head_json":{"title":"Un polmone verde nella citt\u00e0 di Ouagadougou - Mani Tese","description":"Nell\u2019ambito del progetto \u201cNutrire la citt\u00e0\u201d Mani Tese riabiliter\u00e0 il Parco Bengr Weogo nella capitale del Burkina Faso. Ecco il video della nostra prima ispezione!","robots":{"index":"index","follow":"follow","max-snippet":"max-snippet:-1","max-image-preview":"max-image-preview:large","max-video-preview":"max-video-preview:-1"},"canonical":"https:\/\/www.manitese.it\/en\/un-polmone-verde-nella-citta-di-ouagadougou\/","og_locale":"en_US","og_type":"article","og_title":"Un polmone verde nella citt\u00e0 di Ouagadougou - Mani Tese","og_description":"Nell\u2019ambito del progetto \u201cNutrire la citt\u00e0\u201d Mani Tese riabiliter\u00e0 il Parco Bengr Weogo nella capitale del Burkina Faso. Ecco il video della nostra prima ispezione!","og_url":"https:\/\/www.manitese.it\/en\/un-polmone-verde-nella-citta-di-ouagadougou\/","og_site_name":"Mani Tese","article_published_time":"2023-02-01T14:12:53+00:00","article_modified_time":"2023-11-29T14:51:07+00:00","og_image":[{"width":1917,"height":801,"url":"https:\/\/www.manitese.it\/wp-content\/uploads\/2023\/02\/header-rid.jpg","type":"image\/jpeg"}],"author":"agevis","twitter_card":"summary_large_image","twitter_misc":{"Written by":"agevis","Est. reading time":"2 minutes"},"schema":{"@context":"https:\/\/schema.org","@graph":[{"@type":"Article","@id":"https:\/\/www.manitese.it\/en\/un-polmone-verde-nella-citta-di-ouagadougou\/#article","isPartOf":{"@id":"https:\/\/www.manitese.it\/en\/un-polmone-verde-nella-citta-di-ouagadougou\/"},"author":{"name":"agevis","@id":"https:\/\/www.manitese.it\/en\/#\/schema\/person\/5a9774f17e4940e2510bfeba90f04f65"},"headline":"Un polmone verde nella citt\u00e0 di Ouagadougou","datePublished":"2023-02-01T14:12:53+00:00","dateModified":"2023-11-29T14:51:07+00:00","mainEntityOfPage":{"@id":"https:\/\/www.manitese.it\/en\/un-polmone-verde-nella-citta-di-ouagadougou\/"},"wordCount":308,"commentCount":0,"image":{"@id":"https:\/\/www.manitese.it\/en\/un-polmone-verde-nella-citta-di-ouagadougou\/#primaryimage"},"thumbnailUrl":"https:\/\/www.manitese.it\/wp-content\/uploads\/2023\/02\/header-rid.jpg","keywords":["burkina faso","nutrire la citt\u00e0","parco forestale"],"articleSection":["News"],"inLanguage":"en-US","potentialAction":[{"@type":"CommentAction","name":"Comment","target":["https:\/\/www.manitese.it\/en\/un-polmone-verde-nella-citta-di-ouagadougou\/#respond"]}]},{"@type":"WebPage","@id":"https:\/\/www.manitese.it\/en\/un-polmone-verde-nella-citta-di-ouagadougou\/","url":"https:\/\/www.manitese.it\/en\/un-polmone-verde-nella-citta-di-ouagadougou\/","name":"Un polmone verde nella citt\u00e0 di Ouagadougou - Mani Tese","isPartOf":{"@id":"https:\/\/www.manitese.it\/en\/#website"},"primaryImageOfPage":{"@id":"https:\/\/www.manitese.it\/en\/un-polmone-verde-nella-citta-di-ouagadougou\/#primaryimage"},"image":{"@id":"https:\/\/www.manitese.it\/en\/un-polmone-verde-nella-citta-di-ouagadougou\/#primaryimage"},"thumbnailUrl":"https:\/\/www.manitese.it\/wp-content\/uploads\/2023\/02\/header-rid.jpg","datePublished":"2023-02-01T14:12:53+00:00","dateModified":"2023-11-29T14:51:07+00:00","author":{"@id":"https:\/\/www.manitese.it\/en\/#\/schema\/person\/5a9774f17e4940e2510bfeba90f04f65"},"description":"Nell\u2019ambito del progetto \u201cNutrire la citt\u00e0\u201d Mani Tese riabiliter\u00e0 il Parco Bengr Weogo nella capitale del Burkina Faso. Ecco il video della nostra prima ispezione!","breadcrumb":{"@id":"https:\/\/www.manitese.it\/en\/un-polmone-verde-nella-citta-di-ouagadougou\/#breadcrumb"},"inLanguage":"en-US","potentialAction":[{"@type":"ReadAction","target":["https:\/\/www.manitese.it\/en\/un-polmone-verde-nella-citta-di-ouagadougou\/"]}]},{"@type":"ImageObject","inLanguage":"en-US","@id":"https:\/\/www.manitese.it\/en\/un-polmone-verde-nella-citta-di-ouagadougou\/#primaryimage","url":"https:\/\/www.manitese.it\/wp-content\/uploads\/2023\/02\/header-rid.jpg","contentUrl":"https:\/\/www.manitese.it\/wp-content\/uploads\/2023\/02\/header-rid.jpg","width":1917,"height":801,"caption":"Ispezione al parco Bangr Waego"},{"@type":"BreadcrumbList","@id":"https:\/\/www.manitese.it\/en\/un-polmone-verde-nella-citta-di-ouagadougou\/#breadcrumb","itemListElement":[{"@type":"ListItem","position":1,"name":"Home","item":"https:\/\/www.manitese.it\/en\/"},{"@type":"ListItem","position":2,"name":"Un polmone verde nella citt\u00e0 di Ouagadougou"}]},{"@type":"WebSite","@id":"https:\/\/www.manitese.it\/en\/#website","url":"https:\/\/www.manitese.it\/en\/","name":"Mani Tese","description":"","potentialAction":[{"@type":"SearchAction","target":{"@type":"EntryPoint","urlTemplate":"https:\/\/www.manitese.it\/en\/?s={search_term_string}"},"query-input":{"@type":"PropertyValueSpecification","valueRequired":true,"valueName":"search_term_string"}}],"inLanguage":"en-US"},{"@type":"Person","@id":"https:\/\/www.manitese.it\/en\/#\/schema\/person\/5a9774f17e4940e2510bfeba90f04f65","name":"agevis","image":{"@type":"ImageObject","inLanguage":"en-US","@id":"https:\/\/secure.gravatar.com\/avatar\/2dc96c93fcf3387a5922a93b50fb3bff01d4800590fb6a4ab91a034adb25ba17?s=96&d=mm&r=g","url":"https:\/\/secure.gravatar.com\/avatar\/2dc96c93fcf3387a5922a93b50fb3bff01d4800590fb6a4ab91a034adb25ba17?s=96&d=mm&r=g","contentUrl":"https:\/\/secure.gravatar.com\/avatar\/2dc96c93fcf3387a5922a93b50fb3bff01d4800590fb6a4ab91a034adb25ba17?s=96&d=mm&r=g","caption":"agevis"},"url":"https:\/\/www.manitese.it\/en\/author\/wp_agevis_admin\/"}]}},"jetpack_featured_media_url":"https:\/\/www.manitese.it\/wp-content\/uploads\/2023\/02\/header-rid.jpg","jetpack_sharing_enabled":true,"_links":{"self":[{"href":"https:\/\/www.manitese.it\/en\/wp-json\/wp\/v2\/posts\/168646","targetHints":{"allow":["GET"]}}],"collection":[{"href":"https:\/\/www.manitese.it\/en\/wp-json\/wp\/v2\/posts"}],"about":[{"href":"https:\/\/www.manitese.it\/en\/wp-json\/wp\/v2\/types\/post"}],"author":[{"embeddable":true,"href":"https:\/\/www.manitese.it\/en\/wp-json\/wp\/v2\/users\/1"}],"replies":[{"embeddable":true,"href":"https:\/\/www.manitese.it\/en\/wp-json\/wp\/v2\/comments?post=168646"}],"version-history":[{"count":3,"href":"https:\/\/www.manitese.it\/en\/wp-json\/wp\/v2\/posts\/168646\/revisions"}],"predecessor-version":[{"id":191604,"href":"https:\/\/www.manitese.it\/en\/wp-json\/wp\/v2\/posts\/168646\/revisions\/191604"}],"wp:featuredmedia":[{"embeddable":true,"href":"https:\/\/www.manitese.it\/en\/wp-json\/wp\/v2\/media\/168658"}],"wp:attachment":[{"href":"https:\/\/www.manitese.it\/en\/wp-json\/wp\/v2\/media?parent=168646"}],"wp:term":[{"taxonomy":"category","embeddable":true,"href":"https:\/\/www.manitese.it\/en\/wp-json\/wp\/v2\/categories?post=168646"},{"taxonomy":"post_tag","embeddable":true,"href":"https:\/\/www.manitese.it\/en\/wp-json\/wp\/v2\/tags?post=168646"},{"taxonomy":"thematic_area","embeddable":true,"href":"https:\/\/www.manitese.it\/en\/wp-json\/wp\/v2\/thematic_area?post=168646"}],"curies":[{"name":"wp","href":"https:\/\/api.w.org\/{rel}","templated":true}]}}