{"id":168335,"date":"2023-01-24T14:28:22","date_gmt":"2023-01-24T13:28:22","guid":{"rendered":"https:\/\/manitese.it\/?p=168335"},"modified":"2023-11-29T15:51:59","modified_gmt":"2023-11-29T14:51:59","slug":"burkina-faso-una-cintura-verde-per-nutrire-la-citta","status":"publish","type":"post","link":"https:\/\/www.manitese.it\/en\/burkina-faso-una-cintura-verde-per-nutrire-la-citta\/","title":{"rendered":"Burkina Faso: una cintura verde per nutrire la citt\u00e0"},"content":{"rendered":"\r\n<p>Il 15 ottobre 2015 a Milano viene siglato il <strong>Milan Urban Food Policy Pact<\/strong> da pi\u00f9 di 100 citt\u00e0 nel mondo e, in occasione del World Food Day, viene presentato dal Segretario Generale delle Nazioni Unite Ban Ki-moon. Dal 2016, nell\u2019ambito di questo patto, \u00e8 stato avviato un <strong>forum regionale sulle politiche alimentari cittadine per l\u2019Africa<\/strong> francofona e nel 2021 il forum si \u00e8 svolto proprio a Ouagadougou, in Burkina Faso.<\/p>\r\n\r\n\r\n\r\n<p>La capitale del Paese gi\u00e0 negli anni \u201860 aveva cominciato a parlare di politiche alimentari e nel 1976 aveva iniziato i lavori per sviluppare <strong>una cintura che avrebbe circondato la citt\u00e0 come un vero e proprio polmone verde. <\/strong>L\u2019obiettivo era ristorare 2.100 ettari per conservare la biodiversit\u00e0, fornire prodotti forestali a scopo alimentare, proteggere la citt\u00e0 dal vento, dalla polvere e dall\u2019erosione del suolo.<\/p>\r\n\r\n\r\n\r\n<p>Purtroppo, per\u00f2, i lavori si sono interrotti nel 1990 e, da allora, la cintura verde di Ouagadougou \u00e8 rimasta un\u2019opera pubblica realizzata a met\u00e0, con solo 1032 ettari coltivati. <strong>La sottoscrizione del Milan Urban Food Policy Pact da parte del Comune di Ouagadougou ha per\u00f2 segnato l\u2019inizio di un nuovo periodo di lavori per la riabilitazione della cintura con l\u2019obiettivo di garantire la sostenibilit\u00e0 alimentare a una citt\u00e0 nel pieno di un\u2019esplosione demografica.<\/strong><\/p>\r\n\r\n\r\n\r\n<p>\u201cAd oggi la capitale conta circa 2,5 milioni di abitanti e si prevede che con la crisi securitaria e l\u2019urbanizzazione questa cifra crescer\u00e0 nei prossimi anni \u2013 afferma <strong>Abdoul Wahab Kiendr\u00e9beogo, rappresentante del Comune di Ouagadougou<\/strong> &#8211; Per questo \u00e8 importante allargare la cintura verde: per riuscire a sviluppare un sistema agroalimentare inclusivo e sostenibile che possa fornire cibo sano alla citt\u00e0, soprattutto alle persone pi\u00f9 vulnerabili\u201d. \u00a0<\/p>\r\n\r\n\r\n\r\n<p>Il progetto<strong> \u201c<a href=\"https:\/\/manitese.it\/progetto\/nutrire-la-citta\">NUTRIRE LA CITT\u00c0 \u2013 Agricoltura urbana e produzione del cibo sano e locale per lo sviluppo di un sistema agroalimentare sostenibile e inclusivo<\/a>\u201d,<\/strong> cofinanziato dall\u2019Agenzia Italiana per la Cooperazione allo Sviluppo (AICS) a cui Mani Tese sta lavorando con Fondazione ACRA (capofila) e altri partner (Gnucoop, Etifor, ITAL WATINOMA e ASSOCIATION WATINOMA, Ke Du Burkinab\u00e9, Mairie Di Ouagadougou), prevede <strong>l\u2019allargamento della cintura verde di altri 15 ettari<\/strong> <strong>e lo sviluppo di un sistema di rifornimento delle mense scolastiche della citt\u00e0 con le eccedenze dei prodotti freschi.<\/strong> Questo sistema permetter\u00e0, a livello ambientale, di rigenerare il terreno intorno alla capitale tramite tecniche agroecologiche; a livello economico, consentir\u00e0 di generare lavoro e reddito per le famiglie e i gruppi di agricoltori che vi lavoreranno; infine, a livello sociale, permetter\u00e0 a 6000 bambini e alle persone pi\u00f9 vulnerabili, come gli sfollati interni, di consumare cibo sano e locale.<\/p>\r\n\r\n\r\n\r\n<p>Durante le visite sul terreno<strong>, il coordinatore del progetto per Mani Tese<\/strong>, ha affermato che la cintura verde \u00e8 vitale per la citt\u00e0 di Ouagadougou. \u201cViviamo in un momento storico di profonda crisi ambientale \u2013 dichiara il coordinatore \u2013 <strong>la cintura verde gioca un ruolo fondamentale nella riduzione delle emissioni di anidride carbonica e delle temperature che sono sempre pi\u00f9 alte.<\/strong> Dobbiamo lavorare per garantire ai nostri figli di poter vivere in luogo migliore rispetto a come lo abbiamo trovato noi\u201d.<\/p>\r\n\r\n\r\n\r\n<p>Anche <strong>Dialla Tiusgnimi, direttore tecnico del parco Bangr-Weogo di Ouagadougou<\/strong>, \u00e8 d\u2019accordo con il coordinatore del progetto: \u201cSensibilizzare i cittadini sull&#8217;importanza del prendersi cura degli spazi verdi della citt\u00e0 \u00e8 prioritario, per questo il parco \u00e8 uno dei protagonisti del progetto come tassello insostituibile della cintura verde\u201d. Con il direttore del parco e il partner italiano ETIFOR, Mani Tese sta infatti lavorando a una mappatura delle specie forestali non legnose cos\u00ec che nei prossimi mesi si possa dare il via alla riforestazione di alcune zone del parco e all\u2019inserimento di piante utili anche a scopo alimentare.<\/p>\r\n\r\n\r\n\r\n<p>\u201cUno dei principali obiettivi \u2013 conclude il direttore &#8211; \u00e8 riuscire a lavorare insieme per salvaguardare la biodiversit\u00e0 della cintura verde, coinvolgere i cittadini nella manutenzione del verde pubblico e permettere alla popolazione di vivere in un luogo sano, in grado di nutrire tutta la citt\u00e0.\u201d<\/p>\r\n\r\n\r\n\r\n<figure class=\"wp-block-gallery has-nested-images columns-default is-cropped wp-block-gallery-1 is-layout-flex wp-block-gallery-is-layout-flex\">\r\n<figure class=\"wp-block-image size-large\"><img decoding=\"async\" data-id=\"168336\" class=\"wp-image-168336\" src=\"https:\/\/manitese.it\/wp-content\/uploads\/2023\/01\/20221128_152033-1024x576.jpg\" alt=\"\" \/><\/figure>\r\n\r\n\r\n\r\n<figure class=\"wp-block-image size-large\"><img decoding=\"async\" data-id=\"168338\" class=\"wp-image-168338\" src=\"https:\/\/manitese.it\/wp-content\/uploads\/2023\/01\/20221128_152107-576x1024.jpg\" alt=\"\" \/><\/figure>\r\n\r\n\r\n\r\n<figure class=\"wp-block-image size-large\"><img decoding=\"async\" data-id=\"168344\" class=\"wp-image-168344\" src=\"https:\/\/manitese.it\/wp-content\/uploads\/2023\/01\/20221128_153247-1024x576.jpg\" alt=\"\" \/><\/figure>\r\n\r\n\r\n\r\n<figure class=\"wp-block-image size-large\"><img decoding=\"async\" data-id=\"168340\" class=\"wp-image-168340\" src=\"https:\/\/manitese.it\/wp-content\/uploads\/2023\/01\/20221130_163256-1024x576.jpg\" alt=\"\" \/><\/figure>\r\n\r\n\r\n\r\n<figure class=\"wp-block-image size-large\"><img decoding=\"async\" data-id=\"168342\" class=\"wp-image-168342\" src=\"https:\/\/manitese.it\/wp-content\/uploads\/2023\/01\/IMG_20221221_115041_295-1024x768.jpg\" alt=\"\" \/><\/figure>\r\n\r\n\r\n\r\n<figure class=\"wp-block-image size-large\"><img decoding=\"async\" data-id=\"168346\" class=\"wp-image-168346\" src=\"https:\/\/manitese.it\/wp-content\/uploads\/2023\/01\/IMG_20221221_115109_187-1024x768.jpg\" alt=\"\" \/><\/figure>\r\n<\/figure>\r\n","protected":false},"excerpt":{"rendered":"<p>Al via il progetto \u201cNutrire la citt\u00e0\u201d che potenzier\u00e0 il polmone verde di Ouagadougou garantendo un\u2019alimentazione sana e sostenibile ai suoi cittadini e contribuendo alla riduzione delle emissioni di CO2.<\/p>\n","protected":false},"author":1,"featured_media":168352,"comment_status":"open","ping_status":"open","sticky":false,"template":"","format":"standard","meta":{"_acf_changed":false,"give_campaign_id":0,"inline_featured_image":false,"_jetpack_memberships_contains_paid_content":false,"footnotes":""},"categories":[1],"tags":[39,107],"thematic_area":[918,916,914],"class_list":["post-168335","post","type-post","status-publish","format-standard","has-post-thumbnail","hentry","category-news","tag-burkina-faso-2","tag-nutrire-la-citta","thematic_area-sistemi-e-filiere-agroalimentari-locali","thematic_area-citta-e-pratiche-sostenibili","thematic_area-riforestazione-e-biodiversita"],"acf":[],"yoast_head":"<!-- This site is optimized with the Yoast SEO plugin v27.5 - https:\/\/yoast.com\/product\/yoast-seo-wordpress\/ -->\n<title>Burkina Faso: una cintura verde per nutrire la citt\u00e0 - Mani Tese<\/title>\n<meta name=\"description\" content=\"Al via il progetto \u201cNutrire la citt\u00e0\u201d di Mani Tese che potenzier\u00e0 il polmone verde di Ouagadougou garantendo un\u2019alimentazione sana e sostenibile ai suoi cittadini e contribuendo alla riduzione delle emissioni di CO2.\" \/>\n<meta name=\"robots\" content=\"index, follow, max-snippet:-1, max-image-preview:large, max-video-preview:-1\" \/>\n<link rel=\"canonical\" href=\"https:\/\/www.manitese.it\/en\/burkina-faso-una-cintura-verde-per-nutrire-la-citta\/\" \/>\n<meta property=\"og:locale\" content=\"en_US\" \/>\n<meta property=\"og:type\" content=\"article\" \/>\n<meta property=\"og:title\" content=\"Burkina Faso: una cintura verde per nutrire la citt\u00e0 - Mani Tese\" \/>\n<meta property=\"og:description\" content=\"Al via il progetto \u201cNutrire la citt\u00e0\u201d di Mani Tese che potenzier\u00e0 il polmone verde di Ouagadougou garantendo un\u2019alimentazione sana e sostenibile ai suoi cittadini e contribuendo alla riduzione delle emissioni di CO2.\" \/>\n<meta property=\"og:url\" content=\"https:\/\/www.manitese.it\/en\/burkina-faso-una-cintura-verde-per-nutrire-la-citta\/\" \/>\n<meta property=\"og:site_name\" content=\"Mani Tese\" \/>\n<meta property=\"article:published_time\" content=\"2023-01-24T13:28:22+00:00\" \/>\n<meta property=\"article:modified_time\" content=\"2023-11-29T14:51:59+00:00\" \/>\n<meta property=\"og:image\" content=\"https:\/\/www.manitese.it\/wp-content\/uploads\/2023\/01\/header-rid.jpg\" \/>\n\t<meta property=\"og:image:width\" content=\"1919\" \/>\n\t<meta property=\"og:image:height\" content=\"801\" \/>\n\t<meta property=\"og:image:type\" content=\"image\/jpeg\" \/>\n<meta name=\"author\" content=\"agevis\" \/>\n<meta name=\"twitter:card\" content=\"summary_large_image\" \/>\n<meta name=\"twitter:label1\" content=\"Written by\" \/>\n\t<meta name=\"twitter:data1\" content=\"agevis\" \/>\n\t<meta name=\"twitter:label2\" content=\"Est. reading time\" \/>\n\t<meta name=\"twitter:data2\" content=\"4 minutes\" \/>\n<script type=\"application\/ld+json\" class=\"yoast-schema-graph\">{\"@context\":\"https:\\\/\\\/schema.org\",\"@graph\":[{\"@type\":\"Article\",\"@id\":\"https:\\\/\\\/www.manitese.it\\\/en\\\/burkina-faso-una-cintura-verde-per-nutrire-la-citta\\\/#article\",\"isPartOf\":{\"@id\":\"https:\\\/\\\/www.manitese.it\\\/en\\\/burkina-faso-una-cintura-verde-per-nutrire-la-citta\\\/\"},\"author\":{\"name\":\"agevis\",\"@id\":\"https:\\\/\\\/www.manitese.it\\\/en\\\/#\\\/schema\\\/person\\\/5a9774f17e4940e2510bfeba90f04f65\"},\"headline\":\"Burkina Faso: una cintura verde per nutrire la citt\u00e0\",\"datePublished\":\"2023-01-24T13:28:22+00:00\",\"dateModified\":\"2023-11-29T14:51:59+00:00\",\"mainEntityOfPage\":{\"@id\":\"https:\\\/\\\/www.manitese.it\\\/en\\\/burkina-faso-una-cintura-verde-per-nutrire-la-citta\\\/\"},\"wordCount\":642,\"commentCount\":0,\"image\":{\"@id\":\"https:\\\/\\\/www.manitese.it\\\/en\\\/burkina-faso-una-cintura-verde-per-nutrire-la-citta\\\/#primaryimage\"},\"thumbnailUrl\":\"https:\\\/\\\/www.manitese.it\\\/wp-content\\\/uploads\\\/2023\\\/01\\\/header-rid.jpg\",\"keywords\":[\"burkina faso\",\"nutrire la citt\u00e0\"],\"articleSection\":[\"News\"],\"inLanguage\":\"en-US\",\"potentialAction\":[{\"@type\":\"CommentAction\",\"name\":\"Comment\",\"target\":[\"https:\\\/\\\/www.manitese.it\\\/en\\\/burkina-faso-una-cintura-verde-per-nutrire-la-citta\\\/#respond\"]}]},{\"@type\":\"WebPage\",\"@id\":\"https:\\\/\\\/www.manitese.it\\\/en\\\/burkina-faso-una-cintura-verde-per-nutrire-la-citta\\\/\",\"url\":\"https:\\\/\\\/www.manitese.it\\\/en\\\/burkina-faso-una-cintura-verde-per-nutrire-la-citta\\\/\",\"name\":\"Burkina Faso: una cintura verde per nutrire la citt\u00e0 - Mani Tese\",\"isPartOf\":{\"@id\":\"https:\\\/\\\/www.manitese.it\\\/en\\\/#website\"},\"primaryImageOfPage\":{\"@id\":\"https:\\\/\\\/www.manitese.it\\\/en\\\/burkina-faso-una-cintura-verde-per-nutrire-la-citta\\\/#primaryimage\"},\"image\":{\"@id\":\"https:\\\/\\\/www.manitese.it\\\/en\\\/burkina-faso-una-cintura-verde-per-nutrire-la-citta\\\/#primaryimage\"},\"thumbnailUrl\":\"https:\\\/\\\/www.manitese.it\\\/wp-content\\\/uploads\\\/2023\\\/01\\\/header-rid.jpg\",\"datePublished\":\"2023-01-24T13:28:22+00:00\",\"dateModified\":\"2023-11-29T14:51:59+00:00\",\"author\":{\"@id\":\"https:\\\/\\\/www.manitese.it\\\/en\\\/#\\\/schema\\\/person\\\/5a9774f17e4940e2510bfeba90f04f65\"},\"description\":\"Al via il progetto \u201cNutrire la citt\u00e0\u201d di Mani Tese che potenzier\u00e0 il polmone verde di Ouagadougou garantendo un\u2019alimentazione sana e sostenibile ai suoi cittadini e contribuendo alla riduzione delle emissioni di CO2.\",\"breadcrumb\":{\"@id\":\"https:\\\/\\\/www.manitese.it\\\/en\\\/burkina-faso-una-cintura-verde-per-nutrire-la-citta\\\/#breadcrumb\"},\"inLanguage\":\"en-US\",\"potentialAction\":[{\"@type\":\"ReadAction\",\"target\":[\"https:\\\/\\\/www.manitese.it\\\/en\\\/burkina-faso-una-cintura-verde-per-nutrire-la-citta\\\/\"]}]},{\"@type\":\"ImageObject\",\"inLanguage\":\"en-US\",\"@id\":\"https:\\\/\\\/www.manitese.it\\\/en\\\/burkina-faso-una-cintura-verde-per-nutrire-la-citta\\\/#primaryimage\",\"url\":\"https:\\\/\\\/www.manitese.it\\\/wp-content\\\/uploads\\\/2023\\\/01\\\/header-rid.jpg\",\"contentUrl\":\"https:\\\/\\\/www.manitese.it\\\/wp-content\\\/uploads\\\/2023\\\/01\\\/header-rid.jpg\",\"width\":1919,\"height\":801},{\"@type\":\"BreadcrumbList\",\"@id\":\"https:\\\/\\\/www.manitese.it\\\/en\\\/burkina-faso-una-cintura-verde-per-nutrire-la-citta\\\/#breadcrumb\",\"itemListElement\":[{\"@type\":\"ListItem\",\"position\":1,\"name\":\"Home\",\"item\":\"https:\\\/\\\/www.manitese.it\\\/en\\\/\"},{\"@type\":\"ListItem\",\"position\":2,\"name\":\"Burkina Faso: una cintura verde per nutrire la citt\u00e0\"}]},{\"@type\":\"WebSite\",\"@id\":\"https:\\\/\\\/www.manitese.it\\\/en\\\/#website\",\"url\":\"https:\\\/\\\/www.manitese.it\\\/en\\\/\",\"name\":\"Mani Tese\",\"description\":\"\",\"potentialAction\":[{\"@type\":\"SearchAction\",\"target\":{\"@type\":\"EntryPoint\",\"urlTemplate\":\"https:\\\/\\\/www.manitese.it\\\/en\\\/?s={search_term_string}\"},\"query-input\":{\"@type\":\"PropertyValueSpecification\",\"valueRequired\":true,\"valueName\":\"search_term_string\"}}],\"inLanguage\":\"en-US\"},{\"@type\":\"Person\",\"@id\":\"https:\\\/\\\/www.manitese.it\\\/en\\\/#\\\/schema\\\/person\\\/5a9774f17e4940e2510bfeba90f04f65\",\"name\":\"agevis\",\"image\":{\"@type\":\"ImageObject\",\"inLanguage\":\"en-US\",\"@id\":\"https:\\\/\\\/secure.gravatar.com\\\/avatar\\\/2dc96c93fcf3387a5922a93b50fb3bff01d4800590fb6a4ab91a034adb25ba17?s=96&d=mm&r=g\",\"url\":\"https:\\\/\\\/secure.gravatar.com\\\/avatar\\\/2dc96c93fcf3387a5922a93b50fb3bff01d4800590fb6a4ab91a034adb25ba17?s=96&d=mm&r=g\",\"contentUrl\":\"https:\\\/\\\/secure.gravatar.com\\\/avatar\\\/2dc96c93fcf3387a5922a93b50fb3bff01d4800590fb6a4ab91a034adb25ba17?s=96&d=mm&r=g\",\"caption\":\"agevis\"},\"url\":\"https:\\\/\\\/www.manitese.it\\\/en\\\/author\\\/wp_agevis_admin\\\/\"}]}<\/script>\n<!-- \/ Yoast SEO plugin. -->","yoast_head_json":{"title":"Burkina Faso: una cintura verde per nutrire la citt\u00e0 - Mani Tese","description":"Al via il progetto \u201cNutrire la citt\u00e0\u201d di Mani Tese che potenzier\u00e0 il polmone verde di Ouagadougou garantendo un\u2019alimentazione sana e sostenibile ai suoi cittadini e contribuendo alla riduzione delle emissioni di CO2.","robots":{"index":"index","follow":"follow","max-snippet":"max-snippet:-1","max-image-preview":"max-image-preview:large","max-video-preview":"max-video-preview:-1"},"canonical":"https:\/\/www.manitese.it\/en\/burkina-faso-una-cintura-verde-per-nutrire-la-citta\/","og_locale":"en_US","og_type":"article","og_title":"Burkina Faso: una cintura verde per nutrire la citt\u00e0 - Mani Tese","og_description":"Al via il progetto \u201cNutrire la citt\u00e0\u201d di Mani Tese che potenzier\u00e0 il polmone verde di Ouagadougou garantendo un\u2019alimentazione sana e sostenibile ai suoi cittadini e contribuendo alla riduzione delle emissioni di CO2.","og_url":"https:\/\/www.manitese.it\/en\/burkina-faso-una-cintura-verde-per-nutrire-la-citta\/","og_site_name":"Mani Tese","article_published_time":"2023-01-24T13:28:22+00:00","article_modified_time":"2023-11-29T14:51:59+00:00","og_image":[{"width":1919,"height":801,"url":"https:\/\/www.manitese.it\/wp-content\/uploads\/2023\/01\/header-rid.jpg","type":"image\/jpeg"}],"author":"agevis","twitter_card":"summary_large_image","twitter_misc":{"Written by":"agevis","Est. reading time":"4 minutes"},"schema":{"@context":"https:\/\/schema.org","@graph":[{"@type":"Article","@id":"https:\/\/www.manitese.it\/en\/burkina-faso-una-cintura-verde-per-nutrire-la-citta\/#article","isPartOf":{"@id":"https:\/\/www.manitese.it\/en\/burkina-faso-una-cintura-verde-per-nutrire-la-citta\/"},"author":{"name":"agevis","@id":"https:\/\/www.manitese.it\/en\/#\/schema\/person\/5a9774f17e4940e2510bfeba90f04f65"},"headline":"Burkina Faso: una cintura verde per nutrire la citt\u00e0","datePublished":"2023-01-24T13:28:22+00:00","dateModified":"2023-11-29T14:51:59+00:00","mainEntityOfPage":{"@id":"https:\/\/www.manitese.it\/en\/burkina-faso-una-cintura-verde-per-nutrire-la-citta\/"},"wordCount":642,"commentCount":0,"image":{"@id":"https:\/\/www.manitese.it\/en\/burkina-faso-una-cintura-verde-per-nutrire-la-citta\/#primaryimage"},"thumbnailUrl":"https:\/\/www.manitese.it\/wp-content\/uploads\/2023\/01\/header-rid.jpg","keywords":["burkina faso","nutrire la citt\u00e0"],"articleSection":["News"],"inLanguage":"en-US","potentialAction":[{"@type":"CommentAction","name":"Comment","target":["https:\/\/www.manitese.it\/en\/burkina-faso-una-cintura-verde-per-nutrire-la-citta\/#respond"]}]},{"@type":"WebPage","@id":"https:\/\/www.manitese.it\/en\/burkina-faso-una-cintura-verde-per-nutrire-la-citta\/","url":"https:\/\/www.manitese.it\/en\/burkina-faso-una-cintura-verde-per-nutrire-la-citta\/","name":"Burkina Faso: una cintura verde per nutrire la citt\u00e0 - Mani Tese","isPartOf":{"@id":"https:\/\/www.manitese.it\/en\/#website"},"primaryImageOfPage":{"@id":"https:\/\/www.manitese.it\/en\/burkina-faso-una-cintura-verde-per-nutrire-la-citta\/#primaryimage"},"image":{"@id":"https:\/\/www.manitese.it\/en\/burkina-faso-una-cintura-verde-per-nutrire-la-citta\/#primaryimage"},"thumbnailUrl":"https:\/\/www.manitese.it\/wp-content\/uploads\/2023\/01\/header-rid.jpg","datePublished":"2023-01-24T13:28:22+00:00","dateModified":"2023-11-29T14:51:59+00:00","author":{"@id":"https:\/\/www.manitese.it\/en\/#\/schema\/person\/5a9774f17e4940e2510bfeba90f04f65"},"description":"Al via il progetto \u201cNutrire la citt\u00e0\u201d di Mani Tese che potenzier\u00e0 il polmone verde di Ouagadougou garantendo un\u2019alimentazione sana e sostenibile ai suoi cittadini e contribuendo alla riduzione delle emissioni di CO2.","breadcrumb":{"@id":"https:\/\/www.manitese.it\/en\/burkina-faso-una-cintura-verde-per-nutrire-la-citta\/#breadcrumb"},"inLanguage":"en-US","potentialAction":[{"@type":"ReadAction","target":["https:\/\/www.manitese.it\/en\/burkina-faso-una-cintura-verde-per-nutrire-la-citta\/"]}]},{"@type":"ImageObject","inLanguage":"en-US","@id":"https:\/\/www.manitese.it\/en\/burkina-faso-una-cintura-verde-per-nutrire-la-citta\/#primaryimage","url":"https:\/\/www.manitese.it\/wp-content\/uploads\/2023\/01\/header-rid.jpg","contentUrl":"https:\/\/www.manitese.it\/wp-content\/uploads\/2023\/01\/header-rid.jpg","width":1919,"height":801},{"@type":"BreadcrumbList","@id":"https:\/\/www.manitese.it\/en\/burkina-faso-una-cintura-verde-per-nutrire-la-citta\/#breadcrumb","itemListElement":[{"@type":"ListItem","position":1,"name":"Home","item":"https:\/\/www.manitese.it\/en\/"},{"@type":"ListItem","position":2,"name":"Burkina Faso: una cintura verde per nutrire la citt\u00e0"}]},{"@type":"WebSite","@id":"https:\/\/www.manitese.it\/en\/#website","url":"https:\/\/www.manitese.it\/en\/","name":"Mani Tese","description":"","potentialAction":[{"@type":"SearchAction","target":{"@type":"EntryPoint","urlTemplate":"https:\/\/www.manitese.it\/en\/?s={search_term_string}"},"query-input":{"@type":"PropertyValueSpecification","valueRequired":true,"valueName":"search_term_string"}}],"inLanguage":"en-US"},{"@type":"Person","@id":"https:\/\/www.manitese.it\/en\/#\/schema\/person\/5a9774f17e4940e2510bfeba90f04f65","name":"agevis","image":{"@type":"ImageObject","inLanguage":"en-US","@id":"https:\/\/secure.gravatar.com\/avatar\/2dc96c93fcf3387a5922a93b50fb3bff01d4800590fb6a4ab91a034adb25ba17?s=96&d=mm&r=g","url":"https:\/\/secure.gravatar.com\/avatar\/2dc96c93fcf3387a5922a93b50fb3bff01d4800590fb6a4ab91a034adb25ba17?s=96&d=mm&r=g","contentUrl":"https:\/\/secure.gravatar.com\/avatar\/2dc96c93fcf3387a5922a93b50fb3bff01d4800590fb6a4ab91a034adb25ba17?s=96&d=mm&r=g","caption":"agevis"},"url":"https:\/\/www.manitese.it\/en\/author\/wp_agevis_admin\/"}]}},"jetpack_featured_media_url":"https:\/\/www.manitese.it\/wp-content\/uploads\/2023\/01\/header-rid.jpg","jetpack_sharing_enabled":true,"_links":{"self":[{"href":"https:\/\/www.manitese.it\/en\/wp-json\/wp\/v2\/posts\/168335","targetHints":{"allow":["GET"]}}],"collection":[{"href":"https:\/\/www.manitese.it\/en\/wp-json\/wp\/v2\/posts"}],"about":[{"href":"https:\/\/www.manitese.it\/en\/wp-json\/wp\/v2\/types\/post"}],"author":[{"embeddable":true,"href":"https:\/\/www.manitese.it\/en\/wp-json\/wp\/v2\/users\/1"}],"replies":[{"embeddable":true,"href":"https:\/\/www.manitese.it\/en\/wp-json\/wp\/v2\/comments?post=168335"}],"version-history":[{"count":3,"href":"https:\/\/www.manitese.it\/en\/wp-json\/wp\/v2\/posts\/168335\/revisions"}],"predecessor-version":[{"id":191605,"href":"https:\/\/www.manitese.it\/en\/wp-json\/wp\/v2\/posts\/168335\/revisions\/191605"}],"wp:featuredmedia":[{"embeddable":true,"href":"https:\/\/www.manitese.it\/en\/wp-json\/wp\/v2\/media\/168352"}],"wp:attachment":[{"href":"https:\/\/www.manitese.it\/en\/wp-json\/wp\/v2\/media?parent=168335"}],"wp:term":[{"taxonomy":"category","embeddable":true,"href":"https:\/\/www.manitese.it\/en\/wp-json\/wp\/v2\/categories?post=168335"},{"taxonomy":"post_tag","embeddable":true,"href":"https:\/\/www.manitese.it\/en\/wp-json\/wp\/v2\/tags?post=168335"},{"taxonomy":"thematic_area","embeddable":true,"href":"https:\/\/www.manitese.it\/en\/wp-json\/wp\/v2\/thematic_area?post=168335"}],"curies":[{"name":"wp","href":"https:\/\/api.w.org\/{rel}","templated":true}]}}