{"id":168036,"date":"2023-01-12T17:59:40","date_gmt":"2023-01-12T16:59:40","guid":{"rendered":"https:\/\/manitese.it\/?p=168036"},"modified":"2023-07-20T19:31:27","modified_gmt":"2023-07-20T17:31:27","slug":"al-via-il-premio-graziano-zoni-sulle-buone-pratiche-di-giustizia","status":"publish","type":"post","link":"https:\/\/www.manitese.it\/en\/al-via-il-premio-graziano-zoni-sulle-buone-pratiche-di-giustizia\/","title":{"rendered":"Al via il premio Graziano Zoni sulle buone pratiche di giustizia"},"content":{"rendered":"\n<p>Di seguito diffondiamo il bando del PREMIO GRAZIANO ZONI SULLE BUONE PRATICHE DI GIUSTIZIA. Per l\u2019anno 2022\/2023 la tematica scelta sar\u00e0: \u201c<strong>ECONOMIE DI COMUNIT\u00c0 E SOLIDARIET\u00c0 &#8211; Visioni, Esperienze, Modelli, Sperimentazioni\u201d.<\/strong><\/p>\n\n\n\n<p><strong>AMBITO TEMATICO<\/strong><\/p>\n\n\n\n<p>Desideriamo destinare un fondo per sostenere coloro che, a livello personale, di gruppo o in contesto associativo, intendano elaborare e presentare progetti di ricerca, formativi, letterari, artistici, inchieste giornalistiche, al fine di approfondire, raccontare \u201ceconomie di giustizia\u201d. Questo perch\u00e9 la giustizia, come ci insegnava Graziano, si costruisce assumendosi la responsabilit\u00e0 delle scelte economiche sia sul piano personale che su quello sociale e politico.<\/p>\n\n\n\n<p>Incoraggiare tutti coloro che intendano studiare e sperimentare in tal senso ci sembra un modo per onorare il ricordo di Graziano e dare continuit\u00e0 al suo lavoro.<\/p>\n\n\n<div class=\"wp-block-image\">\n<figure class=\"aligncenter size-large\"><img fetchpriority=\"high\" decoding=\"async\" width=\"771\" height=\"1024\" src=\"https:\/\/manitese.it\/wp-content\/uploads\/2023\/01\/premiograzianozoni-771x1024.jpg\" alt=\"\" class=\"wp-image-168040\" srcset=\"https:\/\/www.manitese.it\/wp-content\/uploads\/2023\/01\/premiograzianozoni-771x1024.jpg 771w, https:\/\/www.manitese.it\/wp-content\/uploads\/2023\/01\/premiograzianozoni-600x797.jpg 600w, https:\/\/www.manitese.it\/wp-content\/uploads\/2023\/01\/premiograzianozoni-226x300.jpg 226w, https:\/\/www.manitese.it\/wp-content\/uploads\/2023\/01\/premiograzianozoni-768x1020.jpg 768w, https:\/\/www.manitese.it\/wp-content\/uploads\/2023\/01\/premiograzianozoni-1157x1536.jpg 1157w, https:\/\/www.manitese.it\/wp-content\/uploads\/2023\/01\/premiograzianozoni-400x531.jpg 400w, https:\/\/www.manitese.it\/wp-content\/uploads\/2023\/01\/premiograzianozoni.jpg 1510w\" sizes=\"(max-width: 771px) 100vw, 771px\" \/><\/figure>\n<\/div>\n\n\n<p><strong>IL FONDO<\/strong><\/p>\n\n\n\n<p>A tal fine Mani Tese, Emmaus Italia e Fondazione Finanza Etica mettono a disposizione un fondo costituito presso Mani Tese Firenze, associazione di volontariato.<\/p>\n\n\n\n<p>Per il presente bando vengono stanziati euro 4.500 lordi complessivi, che verranno destinati ad uno o due progetti in base agli importi delle richieste accolte dalla commissione esaminatrice a suo insindacabile giudizio. L\u2019erogazione del contributo, al lordo di eventuali ritenute, avverr\u00e0 in due tranche, il primo 50% a met\u00e0 lavoro presentando una breve relazione intermedia sull\u2019avanzamento dei lavori, il restante alla consegna della relazione finale sui risultati raggiunti.<\/p>\n\n\n<div class=\"wp-block-image\">\n<figure class=\"aligncenter size-large\"><img decoding=\"async\" width=\"768\" height=\"1024\" src=\"https:\/\/manitese.it\/wp-content\/uploads\/2023\/01\/grazianozoni-768x1024.jpg\" alt=\"\" class=\"wp-image-168042\" srcset=\"https:\/\/www.manitese.it\/wp-content\/uploads\/2023\/01\/grazianozoni-768x1024.jpg 768w, https:\/\/www.manitese.it\/wp-content\/uploads\/2023\/01\/grazianozoni-600x800.jpg 600w, https:\/\/www.manitese.it\/wp-content\/uploads\/2023\/01\/grazianozoni-225x300.jpg 225w, https:\/\/www.manitese.it\/wp-content\/uploads\/2023\/01\/grazianozoni-1152x1536.jpg 1152w, https:\/\/www.manitese.it\/wp-content\/uploads\/2023\/01\/grazianozoni-400x533.jpg 400w, https:\/\/www.manitese.it\/wp-content\/uploads\/2023\/01\/grazianozoni.jpg 1200w\" sizes=\"(max-width: 768px) 100vw, 768px\" \/><\/figure>\n<\/div>\n\n\n<p><strong>BANDO 2022\/2023<\/strong><\/p>\n\n\n\n<p>Il bando 2022\/2023 verr\u00e0 aperto il giorno 21 DICEMBRE 2022 e verr\u00e0 chiuso<strong> il 21 MARZO 2023. <\/strong>Le risposte verranno comunicate entro il 30 APRILE 2023.<\/p>\n\n\n\n<p>Possono presentare domanda singole persone, gruppi informali e organizzazioni no profit, con preferenza per giovani under 35 e piccole organizzazioni. Le domande verranno valutate insindacabilmente da una commissione composta da rappresentanti delle organizzazioni promotrici.<\/p>\n\n\n\n<p>Per l\u2019anno 2022\/2023 la tematica scelta sar\u00e0: <strong>\u201cECONOMIE DI COMUNIT\u00c0 E SOLIDARIET\u00c0 &#8211; Visioni, Esperienze, Modelli, Sperimentazioni\u201d.<\/strong><\/p>\n\n\n<div class=\"wp-block-image\">\n<figure class=\"aligncenter size-full\"><img decoding=\"async\" width=\"700\" height=\"512\" src=\"https:\/\/manitese.it\/wp-content\/uploads\/2023\/01\/grazianozoni2.jpg\" alt=\"Un premio di Mani Tese, Emmaus Italia e Fondazione Finanza Etica per sostenere coloro che intendano approfondire e raccontare \u201ceconomie di giustizia\u201d.\" class=\"wp-image-168049\" srcset=\"https:\/\/www.manitese.it\/wp-content\/uploads\/2023\/01\/grazianozoni2.jpg 700w, https:\/\/www.manitese.it\/wp-content\/uploads\/2023\/01\/grazianozoni2-600x439.jpg 600w, https:\/\/www.manitese.it\/wp-content\/uploads\/2023\/01\/grazianozoni2-300x219.jpg 300w, https:\/\/www.manitese.it\/wp-content\/uploads\/2023\/01\/grazianozoni2-400x293.jpg 400w\" sizes=\"(max-width: 700px) 100vw, 700px\" \/><\/figure>\n<\/div>\n\n\n<p><strong>DOMANDA E MODALITA\u2019 DI PRESENTAZIONE<\/strong><\/p>\n\n\n\n<p>La domanda dovr\u00e0 essere inviata in forma elettronica al seguente indirizzo &#8211; usatobene@gmail.com- e dovr\u00e0 comprendere i dati personali del richiedente inclusi luogo e data di nascita, codice fiscale, residenza (anche nel caso in cui il proponente fosse un\u2019associazione), l\u2019importo del contributo richiesto, un breve curriculum, una descrizione dettagliata del proprio progetto, le spese previste, i tempi di attuazione e gli obiettivi.<\/p>\n\n\n\n<p>Le domande dovranno essere accompagnate da un video in formato verticale di massimo 30 secondi, da inviare anche tramite piattaforme esterne alla mail di riferimento (ad es. wetransfer, google drive, ecc.). I 5 video dei progetti ritenuti pi\u00f9 meritevoli, potranno essere divulgati tramite i siti internet e i canali social delle realt\u00e0 promotrici e mostrati durante la presentazione del lavoro che si aggiudicher\u00e0 il premio, che avverr\u00e0 in forma di evento pubblico. Sar\u00e0 possibile presentare progetti anche in formati multimediali.<\/p>\n\n\n\n<p>I risultati dovranno essere consegnati al massimo entro 10 mesi dall\u2019accettazione del contributo in forma scritta via posta elettronica all\u2019indirizzo &#8211; <a href=\"mailto:usatobene@gmail.com\" target=\"_blank\" rel=\"noreferrer noopener\">usatobene@gmail.com<\/a> &#8211; e potranno essere utilizzati dalle associazioni proponenti questo bando.<\/p>\n\n\n\n<p><em>Per chiarimenti:<a href=\"mailto:usatobene@gmail.com\" data-type=\"mailto\" data-id=\"mailto:usatobene@gmail.com\" target=\"_blank\" rel=\"noreferrer noopener\"> usatobene@gmail.com<\/a> all\u2019attenzione di Gianpietro Degli Innocenti<\/em><\/p>\n\n\n\n<p><strong><u><a href=\"https:\/\/manitese.it\/wp-content\/uploads\/2023\/01\/PREMIO-GRAZIANO-ZONI-2022.pdf\" target=\"_blank\" rel=\"noreferrer noopener\">SCARICA IL BANDO<\/a><\/u><\/strong><\/p>\n","protected":false},"excerpt":{"rendered":"<p>Un premio di Mani Tese, Emmaus Italia e Fondazione Finanza Etica per sostenere coloro che intendano approfondire e raccontare \u201ceconomie di giustizia\u201d.<\/p>\n","protected":false},"author":1,"featured_media":74373,"comment_status":"open","ping_status":"open","sticky":false,"template":"","format":"standard","meta":{"_acf_changed":false,"give_campaign_id":0,"inline_featured_image":false,"_jetpack_memberships_contains_paid_content":false,"footnotes":""},"categories":[5],"tags":[102],"thematic_area":[],"class_list":["post-168036","post","type-post","status-publish","format-standard","has-post-thumbnail","hentry","category-attualita","tag-premio-graziano-zoni"],"acf":[],"yoast_head":"<!-- This site is optimized with the Yoast SEO plugin v27.5 - https:\/\/yoast.com\/product\/yoast-seo-wordpress\/ -->\n<title>Al via il premio Graziano Zoni sulle buone pratiche di giustizia - Mani Tese<\/title>\n<meta name=\"description\" content=\"Un premio di Mani Tese, Emmaus Italia e Fondazione Finanza Etica per sostenere coloro che intendano approfondire e raccontare \u201ceconomie di giustizia\u201d.\" \/>\n<meta name=\"robots\" content=\"index, follow, max-snippet:-1, max-image-preview:large, max-video-preview:-1\" \/>\n<link rel=\"canonical\" href=\"https:\/\/www.manitese.it\/en\/al-via-il-premio-graziano-zoni-sulle-buone-pratiche-di-giustizia\/\" \/>\n<meta property=\"og:locale\" content=\"en_US\" \/>\n<meta property=\"og:type\" content=\"article\" \/>\n<meta property=\"og:title\" content=\"Al via il premio Graziano Zoni sulle buone pratiche di giustizia - Mani Tese\" \/>\n<meta property=\"og:description\" content=\"Un premio di Mani Tese, Emmaus Italia e Fondazione Finanza Etica per sostenere coloro che intendano approfondire e raccontare \u201ceconomie di giustizia\u201d.\" \/>\n<meta property=\"og:url\" content=\"https:\/\/www.manitese.it\/en\/al-via-il-premio-graziano-zoni-sulle-buone-pratiche-di-giustizia\/\" \/>\n<meta property=\"og:site_name\" content=\"Mani Tese\" \/>\n<meta property=\"article:published_time\" content=\"2023-01-12T16:59:40+00:00\" \/>\n<meta property=\"article:modified_time\" content=\"2023-07-20T17:31:27+00:00\" \/>\n<meta property=\"og:image\" content=\"https:\/\/www.manitese.it\/wp-content\/uploads\/2021\/03\/premio-graziano-zoni-2021-mani-tese-1.jpg\" \/>\n\t<meta property=\"og:image:width\" content=\"1920\" \/>\n\t<meta property=\"og:image:height\" content=\"801\" \/>\n\t<meta property=\"og:image:type\" content=\"image\/jpeg\" \/>\n<meta name=\"author\" content=\"agevis\" \/>\n<meta name=\"twitter:card\" content=\"summary_large_image\" \/>\n<meta name=\"twitter:label1\" content=\"Written by\" \/>\n\t<meta name=\"twitter:data1\" content=\"agevis\" \/>\n\t<meta name=\"twitter:label2\" content=\"Est. reading time\" \/>\n\t<meta name=\"twitter:data2\" content=\"2 minutes\" \/>\n<script type=\"application\/ld+json\" class=\"yoast-schema-graph\">{\"@context\":\"https:\\\/\\\/schema.org\",\"@graph\":[{\"@type\":\"Article\",\"@id\":\"https:\\\/\\\/www.manitese.it\\\/en\\\/al-via-il-premio-graziano-zoni-sulle-buone-pratiche-di-giustizia\\\/#article\",\"isPartOf\":{\"@id\":\"https:\\\/\\\/www.manitese.it\\\/en\\\/al-via-il-premio-graziano-zoni-sulle-buone-pratiche-di-giustizia\\\/\"},\"author\":{\"name\":\"agevis\",\"@id\":\"https:\\\/\\\/www.manitese.it\\\/en\\\/#\\\/schema\\\/person\\\/5a9774f17e4940e2510bfeba90f04f65\"},\"headline\":\"Al via il premio Graziano Zoni sulle buone pratiche di giustizia\",\"datePublished\":\"2023-01-12T16:59:40+00:00\",\"dateModified\":\"2023-07-20T17:31:27+00:00\",\"mainEntityOfPage\":{\"@id\":\"https:\\\/\\\/www.manitese.it\\\/en\\\/al-via-il-premio-graziano-zoni-sulle-buone-pratiche-di-giustizia\\\/\"},\"wordCount\":496,\"commentCount\":0,\"image\":{\"@id\":\"https:\\\/\\\/www.manitese.it\\\/en\\\/al-via-il-premio-graziano-zoni-sulle-buone-pratiche-di-giustizia\\\/#primaryimage\"},\"thumbnailUrl\":\"https:\\\/\\\/www.manitese.it\\\/wp-content\\\/uploads\\\/2021\\\/03\\\/premio-graziano-zoni-2021-mani-tese-1.jpg\",\"keywords\":[\"premio graziano zoni\"],\"articleSection\":[\"Attualit\u00e0\"],\"inLanguage\":\"en-US\",\"potentialAction\":[{\"@type\":\"CommentAction\",\"name\":\"Comment\",\"target\":[\"https:\\\/\\\/www.manitese.it\\\/en\\\/al-via-il-premio-graziano-zoni-sulle-buone-pratiche-di-giustizia\\\/#respond\"]}]},{\"@type\":\"WebPage\",\"@id\":\"https:\\\/\\\/www.manitese.it\\\/en\\\/al-via-il-premio-graziano-zoni-sulle-buone-pratiche-di-giustizia\\\/\",\"url\":\"https:\\\/\\\/www.manitese.it\\\/en\\\/al-via-il-premio-graziano-zoni-sulle-buone-pratiche-di-giustizia\\\/\",\"name\":\"Al via il premio Graziano Zoni sulle buone pratiche di giustizia - Mani Tese\",\"isPartOf\":{\"@id\":\"https:\\\/\\\/www.manitese.it\\\/en\\\/#website\"},\"primaryImageOfPage\":{\"@id\":\"https:\\\/\\\/www.manitese.it\\\/en\\\/al-via-il-premio-graziano-zoni-sulle-buone-pratiche-di-giustizia\\\/#primaryimage\"},\"image\":{\"@id\":\"https:\\\/\\\/www.manitese.it\\\/en\\\/al-via-il-premio-graziano-zoni-sulle-buone-pratiche-di-giustizia\\\/#primaryimage\"},\"thumbnailUrl\":\"https:\\\/\\\/www.manitese.it\\\/wp-content\\\/uploads\\\/2021\\\/03\\\/premio-graziano-zoni-2021-mani-tese-1.jpg\",\"datePublished\":\"2023-01-12T16:59:40+00:00\",\"dateModified\":\"2023-07-20T17:31:27+00:00\",\"author\":{\"@id\":\"https:\\\/\\\/www.manitese.it\\\/en\\\/#\\\/schema\\\/person\\\/5a9774f17e4940e2510bfeba90f04f65\"},\"description\":\"Un premio di Mani Tese, Emmaus Italia e Fondazione Finanza Etica per sostenere coloro che intendano approfondire e raccontare \u201ceconomie di giustizia\u201d.\",\"breadcrumb\":{\"@id\":\"https:\\\/\\\/www.manitese.it\\\/en\\\/al-via-il-premio-graziano-zoni-sulle-buone-pratiche-di-giustizia\\\/#breadcrumb\"},\"inLanguage\":\"en-US\",\"potentialAction\":[{\"@type\":\"ReadAction\",\"target\":[\"https:\\\/\\\/www.manitese.it\\\/en\\\/al-via-il-premio-graziano-zoni-sulle-buone-pratiche-di-giustizia\\\/\"]}]},{\"@type\":\"ImageObject\",\"inLanguage\":\"en-US\",\"@id\":\"https:\\\/\\\/www.manitese.it\\\/en\\\/al-via-il-premio-graziano-zoni-sulle-buone-pratiche-di-giustizia\\\/#primaryimage\",\"url\":\"https:\\\/\\\/www.manitese.it\\\/wp-content\\\/uploads\\\/2021\\\/03\\\/premio-graziano-zoni-2021-mani-tese-1.jpg\",\"contentUrl\":\"https:\\\/\\\/www.manitese.it\\\/wp-content\\\/uploads\\\/2021\\\/03\\\/premio-graziano-zoni-2021-mani-tese-1.jpg\",\"width\":1920,\"height\":801},{\"@type\":\"BreadcrumbList\",\"@id\":\"https:\\\/\\\/www.manitese.it\\\/en\\\/al-via-il-premio-graziano-zoni-sulle-buone-pratiche-di-giustizia\\\/#breadcrumb\",\"itemListElement\":[{\"@type\":\"ListItem\",\"position\":1,\"name\":\"Home\",\"item\":\"https:\\\/\\\/www.manitese.it\\\/en\\\/\"},{\"@type\":\"ListItem\",\"position\":2,\"name\":\"Al via il premio Graziano Zoni sulle buone pratiche di giustizia\"}]},{\"@type\":\"WebSite\",\"@id\":\"https:\\\/\\\/www.manitese.it\\\/en\\\/#website\",\"url\":\"https:\\\/\\\/www.manitese.it\\\/en\\\/\",\"name\":\"Mani Tese\",\"description\":\"\",\"potentialAction\":[{\"@type\":\"SearchAction\",\"target\":{\"@type\":\"EntryPoint\",\"urlTemplate\":\"https:\\\/\\\/www.manitese.it\\\/en\\\/?s={search_term_string}\"},\"query-input\":{\"@type\":\"PropertyValueSpecification\",\"valueRequired\":true,\"valueName\":\"search_term_string\"}}],\"inLanguage\":\"en-US\"},{\"@type\":\"Person\",\"@id\":\"https:\\\/\\\/www.manitese.it\\\/en\\\/#\\\/schema\\\/person\\\/5a9774f17e4940e2510bfeba90f04f65\",\"name\":\"agevis\",\"image\":{\"@type\":\"ImageObject\",\"inLanguage\":\"en-US\",\"@id\":\"https:\\\/\\\/secure.gravatar.com\\\/avatar\\\/2dc96c93fcf3387a5922a93b50fb3bff01d4800590fb6a4ab91a034adb25ba17?s=96&d=mm&r=g\",\"url\":\"https:\\\/\\\/secure.gravatar.com\\\/avatar\\\/2dc96c93fcf3387a5922a93b50fb3bff01d4800590fb6a4ab91a034adb25ba17?s=96&d=mm&r=g\",\"contentUrl\":\"https:\\\/\\\/secure.gravatar.com\\\/avatar\\\/2dc96c93fcf3387a5922a93b50fb3bff01d4800590fb6a4ab91a034adb25ba17?s=96&d=mm&r=g\",\"caption\":\"agevis\"},\"url\":\"https:\\\/\\\/www.manitese.it\\\/en\\\/author\\\/wp_agevis_admin\\\/\"}]}<\/script>\n<!-- \/ Yoast SEO plugin. -->","yoast_head_json":{"title":"Al via il premio Graziano Zoni sulle buone pratiche di giustizia - Mani Tese","description":"Un premio di Mani Tese, Emmaus Italia e Fondazione Finanza Etica per sostenere coloro che intendano approfondire e raccontare \u201ceconomie di giustizia\u201d.","robots":{"index":"index","follow":"follow","max-snippet":"max-snippet:-1","max-image-preview":"max-image-preview:large","max-video-preview":"max-video-preview:-1"},"canonical":"https:\/\/www.manitese.it\/en\/al-via-il-premio-graziano-zoni-sulle-buone-pratiche-di-giustizia\/","og_locale":"en_US","og_type":"article","og_title":"Al via il premio Graziano Zoni sulle buone pratiche di giustizia - Mani Tese","og_description":"Un premio di Mani Tese, Emmaus Italia e Fondazione Finanza Etica per sostenere coloro che intendano approfondire e raccontare \u201ceconomie di giustizia\u201d.","og_url":"https:\/\/www.manitese.it\/en\/al-via-il-premio-graziano-zoni-sulle-buone-pratiche-di-giustizia\/","og_site_name":"Mani Tese","article_published_time":"2023-01-12T16:59:40+00:00","article_modified_time":"2023-07-20T17:31:27+00:00","og_image":[{"width":1920,"height":801,"url":"https:\/\/www.manitese.it\/wp-content\/uploads\/2021\/03\/premio-graziano-zoni-2021-mani-tese-1.jpg","type":"image\/jpeg"}],"author":"agevis","twitter_card":"summary_large_image","twitter_misc":{"Written by":"agevis","Est. reading time":"2 minutes"},"schema":{"@context":"https:\/\/schema.org","@graph":[{"@type":"Article","@id":"https:\/\/www.manitese.it\/en\/al-via-il-premio-graziano-zoni-sulle-buone-pratiche-di-giustizia\/#article","isPartOf":{"@id":"https:\/\/www.manitese.it\/en\/al-via-il-premio-graziano-zoni-sulle-buone-pratiche-di-giustizia\/"},"author":{"name":"agevis","@id":"https:\/\/www.manitese.it\/en\/#\/schema\/person\/5a9774f17e4940e2510bfeba90f04f65"},"headline":"Al via il premio Graziano Zoni sulle buone pratiche di giustizia","datePublished":"2023-01-12T16:59:40+00:00","dateModified":"2023-07-20T17:31:27+00:00","mainEntityOfPage":{"@id":"https:\/\/www.manitese.it\/en\/al-via-il-premio-graziano-zoni-sulle-buone-pratiche-di-giustizia\/"},"wordCount":496,"commentCount":0,"image":{"@id":"https:\/\/www.manitese.it\/en\/al-via-il-premio-graziano-zoni-sulle-buone-pratiche-di-giustizia\/#primaryimage"},"thumbnailUrl":"https:\/\/www.manitese.it\/wp-content\/uploads\/2021\/03\/premio-graziano-zoni-2021-mani-tese-1.jpg","keywords":["premio graziano zoni"],"articleSection":["Attualit\u00e0"],"inLanguage":"en-US","potentialAction":[{"@type":"CommentAction","name":"Comment","target":["https:\/\/www.manitese.it\/en\/al-via-il-premio-graziano-zoni-sulle-buone-pratiche-di-giustizia\/#respond"]}]},{"@type":"WebPage","@id":"https:\/\/www.manitese.it\/en\/al-via-il-premio-graziano-zoni-sulle-buone-pratiche-di-giustizia\/","url":"https:\/\/www.manitese.it\/en\/al-via-il-premio-graziano-zoni-sulle-buone-pratiche-di-giustizia\/","name":"Al via il premio Graziano Zoni sulle buone pratiche di giustizia - Mani Tese","isPartOf":{"@id":"https:\/\/www.manitese.it\/en\/#website"},"primaryImageOfPage":{"@id":"https:\/\/www.manitese.it\/en\/al-via-il-premio-graziano-zoni-sulle-buone-pratiche-di-giustizia\/#primaryimage"},"image":{"@id":"https:\/\/www.manitese.it\/en\/al-via-il-premio-graziano-zoni-sulle-buone-pratiche-di-giustizia\/#primaryimage"},"thumbnailUrl":"https:\/\/www.manitese.it\/wp-content\/uploads\/2021\/03\/premio-graziano-zoni-2021-mani-tese-1.jpg","datePublished":"2023-01-12T16:59:40+00:00","dateModified":"2023-07-20T17:31:27+00:00","author":{"@id":"https:\/\/www.manitese.it\/en\/#\/schema\/person\/5a9774f17e4940e2510bfeba90f04f65"},"description":"Un premio di Mani Tese, Emmaus Italia e Fondazione Finanza Etica per sostenere coloro che intendano approfondire e raccontare \u201ceconomie di giustizia\u201d.","breadcrumb":{"@id":"https:\/\/www.manitese.it\/en\/al-via-il-premio-graziano-zoni-sulle-buone-pratiche-di-giustizia\/#breadcrumb"},"inLanguage":"en-US","potentialAction":[{"@type":"ReadAction","target":["https:\/\/www.manitese.it\/en\/al-via-il-premio-graziano-zoni-sulle-buone-pratiche-di-giustizia\/"]}]},{"@type":"ImageObject","inLanguage":"en-US","@id":"https:\/\/www.manitese.it\/en\/al-via-il-premio-graziano-zoni-sulle-buone-pratiche-di-giustizia\/#primaryimage","url":"https:\/\/www.manitese.it\/wp-content\/uploads\/2021\/03\/premio-graziano-zoni-2021-mani-tese-1.jpg","contentUrl":"https:\/\/www.manitese.it\/wp-content\/uploads\/2021\/03\/premio-graziano-zoni-2021-mani-tese-1.jpg","width":1920,"height":801},{"@type":"BreadcrumbList","@id":"https:\/\/www.manitese.it\/en\/al-via-il-premio-graziano-zoni-sulle-buone-pratiche-di-giustizia\/#breadcrumb","itemListElement":[{"@type":"ListItem","position":1,"name":"Home","item":"https:\/\/www.manitese.it\/en\/"},{"@type":"ListItem","position":2,"name":"Al via il premio Graziano Zoni sulle buone pratiche di giustizia"}]},{"@type":"WebSite","@id":"https:\/\/www.manitese.it\/en\/#website","url":"https:\/\/www.manitese.it\/en\/","name":"Mani Tese","description":"","potentialAction":[{"@type":"SearchAction","target":{"@type":"EntryPoint","urlTemplate":"https:\/\/www.manitese.it\/en\/?s={search_term_string}"},"query-input":{"@type":"PropertyValueSpecification","valueRequired":true,"valueName":"search_term_string"}}],"inLanguage":"en-US"},{"@type":"Person","@id":"https:\/\/www.manitese.it\/en\/#\/schema\/person\/5a9774f17e4940e2510bfeba90f04f65","name":"agevis","image":{"@type":"ImageObject","inLanguage":"en-US","@id":"https:\/\/secure.gravatar.com\/avatar\/2dc96c93fcf3387a5922a93b50fb3bff01d4800590fb6a4ab91a034adb25ba17?s=96&d=mm&r=g","url":"https:\/\/secure.gravatar.com\/avatar\/2dc96c93fcf3387a5922a93b50fb3bff01d4800590fb6a4ab91a034adb25ba17?s=96&d=mm&r=g","contentUrl":"https:\/\/secure.gravatar.com\/avatar\/2dc96c93fcf3387a5922a93b50fb3bff01d4800590fb6a4ab91a034adb25ba17?s=96&d=mm&r=g","caption":"agevis"},"url":"https:\/\/www.manitese.it\/en\/author\/wp_agevis_admin\/"}]}},"jetpack_featured_media_url":"https:\/\/www.manitese.it\/wp-content\/uploads\/2021\/03\/premio-graziano-zoni-2021-mani-tese-1.jpg","jetpack_sharing_enabled":true,"_links":{"self":[{"href":"https:\/\/www.manitese.it\/en\/wp-json\/wp\/v2\/posts\/168036","targetHints":{"allow":["GET"]}}],"collection":[{"href":"https:\/\/www.manitese.it\/en\/wp-json\/wp\/v2\/posts"}],"about":[{"href":"https:\/\/www.manitese.it\/en\/wp-json\/wp\/v2\/types\/post"}],"author":[{"embeddable":true,"href":"https:\/\/www.manitese.it\/en\/wp-json\/wp\/v2\/users\/1"}],"replies":[{"embeddable":true,"href":"https:\/\/www.manitese.it\/en\/wp-json\/wp\/v2\/comments?post=168036"}],"version-history":[{"count":2,"href":"https:\/\/www.manitese.it\/en\/wp-json\/wp\/v2\/posts\/168036\/revisions"}],"predecessor-version":[{"id":177593,"href":"https:\/\/www.manitese.it\/en\/wp-json\/wp\/v2\/posts\/168036\/revisions\/177593"}],"wp:featuredmedia":[{"embeddable":true,"href":"https:\/\/www.manitese.it\/en\/wp-json\/wp\/v2\/media\/74373"}],"wp:attachment":[{"href":"https:\/\/www.manitese.it\/en\/wp-json\/wp\/v2\/media?parent=168036"}],"wp:term":[{"taxonomy":"category","embeddable":true,"href":"https:\/\/www.manitese.it\/en\/wp-json\/wp\/v2\/categories?post=168036"},{"taxonomy":"post_tag","embeddable":true,"href":"https:\/\/www.manitese.it\/en\/wp-json\/wp\/v2\/tags?post=168036"},{"taxonomy":"thematic_area","embeddable":true,"href":"https:\/\/www.manitese.it\/en\/wp-json\/wp\/v2\/thematic_area?post=168036"}],"curies":[{"name":"wp","href":"https:\/\/api.w.org\/{rel}","templated":true}]}}