{"id":167965,"date":"2023-01-09T17:46:57","date_gmt":"2023-01-09T16:46:57","guid":{"rendered":"https:\/\/manitese.it\/?p=167965"},"modified":"2023-11-29T16:23:29","modified_gmt":"2023-11-29T15:23:29","slug":"cambogia-dopo-gli-abusi-una-nuova-vita-per-sreyphiev","status":"publish","type":"post","link":"https:\/\/www.manitese.it\/en\/cambogia-dopo-gli-abusi-una-nuova-vita-per-sreyphiev\/","title":{"rendered":"Cambogia: dopo gli abusi, una nuova vita per Sreyphiev"},"content":{"rendered":"\r\n<p>Sreyphiev<a id=\"_ftnref1\" href=\"#_ftn1\">[1]<\/a>, 12 anni, viveva con la madre e i fratelli nella provincia di Kampong Som nella Cambogia meridionale.<\/p>\r\n\r\n\r\n\r\n<p>Dopo il divorzio, la sua mamma, facendo molta fatica a provvedere ai bisogni della famiglia, decise di portare Sreyphiev a vivere con sua zia nella citt\u00e0 di Poipet, dalla parte opposta del paese.<\/p>\r\n\r\n\r\n\r\n<p>La zia, per\u00f2, la costringeva a lavorare per ore, minacciandola di mandarla a prostituirsi per strada. Col passare del tempo inizi\u00f2 inoltre a usare violenza contro la bambina.<\/p>\r\n\r\n\r\n\r\n<p>Terrorizzata e impotente, Sreyphiev fugg\u00ec dalla casa della zia nel tentativo di tornare da sua madre nella provincia di Kampong Som. Camminando per le strade di Poipet e chiedendo indicazioni, fortunatamente si imbatt\u00e9 in uno degli agenti che collaborano con il centro di accoglienza per bambini vittime di traffico Damnok Toek, che la port\u00f2 al Centro di Ascolto dove ebbe subito accoglienza, cibo e protezion. In collaborazione con le autorit\u00e0 locali, la bambina fu poi accolta dal Centro di Accoglienza di Damnok Toek.<\/p>\r\n\r\n\r\n\r\n<p>All\u2019inizio, non appena arriva al centro, Sreyphiev faticava a comunicare con gli altri bambini e con il personale a causa della traumatica esperienza di vita subita dalla zia. Col tempo, per\u00f2, ha iniziato a sentirsi meglio e pi\u00f9 a suo agio, cominciando a interagire con gli altri e a partecipare alle attivit\u00e0 di gruppo.<\/p>\r\n\r\n\r\n\r\n<p>Sreyphiev oggi sta a poco a poco riprendendo in mano la sua vita, trovando conforto nelle attivit\u00e0 quotidiane. Le piacciono, in particolare, le attivit\u00e0 ricreative che si fanno presso il Centro di Accoglienza, come la meditazione, la danza, l\u2019artigianato, il giardinaggio, la cucina, il disegno e le sessioni di ascolto.<\/p>\r\n\r\n\r\n\r\n<p><em>Nella foto, i bambini del centro di accoglienza e del centro di assistenza temporanea si divertono durante la gita in montagna nella provincia di pursat, 19-22 settembre 2022<\/em><\/p>\r\n\r\n\r\n<hr class=\"wp-block-separator has-alpha-channel-opacity\" \/>\r\n\r\n\r\n<p><a id=\"_ftn1\" href=\"#_ftnref1\">[1]<\/a> Il nome della bambina \u00e8 stato cambiato per proteggere la sua identit\u00e0.<\/p>\r\n","protected":false},"excerpt":{"rendered":"<p>Sreyphiev, 12 anni, dopo avere subito sfruttamento e violenza, sta riprendendo in mano la sua vita presso il centro di accoglienza di Damnok Toek.<\/p>\n","protected":false},"author":1,"featured_media":167971,"comment_status":"open","ping_status":"open","sticky":false,"template":"","format":"standard","meta":{"_acf_changed":false,"give_campaign_id":0,"inline_featured_image":false,"_jetpack_memberships_contains_paid_content":false,"footnotes":""},"categories":[3],"tags":[62,87,98,100,101],"thematic_area":[909],"class_list":["post-167965","post","type-post","status-publish","format-standard","has-post-thumbnail","hentry","category-diari","tag-cambogia-2","tag-bambini","tag-centro-di-accoglienza","tag-trafficking","tag-diritti-2","thematic_area-inclusione-sociale"],"acf":[],"yoast_head":"<!-- This site is optimized with the Yoast SEO plugin v27.5 - https:\/\/yoast.com\/product\/yoast-seo-wordpress\/ -->\n<title>Cambogia: dopo gli abusi, una nuova vita per Sreyphiev - Mani Tese<\/title>\n<meta name=\"robots\" content=\"index, follow, max-snippet:-1, max-image-preview:large, max-video-preview:-1\" \/>\n<link rel=\"canonical\" href=\"https:\/\/www.manitese.it\/en\/cambogia-dopo-gli-abusi-una-nuova-vita-per-sreyphiev\/\" \/>\n<meta property=\"og:locale\" content=\"en_US\" \/>\n<meta property=\"og:type\" content=\"article\" \/>\n<meta property=\"og:title\" content=\"Cambogia: dopo gli abusi, una nuova vita per Sreyphiev - Mani Tese\" \/>\n<meta property=\"og:description\" content=\"Sreyphiev, 12 anni, dopo avere subito sfruttamento e violenza, sta riprendendo in mano la sua vita presso il centro di accoglienza di Damnok Toek.\" \/>\n<meta property=\"og:url\" content=\"https:\/\/www.manitese.it\/en\/cambogia-dopo-gli-abusi-una-nuova-vita-per-sreyphiev\/\" \/>\n<meta property=\"og:site_name\" content=\"Mani Tese\" \/>\n<meta property=\"article:published_time\" content=\"2023-01-09T16:46:57+00:00\" \/>\n<meta property=\"article:modified_time\" content=\"2023-11-29T15:23:29+00:00\" \/>\n<meta property=\"og:image\" content=\"https:\/\/www.manitese.it\/wp-content\/uploads\/2023\/01\/foto-storia-Sreyphiev-header-rid-1024x423.png\" \/>\n\t<meta property=\"og:image:width\" content=\"1024\" \/>\n\t<meta property=\"og:image:height\" content=\"423\" \/>\n\t<meta property=\"og:image:type\" content=\"image\/png\" \/>\n<meta name=\"author\" content=\"agevis\" \/>\n<meta name=\"twitter:card\" content=\"summary_large_image\" \/>\n<meta name=\"twitter:label1\" content=\"Written by\" \/>\n\t<meta name=\"twitter:data1\" content=\"agevis\" \/>\n\t<meta name=\"twitter:label2\" content=\"Est. reading time\" \/>\n\t<meta name=\"twitter:data2\" content=\"2 minutes\" \/>\n<script type=\"application\/ld+json\" class=\"yoast-schema-graph\">{\"@context\":\"https:\\\/\\\/schema.org\",\"@graph\":[{\"@type\":\"Article\",\"@id\":\"https:\\\/\\\/www.manitese.it\\\/en\\\/cambogia-dopo-gli-abusi-una-nuova-vita-per-sreyphiev\\\/#article\",\"isPartOf\":{\"@id\":\"https:\\\/\\\/www.manitese.it\\\/en\\\/cambogia-dopo-gli-abusi-una-nuova-vita-per-sreyphiev\\\/\"},\"author\":{\"name\":\"agevis\",\"@id\":\"https:\\\/\\\/www.manitese.it\\\/en\\\/#\\\/schema\\\/person\\\/5a9774f17e4940e2510bfeba90f04f65\"},\"headline\":\"Cambogia: dopo gli abusi, una nuova vita per Sreyphiev\",\"datePublished\":\"2023-01-09T16:46:57+00:00\",\"dateModified\":\"2023-11-29T15:23:29+00:00\",\"mainEntityOfPage\":{\"@id\":\"https:\\\/\\\/www.manitese.it\\\/en\\\/cambogia-dopo-gli-abusi-una-nuova-vita-per-sreyphiev\\\/\"},\"wordCount\":314,\"commentCount\":0,\"image\":{\"@id\":\"https:\\\/\\\/www.manitese.it\\\/en\\\/cambogia-dopo-gli-abusi-una-nuova-vita-per-sreyphiev\\\/#primaryimage\"},\"thumbnailUrl\":\"https:\\\/\\\/www.manitese.it\\\/wp-content\\\/uploads\\\/2023\\\/01\\\/foto-storia-Sreyphiev-header-rid.png\",\"keywords\":[\"cambogia\",\"bambini\",\"centro di accoglienza\",\"trafficking\",\"diritti\"],\"articleSection\":[\"Diari\"],\"inLanguage\":\"en-US\",\"potentialAction\":[{\"@type\":\"CommentAction\",\"name\":\"Comment\",\"target\":[\"https:\\\/\\\/www.manitese.it\\\/en\\\/cambogia-dopo-gli-abusi-una-nuova-vita-per-sreyphiev\\\/#respond\"]}]},{\"@type\":\"WebPage\",\"@id\":\"https:\\\/\\\/www.manitese.it\\\/en\\\/cambogia-dopo-gli-abusi-una-nuova-vita-per-sreyphiev\\\/\",\"url\":\"https:\\\/\\\/www.manitese.it\\\/en\\\/cambogia-dopo-gli-abusi-una-nuova-vita-per-sreyphiev\\\/\",\"name\":\"Cambogia: dopo gli abusi, una nuova vita per Sreyphiev - Mani Tese\",\"isPartOf\":{\"@id\":\"https:\\\/\\\/www.manitese.it\\\/en\\\/#website\"},\"primaryImageOfPage\":{\"@id\":\"https:\\\/\\\/www.manitese.it\\\/en\\\/cambogia-dopo-gli-abusi-una-nuova-vita-per-sreyphiev\\\/#primaryimage\"},\"image\":{\"@id\":\"https:\\\/\\\/www.manitese.it\\\/en\\\/cambogia-dopo-gli-abusi-una-nuova-vita-per-sreyphiev\\\/#primaryimage\"},\"thumbnailUrl\":\"https:\\\/\\\/www.manitese.it\\\/wp-content\\\/uploads\\\/2023\\\/01\\\/foto-storia-Sreyphiev-header-rid.png\",\"datePublished\":\"2023-01-09T16:46:57+00:00\",\"dateModified\":\"2023-11-29T15:23:29+00:00\",\"author\":{\"@id\":\"https:\\\/\\\/www.manitese.it\\\/en\\\/#\\\/schema\\\/person\\\/5a9774f17e4940e2510bfeba90f04f65\"},\"breadcrumb\":{\"@id\":\"https:\\\/\\\/www.manitese.it\\\/en\\\/cambogia-dopo-gli-abusi-una-nuova-vita-per-sreyphiev\\\/#breadcrumb\"},\"inLanguage\":\"en-US\",\"potentialAction\":[{\"@type\":\"ReadAction\",\"target\":[\"https:\\\/\\\/www.manitese.it\\\/en\\\/cambogia-dopo-gli-abusi-una-nuova-vita-per-sreyphiev\\\/\"]}]},{\"@type\":\"ImageObject\",\"inLanguage\":\"en-US\",\"@id\":\"https:\\\/\\\/www.manitese.it\\\/en\\\/cambogia-dopo-gli-abusi-una-nuova-vita-per-sreyphiev\\\/#primaryimage\",\"url\":\"https:\\\/\\\/www.manitese.it\\\/wp-content\\\/uploads\\\/2023\\\/01\\\/foto-storia-Sreyphiev-header-rid.png\",\"contentUrl\":\"https:\\\/\\\/www.manitese.it\\\/wp-content\\\/uploads\\\/2023\\\/01\\\/foto-storia-Sreyphiev-header-rid.png\",\"width\":1917,\"height\":791,\"caption\":\"Sreyphiev assieme alle educatrici del Centro e ai suoi compagni\"},{\"@type\":\"BreadcrumbList\",\"@id\":\"https:\\\/\\\/www.manitese.it\\\/en\\\/cambogia-dopo-gli-abusi-una-nuova-vita-per-sreyphiev\\\/#breadcrumb\",\"itemListElement\":[{\"@type\":\"ListItem\",\"position\":1,\"name\":\"Home\",\"item\":\"https:\\\/\\\/www.manitese.it\\\/en\\\/\"},{\"@type\":\"ListItem\",\"position\":2,\"name\":\"Cambogia: dopo gli abusi, una nuova vita per Sreyphiev\"}]},{\"@type\":\"WebSite\",\"@id\":\"https:\\\/\\\/www.manitese.it\\\/en\\\/#website\",\"url\":\"https:\\\/\\\/www.manitese.it\\\/en\\\/\",\"name\":\"Mani Tese\",\"description\":\"\",\"potentialAction\":[{\"@type\":\"SearchAction\",\"target\":{\"@type\":\"EntryPoint\",\"urlTemplate\":\"https:\\\/\\\/www.manitese.it\\\/en\\\/?s={search_term_string}\"},\"query-input\":{\"@type\":\"PropertyValueSpecification\",\"valueRequired\":true,\"valueName\":\"search_term_string\"}}],\"inLanguage\":\"en-US\"},{\"@type\":\"Person\",\"@id\":\"https:\\\/\\\/www.manitese.it\\\/en\\\/#\\\/schema\\\/person\\\/5a9774f17e4940e2510bfeba90f04f65\",\"name\":\"agevis\",\"image\":{\"@type\":\"ImageObject\",\"inLanguage\":\"en-US\",\"@id\":\"https:\\\/\\\/secure.gravatar.com\\\/avatar\\\/2dc96c93fcf3387a5922a93b50fb3bff01d4800590fb6a4ab91a034adb25ba17?s=96&d=mm&r=g\",\"url\":\"https:\\\/\\\/secure.gravatar.com\\\/avatar\\\/2dc96c93fcf3387a5922a93b50fb3bff01d4800590fb6a4ab91a034adb25ba17?s=96&d=mm&r=g\",\"contentUrl\":\"https:\\\/\\\/secure.gravatar.com\\\/avatar\\\/2dc96c93fcf3387a5922a93b50fb3bff01d4800590fb6a4ab91a034adb25ba17?s=96&d=mm&r=g\",\"caption\":\"agevis\"},\"url\":\"https:\\\/\\\/www.manitese.it\\\/en\\\/author\\\/wp_agevis_admin\\\/\"}]}<\/script>\n<!-- \/ Yoast SEO plugin. -->","yoast_head_json":{"title":"Cambogia: dopo gli abusi, una nuova vita per Sreyphiev - Mani Tese","robots":{"index":"index","follow":"follow","max-snippet":"max-snippet:-1","max-image-preview":"max-image-preview:large","max-video-preview":"max-video-preview:-1"},"canonical":"https:\/\/www.manitese.it\/en\/cambogia-dopo-gli-abusi-una-nuova-vita-per-sreyphiev\/","og_locale":"en_US","og_type":"article","og_title":"Cambogia: dopo gli abusi, una nuova vita per Sreyphiev - Mani Tese","og_description":"Sreyphiev, 12 anni, dopo avere subito sfruttamento e violenza, sta riprendendo in mano la sua vita presso il centro di accoglienza di Damnok Toek.","og_url":"https:\/\/www.manitese.it\/en\/cambogia-dopo-gli-abusi-una-nuova-vita-per-sreyphiev\/","og_site_name":"Mani Tese","article_published_time":"2023-01-09T16:46:57+00:00","article_modified_time":"2023-11-29T15:23:29+00:00","og_image":[{"width":1024,"height":423,"url":"https:\/\/www.manitese.it\/wp-content\/uploads\/2023\/01\/foto-storia-Sreyphiev-header-rid-1024x423.png","type":"image\/png"}],"author":"agevis","twitter_card":"summary_large_image","twitter_misc":{"Written by":"agevis","Est. reading time":"2 minutes"},"schema":{"@context":"https:\/\/schema.org","@graph":[{"@type":"Article","@id":"https:\/\/www.manitese.it\/en\/cambogia-dopo-gli-abusi-una-nuova-vita-per-sreyphiev\/#article","isPartOf":{"@id":"https:\/\/www.manitese.it\/en\/cambogia-dopo-gli-abusi-una-nuova-vita-per-sreyphiev\/"},"author":{"name":"agevis","@id":"https:\/\/www.manitese.it\/en\/#\/schema\/person\/5a9774f17e4940e2510bfeba90f04f65"},"headline":"Cambogia: dopo gli abusi, una nuova vita per Sreyphiev","datePublished":"2023-01-09T16:46:57+00:00","dateModified":"2023-11-29T15:23:29+00:00","mainEntityOfPage":{"@id":"https:\/\/www.manitese.it\/en\/cambogia-dopo-gli-abusi-una-nuova-vita-per-sreyphiev\/"},"wordCount":314,"commentCount":0,"image":{"@id":"https:\/\/www.manitese.it\/en\/cambogia-dopo-gli-abusi-una-nuova-vita-per-sreyphiev\/#primaryimage"},"thumbnailUrl":"https:\/\/www.manitese.it\/wp-content\/uploads\/2023\/01\/foto-storia-Sreyphiev-header-rid.png","keywords":["cambogia","bambini","centro di accoglienza","trafficking","diritti"],"articleSection":["Diari"],"inLanguage":"en-US","potentialAction":[{"@type":"CommentAction","name":"Comment","target":["https:\/\/www.manitese.it\/en\/cambogia-dopo-gli-abusi-una-nuova-vita-per-sreyphiev\/#respond"]}]},{"@type":"WebPage","@id":"https:\/\/www.manitese.it\/en\/cambogia-dopo-gli-abusi-una-nuova-vita-per-sreyphiev\/","url":"https:\/\/www.manitese.it\/en\/cambogia-dopo-gli-abusi-una-nuova-vita-per-sreyphiev\/","name":"Cambogia: dopo gli abusi, una nuova vita per Sreyphiev - Mani Tese","isPartOf":{"@id":"https:\/\/www.manitese.it\/en\/#website"},"primaryImageOfPage":{"@id":"https:\/\/www.manitese.it\/en\/cambogia-dopo-gli-abusi-una-nuova-vita-per-sreyphiev\/#primaryimage"},"image":{"@id":"https:\/\/www.manitese.it\/en\/cambogia-dopo-gli-abusi-una-nuova-vita-per-sreyphiev\/#primaryimage"},"thumbnailUrl":"https:\/\/www.manitese.it\/wp-content\/uploads\/2023\/01\/foto-storia-Sreyphiev-header-rid.png","datePublished":"2023-01-09T16:46:57+00:00","dateModified":"2023-11-29T15:23:29+00:00","author":{"@id":"https:\/\/www.manitese.it\/en\/#\/schema\/person\/5a9774f17e4940e2510bfeba90f04f65"},"breadcrumb":{"@id":"https:\/\/www.manitese.it\/en\/cambogia-dopo-gli-abusi-una-nuova-vita-per-sreyphiev\/#breadcrumb"},"inLanguage":"en-US","potentialAction":[{"@type":"ReadAction","target":["https:\/\/www.manitese.it\/en\/cambogia-dopo-gli-abusi-una-nuova-vita-per-sreyphiev\/"]}]},{"@type":"ImageObject","inLanguage":"en-US","@id":"https:\/\/www.manitese.it\/en\/cambogia-dopo-gli-abusi-una-nuova-vita-per-sreyphiev\/#primaryimage","url":"https:\/\/www.manitese.it\/wp-content\/uploads\/2023\/01\/foto-storia-Sreyphiev-header-rid.png","contentUrl":"https:\/\/www.manitese.it\/wp-content\/uploads\/2023\/01\/foto-storia-Sreyphiev-header-rid.png","width":1917,"height":791,"caption":"Sreyphiev assieme alle educatrici del Centro e ai suoi compagni"},{"@type":"BreadcrumbList","@id":"https:\/\/www.manitese.it\/en\/cambogia-dopo-gli-abusi-una-nuova-vita-per-sreyphiev\/#breadcrumb","itemListElement":[{"@type":"ListItem","position":1,"name":"Home","item":"https:\/\/www.manitese.it\/en\/"},{"@type":"ListItem","position":2,"name":"Cambogia: dopo gli abusi, una nuova vita per Sreyphiev"}]},{"@type":"WebSite","@id":"https:\/\/www.manitese.it\/en\/#website","url":"https:\/\/www.manitese.it\/en\/","name":"Mani Tese","description":"","potentialAction":[{"@type":"SearchAction","target":{"@type":"EntryPoint","urlTemplate":"https:\/\/www.manitese.it\/en\/?s={search_term_string}"},"query-input":{"@type":"PropertyValueSpecification","valueRequired":true,"valueName":"search_term_string"}}],"inLanguage":"en-US"},{"@type":"Person","@id":"https:\/\/www.manitese.it\/en\/#\/schema\/person\/5a9774f17e4940e2510bfeba90f04f65","name":"agevis","image":{"@type":"ImageObject","inLanguage":"en-US","@id":"https:\/\/secure.gravatar.com\/avatar\/2dc96c93fcf3387a5922a93b50fb3bff01d4800590fb6a4ab91a034adb25ba17?s=96&d=mm&r=g","url":"https:\/\/secure.gravatar.com\/avatar\/2dc96c93fcf3387a5922a93b50fb3bff01d4800590fb6a4ab91a034adb25ba17?s=96&d=mm&r=g","contentUrl":"https:\/\/secure.gravatar.com\/avatar\/2dc96c93fcf3387a5922a93b50fb3bff01d4800590fb6a4ab91a034adb25ba17?s=96&d=mm&r=g","caption":"agevis"},"url":"https:\/\/www.manitese.it\/en\/author\/wp_agevis_admin\/"}]}},"jetpack_featured_media_url":"https:\/\/www.manitese.it\/wp-content\/uploads\/2023\/01\/foto-storia-Sreyphiev-header-rid.png","jetpack_sharing_enabled":true,"_links":{"self":[{"href":"https:\/\/www.manitese.it\/en\/wp-json\/wp\/v2\/posts\/167965","targetHints":{"allow":["GET"]}}],"collection":[{"href":"https:\/\/www.manitese.it\/en\/wp-json\/wp\/v2\/posts"}],"about":[{"href":"https:\/\/www.manitese.it\/en\/wp-json\/wp\/v2\/types\/post"}],"author":[{"embeddable":true,"href":"https:\/\/www.manitese.it\/en\/wp-json\/wp\/v2\/users\/1"}],"replies":[{"embeddable":true,"href":"https:\/\/www.manitese.it\/en\/wp-json\/wp\/v2\/comments?post=167965"}],"version-history":[{"count":3,"href":"https:\/\/www.manitese.it\/en\/wp-json\/wp\/v2\/posts\/167965\/revisions"}],"predecessor-version":[{"id":191622,"href":"https:\/\/www.manitese.it\/en\/wp-json\/wp\/v2\/posts\/167965\/revisions\/191622"}],"wp:featuredmedia":[{"embeddable":true,"href":"https:\/\/www.manitese.it\/en\/wp-json\/wp\/v2\/media\/167971"}],"wp:attachment":[{"href":"https:\/\/www.manitese.it\/en\/wp-json\/wp\/v2\/media?parent=167965"}],"wp:term":[{"taxonomy":"category","embeddable":true,"href":"https:\/\/www.manitese.it\/en\/wp-json\/wp\/v2\/categories?post=167965"},{"taxonomy":"post_tag","embeddable":true,"href":"https:\/\/www.manitese.it\/en\/wp-json\/wp\/v2\/tags?post=167965"},{"taxonomy":"thematic_area","embeddable":true,"href":"https:\/\/www.manitese.it\/en\/wp-json\/wp\/v2\/thematic_area?post=167965"}],"curies":[{"name":"wp","href":"https:\/\/api.w.org\/{rel}","templated":true}]}}