{"id":167954,"date":"2023-01-09T16:51:57","date_gmt":"2023-01-09T15:51:57","guid":{"rendered":"https:\/\/manitese.it\/?p=167954"},"modified":"2023-07-20T19:32:02","modified_gmt":"2023-07-20T17:32:02","slug":"neary-vuole-studiare","status":"publish","type":"post","link":"https:\/\/www.manitese.it\/en\/neary-vuole-studiare\/","title":{"rendered":"Neary vuole studiare"},"content":{"rendered":"\n<p>Prima di essere accolta al Centro di Accoglienza di Damnok Toek nell\u2019agosto del 2019, Neary<a href=\"https:\/\/manitese.it\/cambogia-dopo-gli-abusi-una-nuova-vita-per-sreyphiev#_ftn1\">[1]<\/a>, 11 anni, viveva nel villaggio di Poipet con sua madre, il suo patrigno e i fratelli.<\/p>\n\n\n\n<p>Insieme ai suoi fratelli pi\u00f9 giovani, trascorreva notte e giorno a frugare nella spazzatura e a chiedere l\u2019elemosina nella zona vicino al casino Star Vegas nella citt\u00e0 di Poipet e vicino al Psa Akkeak Market.<\/p>\n\n\n\n<p>A casa, quando la mamma di Neary non c\u2019era, la bambina era purtroppo vittima di violenze sessuali da parte del patrigno, il quale venne poi fortunatamente arrestato dalla polizia e mandato nella prigione provinciale di Banteay Meanchey.<\/p>\n\n\n\n<p>Quando gli assistenti sociali di Damnok Toek ricevettero una telefonata dal numero verde ChildSafe che li allertava del caso, il centro di accoglienza si attiv\u00f2 immediatamente cooperando con le autorit\u00e0 locali e il Consiglio Comunale per le Donne e i Bambini per fare in modo che la bambina venisse accolta presso il centro.<\/p>\n\n\n\n<p>Da quando \u00e8 arrivata, Neary qui si sta riprendendo. Sta studiando molto ed \u00e8 decisa a essere una buona scolara e ad avere successo nel suo futuro. \u00c8 molto grata, infatti, di avere l\u2019opportunit\u00e0 di ricevere un\u2019educazione a Damnok Toek.<\/p>\n\n\n\n<p>Il personale del Centro di Accoglienza ha visitato la famiglia della bambina e ha incontrato la madre, che ha detto loro che non desiderava che la figlia tornasse a casa e che preferiva che cogliesse invece l\u2019opportunit\u00e0 di studiare e di assicurarsi un futuro migliore. Neary stessa, del resto, non ha espresso alcun desiderio di tornare dalla sua famiglia o di rivedere sua madre.<\/p>\n\n\n\n<p>Tuttavia, per mantenere vivo il legame madre-figlia e per facilitare la riconciliazione familiare, Damnok Toek ha organizzato delle visite mensili e bimestrali della madre a Neary presso il Centro di Accoglienza.<\/p>\n\n\n\n<p>Siamo sicuri che Neary, grazie alle cure ricevute presso il centro, potr\u00e0 riprendere in mano la sua vita e avere di fronte a s\u00e9 un futuro assai pi\u00f9 luminoso.<\/p>\n\n\n\n<p><em>Nella foto, I Bambini del Centro di Accoglienza e del Centro di Assistenza Temporanea imparano a campeggiare in montagna durante una gita nella provincia di Pursat<\/em><\/p>\n\n\n\n<p><a href=\"https:\/\/manitese.it\/cambogia-dopo-gli-abusi-una-nuova-vita-per-sreyphiev#_ftnref1\">[1]<\/a>&nbsp;Il nome della bambina \u00e8 stato cambiato per proteggere la sua identit\u00e0.<\/p>\n","protected":false},"excerpt":{"rendered":"<p>La storia della piccola Neary che, dopo una vita di sfruttamento e di violenza, \u00e8 stata accolta presso il centro di Damnok Toek in Cambogia, dove si sta rifacendo una vita.<\/p>\n","protected":false},"author":1,"featured_media":167960,"comment_status":"open","ping_status":"open","sticky":false,"template":"","format":"standard","meta":{"_acf_changed":false,"give_campaign_id":0,"inline_featured_image":false,"_jetpack_memberships_contains_paid_content":false,"footnotes":""},"categories":[3],"tags":[62,87,98,99,100],"thematic_area":[],"class_list":["post-167954","post","type-post","status-publish","format-standard","has-post-thumbnail","hentry","category-diari","tag-cambogia-2","tag-bambini","tag-centro-di-accoglienza","tag-neary-2","tag-trafficking"],"acf":[],"yoast_head":"<!-- This site is optimized with the Yoast SEO plugin v27.5 - https:\/\/yoast.com\/product\/yoast-seo-wordpress\/ -->\n<title>Neary vuole studiare - Mani Tese<\/title>\n<meta name=\"description\" content=\"La storia della piccola Neary che, dopo una vita di sfruttamento e di violenza, \u00e8 stata accolta presso il centro di Damnok Toek in Cambogia, sostenuto da Mani Tese, dove si sta rifacendo una vita.\" \/>\n<meta name=\"robots\" content=\"index, follow, max-snippet:-1, max-image-preview:large, max-video-preview:-1\" \/>\n<link rel=\"canonical\" href=\"https:\/\/www.manitese.it\/en\/neary-vuole-studiare\/\" \/>\n<meta property=\"og:locale\" content=\"en_US\" \/>\n<meta property=\"og:type\" content=\"article\" \/>\n<meta property=\"og:title\" content=\"Neary vuole studiare - Mani Tese\" \/>\n<meta property=\"og:description\" content=\"La storia della piccola Neary che, dopo una vita di sfruttamento e di violenza, \u00e8 stata accolta presso il centro di Damnok Toek in Cambogia, sostenuto da Mani Tese, dove si sta rifacendo una vita.\" \/>\n<meta property=\"og:url\" content=\"https:\/\/www.manitese.it\/en\/neary-vuole-studiare\/\" \/>\n<meta property=\"og:site_name\" content=\"Mani Tese\" \/>\n<meta property=\"article:published_time\" content=\"2023-01-09T15:51:57+00:00\" \/>\n<meta property=\"article:modified_time\" content=\"2023-07-20T17:32:02+00:00\" \/>\n<meta property=\"og:image\" content=\"https:\/\/www.manitese.it\/wp-content\/uploads\/2023\/01\/foto-storia-Neary-header-rid-1024x427.png\" \/>\n\t<meta property=\"og:image:width\" content=\"1024\" \/>\n\t<meta property=\"og:image:height\" content=\"427\" \/>\n\t<meta property=\"og:image:type\" content=\"image\/png\" \/>\n<meta name=\"author\" content=\"agevis\" \/>\n<meta name=\"twitter:card\" content=\"summary_large_image\" \/>\n<meta name=\"twitter:label1\" content=\"Written by\" \/>\n\t<meta name=\"twitter:data1\" content=\"agevis\" \/>\n\t<meta name=\"twitter:label2\" content=\"Est. reading time\" \/>\n\t<meta name=\"twitter:data2\" content=\"2 minutes\" \/>\n<script type=\"application\/ld+json\" class=\"yoast-schema-graph\">{\"@context\":\"https:\\\/\\\/schema.org\",\"@graph\":[{\"@type\":\"Article\",\"@id\":\"https:\\\/\\\/www.manitese.it\\\/en\\\/neary-vuole-studiare\\\/#article\",\"isPartOf\":{\"@id\":\"https:\\\/\\\/www.manitese.it\\\/en\\\/neary-vuole-studiare\\\/\"},\"author\":{\"name\":\"agevis\",\"@id\":\"https:\\\/\\\/www.manitese.it\\\/en\\\/#\\\/schema\\\/person\\\/5a9774f17e4940e2510bfeba90f04f65\"},\"headline\":\"Neary vuole studiare\",\"datePublished\":\"2023-01-09T15:51:57+00:00\",\"dateModified\":\"2023-07-20T17:32:02+00:00\",\"mainEntityOfPage\":{\"@id\":\"https:\\\/\\\/www.manitese.it\\\/en\\\/neary-vuole-studiare\\\/\"},\"wordCount\":362,\"commentCount\":0,\"image\":{\"@id\":\"https:\\\/\\\/www.manitese.it\\\/en\\\/neary-vuole-studiare\\\/#primaryimage\"},\"thumbnailUrl\":\"https:\\\/\\\/www.manitese.it\\\/wp-content\\\/uploads\\\/2023\\\/01\\\/foto-storia-Neary-header-rid.png\",\"keywords\":[\"cambogia\",\"bambini\",\"centro di accoglienza\",\"neary\",\"trafficking\"],\"articleSection\":[\"Diari\"],\"inLanguage\":\"en-US\",\"potentialAction\":[{\"@type\":\"CommentAction\",\"name\":\"Comment\",\"target\":[\"https:\\\/\\\/www.manitese.it\\\/en\\\/neary-vuole-studiare\\\/#respond\"]}]},{\"@type\":\"WebPage\",\"@id\":\"https:\\\/\\\/www.manitese.it\\\/en\\\/neary-vuole-studiare\\\/\",\"url\":\"https:\\\/\\\/www.manitese.it\\\/en\\\/neary-vuole-studiare\\\/\",\"name\":\"Neary vuole studiare - Mani Tese\",\"isPartOf\":{\"@id\":\"https:\\\/\\\/www.manitese.it\\\/en\\\/#website\"},\"primaryImageOfPage\":{\"@id\":\"https:\\\/\\\/www.manitese.it\\\/en\\\/neary-vuole-studiare\\\/#primaryimage\"},\"image\":{\"@id\":\"https:\\\/\\\/www.manitese.it\\\/en\\\/neary-vuole-studiare\\\/#primaryimage\"},\"thumbnailUrl\":\"https:\\\/\\\/www.manitese.it\\\/wp-content\\\/uploads\\\/2023\\\/01\\\/foto-storia-Neary-header-rid.png\",\"datePublished\":\"2023-01-09T15:51:57+00:00\",\"dateModified\":\"2023-07-20T17:32:02+00:00\",\"author\":{\"@id\":\"https:\\\/\\\/www.manitese.it\\\/en\\\/#\\\/schema\\\/person\\\/5a9774f17e4940e2510bfeba90f04f65\"},\"description\":\"La storia della piccola Neary che, dopo una vita di sfruttamento e di violenza, \u00e8 stata accolta presso il centro di Damnok Toek in Cambogia, sostenuto da Mani Tese, dove si sta rifacendo una vita.\",\"breadcrumb\":{\"@id\":\"https:\\\/\\\/www.manitese.it\\\/en\\\/neary-vuole-studiare\\\/#breadcrumb\"},\"inLanguage\":\"en-US\",\"potentialAction\":[{\"@type\":\"ReadAction\",\"target\":[\"https:\\\/\\\/www.manitese.it\\\/en\\\/neary-vuole-studiare\\\/\"]}]},{\"@type\":\"ImageObject\",\"inLanguage\":\"en-US\",\"@id\":\"https:\\\/\\\/www.manitese.it\\\/en\\\/neary-vuole-studiare\\\/#primaryimage\",\"url\":\"https:\\\/\\\/www.manitese.it\\\/wp-content\\\/uploads\\\/2023\\\/01\\\/foto-storia-Neary-header-rid.png\",\"contentUrl\":\"https:\\\/\\\/www.manitese.it\\\/wp-content\\\/uploads\\\/2023\\\/01\\\/foto-storia-Neary-header-rid.png\",\"width\":1919,\"height\":801,\"caption\":\"Neary e i suoi compagni in gita con le educatrici del Centro\"},{\"@type\":\"BreadcrumbList\",\"@id\":\"https:\\\/\\\/www.manitese.it\\\/en\\\/neary-vuole-studiare\\\/#breadcrumb\",\"itemListElement\":[{\"@type\":\"ListItem\",\"position\":1,\"name\":\"Home\",\"item\":\"https:\\\/\\\/www.manitese.it\\\/en\\\/\"},{\"@type\":\"ListItem\",\"position\":2,\"name\":\"Neary vuole studiare\"}]},{\"@type\":\"WebSite\",\"@id\":\"https:\\\/\\\/www.manitese.it\\\/en\\\/#website\",\"url\":\"https:\\\/\\\/www.manitese.it\\\/en\\\/\",\"name\":\"Mani Tese\",\"description\":\"\",\"potentialAction\":[{\"@type\":\"SearchAction\",\"target\":{\"@type\":\"EntryPoint\",\"urlTemplate\":\"https:\\\/\\\/www.manitese.it\\\/en\\\/?s={search_term_string}\"},\"query-input\":{\"@type\":\"PropertyValueSpecification\",\"valueRequired\":true,\"valueName\":\"search_term_string\"}}],\"inLanguage\":\"en-US\"},{\"@type\":\"Person\",\"@id\":\"https:\\\/\\\/www.manitese.it\\\/en\\\/#\\\/schema\\\/person\\\/5a9774f17e4940e2510bfeba90f04f65\",\"name\":\"agevis\",\"image\":{\"@type\":\"ImageObject\",\"inLanguage\":\"en-US\",\"@id\":\"https:\\\/\\\/secure.gravatar.com\\\/avatar\\\/2dc96c93fcf3387a5922a93b50fb3bff01d4800590fb6a4ab91a034adb25ba17?s=96&d=mm&r=g\",\"url\":\"https:\\\/\\\/secure.gravatar.com\\\/avatar\\\/2dc96c93fcf3387a5922a93b50fb3bff01d4800590fb6a4ab91a034adb25ba17?s=96&d=mm&r=g\",\"contentUrl\":\"https:\\\/\\\/secure.gravatar.com\\\/avatar\\\/2dc96c93fcf3387a5922a93b50fb3bff01d4800590fb6a4ab91a034adb25ba17?s=96&d=mm&r=g\",\"caption\":\"agevis\"},\"url\":\"https:\\\/\\\/www.manitese.it\\\/en\\\/author\\\/wp_agevis_admin\\\/\"}]}<\/script>\n<!-- \/ Yoast SEO plugin. -->","yoast_head_json":{"title":"Neary vuole studiare - Mani Tese","description":"La storia della piccola Neary che, dopo una vita di sfruttamento e di violenza, \u00e8 stata accolta presso il centro di Damnok Toek in Cambogia, sostenuto da Mani Tese, dove si sta rifacendo una vita.","robots":{"index":"index","follow":"follow","max-snippet":"max-snippet:-1","max-image-preview":"max-image-preview:large","max-video-preview":"max-video-preview:-1"},"canonical":"https:\/\/www.manitese.it\/en\/neary-vuole-studiare\/","og_locale":"en_US","og_type":"article","og_title":"Neary vuole studiare - Mani Tese","og_description":"La storia della piccola Neary che, dopo una vita di sfruttamento e di violenza, \u00e8 stata accolta presso il centro di Damnok Toek in Cambogia, sostenuto da Mani Tese, dove si sta rifacendo una vita.","og_url":"https:\/\/www.manitese.it\/en\/neary-vuole-studiare\/","og_site_name":"Mani Tese","article_published_time":"2023-01-09T15:51:57+00:00","article_modified_time":"2023-07-20T17:32:02+00:00","og_image":[{"width":1024,"height":427,"url":"https:\/\/www.manitese.it\/wp-content\/uploads\/2023\/01\/foto-storia-Neary-header-rid-1024x427.png","type":"image\/png"}],"author":"agevis","twitter_card":"summary_large_image","twitter_misc":{"Written by":"agevis","Est. reading time":"2 minutes"},"schema":{"@context":"https:\/\/schema.org","@graph":[{"@type":"Article","@id":"https:\/\/www.manitese.it\/en\/neary-vuole-studiare\/#article","isPartOf":{"@id":"https:\/\/www.manitese.it\/en\/neary-vuole-studiare\/"},"author":{"name":"agevis","@id":"https:\/\/www.manitese.it\/en\/#\/schema\/person\/5a9774f17e4940e2510bfeba90f04f65"},"headline":"Neary vuole studiare","datePublished":"2023-01-09T15:51:57+00:00","dateModified":"2023-07-20T17:32:02+00:00","mainEntityOfPage":{"@id":"https:\/\/www.manitese.it\/en\/neary-vuole-studiare\/"},"wordCount":362,"commentCount":0,"image":{"@id":"https:\/\/www.manitese.it\/en\/neary-vuole-studiare\/#primaryimage"},"thumbnailUrl":"https:\/\/www.manitese.it\/wp-content\/uploads\/2023\/01\/foto-storia-Neary-header-rid.png","keywords":["cambogia","bambini","centro di accoglienza","neary","trafficking"],"articleSection":["Diari"],"inLanguage":"en-US","potentialAction":[{"@type":"CommentAction","name":"Comment","target":["https:\/\/www.manitese.it\/en\/neary-vuole-studiare\/#respond"]}]},{"@type":"WebPage","@id":"https:\/\/www.manitese.it\/en\/neary-vuole-studiare\/","url":"https:\/\/www.manitese.it\/en\/neary-vuole-studiare\/","name":"Neary vuole studiare - Mani Tese","isPartOf":{"@id":"https:\/\/www.manitese.it\/en\/#website"},"primaryImageOfPage":{"@id":"https:\/\/www.manitese.it\/en\/neary-vuole-studiare\/#primaryimage"},"image":{"@id":"https:\/\/www.manitese.it\/en\/neary-vuole-studiare\/#primaryimage"},"thumbnailUrl":"https:\/\/www.manitese.it\/wp-content\/uploads\/2023\/01\/foto-storia-Neary-header-rid.png","datePublished":"2023-01-09T15:51:57+00:00","dateModified":"2023-07-20T17:32:02+00:00","author":{"@id":"https:\/\/www.manitese.it\/en\/#\/schema\/person\/5a9774f17e4940e2510bfeba90f04f65"},"description":"La storia della piccola Neary che, dopo una vita di sfruttamento e di violenza, \u00e8 stata accolta presso il centro di Damnok Toek in Cambogia, sostenuto da Mani Tese, dove si sta rifacendo una vita.","breadcrumb":{"@id":"https:\/\/www.manitese.it\/en\/neary-vuole-studiare\/#breadcrumb"},"inLanguage":"en-US","potentialAction":[{"@type":"ReadAction","target":["https:\/\/www.manitese.it\/en\/neary-vuole-studiare\/"]}]},{"@type":"ImageObject","inLanguage":"en-US","@id":"https:\/\/www.manitese.it\/en\/neary-vuole-studiare\/#primaryimage","url":"https:\/\/www.manitese.it\/wp-content\/uploads\/2023\/01\/foto-storia-Neary-header-rid.png","contentUrl":"https:\/\/www.manitese.it\/wp-content\/uploads\/2023\/01\/foto-storia-Neary-header-rid.png","width":1919,"height":801,"caption":"Neary e i suoi compagni in gita con le educatrici del Centro"},{"@type":"BreadcrumbList","@id":"https:\/\/www.manitese.it\/en\/neary-vuole-studiare\/#breadcrumb","itemListElement":[{"@type":"ListItem","position":1,"name":"Home","item":"https:\/\/www.manitese.it\/en\/"},{"@type":"ListItem","position":2,"name":"Neary vuole studiare"}]},{"@type":"WebSite","@id":"https:\/\/www.manitese.it\/en\/#website","url":"https:\/\/www.manitese.it\/en\/","name":"Mani Tese","description":"","potentialAction":[{"@type":"SearchAction","target":{"@type":"EntryPoint","urlTemplate":"https:\/\/www.manitese.it\/en\/?s={search_term_string}"},"query-input":{"@type":"PropertyValueSpecification","valueRequired":true,"valueName":"search_term_string"}}],"inLanguage":"en-US"},{"@type":"Person","@id":"https:\/\/www.manitese.it\/en\/#\/schema\/person\/5a9774f17e4940e2510bfeba90f04f65","name":"agevis","image":{"@type":"ImageObject","inLanguage":"en-US","@id":"https:\/\/secure.gravatar.com\/avatar\/2dc96c93fcf3387a5922a93b50fb3bff01d4800590fb6a4ab91a034adb25ba17?s=96&d=mm&r=g","url":"https:\/\/secure.gravatar.com\/avatar\/2dc96c93fcf3387a5922a93b50fb3bff01d4800590fb6a4ab91a034adb25ba17?s=96&d=mm&r=g","contentUrl":"https:\/\/secure.gravatar.com\/avatar\/2dc96c93fcf3387a5922a93b50fb3bff01d4800590fb6a4ab91a034adb25ba17?s=96&d=mm&r=g","caption":"agevis"},"url":"https:\/\/www.manitese.it\/en\/author\/wp_agevis_admin\/"}]}},"jetpack_featured_media_url":"https:\/\/www.manitese.it\/wp-content\/uploads\/2023\/01\/foto-storia-Neary-header-rid.png","jetpack_sharing_enabled":true,"_links":{"self":[{"href":"https:\/\/www.manitese.it\/en\/wp-json\/wp\/v2\/posts\/167954","targetHints":{"allow":["GET"]}}],"collection":[{"href":"https:\/\/www.manitese.it\/en\/wp-json\/wp\/v2\/posts"}],"about":[{"href":"https:\/\/www.manitese.it\/en\/wp-json\/wp\/v2\/types\/post"}],"author":[{"embeddable":true,"href":"https:\/\/www.manitese.it\/en\/wp-json\/wp\/v2\/users\/1"}],"replies":[{"embeddable":true,"href":"https:\/\/www.manitese.it\/en\/wp-json\/wp\/v2\/comments?post=167954"}],"version-history":[{"count":2,"href":"https:\/\/www.manitese.it\/en\/wp-json\/wp\/v2\/posts\/167954\/revisions"}],"predecessor-version":[{"id":177595,"href":"https:\/\/www.manitese.it\/en\/wp-json\/wp\/v2\/posts\/167954\/revisions\/177595"}],"wp:featuredmedia":[{"embeddable":true,"href":"https:\/\/www.manitese.it\/en\/wp-json\/wp\/v2\/media\/167960"}],"wp:attachment":[{"href":"https:\/\/www.manitese.it\/en\/wp-json\/wp\/v2\/media?parent=167954"}],"wp:term":[{"taxonomy":"category","embeddable":true,"href":"https:\/\/www.manitese.it\/en\/wp-json\/wp\/v2\/categories?post=167954"},{"taxonomy":"post_tag","embeddable":true,"href":"https:\/\/www.manitese.it\/en\/wp-json\/wp\/v2\/tags?post=167954"},{"taxonomy":"thematic_area","embeddable":true,"href":"https:\/\/www.manitese.it\/en\/wp-json\/wp\/v2\/thematic_area?post=167954"}],"curies":[{"name":"wp","href":"https:\/\/api.w.org\/{rel}","templated":true}]}}