{"id":167645,"date":"2022-12-20T11:11:30","date_gmt":"2022-12-20T10:11:30","guid":{"rendered":"https:\/\/manitese.it\/?p=167645"},"modified":"2025-07-08T12:38:10","modified_gmt":"2025-07-08T10:38:10","slug":"e-uscito-il-bando-del-servizio-civile-universale-candidati-con-noi","status":"publish","type":"post","link":"https:\/\/www.manitese.it\/en\/e-uscito-il-bando-del-servizio-civile-universale-candidati-con-noi\/","title":{"rendered":"\u00c8 uscito il bando del Servizio Civile Universale, candidati con noi!"},"content":{"rendered":"\n<p><strong><em>Cambia il presente e riscrivi il futuro del pianeta: fai il servizio civile a Mani Tese!<\/em><\/strong><\/p>\n\n\n\n<p>\u00c8 uscito il bando per operatori volontari del Servizio Civile Universale. <strong>Se hai fra i 18 e i 28 anni, candidati a uno dei progetti di Mani Tese: <\/strong>&#8220;<strong>LA VIA GIUSTA \u00c8 CAMBIARE STRADA!<\/strong>&#8221; E &#8220;<strong>FACCIAMO LA PACE, SEMINIAMO GIUSTIZIA&#8221;.<\/strong><\/p>\n\n\n\n<p>Puoi candidarti <strong><u>fino al 10 febbraio 2023<\/u><\/strong><\/p>\n\n\n\n<p><strong>Dal 9 gennaio al 9 febbraio, \u00e8 attivo un nostro sportello telefonico<\/strong> <strong>e whatsapp<\/strong> per informazioni sui progetti DI SERVIZIO CIVILE con MANI TESE:<\/p>\n\n\n\n<p>.<strong> Infoline 373 746 3996<\/strong><\/p>\n\n\n\n<p><strong>. Luned\u00ec, mercoled\u00ec e venerd\u00ec dalle 10.00 alle 12.00<\/strong><\/p>\n\n\n\n<p><\/p>\n\n\n\n<p>Trova tutte le informazioni <strong><a href=\"https:\/\/manitese.it\/cosa-puoi-fare-tu\/servizio-civile-nazionale-a-mani-tese\/\" target=\"_blank\" rel=\"noreferrer noopener\">QUI<\/a><\/strong><\/p>\n","protected":false},"excerpt":{"rendered":"<p>Cambia il presente e riscrivi il futuro del pianeta: fai il servizio civile a Mani Tese!<\/p>\n","protected":false},"author":1,"featured_media":167647,"comment_status":"open","ping_status":"open","sticky":false,"template":"","format":"standard","meta":{"_acf_changed":false,"give_campaign_id":0,"inline_featured_image":false,"_jetpack_memberships_contains_paid_content":false,"footnotes":""},"categories":[1],"tags":[96,97],"thematic_area":[],"class_list":["post-167645","post","type-post","status-publish","format-standard","has-post-thumbnail","hentry","category-news","tag-bando-scv","tag-scv"],"acf":[],"yoast_head":"<!-- This site is optimized with the Yoast SEO plugin v27.5 - https:\/\/yoast.com\/product\/yoast-seo-wordpress\/ -->\n<title>\u00c8 uscito il bando del Servizio Civile Universale, candidati con noi! - Mani Tese<\/title>\n<meta name=\"description\" content=\"Cambia il presente e riscrivi il futuro del pianeta: fai il servizio civile a Mani Tese!\" \/>\n<meta name=\"robots\" content=\"index, follow, max-snippet:-1, max-image-preview:large, max-video-preview:-1\" \/>\n<link rel=\"canonical\" href=\"https:\/\/www.manitese.it\/en\/e-uscito-il-bando-del-servizio-civile-universale-candidati-con-noi\/\" \/>\n<meta property=\"og:locale\" content=\"en_US\" \/>\n<meta property=\"og:type\" content=\"article\" \/>\n<meta property=\"og:title\" content=\"\u00c8 uscito il bando del Servizio Civile Universale, candidati con noi! - Mani Tese\" \/>\n<meta property=\"og:description\" content=\"Cambia il presente e riscrivi il futuro del pianeta: fai il servizio civile a Mani Tese!\" \/>\n<meta property=\"og:url\" content=\"https:\/\/www.manitese.it\/en\/e-uscito-il-bando-del-servizio-civile-universale-candidati-con-noi\/\" \/>\n<meta property=\"og:site_name\" content=\"Mani Tese\" \/>\n<meta property=\"article:published_time\" content=\"2022-12-20T10:11:30+00:00\" \/>\n<meta property=\"article:modified_time\" content=\"2025-07-08T10:38:10+00:00\" \/>\n<meta property=\"og:image\" content=\"https:\/\/www.manitese.it\/wp-content\/uploads\/2022\/12\/servizio-civile-2021-2022-mani-tese-1.jpg\" \/>\n\t<meta property=\"og:image:width\" content=\"1920\" \/>\n\t<meta property=\"og:image:height\" content=\"800\" \/>\n\t<meta property=\"og:image:type\" content=\"image\/jpeg\" \/>\n<meta name=\"author\" content=\"agevis\" \/>\n<meta name=\"twitter:card\" content=\"summary_large_image\" \/>\n<meta name=\"twitter:label1\" content=\"Written by\" \/>\n\t<meta name=\"twitter:data1\" content=\"agevis\" \/>\n<script type=\"application\/ld+json\" class=\"yoast-schema-graph\">{\"@context\":\"https:\\\/\\\/schema.org\",\"@graph\":[{\"@type\":\"Article\",\"@id\":\"https:\\\/\\\/www.manitese.it\\\/en\\\/e-uscito-il-bando-del-servizio-civile-universale-candidati-con-noi\\\/#article\",\"isPartOf\":{\"@id\":\"https:\\\/\\\/www.manitese.it\\\/en\\\/e-uscito-il-bando-del-servizio-civile-universale-candidati-con-noi\\\/\"},\"author\":{\"name\":\"agevis\",\"@id\":\"https:\\\/\\\/www.manitese.it\\\/en\\\/#\\\/schema\\\/person\\\/5a9774f17e4940e2510bfeba90f04f65\"},\"headline\":\"\u00c8 uscito il bando del Servizio Civile Universale, candidati con noi!\",\"datePublished\":\"2022-12-20T10:11:30+00:00\",\"dateModified\":\"2025-07-08T10:38:10+00:00\",\"mainEntityOfPage\":{\"@id\":\"https:\\\/\\\/www.manitese.it\\\/en\\\/e-uscito-il-bando-del-servizio-civile-universale-candidati-con-noi\\\/\"},\"wordCount\":100,\"commentCount\":0,\"image\":{\"@id\":\"https:\\\/\\\/www.manitese.it\\\/en\\\/e-uscito-il-bando-del-servizio-civile-universale-candidati-con-noi\\\/#primaryimage\"},\"thumbnailUrl\":\"https:\\\/\\\/www.manitese.it\\\/wp-content\\\/uploads\\\/2022\\\/12\\\/servizio-civile-2021-2022-mani-tese-1.jpg\",\"keywords\":[\"bando scv\",\"SCV\"],\"articleSection\":[\"News\"],\"inLanguage\":\"en-US\",\"potentialAction\":[{\"@type\":\"CommentAction\",\"name\":\"Comment\",\"target\":[\"https:\\\/\\\/www.manitese.it\\\/en\\\/e-uscito-il-bando-del-servizio-civile-universale-candidati-con-noi\\\/#respond\"]}]},{\"@type\":\"WebPage\",\"@id\":\"https:\\\/\\\/www.manitese.it\\\/en\\\/e-uscito-il-bando-del-servizio-civile-universale-candidati-con-noi\\\/\",\"url\":\"https:\\\/\\\/www.manitese.it\\\/en\\\/e-uscito-il-bando-del-servizio-civile-universale-candidati-con-noi\\\/\",\"name\":\"\u00c8 uscito il bando del Servizio Civile Universale, candidati con noi! - Mani Tese\",\"isPartOf\":{\"@id\":\"https:\\\/\\\/www.manitese.it\\\/en\\\/#website\"},\"primaryImageOfPage\":{\"@id\":\"https:\\\/\\\/www.manitese.it\\\/en\\\/e-uscito-il-bando-del-servizio-civile-universale-candidati-con-noi\\\/#primaryimage\"},\"image\":{\"@id\":\"https:\\\/\\\/www.manitese.it\\\/en\\\/e-uscito-il-bando-del-servizio-civile-universale-candidati-con-noi\\\/#primaryimage\"},\"thumbnailUrl\":\"https:\\\/\\\/www.manitese.it\\\/wp-content\\\/uploads\\\/2022\\\/12\\\/servizio-civile-2021-2022-mani-tese-1.jpg\",\"datePublished\":\"2022-12-20T10:11:30+00:00\",\"dateModified\":\"2025-07-08T10:38:10+00:00\",\"author\":{\"@id\":\"https:\\\/\\\/www.manitese.it\\\/en\\\/#\\\/schema\\\/person\\\/5a9774f17e4940e2510bfeba90f04f65\"},\"description\":\"Cambia il presente e riscrivi il futuro del pianeta: fai il servizio civile a Mani Tese!\",\"breadcrumb\":{\"@id\":\"https:\\\/\\\/www.manitese.it\\\/en\\\/e-uscito-il-bando-del-servizio-civile-universale-candidati-con-noi\\\/#breadcrumb\"},\"inLanguage\":\"en-US\",\"potentialAction\":[{\"@type\":\"ReadAction\",\"target\":[\"https:\\\/\\\/www.manitese.it\\\/en\\\/e-uscito-il-bando-del-servizio-civile-universale-candidati-con-noi\\\/\"]}]},{\"@type\":\"ImageObject\",\"inLanguage\":\"en-US\",\"@id\":\"https:\\\/\\\/www.manitese.it\\\/en\\\/e-uscito-il-bando-del-servizio-civile-universale-candidati-con-noi\\\/#primaryimage\",\"url\":\"https:\\\/\\\/www.manitese.it\\\/wp-content\\\/uploads\\\/2022\\\/12\\\/servizio-civile-2021-2022-mani-tese-1.jpg\",\"contentUrl\":\"https:\\\/\\\/www.manitese.it\\\/wp-content\\\/uploads\\\/2022\\\/12\\\/servizio-civile-2021-2022-mani-tese-1.jpg\",\"width\":1920,\"height\":800,\"caption\":\"Servizio Civile 2021 - 222\"},{\"@type\":\"BreadcrumbList\",\"@id\":\"https:\\\/\\\/www.manitese.it\\\/en\\\/e-uscito-il-bando-del-servizio-civile-universale-candidati-con-noi\\\/#breadcrumb\",\"itemListElement\":[{\"@type\":\"ListItem\",\"position\":1,\"name\":\"Home\",\"item\":\"https:\\\/\\\/www.manitese.it\\\/en\\\/\"},{\"@type\":\"ListItem\",\"position\":2,\"name\":\"\u00c8 uscito il bando del Servizio Civile Universale, candidati con noi!\"}]},{\"@type\":\"WebSite\",\"@id\":\"https:\\\/\\\/www.manitese.it\\\/en\\\/#website\",\"url\":\"https:\\\/\\\/www.manitese.it\\\/en\\\/\",\"name\":\"Mani Tese\",\"description\":\"\",\"potentialAction\":[{\"@type\":\"SearchAction\",\"target\":{\"@type\":\"EntryPoint\",\"urlTemplate\":\"https:\\\/\\\/www.manitese.it\\\/en\\\/?s={search_term_string}\"},\"query-input\":{\"@type\":\"PropertyValueSpecification\",\"valueRequired\":true,\"valueName\":\"search_term_string\"}}],\"inLanguage\":\"en-US\"},{\"@type\":\"Person\",\"@id\":\"https:\\\/\\\/www.manitese.it\\\/en\\\/#\\\/schema\\\/person\\\/5a9774f17e4940e2510bfeba90f04f65\",\"name\":\"agevis\",\"image\":{\"@type\":\"ImageObject\",\"inLanguage\":\"en-US\",\"@id\":\"https:\\\/\\\/secure.gravatar.com\\\/avatar\\\/2dc96c93fcf3387a5922a93b50fb3bff01d4800590fb6a4ab91a034adb25ba17?s=96&d=mm&r=g\",\"url\":\"https:\\\/\\\/secure.gravatar.com\\\/avatar\\\/2dc96c93fcf3387a5922a93b50fb3bff01d4800590fb6a4ab91a034adb25ba17?s=96&d=mm&r=g\",\"contentUrl\":\"https:\\\/\\\/secure.gravatar.com\\\/avatar\\\/2dc96c93fcf3387a5922a93b50fb3bff01d4800590fb6a4ab91a034adb25ba17?s=96&d=mm&r=g\",\"caption\":\"agevis\"},\"url\":\"https:\\\/\\\/www.manitese.it\\\/en\\\/author\\\/wp_agevis_admin\\\/\"}]}<\/script>\n<!-- \/ Yoast SEO plugin. -->","yoast_head_json":{"title":"\u00c8 uscito il bando del Servizio Civile Universale, candidati con noi! - Mani Tese","description":"Cambia il presente e riscrivi il futuro del pianeta: fai il servizio civile a Mani Tese!","robots":{"index":"index","follow":"follow","max-snippet":"max-snippet:-1","max-image-preview":"max-image-preview:large","max-video-preview":"max-video-preview:-1"},"canonical":"https:\/\/www.manitese.it\/en\/e-uscito-il-bando-del-servizio-civile-universale-candidati-con-noi\/","og_locale":"en_US","og_type":"article","og_title":"\u00c8 uscito il bando del Servizio Civile Universale, candidati con noi! - Mani Tese","og_description":"Cambia il presente e riscrivi il futuro del pianeta: fai il servizio civile a Mani Tese!","og_url":"https:\/\/www.manitese.it\/en\/e-uscito-il-bando-del-servizio-civile-universale-candidati-con-noi\/","og_site_name":"Mani Tese","article_published_time":"2022-12-20T10:11:30+00:00","article_modified_time":"2025-07-08T10:38:10+00:00","og_image":[{"width":1920,"height":800,"url":"https:\/\/www.manitese.it\/wp-content\/uploads\/2022\/12\/servizio-civile-2021-2022-mani-tese-1.jpg","type":"image\/jpeg"}],"author":"agevis","twitter_card":"summary_large_image","twitter_misc":{"Written by":"agevis"},"schema":{"@context":"https:\/\/schema.org","@graph":[{"@type":"Article","@id":"https:\/\/www.manitese.it\/en\/e-uscito-il-bando-del-servizio-civile-universale-candidati-con-noi\/#article","isPartOf":{"@id":"https:\/\/www.manitese.it\/en\/e-uscito-il-bando-del-servizio-civile-universale-candidati-con-noi\/"},"author":{"name":"agevis","@id":"https:\/\/www.manitese.it\/en\/#\/schema\/person\/5a9774f17e4940e2510bfeba90f04f65"},"headline":"\u00c8 uscito il bando del Servizio Civile Universale, candidati con noi!","datePublished":"2022-12-20T10:11:30+00:00","dateModified":"2025-07-08T10:38:10+00:00","mainEntityOfPage":{"@id":"https:\/\/www.manitese.it\/en\/e-uscito-il-bando-del-servizio-civile-universale-candidati-con-noi\/"},"wordCount":100,"commentCount":0,"image":{"@id":"https:\/\/www.manitese.it\/en\/e-uscito-il-bando-del-servizio-civile-universale-candidati-con-noi\/#primaryimage"},"thumbnailUrl":"https:\/\/www.manitese.it\/wp-content\/uploads\/2022\/12\/servizio-civile-2021-2022-mani-tese-1.jpg","keywords":["bando scv","SCV"],"articleSection":["News"],"inLanguage":"en-US","potentialAction":[{"@type":"CommentAction","name":"Comment","target":["https:\/\/www.manitese.it\/en\/e-uscito-il-bando-del-servizio-civile-universale-candidati-con-noi\/#respond"]}]},{"@type":"WebPage","@id":"https:\/\/www.manitese.it\/en\/e-uscito-il-bando-del-servizio-civile-universale-candidati-con-noi\/","url":"https:\/\/www.manitese.it\/en\/e-uscito-il-bando-del-servizio-civile-universale-candidati-con-noi\/","name":"\u00c8 uscito il bando del Servizio Civile Universale, candidati con noi! - Mani Tese","isPartOf":{"@id":"https:\/\/www.manitese.it\/en\/#website"},"primaryImageOfPage":{"@id":"https:\/\/www.manitese.it\/en\/e-uscito-il-bando-del-servizio-civile-universale-candidati-con-noi\/#primaryimage"},"image":{"@id":"https:\/\/www.manitese.it\/en\/e-uscito-il-bando-del-servizio-civile-universale-candidati-con-noi\/#primaryimage"},"thumbnailUrl":"https:\/\/www.manitese.it\/wp-content\/uploads\/2022\/12\/servizio-civile-2021-2022-mani-tese-1.jpg","datePublished":"2022-12-20T10:11:30+00:00","dateModified":"2025-07-08T10:38:10+00:00","author":{"@id":"https:\/\/www.manitese.it\/en\/#\/schema\/person\/5a9774f17e4940e2510bfeba90f04f65"},"description":"Cambia il presente e riscrivi il futuro del pianeta: fai il servizio civile a Mani Tese!","breadcrumb":{"@id":"https:\/\/www.manitese.it\/en\/e-uscito-il-bando-del-servizio-civile-universale-candidati-con-noi\/#breadcrumb"},"inLanguage":"en-US","potentialAction":[{"@type":"ReadAction","target":["https:\/\/www.manitese.it\/en\/e-uscito-il-bando-del-servizio-civile-universale-candidati-con-noi\/"]}]},{"@type":"ImageObject","inLanguage":"en-US","@id":"https:\/\/www.manitese.it\/en\/e-uscito-il-bando-del-servizio-civile-universale-candidati-con-noi\/#primaryimage","url":"https:\/\/www.manitese.it\/wp-content\/uploads\/2022\/12\/servizio-civile-2021-2022-mani-tese-1.jpg","contentUrl":"https:\/\/www.manitese.it\/wp-content\/uploads\/2022\/12\/servizio-civile-2021-2022-mani-tese-1.jpg","width":1920,"height":800,"caption":"Servizio Civile 2021 - 222"},{"@type":"BreadcrumbList","@id":"https:\/\/www.manitese.it\/en\/e-uscito-il-bando-del-servizio-civile-universale-candidati-con-noi\/#breadcrumb","itemListElement":[{"@type":"ListItem","position":1,"name":"Home","item":"https:\/\/www.manitese.it\/en\/"},{"@type":"ListItem","position":2,"name":"\u00c8 uscito il bando del Servizio Civile Universale, candidati con noi!"}]},{"@type":"WebSite","@id":"https:\/\/www.manitese.it\/en\/#website","url":"https:\/\/www.manitese.it\/en\/","name":"Mani Tese","description":"","potentialAction":[{"@type":"SearchAction","target":{"@type":"EntryPoint","urlTemplate":"https:\/\/www.manitese.it\/en\/?s={search_term_string}"},"query-input":{"@type":"PropertyValueSpecification","valueRequired":true,"valueName":"search_term_string"}}],"inLanguage":"en-US"},{"@type":"Person","@id":"https:\/\/www.manitese.it\/en\/#\/schema\/person\/5a9774f17e4940e2510bfeba90f04f65","name":"agevis","image":{"@type":"ImageObject","inLanguage":"en-US","@id":"https:\/\/secure.gravatar.com\/avatar\/2dc96c93fcf3387a5922a93b50fb3bff01d4800590fb6a4ab91a034adb25ba17?s=96&d=mm&r=g","url":"https:\/\/secure.gravatar.com\/avatar\/2dc96c93fcf3387a5922a93b50fb3bff01d4800590fb6a4ab91a034adb25ba17?s=96&d=mm&r=g","contentUrl":"https:\/\/secure.gravatar.com\/avatar\/2dc96c93fcf3387a5922a93b50fb3bff01d4800590fb6a4ab91a034adb25ba17?s=96&d=mm&r=g","caption":"agevis"},"url":"https:\/\/www.manitese.it\/en\/author\/wp_agevis_admin\/"}]}},"jetpack_featured_media_url":"https:\/\/www.manitese.it\/wp-content\/uploads\/2022\/12\/servizio-civile-2021-2022-mani-tese-1.jpg","jetpack_sharing_enabled":true,"_links":{"self":[{"href":"https:\/\/www.manitese.it\/en\/wp-json\/wp\/v2\/posts\/167645","targetHints":{"allow":["GET"]}}],"collection":[{"href":"https:\/\/www.manitese.it\/en\/wp-json\/wp\/v2\/posts"}],"about":[{"href":"https:\/\/www.manitese.it\/en\/wp-json\/wp\/v2\/types\/post"}],"author":[{"embeddable":true,"href":"https:\/\/www.manitese.it\/en\/wp-json\/wp\/v2\/users\/1"}],"replies":[{"embeddable":true,"href":"https:\/\/www.manitese.it\/en\/wp-json\/wp\/v2\/comments?post=167645"}],"version-history":[{"count":2,"href":"https:\/\/www.manitese.it\/en\/wp-json\/wp\/v2\/posts\/167645\/revisions"}],"predecessor-version":[{"id":177596,"href":"https:\/\/www.manitese.it\/en\/wp-json\/wp\/v2\/posts\/167645\/revisions\/177596"}],"wp:featuredmedia":[{"embeddable":true,"href":"https:\/\/www.manitese.it\/en\/wp-json\/wp\/v2\/media\/167647"}],"wp:attachment":[{"href":"https:\/\/www.manitese.it\/en\/wp-json\/wp\/v2\/media?parent=167645"}],"wp:term":[{"taxonomy":"category","embeddable":true,"href":"https:\/\/www.manitese.it\/en\/wp-json\/wp\/v2\/categories?post=167645"},{"taxonomy":"post_tag","embeddable":true,"href":"https:\/\/www.manitese.it\/en\/wp-json\/wp\/v2\/tags?post=167645"},{"taxonomy":"thematic_area","embeddable":true,"href":"https:\/\/www.manitese.it\/en\/wp-json\/wp\/v2\/thematic_area?post=167645"}],"curies":[{"name":"wp","href":"https:\/\/api.w.org\/{rel}","templated":true}]}}