{"id":167495,"date":"2022-12-18T17:34:58","date_gmt":"2022-12-18T16:34:58","guid":{"rendered":"https:\/\/manitese.it\/?p=167495"},"modified":"2023-11-30T11:52:56","modified_gmt":"2023-11-30T10:52:56","slug":"molto-piu-di-un-natale-a-scuola-2022","status":"publish","type":"post","link":"https:\/\/www.manitese.it\/en\/molto-piu-di-un-natale-a-scuola-2022\/","title":{"rendered":"Molto pi\u00f9 di un Natale a scuola 2022!"},"content":{"rendered":"\r\n<p class=\"has-large-font-size\"><strong>MOLTO PI\u00d9 DI UN NATALE A SCUOLA 2022!<\/strong><\/p>\r\n\r\n\r\n\r\n<p><strong>\u201cMolto pi\u00f9 di un Natale a Scuola\u201d<\/strong> \u00e8 una proposta di partecipazione ad un <strong>contest fotografico<\/strong> ideato per coinvolgere le<strong> scuole medie<\/strong> in un percorso di avvicinamento degli alunni e delle alunne al tema della <strong>solidariet\u00e0<\/strong>, della <strong>pace<\/strong> e della <strong>cooperazione internazionale<\/strong>.<br \/>Ogni alunno\/a ha scattato fotografie che ritraggano elementi che fanno pensare alla propria concezione di pace e solidariet\u00e0 fra le persone, in sintonia con la propria sensibilit\u00e0.<\/p>\r\n\r\n\r\n\r\n<p>Per Mani Tese la Pace non si costruisce con la Guerra, ma con la cultura del rispetto dell\u2019altro, con la cooperazione e con la promozione di stili di vita responsabili per l\u2019ambiente e per la giustizia. La Pace \u00e8 per tutti o non \u00e8 per nessuno e questo vale per tutte le guerre, dovunque scoppino, qualunque sia la loro forma e qualsiasi il nome che viene dato loro.<\/p>\r\n\r\n\r\n\r\n<p>Mani Tese lavora da tantissimi anni in Africa e in Burkina Faso contrasta guerra e terrorismo con il progetto <strong>\u201cSEMINA: SUPERARE L\u2019EMERGENZA INCENTIVANDO L\u2019AGRICOLTURA\u201d <\/strong>che ha l\u2019obiettivo di migliorare le condizioni di vita delle comunit\u00e0 locali, con particolare attenzione agli sfollati interni, in fuga a causa della presenza sempre pi\u00f9 frequente di gruppi radicali armati, che sta mettendo in pericolo la vita quotidiana delle persone.<\/p>\r\n\r\n\r\n\r\n<p>Le fotografie sono state valutate da una giuria interna di Mani Tese, tutti i partecipanti riceveranno un attestato di partecipazione ed i vincitori del concorso un gadget Mani Tese.<\/p>\r\n\r\n\r\n\r\n<p><strong>LA FOTO VINCITRICE PER LA CATEGORIA PRIMA MEDIA<\/strong><br \/><strong>UNITI NEL MONDO<\/strong> di Lara Fibbi, David Cucurazan, Paolo Filistrucchi, Armando Pezzano<br \/>Istituto Comprensivo \u201cLe Cure\u201d 1C &#8211; Firenze<\/p>\r\n\r\n\r\n<div class=\"wp-block-image is-style-default\">\r\n<figure class=\"aligncenter size-full\"><img decoding=\"async\" class=\"wp-image-167525\" src=\"https:\/\/manitese.it\/wp-content\/uploads\/2022\/12\/Uniti-nel-mondo_.jpg\" alt=\"\" \/>\r\n<figcaption><em>La nostra foto rappresenta l&#8217;unione e l&#8217;aiuto tra i continenti.<\/em><\/figcaption>\r\n<\/figure>\r\n<\/div>\r\n\r\n\r\n<p class=\"has-black-color has-text-color\"><strong>LA FOTO VINCITRICE PER LA CATEGORIA SECONDA MEDIA<\/strong><br \/><strong>LE FOGLIE DELLA DIVERSIT\u00c0<\/strong> di Clotilde Scarpato, Bianca Ciani, Vittoria Piacentini, Alessandro Pirri<br \/>Istituto Comprensivo \u201cLe Cure\u201d 2A &#8211; Firenze<\/p>\r\n\r\n\r\n<div class=\"wp-block-image\">\r\n<figure class=\"aligncenter size-full\"><img decoding=\"async\" class=\"wp-image-167514\" src=\"https:\/\/manitese.it\/wp-content\/uploads\/2022\/12\/Le-foglie-della-diversita.jpg\" alt=\"\" \/>\r\n<figcaption><em>Con la nostra foto abbiamo voluto rappresentare la solidariet\u00e0 tramite l\u2019unione e quindi la \u201cconsiderazione\u201d tra le foglie \u201cmeno belle\u201d o \u201csciupate\u201d con quelle che sembrano invece \u201cperfette\u201d che insieme formano il simbolo della pace: chiunque deve avere la possibilit\u00e0 di far parte di un gruppo e di venire accolto a prescindere da come \u00e8 esteriormente, perch\u00e9 a chiunque fa piacere sentirsi parte dell\u2019insieme.<\/em><\/figcaption>\r\n<\/figure>\r\n<\/div>\r\n\r\n\r\n<p><strong>LA FOTO VINCITRICE PER LA CATEGORIA TERZA MEDIA<\/strong><br \/><strong>LA DECADENZA DELL&#8217; INCOMPRESO<\/strong> di Arianna Federici Barcel\u00f2 e Sara Rapisarda<br \/>Istituto comprensivo \u201cMasaccio\u201d Classe 3E \u2013 Firenze<\/p>\r\n\r\n\r\n<div class=\"wp-block-image\">\r\n<figure class=\"aligncenter size-full\"><img decoding=\"async\" class=\"wp-image-167527\" src=\"https:\/\/manitese.it\/wp-content\/uploads\/2022\/12\/LA-DECADENZA-DELL-INCOMPRESO_.jpg\" alt=\"\" \/>\r\n<figcaption><em>La foto rappresenta un diritto \u00a0fondamentale, quello dell&#8217;istruzione. In molti paesi questa \u00e8 negata a causa\u00a0delle grandi guerre che costringono i \u00a0giovani all&#8217;impotenza. Ad essi \u00e8 stata privata ogni tipo di scolarizzazione. In\u00a0questa foto si illustra quindi che senza\u00a0PACE, quindi senza giustizia, tutti i diritti fondamentali di cui ha bisogno l&#8217; uomo per garantirsi il &#8216;benessere&#8217; sono assenti. Cos\u00ec vogliamo\u00a0diffondere un senso di cosmopolitismo e\u00a0pace.<\/em><\/figcaption>\r\n<\/figure>\r\n<\/div>\r\n\r\n\r\n<p>Grazie per la partecipazione e ci vediamo l\u2019anno prossimo con un nuovo progetto di solidariet\u00e0!<\/p>\r\n","protected":false},"excerpt":{"rendered":"<p>\u201cMolto pi\u00f9 di un Natale a Scuola\u201d \u00e8 una proposta di partecipazione ad un contest fotografico ideato per coinvolgere le scuole medie in un percorso di avvicinamento degli alunni e delle alunne al tema della solidariet\u00e0, della pace e della cooperazione internazionale.<\/p>\n","protected":false},"author":1,"featured_media":167522,"comment_status":"open","ping_status":"open","sticky":false,"template":"","format":"standard","meta":{"_acf_changed":false,"give_campaign_id":0,"inline_featured_image":false,"_jetpack_memberships_contains_paid_content":false,"footnotes":""},"categories":[24],"tags":[],"thematic_area":[905],"class_list":["post-167495","post","type-post","status-publish","format-standard","has-post-thumbnail","hentry","category-eventi","thematic_area-accesso-universale-al-cibo-e-allacqua"],"acf":[],"yoast_head":"<!-- This site is optimized with the Yoast SEO plugin v27.5 - https:\/\/yoast.com\/product\/yoast-seo-wordpress\/ -->\n<title>Molto pi\u00f9 di un Natale a scuola 2022! - Mani Tese<\/title>\n<meta name=\"description\" content=\"\u201cMolto pi\u00f9 di un Natale a Scuola\u201d \u00e8 una proposta di partecipazione ad un contest fotografico ideato per coinvolgere le scuole medie in un percorso di avvicinamento degli alunni e delle alunne al tema della solidariet\u00e0, della pace e della cooperazione internazionale.\" \/>\n<meta name=\"robots\" content=\"index, follow, max-snippet:-1, max-image-preview:large, max-video-preview:-1\" \/>\n<link rel=\"canonical\" href=\"https:\/\/www.manitese.it\/en\/molto-piu-di-un-natale-a-scuola-2022\/\" \/>\n<meta property=\"og:locale\" content=\"en_US\" \/>\n<meta property=\"og:type\" content=\"article\" \/>\n<meta property=\"og:title\" content=\"Molto pi\u00f9 di un Natale a scuola 2022! - Mani Tese\" \/>\n<meta property=\"og:description\" content=\"\u201cMolto pi\u00f9 di un Natale a Scuola\u201d \u00e8 una proposta di partecipazione ad un contest fotografico ideato per coinvolgere le scuole medie in un percorso di avvicinamento degli alunni e delle alunne al tema della solidariet\u00e0, della pace e della cooperazione internazionale.\" \/>\n<meta property=\"og:url\" content=\"https:\/\/www.manitese.it\/en\/molto-piu-di-un-natale-a-scuola-2022\/\" \/>\n<meta property=\"og:site_name\" content=\"Mani Tese\" \/>\n<meta property=\"article:published_time\" content=\"2022-12-18T16:34:58+00:00\" \/>\n<meta property=\"article:modified_time\" content=\"2023-11-30T10:52:56+00:00\" \/>\n<meta property=\"og:image\" content=\"https:\/\/www.manitese.it\/wp-content\/uploads\/2022\/12\/header-Molto-piu-di-un-Natale-a-scuola-1.jpg\" \/>\n\t<meta property=\"og:image:width\" content=\"1920\" \/>\n\t<meta property=\"og:image:height\" content=\"800\" \/>\n\t<meta property=\"og:image:type\" content=\"image\/jpeg\" \/>\n<meta name=\"author\" content=\"agevis\" \/>\n<meta name=\"twitter:card\" content=\"summary_large_image\" \/>\n<meta name=\"twitter:label1\" content=\"Written by\" \/>\n\t<meta name=\"twitter:data1\" content=\"agevis\" \/>\n\t<meta name=\"twitter:label2\" content=\"Est. reading time\" \/>\n\t<meta name=\"twitter:data2\" content=\"3 minutes\" \/>\n<script type=\"application\/ld+json\" class=\"yoast-schema-graph\">{\"@context\":\"https:\\\/\\\/schema.org\",\"@graph\":[{\"@type\":\"Article\",\"@id\":\"https:\\\/\\\/www.manitese.it\\\/en\\\/molto-piu-di-un-natale-a-scuola-2022\\\/#article\",\"isPartOf\":{\"@id\":\"https:\\\/\\\/www.manitese.it\\\/en\\\/molto-piu-di-un-natale-a-scuola-2022\\\/\"},\"author\":{\"name\":\"agevis\",\"@id\":\"https:\\\/\\\/www.manitese.it\\\/en\\\/#\\\/schema\\\/person\\\/5a9774f17e4940e2510bfeba90f04f65\"},\"headline\":\"Molto pi\u00f9 di un Natale a scuola 2022!\",\"datePublished\":\"2022-12-18T16:34:58+00:00\",\"dateModified\":\"2023-11-30T10:52:56+00:00\",\"mainEntityOfPage\":{\"@id\":\"https:\\\/\\\/www.manitese.it\\\/en\\\/molto-piu-di-un-natale-a-scuola-2022\\\/\"},\"wordCount\":488,\"commentCount\":0,\"image\":{\"@id\":\"https:\\\/\\\/www.manitese.it\\\/en\\\/molto-piu-di-un-natale-a-scuola-2022\\\/#primaryimage\"},\"thumbnailUrl\":\"https:\\\/\\\/www.manitese.it\\\/wp-content\\\/uploads\\\/2022\\\/12\\\/header-Molto-piu-di-un-Natale-a-scuola-1.jpg\",\"articleSection\":[\"Eventi\"],\"inLanguage\":\"en-US\",\"potentialAction\":[{\"@type\":\"CommentAction\",\"name\":\"Comment\",\"target\":[\"https:\\\/\\\/www.manitese.it\\\/en\\\/molto-piu-di-un-natale-a-scuola-2022\\\/#respond\"]}]},{\"@type\":\"WebPage\",\"@id\":\"https:\\\/\\\/www.manitese.it\\\/en\\\/molto-piu-di-un-natale-a-scuola-2022\\\/\",\"url\":\"https:\\\/\\\/www.manitese.it\\\/en\\\/molto-piu-di-un-natale-a-scuola-2022\\\/\",\"name\":\"Molto pi\u00f9 di un Natale a scuola 2022! - Mani Tese\",\"isPartOf\":{\"@id\":\"https:\\\/\\\/www.manitese.it\\\/en\\\/#website\"},\"primaryImageOfPage\":{\"@id\":\"https:\\\/\\\/www.manitese.it\\\/en\\\/molto-piu-di-un-natale-a-scuola-2022\\\/#primaryimage\"},\"image\":{\"@id\":\"https:\\\/\\\/www.manitese.it\\\/en\\\/molto-piu-di-un-natale-a-scuola-2022\\\/#primaryimage\"},\"thumbnailUrl\":\"https:\\\/\\\/www.manitese.it\\\/wp-content\\\/uploads\\\/2022\\\/12\\\/header-Molto-piu-di-un-Natale-a-scuola-1.jpg\",\"datePublished\":\"2022-12-18T16:34:58+00:00\",\"dateModified\":\"2023-11-30T10:52:56+00:00\",\"author\":{\"@id\":\"https:\\\/\\\/www.manitese.it\\\/en\\\/#\\\/schema\\\/person\\\/5a9774f17e4940e2510bfeba90f04f65\"},\"description\":\"\u201cMolto pi\u00f9 di un Natale a Scuola\u201d \u00e8 una proposta di partecipazione ad un contest fotografico ideato per coinvolgere le scuole medie in un percorso di avvicinamento degli alunni e delle alunne al tema della solidariet\u00e0, della pace e della cooperazione internazionale.\",\"breadcrumb\":{\"@id\":\"https:\\\/\\\/www.manitese.it\\\/en\\\/molto-piu-di-un-natale-a-scuola-2022\\\/#breadcrumb\"},\"inLanguage\":\"en-US\",\"potentialAction\":[{\"@type\":\"ReadAction\",\"target\":[\"https:\\\/\\\/www.manitese.it\\\/en\\\/molto-piu-di-un-natale-a-scuola-2022\\\/\"]}]},{\"@type\":\"ImageObject\",\"inLanguage\":\"en-US\",\"@id\":\"https:\\\/\\\/www.manitese.it\\\/en\\\/molto-piu-di-un-natale-a-scuola-2022\\\/#primaryimage\",\"url\":\"https:\\\/\\\/www.manitese.it\\\/wp-content\\\/uploads\\\/2022\\\/12\\\/header-Molto-piu-di-un-Natale-a-scuola-1.jpg\",\"contentUrl\":\"https:\\\/\\\/www.manitese.it\\\/wp-content\\\/uploads\\\/2022\\\/12\\\/header-Molto-piu-di-un-Natale-a-scuola-1.jpg\",\"width\":1920,\"height\":800},{\"@type\":\"BreadcrumbList\",\"@id\":\"https:\\\/\\\/www.manitese.it\\\/en\\\/molto-piu-di-un-natale-a-scuola-2022\\\/#breadcrumb\",\"itemListElement\":[{\"@type\":\"ListItem\",\"position\":1,\"name\":\"Home\",\"item\":\"https:\\\/\\\/www.manitese.it\\\/en\\\/\"},{\"@type\":\"ListItem\",\"position\":2,\"name\":\"Molto pi\u00f9 di un Natale a scuola 2022!\"}]},{\"@type\":\"WebSite\",\"@id\":\"https:\\\/\\\/www.manitese.it\\\/en\\\/#website\",\"url\":\"https:\\\/\\\/www.manitese.it\\\/en\\\/\",\"name\":\"Mani Tese\",\"description\":\"\",\"potentialAction\":[{\"@type\":\"SearchAction\",\"target\":{\"@type\":\"EntryPoint\",\"urlTemplate\":\"https:\\\/\\\/www.manitese.it\\\/en\\\/?s={search_term_string}\"},\"query-input\":{\"@type\":\"PropertyValueSpecification\",\"valueRequired\":true,\"valueName\":\"search_term_string\"}}],\"inLanguage\":\"en-US\"},{\"@type\":\"Person\",\"@id\":\"https:\\\/\\\/www.manitese.it\\\/en\\\/#\\\/schema\\\/person\\\/5a9774f17e4940e2510bfeba90f04f65\",\"name\":\"agevis\",\"image\":{\"@type\":\"ImageObject\",\"inLanguage\":\"en-US\",\"@id\":\"https:\\\/\\\/secure.gravatar.com\\\/avatar\\\/2dc96c93fcf3387a5922a93b50fb3bff01d4800590fb6a4ab91a034adb25ba17?s=96&d=mm&r=g\",\"url\":\"https:\\\/\\\/secure.gravatar.com\\\/avatar\\\/2dc96c93fcf3387a5922a93b50fb3bff01d4800590fb6a4ab91a034adb25ba17?s=96&d=mm&r=g\",\"contentUrl\":\"https:\\\/\\\/secure.gravatar.com\\\/avatar\\\/2dc96c93fcf3387a5922a93b50fb3bff01d4800590fb6a4ab91a034adb25ba17?s=96&d=mm&r=g\",\"caption\":\"agevis\"},\"url\":\"https:\\\/\\\/www.manitese.it\\\/en\\\/author\\\/wp_agevis_admin\\\/\"}]}<\/script>\n<!-- \/ Yoast SEO plugin. -->","yoast_head_json":{"title":"Molto pi\u00f9 di un Natale a scuola 2022! - Mani Tese","description":"\u201cMolto pi\u00f9 di un Natale a Scuola\u201d \u00e8 una proposta di partecipazione ad un contest fotografico ideato per coinvolgere le scuole medie in un percorso di avvicinamento degli alunni e delle alunne al tema della solidariet\u00e0, della pace e della cooperazione internazionale.","robots":{"index":"index","follow":"follow","max-snippet":"max-snippet:-1","max-image-preview":"max-image-preview:large","max-video-preview":"max-video-preview:-1"},"canonical":"https:\/\/www.manitese.it\/en\/molto-piu-di-un-natale-a-scuola-2022\/","og_locale":"en_US","og_type":"article","og_title":"Molto pi\u00f9 di un Natale a scuola 2022! - Mani Tese","og_description":"\u201cMolto pi\u00f9 di un Natale a Scuola\u201d \u00e8 una proposta di partecipazione ad un contest fotografico ideato per coinvolgere le scuole medie in un percorso di avvicinamento degli alunni e delle alunne al tema della solidariet\u00e0, della pace e della cooperazione internazionale.","og_url":"https:\/\/www.manitese.it\/en\/molto-piu-di-un-natale-a-scuola-2022\/","og_site_name":"Mani Tese","article_published_time":"2022-12-18T16:34:58+00:00","article_modified_time":"2023-11-30T10:52:56+00:00","og_image":[{"width":1920,"height":800,"url":"https:\/\/www.manitese.it\/wp-content\/uploads\/2022\/12\/header-Molto-piu-di-un-Natale-a-scuola-1.jpg","type":"image\/jpeg"}],"author":"agevis","twitter_card":"summary_large_image","twitter_misc":{"Written by":"agevis","Est. reading time":"3 minutes"},"schema":{"@context":"https:\/\/schema.org","@graph":[{"@type":"Article","@id":"https:\/\/www.manitese.it\/en\/molto-piu-di-un-natale-a-scuola-2022\/#article","isPartOf":{"@id":"https:\/\/www.manitese.it\/en\/molto-piu-di-un-natale-a-scuola-2022\/"},"author":{"name":"agevis","@id":"https:\/\/www.manitese.it\/en\/#\/schema\/person\/5a9774f17e4940e2510bfeba90f04f65"},"headline":"Molto pi\u00f9 di un Natale a scuola 2022!","datePublished":"2022-12-18T16:34:58+00:00","dateModified":"2023-11-30T10:52:56+00:00","mainEntityOfPage":{"@id":"https:\/\/www.manitese.it\/en\/molto-piu-di-un-natale-a-scuola-2022\/"},"wordCount":488,"commentCount":0,"image":{"@id":"https:\/\/www.manitese.it\/en\/molto-piu-di-un-natale-a-scuola-2022\/#primaryimage"},"thumbnailUrl":"https:\/\/www.manitese.it\/wp-content\/uploads\/2022\/12\/header-Molto-piu-di-un-Natale-a-scuola-1.jpg","articleSection":["Eventi"],"inLanguage":"en-US","potentialAction":[{"@type":"CommentAction","name":"Comment","target":["https:\/\/www.manitese.it\/en\/molto-piu-di-un-natale-a-scuola-2022\/#respond"]}]},{"@type":"WebPage","@id":"https:\/\/www.manitese.it\/en\/molto-piu-di-un-natale-a-scuola-2022\/","url":"https:\/\/www.manitese.it\/en\/molto-piu-di-un-natale-a-scuola-2022\/","name":"Molto pi\u00f9 di un Natale a scuola 2022! - Mani Tese","isPartOf":{"@id":"https:\/\/www.manitese.it\/en\/#website"},"primaryImageOfPage":{"@id":"https:\/\/www.manitese.it\/en\/molto-piu-di-un-natale-a-scuola-2022\/#primaryimage"},"image":{"@id":"https:\/\/www.manitese.it\/en\/molto-piu-di-un-natale-a-scuola-2022\/#primaryimage"},"thumbnailUrl":"https:\/\/www.manitese.it\/wp-content\/uploads\/2022\/12\/header-Molto-piu-di-un-Natale-a-scuola-1.jpg","datePublished":"2022-12-18T16:34:58+00:00","dateModified":"2023-11-30T10:52:56+00:00","author":{"@id":"https:\/\/www.manitese.it\/en\/#\/schema\/person\/5a9774f17e4940e2510bfeba90f04f65"},"description":"\u201cMolto pi\u00f9 di un Natale a Scuola\u201d \u00e8 una proposta di partecipazione ad un contest fotografico ideato per coinvolgere le scuole medie in un percorso di avvicinamento degli alunni e delle alunne al tema della solidariet\u00e0, della pace e della cooperazione internazionale.","breadcrumb":{"@id":"https:\/\/www.manitese.it\/en\/molto-piu-di-un-natale-a-scuola-2022\/#breadcrumb"},"inLanguage":"en-US","potentialAction":[{"@type":"ReadAction","target":["https:\/\/www.manitese.it\/en\/molto-piu-di-un-natale-a-scuola-2022\/"]}]},{"@type":"ImageObject","inLanguage":"en-US","@id":"https:\/\/www.manitese.it\/en\/molto-piu-di-un-natale-a-scuola-2022\/#primaryimage","url":"https:\/\/www.manitese.it\/wp-content\/uploads\/2022\/12\/header-Molto-piu-di-un-Natale-a-scuola-1.jpg","contentUrl":"https:\/\/www.manitese.it\/wp-content\/uploads\/2022\/12\/header-Molto-piu-di-un-Natale-a-scuola-1.jpg","width":1920,"height":800},{"@type":"BreadcrumbList","@id":"https:\/\/www.manitese.it\/en\/molto-piu-di-un-natale-a-scuola-2022\/#breadcrumb","itemListElement":[{"@type":"ListItem","position":1,"name":"Home","item":"https:\/\/www.manitese.it\/en\/"},{"@type":"ListItem","position":2,"name":"Molto pi\u00f9 di un Natale a scuola 2022!"}]},{"@type":"WebSite","@id":"https:\/\/www.manitese.it\/en\/#website","url":"https:\/\/www.manitese.it\/en\/","name":"Mani Tese","description":"","potentialAction":[{"@type":"SearchAction","target":{"@type":"EntryPoint","urlTemplate":"https:\/\/www.manitese.it\/en\/?s={search_term_string}"},"query-input":{"@type":"PropertyValueSpecification","valueRequired":true,"valueName":"search_term_string"}}],"inLanguage":"en-US"},{"@type":"Person","@id":"https:\/\/www.manitese.it\/en\/#\/schema\/person\/5a9774f17e4940e2510bfeba90f04f65","name":"agevis","image":{"@type":"ImageObject","inLanguage":"en-US","@id":"https:\/\/secure.gravatar.com\/avatar\/2dc96c93fcf3387a5922a93b50fb3bff01d4800590fb6a4ab91a034adb25ba17?s=96&d=mm&r=g","url":"https:\/\/secure.gravatar.com\/avatar\/2dc96c93fcf3387a5922a93b50fb3bff01d4800590fb6a4ab91a034adb25ba17?s=96&d=mm&r=g","contentUrl":"https:\/\/secure.gravatar.com\/avatar\/2dc96c93fcf3387a5922a93b50fb3bff01d4800590fb6a4ab91a034adb25ba17?s=96&d=mm&r=g","caption":"agevis"},"url":"https:\/\/www.manitese.it\/en\/author\/wp_agevis_admin\/"}]}},"jetpack_featured_media_url":"https:\/\/www.manitese.it\/wp-content\/uploads\/2022\/12\/header-Molto-piu-di-un-Natale-a-scuola-1.jpg","jetpack_sharing_enabled":true,"_links":{"self":[{"href":"https:\/\/www.manitese.it\/en\/wp-json\/wp\/v2\/posts\/167495","targetHints":{"allow":["GET"]}}],"collection":[{"href":"https:\/\/www.manitese.it\/en\/wp-json\/wp\/v2\/posts"}],"about":[{"href":"https:\/\/www.manitese.it\/en\/wp-json\/wp\/v2\/types\/post"}],"author":[{"embeddable":true,"href":"https:\/\/www.manitese.it\/en\/wp-json\/wp\/v2\/users\/1"}],"replies":[{"embeddable":true,"href":"https:\/\/www.manitese.it\/en\/wp-json\/wp\/v2\/comments?post=167495"}],"version-history":[{"count":3,"href":"https:\/\/www.manitese.it\/en\/wp-json\/wp\/v2\/posts\/167495\/revisions"}],"predecessor-version":[{"id":191670,"href":"https:\/\/www.manitese.it\/en\/wp-json\/wp\/v2\/posts\/167495\/revisions\/191670"}],"wp:featuredmedia":[{"embeddable":true,"href":"https:\/\/www.manitese.it\/en\/wp-json\/wp\/v2\/media\/167522"}],"wp:attachment":[{"href":"https:\/\/www.manitese.it\/en\/wp-json\/wp\/v2\/media?parent=167495"}],"wp:term":[{"taxonomy":"category","embeddable":true,"href":"https:\/\/www.manitese.it\/en\/wp-json\/wp\/v2\/categories?post=167495"},{"taxonomy":"post_tag","embeddable":true,"href":"https:\/\/www.manitese.it\/en\/wp-json\/wp\/v2\/tags?post=167495"},{"taxonomy":"thematic_area","embeddable":true,"href":"https:\/\/www.manitese.it\/en\/wp-json\/wp\/v2\/thematic_area?post=167495"}],"curies":[{"name":"wp","href":"https:\/\/api.w.org\/{rel}","templated":true}]}}