{"id":167449,"date":"2022-12-19T11:07:29","date_gmt":"2022-12-19T10:07:29","guid":{"rendered":"https:\/\/manitese.it\/?p=167449"},"modified":"2023-07-20T19:33:02","modified_gmt":"2023-07-20T17:33:02","slug":"sognare-limpossibile-con-una-sartoria-sociale","status":"publish","type":"post","link":"https:\/\/www.manitese.it\/en\/sognare-limpossibile-con-una-sartoria-sociale\/","title":{"rendered":"Sognare l\u2019impossibile con una sartoria sociale"},"content":{"rendered":"\n<p><em>Di Gaia Barbieri, Volontaria di Mani Tese Finale Emilia<\/em><\/p>\n\n\n\n<p>L\u2019Associazione Mani Tese di Finale Emilia ha avviato, da oltre 2 anni, una sartoria sociale che esprime un\u2019economia circolare, inclusiva e d\u2019integrazione a tutto tondo. \u201cManiGOLDe\u201d nasce per tante ragioni:<br>dall\u2019accumulo di abiti e accessori nel magazzino di Finale Emilia, dalla la necessit\u00e0 di leggere e accogliere i bisogni della nostra comunit\u00e0, da vent\u2019anni di impegno associativo per generare beni e condivisioni\u2026 Oggi \u201cManiGOLDe\u201d accoglie oltre 30 volontarie, 4 inserimenti di donne con diverse fragilit\u00e0 (psichiatriche, sociali, disabilit\u00e0) con tirocini formativi regionali e una figura professionale di educatore. L\u2019idea alla base del progetto di sartoria sociale \u201cManiGOLDe\u201d \u00e8 stata quella di utilizzare i materiali usati e di scarto per<br>produrre capi di abbigliamento \u201cnuovi\u201d e realizzare azioni di inclusione socio-lavorativa per persone vulnerabili. \u201cLavoriamo per le nuove vite e possibilit\u00e0 di persone e cose; guardiamo gli scarti come risorse e diamo valore alle loro profonde ricchezze e significati; crediamo nelle nuove opportunit\u00e0 e ci \u2018ricuciamo\u2019 in uno spazio che \u00e8 anche luogo per l\u2019ascolto e la speranza\u201d dice il nostro manifesto. Il progetto parte a novembre 2019. Grazie alla donazione di Mantovani Benne, possiamo acquistare le macchine  professionali. Poche settimane dopo, per\u00f2, tutto si chiude: inizia la pandemia e il lockdown e, per tenere \u201cacceso\u201d questo progetto, ci si incontra al massimo in video. La sartoria \u00e8 pronta ma ci si scoraggia e si<br>pensa di fermarsi. Due per\u00f2 sono le Fondazioni che credono in noi e che appoggiano non solo economicamente il progetto: la Fondazione Cattolica Assicurazioni, che d\u00e0 la spinta importante iniziale, e la Fondazione Cassa di Risparmio di Mirandola, che ci supporta nell\u2019acquisto dei macchinari.<br>Per abitare questo tempo sospeso e di emergenza, decidiamo di confezionare e recuperare mascherine, incontrandoci distanziate e per pochi minuti, e recuperiamo cos\u00ec la carica di pensare e progettare.<\/p>\n\n\n<div class=\"wp-block-image\">\n<figure class=\"aligncenter size-large\"><img decoding=\"async\" src=\"https:\/\/manitese.it\/wp-content\/uploads\/2022\/12\/prima-scelta_antonio-mantovani-1024x683.jpg\" alt=\"\" class=\"wp-image-167454\"\/><figcaption>\u00a9Antonio Mantovani<\/figcaption><\/figure>\n<\/div>\n\n\n<p>Appena possibile, inauguriamo lo spazio vendita nella sede. Ricominciamo a cucire e a costruire insieme. Mani Tese Padova ci mette in contatto con una merceria di Trento che ci dona tutti i mobili e i materiali: un patrimonio inestimabile. La proprietaria, Rita Postal, ci trasmette la sua vita, la sua passione per la moda, l\u2019aggiustare, la dedizione a un lavoro di mani e creativit\u00e0. Tutto arriva a Finale Emilia e ogni angolo di Mani Tese straripa di bottoni, gancetti, stoffe, colori e pizzi. Impariamo cos\u2019\u00e8 il gos grain, il tombolo, il merletto. E decidiamo di sfidare l\u2019impossibile: apriamo un temporary store a Finale Emilia che, dopo 6 mesi di prova, sta proseguendo con successo la sua avventura. Con Mani Tese ONG otteniamo un finanziamento dalla Cassa di Risparmio di Modena e nasce il gemellaggio con un progetto di cooperazione in Guinea-Bissau che unisce le donne vittime di violenza alle \u201cManiGOLDe\u201d. Durante collegamenti online molto emozionanti, ci scambiamo tutorial, segreti e vite. Attiva da anni, si sviluppa poi con pi\u00f9 intensit\u00e0 la collaborazione con i servizi sociali dell\u2019Unione comuni Area Nord, con il tribunale dei Minori e con l\u2019Ufficio Esecuzione Penale esterna di Modena per accogliere diverse persone in percorsi finalizzati all\u2019inserimento lavorativo e sociale. Con il progetto legato alla sartoria ci si spinge oltre all\u2019aspetto puramente assistenziale e d\u2019integrazione: lo scopo \u00e8 quello di promuovere un insieme di pratiche che coniughino l\u2019aspetto pratico del recupero creativo con un programma di sviluppo orientato a trasferire competenze, etica del lavoro, sensibilit\u00e0 ambientale e cultura della solidariet\u00e0. Quello che \u201cManiGOLDe\u201d offre \u00e8 quindi un\u2019opportunit\u00e0 di crescita professionale che diventa dignit\u00e0.<\/p>\n\n\n<div class=\"wp-block-image\">\n<figure class=\"aligncenter size-full\"><img decoding=\"async\" src=\"https:\/\/manitese.it\/wp-content\/uploads\/2022\/12\/seconda-scelta_antonio-mantovani-3-1.jpg\" alt=\"\" class=\"wp-image-167473\"\/><figcaption>\u00a9Antonio Mantovani<\/figcaption><\/figure>\n<\/div>\n\n\n<p>Nel passato recente dell\u2019avventura di \u201cManiGOLDe\u201d c\u2019\u00e8 anche la relazione con il gruppo dei ragazzi con disabilit\u00e0 dell\u2019Istituto Calvi di Finale Emilia per un\u2019esperienza educativa e formativa molto importante.<br>Ogni mercoled\u00ec, per molti mesi, i ragazzi accompagnati dai loro educatori hanno frequentato la nostra sede, collaborando attivamente con i volontari dell\u2019emporio solidale e della sartoria sociale.<br>Possiamo certamente dire che \u201cManiGOLDe\u201d oggi \u00e8 molto pi\u00f9 di una sartoria sociale. \u00c8 un laboratorio concreto e quotidiano per la sostenibilit\u00e0 ambientale, sociale ed economica; un network territoriale che unisce sinergie gi\u00e0 esistenti sviluppando ambiti imprenditoriali innovativi; un modo per dare e ridare il giusto valore all\u2019uso consapevole delle risorse e all\u2019ambiente che ci circonda; un mezzo per professionalizzare le competenze sartoriali di persone che, per diverse ragioni, hanno difficolt\u00e0 a inserirsi nel mondo del lavoro; uno spazio di relazioni e incontri significativi dove trovare e sperimentare i significati profondi della cura del Bene e dell\u2019Altro, facendo economia.<br>Oggi \u201cManiGOLDe\u201d produce sartoria di qualit\u00e0 e di alto valore ambientale e sociale. Al tempo stesso \u00e8 spazio che accoglie le persone nei propri percorsi di disagio e difficolt\u00e0 attraverso una visione che valorizza le loro competenze e il loro vissuto e restituisce dignit\u00e0 attraverso l\u2019inclusione e il lavoro.<br>Perch\u00e9 l\u2019impossibile, a volte, \u00e8 possibile. <\/p>\n\n\n<div class=\"wp-block-image\">\n<figure class=\"aligncenter size-large\"><img decoding=\"async\" src=\"https:\/\/manitese.it\/wp-content\/uploads\/2022\/12\/2-683x1024.jpg\" alt=\"\" class=\"wp-image-167458\"\/><figcaption>\u00a9Antonio Mantovani<\/figcaption><\/figure>\n<\/div>\n\n\n<p><em>Articolo pubblicato nel numero di dicembre 2022 del Giornale di Mani Tese<\/em>: <a rel=\"noreferrer noopener\" href=\"https:\/\/manitese.it\/wp-content\/uploads\/2022\/12\/Giornale-MT-Dicembre-2022.pdf\" target=\"_blank\"><strong><em>LINK<\/em><\/strong><\/a><\/p>\n","protected":false},"excerpt":{"rendered":"<p>Il progetto \u201cManiGOLDe\u201d<br \/>\ncoinvolge le donne donando<br \/>\nnuova vita a cose e persone<\/p>\n","protected":false},"author":1,"featured_media":167462,"comment_status":"open","ping_status":"open","sticky":false,"template":"","format":"standard","meta":{"_acf_changed":false,"give_campaign_id":0,"inline_featured_image":false,"_jetpack_memberships_contains_paid_content":false,"footnotes":""},"categories":[12],"tags":[45,95],"thematic_area":[],"class_list":["post-167449","post","type-post","status-publish","format-standard","has-post-thumbnail","hentry","category-il-nostro-giornale","tag-giornale-mt","tag-manigolde"],"acf":[],"yoast_head":"<!-- This site is optimized with the Yoast SEO plugin v27.5 - https:\/\/yoast.com\/product\/yoast-seo-wordpress\/ -->\n<title>Sognare l\u2019impossibile con una sartoria sociale - Mani Tese<\/title>\n<meta name=\"robots\" content=\"index, follow, max-snippet:-1, max-image-preview:large, max-video-preview:-1\" \/>\n<link rel=\"canonical\" href=\"https:\/\/www.manitese.it\/en\/sognare-limpossibile-con-una-sartoria-sociale\/\" \/>\n<meta property=\"og:locale\" content=\"en_US\" \/>\n<meta property=\"og:type\" content=\"article\" \/>\n<meta property=\"og:title\" content=\"Sognare l\u2019impossibile con una sartoria sociale - Mani Tese\" \/>\n<meta property=\"og:description\" content=\"Il progetto \u201cManiGOLDe\u201d coinvolge le donne donando nuova vita a cose e persone\" \/>\n<meta property=\"og:url\" content=\"https:\/\/www.manitese.it\/en\/sognare-limpossibile-con-una-sartoria-sociale\/\" \/>\n<meta property=\"og:site_name\" content=\"Mani Tese\" \/>\n<meta property=\"article:published_time\" content=\"2022-12-19T10:07:29+00:00\" \/>\n<meta property=\"article:modified_time\" content=\"2023-07-20T17:33:02+00:00\" \/>\n<meta property=\"og:image\" content=\"https:\/\/www.manitese.it\/wp-content\/uploads\/2022\/12\/header-rid-7-1.jpg\" \/>\n\t<meta property=\"og:image:width\" content=\"1919\" \/>\n\t<meta property=\"og:image:height\" content=\"805\" \/>\n\t<meta property=\"og:image:type\" content=\"image\/jpeg\" \/>\n<meta name=\"author\" content=\"agevis\" \/>\n<meta name=\"twitter:card\" content=\"summary_large_image\" \/>\n<meta name=\"twitter:label1\" content=\"Written by\" \/>\n\t<meta name=\"twitter:data1\" content=\"agevis\" \/>\n\t<meta name=\"twitter:label2\" content=\"Est. reading time\" \/>\n\t<meta name=\"twitter:data2\" content=\"4 minutes\" \/>\n<script type=\"application\/ld+json\" class=\"yoast-schema-graph\">{\"@context\":\"https:\\\/\\\/schema.org\",\"@graph\":[{\"@type\":\"Article\",\"@id\":\"https:\\\/\\\/www.manitese.it\\\/en\\\/sognare-limpossibile-con-una-sartoria-sociale\\\/#article\",\"isPartOf\":{\"@id\":\"https:\\\/\\\/www.manitese.it\\\/en\\\/sognare-limpossibile-con-una-sartoria-sociale\\\/\"},\"author\":{\"name\":\"agevis\",\"@id\":\"https:\\\/\\\/www.manitese.it\\\/en\\\/#\\\/schema\\\/person\\\/5a9774f17e4940e2510bfeba90f04f65\"},\"headline\":\"Sognare l\u2019impossibile con una sartoria sociale\",\"datePublished\":\"2022-12-19T10:07:29+00:00\",\"dateModified\":\"2023-07-20T17:33:02+00:00\",\"mainEntityOfPage\":{\"@id\":\"https:\\\/\\\/www.manitese.it\\\/en\\\/sognare-limpossibile-con-una-sartoria-sociale\\\/\"},\"wordCount\":818,\"commentCount\":0,\"image\":{\"@id\":\"https:\\\/\\\/www.manitese.it\\\/en\\\/sognare-limpossibile-con-una-sartoria-sociale\\\/#primaryimage\"},\"thumbnailUrl\":\"https:\\\/\\\/www.manitese.it\\\/wp-content\\\/uploads\\\/2022\\\/12\\\/header-rid-7-1.jpg\",\"keywords\":[\"giornale mt\",\"manigolde\"],\"articleSection\":[\"Il nostro giornale\"],\"inLanguage\":\"en-US\",\"potentialAction\":[{\"@type\":\"CommentAction\",\"name\":\"Comment\",\"target\":[\"https:\\\/\\\/www.manitese.it\\\/en\\\/sognare-limpossibile-con-una-sartoria-sociale\\\/#respond\"]}]},{\"@type\":\"WebPage\",\"@id\":\"https:\\\/\\\/www.manitese.it\\\/en\\\/sognare-limpossibile-con-una-sartoria-sociale\\\/\",\"url\":\"https:\\\/\\\/www.manitese.it\\\/en\\\/sognare-limpossibile-con-una-sartoria-sociale\\\/\",\"name\":\"Sognare l\u2019impossibile con una sartoria sociale - Mani Tese\",\"isPartOf\":{\"@id\":\"https:\\\/\\\/www.manitese.it\\\/en\\\/#website\"},\"primaryImageOfPage\":{\"@id\":\"https:\\\/\\\/www.manitese.it\\\/en\\\/sognare-limpossibile-con-una-sartoria-sociale\\\/#primaryimage\"},\"image\":{\"@id\":\"https:\\\/\\\/www.manitese.it\\\/en\\\/sognare-limpossibile-con-una-sartoria-sociale\\\/#primaryimage\"},\"thumbnailUrl\":\"https:\\\/\\\/www.manitese.it\\\/wp-content\\\/uploads\\\/2022\\\/12\\\/header-rid-7-1.jpg\",\"datePublished\":\"2022-12-19T10:07:29+00:00\",\"dateModified\":\"2023-07-20T17:33:02+00:00\",\"author\":{\"@id\":\"https:\\\/\\\/www.manitese.it\\\/en\\\/#\\\/schema\\\/person\\\/5a9774f17e4940e2510bfeba90f04f65\"},\"breadcrumb\":{\"@id\":\"https:\\\/\\\/www.manitese.it\\\/en\\\/sognare-limpossibile-con-una-sartoria-sociale\\\/#breadcrumb\"},\"inLanguage\":\"en-US\",\"potentialAction\":[{\"@type\":\"ReadAction\",\"target\":[\"https:\\\/\\\/www.manitese.it\\\/en\\\/sognare-limpossibile-con-una-sartoria-sociale\\\/\"]}]},{\"@type\":\"ImageObject\",\"inLanguage\":\"en-US\",\"@id\":\"https:\\\/\\\/www.manitese.it\\\/en\\\/sognare-limpossibile-con-una-sartoria-sociale\\\/#primaryimage\",\"url\":\"https:\\\/\\\/www.manitese.it\\\/wp-content\\\/uploads\\\/2022\\\/12\\\/header-rid-7-1.jpg\",\"contentUrl\":\"https:\\\/\\\/www.manitese.it\\\/wp-content\\\/uploads\\\/2022\\\/12\\\/header-rid-7-1.jpg\",\"width\":1919,\"height\":805},{\"@type\":\"BreadcrumbList\",\"@id\":\"https:\\\/\\\/www.manitese.it\\\/en\\\/sognare-limpossibile-con-una-sartoria-sociale\\\/#breadcrumb\",\"itemListElement\":[{\"@type\":\"ListItem\",\"position\":1,\"name\":\"Home\",\"item\":\"https:\\\/\\\/www.manitese.it\\\/en\\\/\"},{\"@type\":\"ListItem\",\"position\":2,\"name\":\"Sognare l\u2019impossibile con una sartoria sociale\"}]},{\"@type\":\"WebSite\",\"@id\":\"https:\\\/\\\/www.manitese.it\\\/en\\\/#website\",\"url\":\"https:\\\/\\\/www.manitese.it\\\/en\\\/\",\"name\":\"Mani Tese\",\"description\":\"\",\"potentialAction\":[{\"@type\":\"SearchAction\",\"target\":{\"@type\":\"EntryPoint\",\"urlTemplate\":\"https:\\\/\\\/www.manitese.it\\\/en\\\/?s={search_term_string}\"},\"query-input\":{\"@type\":\"PropertyValueSpecification\",\"valueRequired\":true,\"valueName\":\"search_term_string\"}}],\"inLanguage\":\"en-US\"},{\"@type\":\"Person\",\"@id\":\"https:\\\/\\\/www.manitese.it\\\/en\\\/#\\\/schema\\\/person\\\/5a9774f17e4940e2510bfeba90f04f65\",\"name\":\"agevis\",\"image\":{\"@type\":\"ImageObject\",\"inLanguage\":\"en-US\",\"@id\":\"https:\\\/\\\/secure.gravatar.com\\\/avatar\\\/2dc96c93fcf3387a5922a93b50fb3bff01d4800590fb6a4ab91a034adb25ba17?s=96&d=mm&r=g\",\"url\":\"https:\\\/\\\/secure.gravatar.com\\\/avatar\\\/2dc96c93fcf3387a5922a93b50fb3bff01d4800590fb6a4ab91a034adb25ba17?s=96&d=mm&r=g\",\"contentUrl\":\"https:\\\/\\\/secure.gravatar.com\\\/avatar\\\/2dc96c93fcf3387a5922a93b50fb3bff01d4800590fb6a4ab91a034adb25ba17?s=96&d=mm&r=g\",\"caption\":\"agevis\"},\"url\":\"https:\\\/\\\/www.manitese.it\\\/en\\\/author\\\/wp_agevis_admin\\\/\"}]}<\/script>\n<!-- \/ Yoast SEO plugin. -->","yoast_head_json":{"title":"Sognare l\u2019impossibile con una sartoria sociale - Mani Tese","robots":{"index":"index","follow":"follow","max-snippet":"max-snippet:-1","max-image-preview":"max-image-preview:large","max-video-preview":"max-video-preview:-1"},"canonical":"https:\/\/www.manitese.it\/en\/sognare-limpossibile-con-una-sartoria-sociale\/","og_locale":"en_US","og_type":"article","og_title":"Sognare l\u2019impossibile con una sartoria sociale - Mani Tese","og_description":"Il progetto \u201cManiGOLDe\u201d coinvolge le donne donando nuova vita a cose e persone","og_url":"https:\/\/www.manitese.it\/en\/sognare-limpossibile-con-una-sartoria-sociale\/","og_site_name":"Mani Tese","article_published_time":"2022-12-19T10:07:29+00:00","article_modified_time":"2023-07-20T17:33:02+00:00","og_image":[{"width":1919,"height":805,"url":"https:\/\/www.manitese.it\/wp-content\/uploads\/2022\/12\/header-rid-7-1.jpg","type":"image\/jpeg"}],"author":"agevis","twitter_card":"summary_large_image","twitter_misc":{"Written by":"agevis","Est. reading time":"4 minutes"},"schema":{"@context":"https:\/\/schema.org","@graph":[{"@type":"Article","@id":"https:\/\/www.manitese.it\/en\/sognare-limpossibile-con-una-sartoria-sociale\/#article","isPartOf":{"@id":"https:\/\/www.manitese.it\/en\/sognare-limpossibile-con-una-sartoria-sociale\/"},"author":{"name":"agevis","@id":"https:\/\/www.manitese.it\/en\/#\/schema\/person\/5a9774f17e4940e2510bfeba90f04f65"},"headline":"Sognare l\u2019impossibile con una sartoria sociale","datePublished":"2022-12-19T10:07:29+00:00","dateModified":"2023-07-20T17:33:02+00:00","mainEntityOfPage":{"@id":"https:\/\/www.manitese.it\/en\/sognare-limpossibile-con-una-sartoria-sociale\/"},"wordCount":818,"commentCount":0,"image":{"@id":"https:\/\/www.manitese.it\/en\/sognare-limpossibile-con-una-sartoria-sociale\/#primaryimage"},"thumbnailUrl":"https:\/\/www.manitese.it\/wp-content\/uploads\/2022\/12\/header-rid-7-1.jpg","keywords":["giornale mt","manigolde"],"articleSection":["Il nostro giornale"],"inLanguage":"en-US","potentialAction":[{"@type":"CommentAction","name":"Comment","target":["https:\/\/www.manitese.it\/en\/sognare-limpossibile-con-una-sartoria-sociale\/#respond"]}]},{"@type":"WebPage","@id":"https:\/\/www.manitese.it\/en\/sognare-limpossibile-con-una-sartoria-sociale\/","url":"https:\/\/www.manitese.it\/en\/sognare-limpossibile-con-una-sartoria-sociale\/","name":"Sognare l\u2019impossibile con una sartoria sociale - Mani Tese","isPartOf":{"@id":"https:\/\/www.manitese.it\/en\/#website"},"primaryImageOfPage":{"@id":"https:\/\/www.manitese.it\/en\/sognare-limpossibile-con-una-sartoria-sociale\/#primaryimage"},"image":{"@id":"https:\/\/www.manitese.it\/en\/sognare-limpossibile-con-una-sartoria-sociale\/#primaryimage"},"thumbnailUrl":"https:\/\/www.manitese.it\/wp-content\/uploads\/2022\/12\/header-rid-7-1.jpg","datePublished":"2022-12-19T10:07:29+00:00","dateModified":"2023-07-20T17:33:02+00:00","author":{"@id":"https:\/\/www.manitese.it\/en\/#\/schema\/person\/5a9774f17e4940e2510bfeba90f04f65"},"breadcrumb":{"@id":"https:\/\/www.manitese.it\/en\/sognare-limpossibile-con-una-sartoria-sociale\/#breadcrumb"},"inLanguage":"en-US","potentialAction":[{"@type":"ReadAction","target":["https:\/\/www.manitese.it\/en\/sognare-limpossibile-con-una-sartoria-sociale\/"]}]},{"@type":"ImageObject","inLanguage":"en-US","@id":"https:\/\/www.manitese.it\/en\/sognare-limpossibile-con-una-sartoria-sociale\/#primaryimage","url":"https:\/\/www.manitese.it\/wp-content\/uploads\/2022\/12\/header-rid-7-1.jpg","contentUrl":"https:\/\/www.manitese.it\/wp-content\/uploads\/2022\/12\/header-rid-7-1.jpg","width":1919,"height":805},{"@type":"BreadcrumbList","@id":"https:\/\/www.manitese.it\/en\/sognare-limpossibile-con-una-sartoria-sociale\/#breadcrumb","itemListElement":[{"@type":"ListItem","position":1,"name":"Home","item":"https:\/\/www.manitese.it\/en\/"},{"@type":"ListItem","position":2,"name":"Sognare l\u2019impossibile con una sartoria sociale"}]},{"@type":"WebSite","@id":"https:\/\/www.manitese.it\/en\/#website","url":"https:\/\/www.manitese.it\/en\/","name":"Mani Tese","description":"","potentialAction":[{"@type":"SearchAction","target":{"@type":"EntryPoint","urlTemplate":"https:\/\/www.manitese.it\/en\/?s={search_term_string}"},"query-input":{"@type":"PropertyValueSpecification","valueRequired":true,"valueName":"search_term_string"}}],"inLanguage":"en-US"},{"@type":"Person","@id":"https:\/\/www.manitese.it\/en\/#\/schema\/person\/5a9774f17e4940e2510bfeba90f04f65","name":"agevis","image":{"@type":"ImageObject","inLanguage":"en-US","@id":"https:\/\/secure.gravatar.com\/avatar\/2dc96c93fcf3387a5922a93b50fb3bff01d4800590fb6a4ab91a034adb25ba17?s=96&d=mm&r=g","url":"https:\/\/secure.gravatar.com\/avatar\/2dc96c93fcf3387a5922a93b50fb3bff01d4800590fb6a4ab91a034adb25ba17?s=96&d=mm&r=g","contentUrl":"https:\/\/secure.gravatar.com\/avatar\/2dc96c93fcf3387a5922a93b50fb3bff01d4800590fb6a4ab91a034adb25ba17?s=96&d=mm&r=g","caption":"agevis"},"url":"https:\/\/www.manitese.it\/en\/author\/wp_agevis_admin\/"}]}},"jetpack_featured_media_url":"https:\/\/www.manitese.it\/wp-content\/uploads\/2022\/12\/header-rid-7-1.jpg","jetpack_sharing_enabled":true,"_links":{"self":[{"href":"https:\/\/www.manitese.it\/en\/wp-json\/wp\/v2\/posts\/167449","targetHints":{"allow":["GET"]}}],"collection":[{"href":"https:\/\/www.manitese.it\/en\/wp-json\/wp\/v2\/posts"}],"about":[{"href":"https:\/\/www.manitese.it\/en\/wp-json\/wp\/v2\/types\/post"}],"author":[{"embeddable":true,"href":"https:\/\/www.manitese.it\/en\/wp-json\/wp\/v2\/users\/1"}],"replies":[{"embeddable":true,"href":"https:\/\/www.manitese.it\/en\/wp-json\/wp\/v2\/comments?post=167449"}],"version-history":[{"count":2,"href":"https:\/\/www.manitese.it\/en\/wp-json\/wp\/v2\/posts\/167449\/revisions"}],"predecessor-version":[{"id":177599,"href":"https:\/\/www.manitese.it\/en\/wp-json\/wp\/v2\/posts\/167449\/revisions\/177599"}],"wp:featuredmedia":[{"embeddable":true,"href":"https:\/\/www.manitese.it\/en\/wp-json\/wp\/v2\/media\/167462"}],"wp:attachment":[{"href":"https:\/\/www.manitese.it\/en\/wp-json\/wp\/v2\/media?parent=167449"}],"wp:term":[{"taxonomy":"category","embeddable":true,"href":"https:\/\/www.manitese.it\/en\/wp-json\/wp\/v2\/categories?post=167449"},{"taxonomy":"post_tag","embeddable":true,"href":"https:\/\/www.manitese.it\/en\/wp-json\/wp\/v2\/tags?post=167449"},{"taxonomy":"thematic_area","embeddable":true,"href":"https:\/\/www.manitese.it\/en\/wp-json\/wp\/v2\/thematic_area?post=167449"}],"curies":[{"name":"wp","href":"https:\/\/api.w.org\/{rel}","templated":true}]}}