{"id":167430,"date":"2022-12-19T11:08:10","date_gmt":"2022-12-19T10:08:10","guid":{"rendered":"https:\/\/manitese.it\/?p=167430"},"modified":"2023-07-27T14:20:37","modified_gmt":"2023-07-27T12:20:37","slug":"istruzione-e-liberta-in-benin","status":"publish","type":"post","link":"https:\/\/www.manitese.it\/en\/istruzione-e-liberta-in-benin\/","title":{"rendered":"Istruzione \u00e8 libert\u00e0 in Benin"},"content":{"rendered":"\r\n<p><em>Di Judith N\u2019BORA, Coordinatrice attivit\u00e0 di educazione e sensibilizzazione di Mani Tese in Benin<\/em><\/p>\r\n\r\n\r\n\r\n<p>Mani Tese realizza da qualche anno, in Benin, un programma di intervento che prevede la promozione e il sostegno alla scolarizzazione delle ragazze e l\u2019empowerment femminile. In quest\u2019ambito si colloca il progetto \u201cPrevenzione dell\u2019abbandono scolastico e sensibilizzazione di comunit\u00e0 e autorit\u00e0 riguardo ai diritti dei bambini e delle bambine in Benin\u201d, avviato da luglio 2022 e cofinanziato dalla Fondazione Maria Enrica e dai fondi 8 per 1000 della chiesa valdese. Coscienti del fatto che nessuna emancipazione, e pi\u00f9 ancora alcuna liberazione della donna, \u00e8 concepibile senza l\u2019istruzione e l\u2019educazione, i direttori delle scuole primarie pubbliche e la autorit\u00e0 locali dei villaggi coinvolti hanno aderito positivamente e fin da subito a questo intervento che coinvolge 20 scuole primarie pubbliche di quattro comuni del Dipartimento dell\u2019Atacora, per un totale di circa 700 studentesse. Negli istituti coinvolti vengono realizzate attivit\u00e0 di sensibilizzazione delle comunit\u00e0 sulle conseguenze del traffico di bambini e lo sfruttamento del loro lavoro; forme di pressione verso le autorit\u00e0 pubbliche responsabili della protezione dei bambini; sessioni di formazione e giochi educativi sull\u2019importanza della scolarizzazione nelle scuole stesse; trasmissioni radiofoniche per far conoscere con linguaggio accessibile la legge relativa al codice dell\u2019Infanzia della Repubblica del Benin. E ancora: sostegno in attrezzi agricoli e sementi per le famiglie pi\u00f9 vulnerabili in cui \u00e8 presente una ragazza in et\u00e0 scolare. Nella societ\u00e0 del Benin la donna ha sempre svolto e continua a svolgere un ruolo molto importante ed essenziale in tutte le opere di promozione dello sviluppo comunitario sia a livello di base, a partire dal nucleo famigliare di appartenenza, sia ai diversi livelli amministrativi e decisionali del Paese. La presenza indispensabile della donna in seno alla societ\u00e0 richiede di accordarle un\u2019attenzione particolare e favorire il suo protagonismo in tutte le tappe della sua esistenza. In questo senso, il progetto in corso si pone lo scopo di creare le condizioni favorevoli a far emergere donne capaci di assumere responsabilit\u00e0 tanto sul piano sociale, che economico, culturale e politico. Si pu\u00f2 dunque comprendere il motivo per il quale i direttori delle scuole, i genitori degli alunni e delle alunne e le autorit\u00e0 locali abbiano accolto con favore il progetto e lo stesso si pu\u00f2 dire per gli studenti e le studentesse di tutte le scuole coinvolte, come Orou N\u2019Gobi Farida che spiega: \u201cMolto spesso molte ragazze vengono ritirate dalla scuola dai loro genitori poveri per condurle verso matrimoni precoci e forzati o per mandarle nei campi di cotone o ancora in Nigeria dove vengono sfruttate\u201d. La sua speranza \u00e8 che Mani Tese continui a sostenere la sua scuola affinch\u00e9 possa continuare a studiare e diventare una persona importante un domani.<\/p>\r\n\r\n\r\n\r\n<figure class=\"wp-block-image size-large\"><img decoding=\"async\" class=\"wp-image-167433\" src=\"https:\/\/manitese.it\/wp-content\/uploads\/2022\/12\/SCELTA-1-1024x707.jpg\" alt=\"Bambine n Benin\" \/><\/figure>\r\n\r\n\r\n\r\n<p>Per il direttore della scuola primaria pubblica di Tigninti, F\u00e9lix Okotey questo progetto risponde a un bisogno reale ed evidente nel contesto sociale, culturale economico e anche politico del Paese. In particolare, Okotey ha evidenziato come sia importante la fornitura di sementi e attrezzi agricoli alle famiglie pi\u00f9 vulnerabili. Tutte le ragazze che appartengono a famiglie indigenti che ne hanno beneficiato hanno potuto migliorare la loro dieta alimentare quotidiana e questo ha un impatto fondamentale anche sulla frequenza a scuola. \u201cLa mia grande speranza &#8211; ha detto &#8211; \u00e8 che Mani Tese possa trovare le risorse per estendere queste azioni a molte altre scuole del dipartimento dell\u2019Atacora e questo per un tempo tale da permettere un impatto duraturo e non reversibile\u201d. Infine Basile Mane, capo dell\u2019arrondissement (quartiere) di P\u00eaporiyakou ci ha detto: \u201cquesto progetto \u00e8 veramente il benvenuto. In effetti l\u2019anno scorso sono passato di casa in casa nei villaggi del mio arrondissement per esigere che le ragazze in et\u00e0 scolastica fossero mandate a scuola e quelle che gi\u00e0 erano a scuola la continuassero. Ho anche seguito il caso di una ragazza alla quale i genitori avevano fatto abbandonare la scuola per andare a lavorare in Nigeria. Ho ottenuto il ritorno della ragazza e la sua ripresa del cammino scolastico. Francamente questo progetto \u00e8 come un salvagente per noi.<\/p>\r\n\r\n\r\n<div class=\"wp-block-image\">\r\n<figure class=\"aligncenter size-full\"><img decoding=\"async\" class=\"wp-image-167435\" src=\"https:\/\/manitese.it\/wp-content\/uploads\/2022\/12\/SCELTA-2.jpg\" alt=\"Bambine Benin\" \/><\/figure>\r\n<\/div>\r\n\r\n\r\n<p><em>Articolo pubblicato nel numero di dicembre 2022 del Giornale di Mani Tese<\/em>: <a href=\"https:\/\/manitese.it\/wp-content\/uploads\/2022\/12\/Giornale-MT-Dicembre-2022.pdf\" target=\"_blank\" rel=\"noreferrer noopener\"><strong><em>LINK<\/em><\/strong><\/a><\/p>\r\n","protected":false},"excerpt":{"rendered":"<p>In Benin i progetti puntano sull\u2019educazione e il contrasto all\u2019abbandono scolastico per rafforzare la posizione delle ragazze e delle donne del Paese.<\/p>\n","protected":false},"author":1,"featured_media":167441,"comment_status":"open","ping_status":"open","sticky":false,"template":"","format":"standard","meta":{"_acf_changed":false,"give_campaign_id":0,"inline_featured_image":false,"_jetpack_memberships_contains_paid_content":false,"footnotes":""},"categories":[12],"tags":[35,45],"thematic_area":[],"class_list":["post-167430","post","type-post","status-publish","format-standard","has-post-thumbnail","hentry","category-il-nostro-giornale","tag-benin-2","tag-giornale-mt"],"acf":[],"yoast_head":"<!-- This site is optimized with the Yoast SEO plugin v27.5 - https:\/\/yoast.com\/product\/yoast-seo-wordpress\/ -->\n<title>Istruzione \u00e8 libert\u00e0 in Benin - Mani Tese<\/title>\n<meta name=\"robots\" content=\"index, follow, max-snippet:-1, max-image-preview:large, max-video-preview:-1\" \/>\n<link rel=\"canonical\" href=\"https:\/\/www.manitese.it\/en\/istruzione-e-liberta-in-benin\/\" \/>\n<meta property=\"og:locale\" content=\"en_US\" \/>\n<meta property=\"og:type\" content=\"article\" \/>\n<meta property=\"og:title\" content=\"Istruzione \u00e8 libert\u00e0 in Benin - Mani Tese\" \/>\n<meta property=\"og:description\" content=\"In Benin i progetti puntano sull\u2019educazione e il contrasto all\u2019abbandono scolastico per rafforzare la posizione delle ragazze e delle donne del Paese.\" \/>\n<meta property=\"og:url\" content=\"https:\/\/www.manitese.it\/en\/istruzione-e-liberta-in-benin\/\" \/>\n<meta property=\"og:site_name\" content=\"Mani Tese\" \/>\n<meta property=\"article:published_time\" content=\"2022-12-19T10:08:10+00:00\" \/>\n<meta property=\"article:modified_time\" content=\"2023-07-27T12:20:37+00:00\" \/>\n<meta property=\"og:image\" content=\"https:\/\/www.manitese.it\/wp-content\/uploads\/2022\/12\/header-rid-6-1.jpg\" \/>\n\t<meta property=\"og:image:width\" content=\"1917\" \/>\n\t<meta property=\"og:image:height\" content=\"799\" \/>\n\t<meta property=\"og:image:type\" content=\"image\/jpeg\" \/>\n<meta name=\"author\" content=\"agevis\" \/>\n<meta name=\"twitter:card\" content=\"summary_large_image\" \/>\n<meta name=\"twitter:label1\" content=\"Written by\" \/>\n\t<meta name=\"twitter:data1\" content=\"agevis\" \/>\n\t<meta name=\"twitter:label2\" content=\"Est. reading time\" \/>\n\t<meta name=\"twitter:data2\" content=\"5 minutes\" \/>\n<script type=\"application\/ld+json\" class=\"yoast-schema-graph\">{\"@context\":\"https:\\\/\\\/schema.org\",\"@graph\":[{\"@type\":\"Article\",\"@id\":\"https:\\\/\\\/www.manitese.it\\\/en\\\/istruzione-e-liberta-in-benin\\\/#article\",\"isPartOf\":{\"@id\":\"https:\\\/\\\/www.manitese.it\\\/en\\\/istruzione-e-liberta-in-benin\\\/\"},\"author\":{\"name\":\"agevis\",\"@id\":\"https:\\\/\\\/www.manitese.it\\\/en\\\/#\\\/schema\\\/person\\\/5a9774f17e4940e2510bfeba90f04f65\"},\"headline\":\"Istruzione \u00e8 libert\u00e0 in Benin\",\"datePublished\":\"2022-12-19T10:08:10+00:00\",\"dateModified\":\"2023-07-27T12:20:37+00:00\",\"mainEntityOfPage\":{\"@id\":\"https:\\\/\\\/www.manitese.it\\\/en\\\/istruzione-e-liberta-in-benin\\\/\"},\"wordCount\":690,\"commentCount\":0,\"image\":{\"@id\":\"https:\\\/\\\/www.manitese.it\\\/en\\\/istruzione-e-liberta-in-benin\\\/#primaryimage\"},\"thumbnailUrl\":\"https:\\\/\\\/www.manitese.it\\\/wp-content\\\/uploads\\\/2022\\\/12\\\/header-rid-6-1.jpg\",\"keywords\":[\"benin\",\"giornale mt\"],\"articleSection\":[\"Il nostro giornale\"],\"inLanguage\":\"en-US\",\"potentialAction\":[{\"@type\":\"CommentAction\",\"name\":\"Comment\",\"target\":[\"https:\\\/\\\/www.manitese.it\\\/en\\\/istruzione-e-liberta-in-benin\\\/#respond\"]}]},{\"@type\":\"WebPage\",\"@id\":\"https:\\\/\\\/www.manitese.it\\\/en\\\/istruzione-e-liberta-in-benin\\\/\",\"url\":\"https:\\\/\\\/www.manitese.it\\\/en\\\/istruzione-e-liberta-in-benin\\\/\",\"name\":\"Istruzione \u00e8 libert\u00e0 in Benin - Mani Tese\",\"isPartOf\":{\"@id\":\"https:\\\/\\\/www.manitese.it\\\/en\\\/#website\"},\"primaryImageOfPage\":{\"@id\":\"https:\\\/\\\/www.manitese.it\\\/en\\\/istruzione-e-liberta-in-benin\\\/#primaryimage\"},\"image\":{\"@id\":\"https:\\\/\\\/www.manitese.it\\\/en\\\/istruzione-e-liberta-in-benin\\\/#primaryimage\"},\"thumbnailUrl\":\"https:\\\/\\\/www.manitese.it\\\/wp-content\\\/uploads\\\/2022\\\/12\\\/header-rid-6-1.jpg\",\"datePublished\":\"2022-12-19T10:08:10+00:00\",\"dateModified\":\"2023-07-27T12:20:37+00:00\",\"author\":{\"@id\":\"https:\\\/\\\/www.manitese.it\\\/en\\\/#\\\/schema\\\/person\\\/5a9774f17e4940e2510bfeba90f04f65\"},\"breadcrumb\":{\"@id\":\"https:\\\/\\\/www.manitese.it\\\/en\\\/istruzione-e-liberta-in-benin\\\/#breadcrumb\"},\"inLanguage\":\"en-US\",\"potentialAction\":[{\"@type\":\"ReadAction\",\"target\":[\"https:\\\/\\\/www.manitese.it\\\/en\\\/istruzione-e-liberta-in-benin\\\/\"]}]},{\"@type\":\"ImageObject\",\"inLanguage\":\"en-US\",\"@id\":\"https:\\\/\\\/www.manitese.it\\\/en\\\/istruzione-e-liberta-in-benin\\\/#primaryimage\",\"url\":\"https:\\\/\\\/www.manitese.it\\\/wp-content\\\/uploads\\\/2022\\\/12\\\/header-rid-6-1.jpg\",\"contentUrl\":\"https:\\\/\\\/www.manitese.it\\\/wp-content\\\/uploads\\\/2022\\\/12\\\/header-rid-6-1.jpg\",\"width\":1917,\"height\":799},{\"@type\":\"BreadcrumbList\",\"@id\":\"https:\\\/\\\/www.manitese.it\\\/en\\\/istruzione-e-liberta-in-benin\\\/#breadcrumb\",\"itemListElement\":[{\"@type\":\"ListItem\",\"position\":1,\"name\":\"Home\",\"item\":\"https:\\\/\\\/www.manitese.it\\\/en\\\/\"},{\"@type\":\"ListItem\",\"position\":2,\"name\":\"Istruzione \u00e8 libert\u00e0 in Benin\"}]},{\"@type\":\"WebSite\",\"@id\":\"https:\\\/\\\/www.manitese.it\\\/en\\\/#website\",\"url\":\"https:\\\/\\\/www.manitese.it\\\/en\\\/\",\"name\":\"Mani Tese\",\"description\":\"\",\"potentialAction\":[{\"@type\":\"SearchAction\",\"target\":{\"@type\":\"EntryPoint\",\"urlTemplate\":\"https:\\\/\\\/www.manitese.it\\\/en\\\/?s={search_term_string}\"},\"query-input\":{\"@type\":\"PropertyValueSpecification\",\"valueRequired\":true,\"valueName\":\"search_term_string\"}}],\"inLanguage\":\"en-US\"},{\"@type\":\"Person\",\"@id\":\"https:\\\/\\\/www.manitese.it\\\/en\\\/#\\\/schema\\\/person\\\/5a9774f17e4940e2510bfeba90f04f65\",\"name\":\"agevis\",\"image\":{\"@type\":\"ImageObject\",\"inLanguage\":\"en-US\",\"@id\":\"https:\\\/\\\/secure.gravatar.com\\\/avatar\\\/2dc96c93fcf3387a5922a93b50fb3bff01d4800590fb6a4ab91a034adb25ba17?s=96&d=mm&r=g\",\"url\":\"https:\\\/\\\/secure.gravatar.com\\\/avatar\\\/2dc96c93fcf3387a5922a93b50fb3bff01d4800590fb6a4ab91a034adb25ba17?s=96&d=mm&r=g\",\"contentUrl\":\"https:\\\/\\\/secure.gravatar.com\\\/avatar\\\/2dc96c93fcf3387a5922a93b50fb3bff01d4800590fb6a4ab91a034adb25ba17?s=96&d=mm&r=g\",\"caption\":\"agevis\"},\"url\":\"https:\\\/\\\/www.manitese.it\\\/en\\\/author\\\/wp_agevis_admin\\\/\"}]}<\/script>\n<!-- \/ Yoast SEO plugin. -->","yoast_head_json":{"title":"Istruzione \u00e8 libert\u00e0 in Benin - Mani Tese","robots":{"index":"index","follow":"follow","max-snippet":"max-snippet:-1","max-image-preview":"max-image-preview:large","max-video-preview":"max-video-preview:-1"},"canonical":"https:\/\/www.manitese.it\/en\/istruzione-e-liberta-in-benin\/","og_locale":"en_US","og_type":"article","og_title":"Istruzione \u00e8 libert\u00e0 in Benin - Mani Tese","og_description":"In Benin i progetti puntano sull\u2019educazione e il contrasto all\u2019abbandono scolastico per rafforzare la posizione delle ragazze e delle donne del Paese.","og_url":"https:\/\/www.manitese.it\/en\/istruzione-e-liberta-in-benin\/","og_site_name":"Mani Tese","article_published_time":"2022-12-19T10:08:10+00:00","article_modified_time":"2023-07-27T12:20:37+00:00","og_image":[{"width":1917,"height":799,"url":"https:\/\/www.manitese.it\/wp-content\/uploads\/2022\/12\/header-rid-6-1.jpg","type":"image\/jpeg"}],"author":"agevis","twitter_card":"summary_large_image","twitter_misc":{"Written by":"agevis","Est. reading time":"5 minutes"},"schema":{"@context":"https:\/\/schema.org","@graph":[{"@type":"Article","@id":"https:\/\/www.manitese.it\/en\/istruzione-e-liberta-in-benin\/#article","isPartOf":{"@id":"https:\/\/www.manitese.it\/en\/istruzione-e-liberta-in-benin\/"},"author":{"name":"agevis","@id":"https:\/\/www.manitese.it\/en\/#\/schema\/person\/5a9774f17e4940e2510bfeba90f04f65"},"headline":"Istruzione \u00e8 libert\u00e0 in Benin","datePublished":"2022-12-19T10:08:10+00:00","dateModified":"2023-07-27T12:20:37+00:00","mainEntityOfPage":{"@id":"https:\/\/www.manitese.it\/en\/istruzione-e-liberta-in-benin\/"},"wordCount":690,"commentCount":0,"image":{"@id":"https:\/\/www.manitese.it\/en\/istruzione-e-liberta-in-benin\/#primaryimage"},"thumbnailUrl":"https:\/\/www.manitese.it\/wp-content\/uploads\/2022\/12\/header-rid-6-1.jpg","keywords":["benin","giornale mt"],"articleSection":["Il nostro giornale"],"inLanguage":"en-US","potentialAction":[{"@type":"CommentAction","name":"Comment","target":["https:\/\/www.manitese.it\/en\/istruzione-e-liberta-in-benin\/#respond"]}]},{"@type":"WebPage","@id":"https:\/\/www.manitese.it\/en\/istruzione-e-liberta-in-benin\/","url":"https:\/\/www.manitese.it\/en\/istruzione-e-liberta-in-benin\/","name":"Istruzione \u00e8 libert\u00e0 in Benin - Mani Tese","isPartOf":{"@id":"https:\/\/www.manitese.it\/en\/#website"},"primaryImageOfPage":{"@id":"https:\/\/www.manitese.it\/en\/istruzione-e-liberta-in-benin\/#primaryimage"},"image":{"@id":"https:\/\/www.manitese.it\/en\/istruzione-e-liberta-in-benin\/#primaryimage"},"thumbnailUrl":"https:\/\/www.manitese.it\/wp-content\/uploads\/2022\/12\/header-rid-6-1.jpg","datePublished":"2022-12-19T10:08:10+00:00","dateModified":"2023-07-27T12:20:37+00:00","author":{"@id":"https:\/\/www.manitese.it\/en\/#\/schema\/person\/5a9774f17e4940e2510bfeba90f04f65"},"breadcrumb":{"@id":"https:\/\/www.manitese.it\/en\/istruzione-e-liberta-in-benin\/#breadcrumb"},"inLanguage":"en-US","potentialAction":[{"@type":"ReadAction","target":["https:\/\/www.manitese.it\/en\/istruzione-e-liberta-in-benin\/"]}]},{"@type":"ImageObject","inLanguage":"en-US","@id":"https:\/\/www.manitese.it\/en\/istruzione-e-liberta-in-benin\/#primaryimage","url":"https:\/\/www.manitese.it\/wp-content\/uploads\/2022\/12\/header-rid-6-1.jpg","contentUrl":"https:\/\/www.manitese.it\/wp-content\/uploads\/2022\/12\/header-rid-6-1.jpg","width":1917,"height":799},{"@type":"BreadcrumbList","@id":"https:\/\/www.manitese.it\/en\/istruzione-e-liberta-in-benin\/#breadcrumb","itemListElement":[{"@type":"ListItem","position":1,"name":"Home","item":"https:\/\/www.manitese.it\/en\/"},{"@type":"ListItem","position":2,"name":"Istruzione \u00e8 libert\u00e0 in Benin"}]},{"@type":"WebSite","@id":"https:\/\/www.manitese.it\/en\/#website","url":"https:\/\/www.manitese.it\/en\/","name":"Mani Tese","description":"","potentialAction":[{"@type":"SearchAction","target":{"@type":"EntryPoint","urlTemplate":"https:\/\/www.manitese.it\/en\/?s={search_term_string}"},"query-input":{"@type":"PropertyValueSpecification","valueRequired":true,"valueName":"search_term_string"}}],"inLanguage":"en-US"},{"@type":"Person","@id":"https:\/\/www.manitese.it\/en\/#\/schema\/person\/5a9774f17e4940e2510bfeba90f04f65","name":"agevis","image":{"@type":"ImageObject","inLanguage":"en-US","@id":"https:\/\/secure.gravatar.com\/avatar\/2dc96c93fcf3387a5922a93b50fb3bff01d4800590fb6a4ab91a034adb25ba17?s=96&d=mm&r=g","url":"https:\/\/secure.gravatar.com\/avatar\/2dc96c93fcf3387a5922a93b50fb3bff01d4800590fb6a4ab91a034adb25ba17?s=96&d=mm&r=g","contentUrl":"https:\/\/secure.gravatar.com\/avatar\/2dc96c93fcf3387a5922a93b50fb3bff01d4800590fb6a4ab91a034adb25ba17?s=96&d=mm&r=g","caption":"agevis"},"url":"https:\/\/www.manitese.it\/en\/author\/wp_agevis_admin\/"}]}},"jetpack_featured_media_url":"https:\/\/www.manitese.it\/wp-content\/uploads\/2022\/12\/header-rid-6-1.jpg","jetpack_sharing_enabled":true,"_links":{"self":[{"href":"https:\/\/www.manitese.it\/en\/wp-json\/wp\/v2\/posts\/167430","targetHints":{"allow":["GET"]}}],"collection":[{"href":"https:\/\/www.manitese.it\/en\/wp-json\/wp\/v2\/posts"}],"about":[{"href":"https:\/\/www.manitese.it\/en\/wp-json\/wp\/v2\/types\/post"}],"author":[{"embeddable":true,"href":"https:\/\/www.manitese.it\/en\/wp-json\/wp\/v2\/users\/1"}],"replies":[{"embeddable":true,"href":"https:\/\/www.manitese.it\/en\/wp-json\/wp\/v2\/comments?post=167430"}],"version-history":[{"count":3,"href":"https:\/\/www.manitese.it\/en\/wp-json\/wp\/v2\/posts\/167430\/revisions"}],"predecessor-version":[{"id":180334,"href":"https:\/\/www.manitese.it\/en\/wp-json\/wp\/v2\/posts\/167430\/revisions\/180334"}],"wp:featuredmedia":[{"embeddable":true,"href":"https:\/\/www.manitese.it\/en\/wp-json\/wp\/v2\/media\/167441"}],"wp:attachment":[{"href":"https:\/\/www.manitese.it\/en\/wp-json\/wp\/v2\/media?parent=167430"}],"wp:term":[{"taxonomy":"category","embeddable":true,"href":"https:\/\/www.manitese.it\/en\/wp-json\/wp\/v2\/categories?post=167430"},{"taxonomy":"post_tag","embeddable":true,"href":"https:\/\/www.manitese.it\/en\/wp-json\/wp\/v2\/tags?post=167430"},{"taxonomy":"thematic_area","embeddable":true,"href":"https:\/\/www.manitese.it\/en\/wp-json\/wp\/v2\/thematic_area?post=167430"}],"curies":[{"name":"wp","href":"https:\/\/api.w.org\/{rel}","templated":true}]}}