{"id":167415,"date":"2022-12-19T11:07:49","date_gmt":"2022-12-19T10:07:49","guid":{"rendered":"https:\/\/manitese.it\/?p=167415"},"modified":"2023-07-20T19:32:51","modified_gmt":"2023-07-20T17:32:51","slug":"dalla-parte-delle-donne-dellafrica-occidentale-anche-a-natale","status":"publish","type":"post","link":"https:\/\/www.manitese.it\/en\/dalla-parte-delle-donne-dellafrica-occidentale-anche-a-natale\/","title":{"rendered":"Dalla parte delle donne dell\u2019Africa occidentale\u2026 anche a Natale!"},"content":{"rendered":"\n<p><em>Di Domenica Mazza, Responsabile sensibilizzazione e promozione del volontariato di Mani Tese<\/em><\/p>\n\n\n\n<p>\u201cMolto pi\u00f9 di un pacchetto regalo!\u201d \u00e8 la campagna di sensibilizzazione e raccolta fondi di Mani Tese realizzata in partnership con laFeltrinelli. Dal 2007 a oggi, nel mese di dicembre, migliaia di volontari e volontarie di Mani Tese si sono attivati e hanno messo a disposizione il proprio tempo per confezionare i pacchetti regalo dei clienti in decine e decine di librerie sparse su tutto il territorio nazionale. Allo stesso tempo, centinaia di migliaia di persone sensibili e attente hanno accolto questa proposta di solidariet\u00e0 avvicinandosi ai nostri volontari, informandosi sui temi della cooperazione e della giustizia e offrendo il loro contributo attraverso libere donazioni. Ogni singolo volontario e ogni singolo sostenitore sono i protagonisti e gli artefici di un cambiamento che, anno dopo anno, sostiene i popoli delle terre pi\u00f9 povere del pianeta contribuendo a creare un mondo migliore. <\/p>\n\n\n\n<p>\u201cMolto pi\u00f9 di un pacchetto regalo!\u201d ha raccolto, in questi 14 anni, un totale di 4.339.798,05 euro coi quali Mani Tese ha sostenuto 39 partner locali, associazioni e organizzazioni del Bangladesh, Guatemala, Messico, Nicaragua, Ecuador, Benin, Brasile, Burkina Faso, Guinea-Bissau, Sudan, Mozambico, Kenya, Sud Sudan, India, Cambogia per la realizzazione di 49 progetti di cooperazione internazionale.<\/p>\n\n\n<div class=\"wp-block-image\">\n<figure class=\"aligncenter size-large\"><img decoding=\"async\" src=\"https:\/\/manitese.it\/wp-content\/uploads\/2022\/12\/Prima-scelta-1024x721.jpeg\" alt=\"Volontari Mani Tese\" class=\"wp-image-167418\"\/><\/figure>\n<\/div>\n\n\n<p>Anno dopo anno, i numeri parlano di una campagna vincente, di migliaia di volontari impegnati per una grande causa, della sensibilit\u00e0 e generosit\u00e0 di tantissime persone che, ogni anno, accolgono e sostengono la nostra missione. \u201cMolto pi\u00f9 di un pacchetto regalo!\u201d non \u00e8 solo impacchettamento di regali, \u00e8 anche l\u2019opportunit\u00e0 di incontrare gli studenti per formarli su temi importanti e di discutere con loro delle sfide degli obiettivi dell\u2019agenda 2030. \u00c8 l\u2019opportunit\u00e0 per coinvolgere associazioni e cooperative che si occupano di minoranze, di persone con disabilit\u00e0 o vulnerabili. \u00c8 l\u2019opportunit\u00e0 per tante aziende di coinvolgere i propri dipendenti in un\u2019esperienza di volontariato unica. \u00c8 un appuntamento atteso da tanti pensionati, che vogliono dedicare il proprio tempo per qualcosa di importante, e da tutti quei giovani che ci hanno conosciuto a 16 anni e che sono cresciuti con noi. Quest\u2019anno l\u2019obiettivo di \u201cMolto pi\u00f9 di un pacchetto regalo\u201d \u00e8 ancora pi\u00f9 straordinario: quello di favorire l\u2019emancipazione delle donne in Africa Occidentale contrastando la violenza di genere, l\u2019abbandono scolastico delle ragazze e favorendo l\u2019autonomia economica delle donne in tre Paesi: Benin, Burkina Faso e Guinea-Bissau.<br>\u201cDonne al centro\u201d, infatti, \u00e8 il nome che abbiamo deciso di dare alla campagna di quest\u2019anno. In Africa troppe donne non possono decidere del proprio futuro. Su di loro pesa ancora il carico della famiglia &#8211; 1\/3 delle donne ha un figlio prima dei 18 anni \u2013 che faticano a mantenere a causa della loro scarsa scolarizzazione e delle difficolt\u00e0 ad accedere a opportunit\u00e0 lavorative. Il 51% delle donne in ambito rurale, inoltre, vive all\u2019interno di un nucleo familiare dove il marito prende tutte le decisioni. Eppure le donne africane sono considerate come le pi\u00f9 attive economicamente al mondo, soprattutto in campo agricolo dove rappresentano il 52% della forza lavoro, ma che, a causa della forte disparit\u00e0 di genere generano solo il 30% del PIL.<\/p>\n\n\n<div class=\"wp-block-image\">\n<figure class=\"aligncenter size-large\"><img decoding=\"async\" src=\"https:\/\/manitese.it\/wp-content\/uploads\/2022\/12\/Seconda-scelta-813x1024.jpg\" alt=\"Volontari Mani Tese\" class=\"wp-image-167421\"\/><\/figure>\n<\/div>\n\n\n<p>Per contrastare tutto questo, Mani Tese inizia il suo impegno dalle pi\u00f9 piccole, in Benin, dove l\u2019abbandono scolastico \u00e8 elevato soprattutto tra le ragazze. Qui interviene nelle scuole, coinvolgendo istituzioni e direttori scolastici per sensibilizzarli sull\u2019importanza del diritto all\u2019istruzione oltre che sulle conseguenze della dispersione scolastica. In Guinea-Bissau, Mani Tese si impegna a fornire assistenza educativa, psicosociale e legale alle donne ospitate in due centri di accoglienza per vittime di violenza di genere e a favorirne il loro reinserimento sociale attraverso percorsi di formazione (in sartoria e panificazione) per poterne garantire l\u2019indipendenza economica. A questo lavoro si affianca anche la creazione di nuove opportunit\u00e0 economiche per le donne, in particolare giovani e con disabilit\u00e0, attraverso attivit\u00e0 di formazione professionale, borse di studio, tirocini, apprendistati e il sostegno di microimprese femminili.<br>In Burkina Faso, Mani Tese si impegna per l\u2019autonomia delle donne lavorando per il rafforzamento dell\u2019imprenditoria femminile e supportando la formazione sulla gestione amministrativa e finanziaria delle loro cooperative, sulle tecniche di produzione agroecologica e di trasformazione e conservazione dei prodotti e mettendo a disposizione terreni, sementi e attrezzi potenziando le capacit\u00e0 produttive e di trasformazione di prodotti della tradizione locale. <\/p>\n\n\n\n<hr class=\"wp-block-separator has-alpha-channel-opacity\"\/>\n\n\n\n<p><strong>\u201cAIUTARE LE PERSONE MI FA SENTIRE BENE\u201d Intervista a Marina Piras, volontaria di \u201cMolto pi\u00f9 di un pacchetto regalo\u201d. <\/strong><\/p>\n\n\n\n<p><strong><em>Marina, cosa ti ha spinta a partecipare a \u201cMolto pi\u00f9 di un pacchetto regalo\u201d?<\/em><\/strong><br>Il periodo natalizio a me piace molto anche perch\u00e9 ho la passione di fare i pacchetti regalo. Dove abitavo prima mi capitava di vedere associazioni che facessero i pacchetti con scopi di beneficenza. Non ho mai partecipato ma era una cosa che mi ha sempre incuriosita. Allora ho cercato su Internet un modo per farli a Milano e ho trovato subito voi, che mi avete accolta e formata spiegandomi i veri motivi per cui l\u2019associazione fa questa attivit\u00e0. Sapere di aiutare delle persone mi faceva sentire bene e utile e cos\u00ec ho cominciato questa grande avventura e, da allora, partecipo tutti gli anni!<\/p>\n\n\n\n<p><strong><em>Consiglieresti questa esperienza?<\/em><\/strong><br>\u201cMolto pi\u00f9 di un pacchetto regalo\u201d \u00e8 un\u2019esperienza che mi ha dato tanta consapevolezza: il sapere di poter dare un aiuto concreto per consentire che un mondo diverso potesse crescere, grazie al fatto del mio essere volontaria, ha fatto crescere me stessa. Quindi consiglierei a tutti questa esperienza perch\u00e9 partecipare a \u201cMolto pi\u00f9 di un pacchetto regalo\u201d \u00e8 un modo per vivere il Natale in maniera diversa.<\/p>\n\n\n\n<p><strong><em>Come sono stati i rapporti con gli altri volontari?<\/em><\/strong><br>\u00c8 molto interessante incontrare gli altri volontari e avere modo di parlare con loro, conoscerli, scoprire perch\u00e9 ognuno ha deciso di partecipare all\u2019iniziativa e condividere i momenti al banchetto e divertirsi insieme, anche solo per le 4 ore del proprio turno\u2026Ogni persona che ho incontrato mi ha lasciato dei<br>bei ricordi. <\/p>\n\n\n\n<p><strong><em>C\u2019\u00e8 un episodio in particolare che ricordi? <\/em><\/strong><br>Ricordo ancora un nonno che ha comprato la discografia completa dei Queen per il nipote. Lo ricordo per l\u2019emozione che aveva lui stesso nel farcelo impacchettare\u2026Allo stesso tempo lui ci ha ascoltati ed era interessato al motivo per cui stavamo facendo i pacchetti regalo e ai progetti di Mani Tese che gli abbiamo raccontato. Salutandoci ci ha fatto i complimenti per quello che stavamo facendo\u2026Pu\u00f2 essere una cosa scontata ma \u00e8 stato bello vedere la gentilezza e la gratitudine nei sui occhi. <\/p>\n\n\n\n<p><em>Articolo pubblicato nel numero di dicembre 2022 del Giornale di Mani Tese<\/em>: <a rel=\"noreferrer noopener\" href=\"https:\/\/manitese.it\/wp-content\/uploads\/2022\/12\/Giornale-MT-Dicembre-2022.pdf\" target=\"_blank\"><strong><em>LINK<\/em><\/strong><\/a><\/p>\n","protected":false},"excerpt":{"rendered":"<p>\u201cMolto pi\u00f9 di un pacchetto regalo\u201d<br \/>\nda 15 anni coinvolge migliaia<br \/>\ndi volontari e volontarie nelle<br \/>\nlibrerie per sostenere i progetti<br \/>\ndi Mani Tese nel Sud del mondo,<br \/>\nquest\u2019anno dedicati alle donne<br \/>\nin Benin, Burkina Faso e<br \/>\nGuinea-Bissau<\/p>\n","protected":false},"author":1,"featured_media":157534,"comment_status":"open","ping_status":"open","sticky":false,"template":"","format":"standard","meta":{"_acf_changed":false,"give_campaign_id":0,"inline_featured_image":false,"_jetpack_memberships_contains_paid_content":false,"footnotes":""},"categories":[12],"tags":[45,93,94],"thematic_area":[],"class_list":["post-167415","post","type-post","status-publish","format-standard","has-post-thumbnail","hentry","category-il-nostro-giornale","tag-giornale-mt","tag-domenica","tag-mpdupr"],"acf":[],"yoast_head":"<!-- This site is optimized with the Yoast SEO plugin v27.5 - https:\/\/yoast.com\/product\/yoast-seo-wordpress\/ -->\n<title>Dalla parte delle donne dell\u2019Africa occidentale\u2026 anche a Natale! - Mani Tese<\/title>\n<meta name=\"robots\" content=\"index, follow, max-snippet:-1, max-image-preview:large, max-video-preview:-1\" \/>\n<link rel=\"canonical\" href=\"https:\/\/www.manitese.it\/en\/dalla-parte-delle-donne-dellafrica-occidentale-anche-a-natale\/\" \/>\n<meta property=\"og:locale\" content=\"en_US\" \/>\n<meta property=\"og:type\" content=\"article\" \/>\n<meta property=\"og:title\" content=\"Dalla parte delle donne dell\u2019Africa occidentale\u2026 anche a Natale! - Mani Tese\" \/>\n<meta property=\"og:description\" content=\"\u201cMolto pi\u00f9 di un pacchetto regalo\u201d da 15 anni coinvolge migliaia di volontari e volontarie nelle librerie per sostenere i progetti di Mani Tese nel Sud del mondo, quest\u2019anno dedicati alle donne in Benin, Burkina Faso e Guinea-Bissau\" \/>\n<meta property=\"og:url\" content=\"https:\/\/www.manitese.it\/en\/dalla-parte-delle-donne-dellafrica-occidentale-anche-a-natale\/\" \/>\n<meta property=\"og:site_name\" content=\"Mani Tese\" \/>\n<meta property=\"article:published_time\" content=\"2022-12-19T10:07:49+00:00\" \/>\n<meta property=\"article:modified_time\" content=\"2023-07-20T17:32:51+00:00\" \/>\n<meta property=\"og:image\" content=\"https:\/\/www.manitese.it\/wp-content\/uploads\/2022\/10\/cover-sito-2022-1.jpeg\" \/>\n\t<meta property=\"og:image:width\" content=\"1920\" \/>\n\t<meta property=\"og:image:height\" content=\"800\" \/>\n\t<meta property=\"og:image:type\" content=\"image\/jpeg\" \/>\n<meta name=\"author\" content=\"agevis\" \/>\n<meta name=\"twitter:card\" content=\"summary_large_image\" \/>\n<meta name=\"twitter:label1\" content=\"Written by\" \/>\n\t<meta name=\"twitter:data1\" content=\"agevis\" \/>\n\t<meta name=\"twitter:label2\" content=\"Est. reading time\" \/>\n\t<meta name=\"twitter:data2\" content=\"5 minutes\" \/>\n<script type=\"application\/ld+json\" class=\"yoast-schema-graph\">{\"@context\":\"https:\\\/\\\/schema.org\",\"@graph\":[{\"@type\":\"Article\",\"@id\":\"https:\\\/\\\/www.manitese.it\\\/en\\\/dalla-parte-delle-donne-dellafrica-occidentale-anche-a-natale\\\/#article\",\"isPartOf\":{\"@id\":\"https:\\\/\\\/www.manitese.it\\\/en\\\/dalla-parte-delle-donne-dellafrica-occidentale-anche-a-natale\\\/\"},\"author\":{\"name\":\"agevis\",\"@id\":\"https:\\\/\\\/www.manitese.it\\\/en\\\/#\\\/schema\\\/person\\\/5a9774f17e4940e2510bfeba90f04f65\"},\"headline\":\"Dalla parte delle donne dell\u2019Africa occidentale\u2026 anche a Natale!\",\"datePublished\":\"2022-12-19T10:07:49+00:00\",\"dateModified\":\"2023-07-20T17:32:51+00:00\",\"mainEntityOfPage\":{\"@id\":\"https:\\\/\\\/www.manitese.it\\\/en\\\/dalla-parte-delle-donne-dellafrica-occidentale-anche-a-natale\\\/\"},\"wordCount\":1081,\"commentCount\":0,\"image\":{\"@id\":\"https:\\\/\\\/www.manitese.it\\\/en\\\/dalla-parte-delle-donne-dellafrica-occidentale-anche-a-natale\\\/#primaryimage\"},\"thumbnailUrl\":\"https:\\\/\\\/www.manitese.it\\\/wp-content\\\/uploads\\\/2022\\\/10\\\/cover-sito-2022-1.jpeg\",\"keywords\":[\"giornale mt\",\"Domenica\",\"MPDUPR\"],\"articleSection\":[\"Il nostro giornale\"],\"inLanguage\":\"en-US\",\"potentialAction\":[{\"@type\":\"CommentAction\",\"name\":\"Comment\",\"target\":[\"https:\\\/\\\/www.manitese.it\\\/en\\\/dalla-parte-delle-donne-dellafrica-occidentale-anche-a-natale\\\/#respond\"]}]},{\"@type\":\"WebPage\",\"@id\":\"https:\\\/\\\/www.manitese.it\\\/en\\\/dalla-parte-delle-donne-dellafrica-occidentale-anche-a-natale\\\/\",\"url\":\"https:\\\/\\\/www.manitese.it\\\/en\\\/dalla-parte-delle-donne-dellafrica-occidentale-anche-a-natale\\\/\",\"name\":\"Dalla parte delle donne dell\u2019Africa occidentale\u2026 anche a Natale! - Mani Tese\",\"isPartOf\":{\"@id\":\"https:\\\/\\\/www.manitese.it\\\/en\\\/#website\"},\"primaryImageOfPage\":{\"@id\":\"https:\\\/\\\/www.manitese.it\\\/en\\\/dalla-parte-delle-donne-dellafrica-occidentale-anche-a-natale\\\/#primaryimage\"},\"image\":{\"@id\":\"https:\\\/\\\/www.manitese.it\\\/en\\\/dalla-parte-delle-donne-dellafrica-occidentale-anche-a-natale\\\/#primaryimage\"},\"thumbnailUrl\":\"https:\\\/\\\/www.manitese.it\\\/wp-content\\\/uploads\\\/2022\\\/10\\\/cover-sito-2022-1.jpeg\",\"datePublished\":\"2022-12-19T10:07:49+00:00\",\"dateModified\":\"2023-07-20T17:32:51+00:00\",\"author\":{\"@id\":\"https:\\\/\\\/www.manitese.it\\\/en\\\/#\\\/schema\\\/person\\\/5a9774f17e4940e2510bfeba90f04f65\"},\"breadcrumb\":{\"@id\":\"https:\\\/\\\/www.manitese.it\\\/en\\\/dalla-parte-delle-donne-dellafrica-occidentale-anche-a-natale\\\/#breadcrumb\"},\"inLanguage\":\"en-US\",\"potentialAction\":[{\"@type\":\"ReadAction\",\"target\":[\"https:\\\/\\\/www.manitese.it\\\/en\\\/dalla-parte-delle-donne-dellafrica-occidentale-anche-a-natale\\\/\"]}]},{\"@type\":\"ImageObject\",\"inLanguage\":\"en-US\",\"@id\":\"https:\\\/\\\/www.manitese.it\\\/en\\\/dalla-parte-delle-donne-dellafrica-occidentale-anche-a-natale\\\/#primaryimage\",\"url\":\"https:\\\/\\\/www.manitese.it\\\/wp-content\\\/uploads\\\/2022\\\/10\\\/cover-sito-2022-1.jpeg\",\"contentUrl\":\"https:\\\/\\\/www.manitese.it\\\/wp-content\\\/uploads\\\/2022\\\/10\\\/cover-sito-2022-1.jpeg\",\"width\":1920,\"height\":800,\"caption\":\"molto pi\u00f9 di un pacchetto regalo 2022\"},{\"@type\":\"BreadcrumbList\",\"@id\":\"https:\\\/\\\/www.manitese.it\\\/en\\\/dalla-parte-delle-donne-dellafrica-occidentale-anche-a-natale\\\/#breadcrumb\",\"itemListElement\":[{\"@type\":\"ListItem\",\"position\":1,\"name\":\"Home\",\"item\":\"https:\\\/\\\/www.manitese.it\\\/en\\\/\"},{\"@type\":\"ListItem\",\"position\":2,\"name\":\"Dalla parte delle donne dell\u2019Africa occidentale\u2026 anche a Natale!\"}]},{\"@type\":\"WebSite\",\"@id\":\"https:\\\/\\\/www.manitese.it\\\/en\\\/#website\",\"url\":\"https:\\\/\\\/www.manitese.it\\\/en\\\/\",\"name\":\"Mani Tese\",\"description\":\"\",\"potentialAction\":[{\"@type\":\"SearchAction\",\"target\":{\"@type\":\"EntryPoint\",\"urlTemplate\":\"https:\\\/\\\/www.manitese.it\\\/en\\\/?s={search_term_string}\"},\"query-input\":{\"@type\":\"PropertyValueSpecification\",\"valueRequired\":true,\"valueName\":\"search_term_string\"}}],\"inLanguage\":\"en-US\"},{\"@type\":\"Person\",\"@id\":\"https:\\\/\\\/www.manitese.it\\\/en\\\/#\\\/schema\\\/person\\\/5a9774f17e4940e2510bfeba90f04f65\",\"name\":\"agevis\",\"image\":{\"@type\":\"ImageObject\",\"inLanguage\":\"en-US\",\"@id\":\"https:\\\/\\\/secure.gravatar.com\\\/avatar\\\/2dc96c93fcf3387a5922a93b50fb3bff01d4800590fb6a4ab91a034adb25ba17?s=96&d=mm&r=g\",\"url\":\"https:\\\/\\\/secure.gravatar.com\\\/avatar\\\/2dc96c93fcf3387a5922a93b50fb3bff01d4800590fb6a4ab91a034adb25ba17?s=96&d=mm&r=g\",\"contentUrl\":\"https:\\\/\\\/secure.gravatar.com\\\/avatar\\\/2dc96c93fcf3387a5922a93b50fb3bff01d4800590fb6a4ab91a034adb25ba17?s=96&d=mm&r=g\",\"caption\":\"agevis\"},\"url\":\"https:\\\/\\\/www.manitese.it\\\/en\\\/author\\\/wp_agevis_admin\\\/\"}]}<\/script>\n<!-- \/ Yoast SEO plugin. -->","yoast_head_json":{"title":"Dalla parte delle donne dell\u2019Africa occidentale\u2026 anche a Natale! - Mani Tese","robots":{"index":"index","follow":"follow","max-snippet":"max-snippet:-1","max-image-preview":"max-image-preview:large","max-video-preview":"max-video-preview:-1"},"canonical":"https:\/\/www.manitese.it\/en\/dalla-parte-delle-donne-dellafrica-occidentale-anche-a-natale\/","og_locale":"en_US","og_type":"article","og_title":"Dalla parte delle donne dell\u2019Africa occidentale\u2026 anche a Natale! - Mani Tese","og_description":"\u201cMolto pi\u00f9 di un pacchetto regalo\u201d da 15 anni coinvolge migliaia di volontari e volontarie nelle librerie per sostenere i progetti di Mani Tese nel Sud del mondo, quest\u2019anno dedicati alle donne in Benin, Burkina Faso e Guinea-Bissau","og_url":"https:\/\/www.manitese.it\/en\/dalla-parte-delle-donne-dellafrica-occidentale-anche-a-natale\/","og_site_name":"Mani Tese","article_published_time":"2022-12-19T10:07:49+00:00","article_modified_time":"2023-07-20T17:32:51+00:00","og_image":[{"width":1920,"height":800,"url":"https:\/\/www.manitese.it\/wp-content\/uploads\/2022\/10\/cover-sito-2022-1.jpeg","type":"image\/jpeg"}],"author":"agevis","twitter_card":"summary_large_image","twitter_misc":{"Written by":"agevis","Est. reading time":"5 minutes"},"schema":{"@context":"https:\/\/schema.org","@graph":[{"@type":"Article","@id":"https:\/\/www.manitese.it\/en\/dalla-parte-delle-donne-dellafrica-occidentale-anche-a-natale\/#article","isPartOf":{"@id":"https:\/\/www.manitese.it\/en\/dalla-parte-delle-donne-dellafrica-occidentale-anche-a-natale\/"},"author":{"name":"agevis","@id":"https:\/\/www.manitese.it\/en\/#\/schema\/person\/5a9774f17e4940e2510bfeba90f04f65"},"headline":"Dalla parte delle donne dell\u2019Africa occidentale\u2026 anche a Natale!","datePublished":"2022-12-19T10:07:49+00:00","dateModified":"2023-07-20T17:32:51+00:00","mainEntityOfPage":{"@id":"https:\/\/www.manitese.it\/en\/dalla-parte-delle-donne-dellafrica-occidentale-anche-a-natale\/"},"wordCount":1081,"commentCount":0,"image":{"@id":"https:\/\/www.manitese.it\/en\/dalla-parte-delle-donne-dellafrica-occidentale-anche-a-natale\/#primaryimage"},"thumbnailUrl":"https:\/\/www.manitese.it\/wp-content\/uploads\/2022\/10\/cover-sito-2022-1.jpeg","keywords":["giornale mt","Domenica","MPDUPR"],"articleSection":["Il nostro giornale"],"inLanguage":"en-US","potentialAction":[{"@type":"CommentAction","name":"Comment","target":["https:\/\/www.manitese.it\/en\/dalla-parte-delle-donne-dellafrica-occidentale-anche-a-natale\/#respond"]}]},{"@type":"WebPage","@id":"https:\/\/www.manitese.it\/en\/dalla-parte-delle-donne-dellafrica-occidentale-anche-a-natale\/","url":"https:\/\/www.manitese.it\/en\/dalla-parte-delle-donne-dellafrica-occidentale-anche-a-natale\/","name":"Dalla parte delle donne dell\u2019Africa occidentale\u2026 anche a Natale! - Mani Tese","isPartOf":{"@id":"https:\/\/www.manitese.it\/en\/#website"},"primaryImageOfPage":{"@id":"https:\/\/www.manitese.it\/en\/dalla-parte-delle-donne-dellafrica-occidentale-anche-a-natale\/#primaryimage"},"image":{"@id":"https:\/\/www.manitese.it\/en\/dalla-parte-delle-donne-dellafrica-occidentale-anche-a-natale\/#primaryimage"},"thumbnailUrl":"https:\/\/www.manitese.it\/wp-content\/uploads\/2022\/10\/cover-sito-2022-1.jpeg","datePublished":"2022-12-19T10:07:49+00:00","dateModified":"2023-07-20T17:32:51+00:00","author":{"@id":"https:\/\/www.manitese.it\/en\/#\/schema\/person\/5a9774f17e4940e2510bfeba90f04f65"},"breadcrumb":{"@id":"https:\/\/www.manitese.it\/en\/dalla-parte-delle-donne-dellafrica-occidentale-anche-a-natale\/#breadcrumb"},"inLanguage":"en-US","potentialAction":[{"@type":"ReadAction","target":["https:\/\/www.manitese.it\/en\/dalla-parte-delle-donne-dellafrica-occidentale-anche-a-natale\/"]}]},{"@type":"ImageObject","inLanguage":"en-US","@id":"https:\/\/www.manitese.it\/en\/dalla-parte-delle-donne-dellafrica-occidentale-anche-a-natale\/#primaryimage","url":"https:\/\/www.manitese.it\/wp-content\/uploads\/2022\/10\/cover-sito-2022-1.jpeg","contentUrl":"https:\/\/www.manitese.it\/wp-content\/uploads\/2022\/10\/cover-sito-2022-1.jpeg","width":1920,"height":800,"caption":"molto pi\u00f9 di un pacchetto regalo 2022"},{"@type":"BreadcrumbList","@id":"https:\/\/www.manitese.it\/en\/dalla-parte-delle-donne-dellafrica-occidentale-anche-a-natale\/#breadcrumb","itemListElement":[{"@type":"ListItem","position":1,"name":"Home","item":"https:\/\/www.manitese.it\/en\/"},{"@type":"ListItem","position":2,"name":"Dalla parte delle donne dell\u2019Africa occidentale\u2026 anche a Natale!"}]},{"@type":"WebSite","@id":"https:\/\/www.manitese.it\/en\/#website","url":"https:\/\/www.manitese.it\/en\/","name":"Mani Tese","description":"","potentialAction":[{"@type":"SearchAction","target":{"@type":"EntryPoint","urlTemplate":"https:\/\/www.manitese.it\/en\/?s={search_term_string}"},"query-input":{"@type":"PropertyValueSpecification","valueRequired":true,"valueName":"search_term_string"}}],"inLanguage":"en-US"},{"@type":"Person","@id":"https:\/\/www.manitese.it\/en\/#\/schema\/person\/5a9774f17e4940e2510bfeba90f04f65","name":"agevis","image":{"@type":"ImageObject","inLanguage":"en-US","@id":"https:\/\/secure.gravatar.com\/avatar\/2dc96c93fcf3387a5922a93b50fb3bff01d4800590fb6a4ab91a034adb25ba17?s=96&d=mm&r=g","url":"https:\/\/secure.gravatar.com\/avatar\/2dc96c93fcf3387a5922a93b50fb3bff01d4800590fb6a4ab91a034adb25ba17?s=96&d=mm&r=g","contentUrl":"https:\/\/secure.gravatar.com\/avatar\/2dc96c93fcf3387a5922a93b50fb3bff01d4800590fb6a4ab91a034adb25ba17?s=96&d=mm&r=g","caption":"agevis"},"url":"https:\/\/www.manitese.it\/en\/author\/wp_agevis_admin\/"}]}},"jetpack_featured_media_url":"https:\/\/www.manitese.it\/wp-content\/uploads\/2022\/10\/cover-sito-2022-1.jpeg","jetpack_sharing_enabled":true,"_links":{"self":[{"href":"https:\/\/www.manitese.it\/en\/wp-json\/wp\/v2\/posts\/167415","targetHints":{"allow":["GET"]}}],"collection":[{"href":"https:\/\/www.manitese.it\/en\/wp-json\/wp\/v2\/posts"}],"about":[{"href":"https:\/\/www.manitese.it\/en\/wp-json\/wp\/v2\/types\/post"}],"author":[{"embeddable":true,"href":"https:\/\/www.manitese.it\/en\/wp-json\/wp\/v2\/users\/1"}],"replies":[{"embeddable":true,"href":"https:\/\/www.manitese.it\/en\/wp-json\/wp\/v2\/comments?post=167415"}],"version-history":[{"count":2,"href":"https:\/\/www.manitese.it\/en\/wp-json\/wp\/v2\/posts\/167415\/revisions"}],"predecessor-version":[{"id":177598,"href":"https:\/\/www.manitese.it\/en\/wp-json\/wp\/v2\/posts\/167415\/revisions\/177598"}],"wp:featuredmedia":[{"embeddable":true,"href":"https:\/\/www.manitese.it\/en\/wp-json\/wp\/v2\/media\/157534"}],"wp:attachment":[{"href":"https:\/\/www.manitese.it\/en\/wp-json\/wp\/v2\/media?parent=167415"}],"wp:term":[{"taxonomy":"category","embeddable":true,"href":"https:\/\/www.manitese.it\/en\/wp-json\/wp\/v2\/categories?post=167415"},{"taxonomy":"post_tag","embeddable":true,"href":"https:\/\/www.manitese.it\/en\/wp-json\/wp\/v2\/tags?post=167415"},{"taxonomy":"thematic_area","embeddable":true,"href":"https:\/\/www.manitese.it\/en\/wp-json\/wp\/v2\/thematic_area?post=167415"}],"curies":[{"name":"wp","href":"https:\/\/api.w.org\/{rel}","templated":true}]}}