{"id":167370,"date":"2022-12-19T11:06:47","date_gmt":"2022-12-19T10:06:47","guid":{"rendered":"https:\/\/manitese.it\/?p=167370"},"modified":"2023-07-20T19:33:31","modified_gmt":"2023-07-20T17:33:31","slug":"guinea-bissau-empowerment-femminile-contro-la-violenza-di-genere","status":"publish","type":"post","link":"https:\/\/www.manitese.it\/en\/guinea-bissau-empowerment-femminile-contro-la-violenza-di-genere\/","title":{"rendered":"Guinea-Bissau, empowerment femminile contro la violenza di genere"},"content":{"rendered":"\n<p><em>Di Marika Sottile, cooperante di Mani Tese in Guinea Bissau<\/em><\/p>\n\n\n\n<p>Mani Tese in Guinea-Bissau ha iniziato a occuparsi dei diritti delle donne dal 2008, focalizzandosi dapprima sul supporto ad attivit\u00e0 di sviluppo economico femminile e successivamente abbracciando il tema della protezione e prevenzione nel quadro della violenza basata sul genere (VBG) con una strategia sempre pi\u00f9 trasversale e multi-stakeholders che mira a sedimentare la prospettiva di genere nella societ\u00e0 attraverso la presa in carico da parte delle istituzioni delle attivit\u00e0, degli strumenti e dei servizi elaborati nei progetti. La protezione e la prevenzione sulla VBG e lo sviluppo di attivit\u00e0 economiche femminili costituiscono i due filoni principali di azione. Sebbene ciascuno abbia una propria peculiarit\u00e0, \u00e8 sempre presente un\u2019interconnessione tra i due settori di intervento, poich\u00e9 l\u2019esperienza ha dimostrato che  \u2019integrazione delle due componenti ha un impatto maggiore. Le azioni di Mani Tese sul tema in Guinea- Bissau si sviluppano tra il Settore Autonomo di Bissau e le regioni di Bafat\u00e0, Gabu, Cacheu, e Cachungo con un\u2019estensione verso Oio, Tombal\u00ec e Quinara grazie alla cooperazione con i partner che operano in queste altre zone. Il primo filone, in modo particolare, ha visto l\u2019implementazione di un progetto pilota \u201cNo na cuida de no vida, mindjer\u201d tra il 2018 e il 2021 cofinanziato dall\u2019Unione Europea sviluppato sugli assi della protezione attraverso l\u2019accoglienza nei centri di Bissau e Sao Domingos delle vittime di VBG; reinserimento familiare e lavorativo attraverso accompagnamento psico-sociale, formazione e opportunit\u00e0 di stage; prevenzione con attivit\u00e0 di sensibilizzazione sui temi della violenza di genere e dei diritti delle donne quanto per le beneficiarie dirette degli interventi quanto per le loro famiglie e le comunit\u00e0 di appartenenza. <\/p>\n\n\n<div class=\"wp-block-image\">\n<figure class=\"aligncenter size-large\"><img decoding=\"async\" src=\"https:\/\/manitese.it\/wp-content\/uploads\/2022\/12\/1-1011x1024.jpg\" alt=\"\" class=\"wp-image-167374\"\/><\/figure>\n<\/div>\n\n\n<p>Nel quadro dell\u2019empowerment femminile in area rurale, invece, il progetto \u201cJuntas\u201d realizzato da Mani Tese insieme alla ONG italiana AIFO e cofinanziato dall\u2019 Agenzia Italiana per la Cooperazione allo Sviluppo per il biennio 2019-2021, \u00e8 l\u2019ultimo di una serie di interventi precedenti in cui si \u00e8 contribuito a  consolidare l\u2019agroecologia come strumento di sviluppo economico per le donne delle aree rurali. Da una ricerca che ho condotto per la mia tesi di Laurea Magistrale \u00e8 emersa l\u2019importanza delle attivit\u00e0 economiche delle donne per il benessere proprio e della famiglia di appartenenza. Non soltanto le tecniche agro-ecologiche \u2013 e in primo luogo, la sostituzione degli input chimici con quelli naturali \u2013 si sono rivelate la prima fonte di sviluppo economico delle donne, non dovendo pi\u00f9 queste investire denaro per l\u2019acquisto degli fertilizzanti chimici, ma le attivit\u00e0 di \u00a9Flavio Gomes Samb\u00f9, FL Produ\u00e7\u00f5es sviluppo economico hanno anche giovato alla realizzazione personale delle donne e a una valorizzazione a livello familiare e sociale. <\/p>\n\n\n\n<p>Nelle interviste sul campo, le donne hanno raccontato come lavorando abbiano ottenuto molti benefici, tra cui riuscire a pagare le tasse scolastiche dei figli, acquistare cibo e vestiti o pensare a qualche  nvestimento, come la casa. Allo stesso tempo, il progetto ha previsto l\u2019inserimento di strumenti di protezione come il Sistema di Allarme Comunitario (SAC), e di prevenzione della violenza basata sul genere nelle stesse comunit\u00e0 del progetto attraverso azioni di sensibilizzazione quali i djumbai (dibattiti organizzati nelle comunit\u00e0, ndr) e campagne di sensibilizzazione radiofoniche. Altrettanto eloquente \u00e8 uno dei risultati di una ricerca compiuta nel quadro del progetto \u201cProtection and Durable Solution for Refugees and Asylum Seekers in Guinea Bissau\u201d cofinanziato da UNHCR tra il 2017-2022, che ha messo in luce che nelle comunit\u00e0 in cui le donne sono indipendenti dal punto di vista economico la frequenza della VBG \u00e8 ridotta. Nell\u2019ultimo anno, Mani Tese si \u00e8 anche impegnata nell\u2019introduzione della prospettiva di genere nel progetto Ianda Guin\u00e9 Galinhas. In questo contesto, Mani Tese lavora a stretto contatto con<br>l\u2019Unit\u00e0 di Coordinamento del programma UE per la formazione degli animatori del progetto sulle questioni di genere. Infine, un passo avanti rispetto ai progetti fin qui menzionati \u00e8 stato compiuto nella progettazione di prossimo avvio con l\u2019introduzione della componente di advocacy. \u201cNo na tene diritu a um vida sim violencia\u201d e \u201cCoinvolgiamo tutt\u0259 per costruire il nostro futuro: Politiche, formazione e lavoro<br>per un business inclusivo!\u201d sono due futuri interventi, di cui Mani Tese \u00e8 capofila, cofinanziati rispettivamente da UE e AICS che, oltre a dare continuit\u00e0 alle azioni di protezione e sviluppo<br>economico per le donne, creeranno dei tavoli di concertazione tra le organizzazioni nazionali, internazionali e istituzioni locali per sviluppare proposte e azioni di politica pubblica sinergiche che mettano le donne al centro, rispettandone il diritto all\u2019auto-determinazione in tutte le sfere della vita quotidiana.<\/p>\n\n\n\n<p><em>Articolo pubblicato nel numero di dicembre 2022 del Giornale di Mani Tese<\/em>: <a rel=\"noreferrer noopener\" href=\"https:\/\/manitese.it\/wp-content\/uploads\/2022\/12\/Giornale-MT-Dicembre-2022.pdf\" target=\"_blank\"><strong><em>LINK<\/em><\/strong><\/a><\/p>\n","protected":false},"excerpt":{"rendered":"<p>I progetti puntano da un lato<br \/>\na sensibilizzare la popolazione<br \/>\ne dall\u2019altro a rendere le donne<br \/>\npi\u00f9 autonome e consapevoli<br \/>\nfavorendo il loro inserimento<br \/>\nsociale e lavorativo<\/p>\n","protected":false},"author":1,"featured_media":167376,"comment_status":"open","ping_status":"open","sticky":false,"template":"","format":"standard","meta":{"_acf_changed":false,"give_campaign_id":0,"inline_featured_image":false,"_jetpack_memberships_contains_paid_content":false,"footnotes":""},"categories":[12],"tags":[45,57,92],"thematic_area":[],"class_list":["post-167370","post","type-post","status-publish","format-standard","has-post-thumbnail","hentry","category-il-nostro-giornale","tag-giornale-mt","tag-guinea-bissau","tag-marika-sottile"],"acf":[],"yoast_head":"<!-- This site is optimized with the Yoast SEO plugin v27.5 - https:\/\/yoast.com\/product\/yoast-seo-wordpress\/ -->\n<title>Guinea-Bissau, empowerment femminile contro la violenza di genere - Mani Tese<\/title>\n<meta name=\"robots\" content=\"index, follow, max-snippet:-1, max-image-preview:large, max-video-preview:-1\" \/>\n<link rel=\"canonical\" href=\"https:\/\/www.manitese.it\/en\/guinea-bissau-empowerment-femminile-contro-la-violenza-di-genere\/\" \/>\n<meta property=\"og:locale\" content=\"en_US\" \/>\n<meta property=\"og:type\" content=\"article\" \/>\n<meta property=\"og:title\" content=\"Guinea-Bissau, empowerment femminile contro la violenza di genere - Mani Tese\" \/>\n<meta property=\"og:description\" content=\"I progetti puntano da un lato a sensibilizzare la popolazione e dall\u2019altro a rendere le donne pi\u00f9 autonome e consapevoli favorendo il loro inserimento sociale e lavorativo\" \/>\n<meta property=\"og:url\" content=\"https:\/\/www.manitese.it\/en\/guinea-bissau-empowerment-femminile-contro-la-violenza-di-genere\/\" \/>\n<meta property=\"og:site_name\" content=\"Mani Tese\" \/>\n<meta property=\"article:published_time\" content=\"2022-12-19T10:06:47+00:00\" \/>\n<meta property=\"article:modified_time\" content=\"2023-07-20T17:33:31+00:00\" \/>\n<meta property=\"og:image\" content=\"https:\/\/www.manitese.it\/wp-content\/uploads\/2022\/12\/header-rid-5-1.jpg\" \/>\n\t<meta property=\"og:image:width\" content=\"1917\" \/>\n\t<meta property=\"og:image:height\" content=\"801\" \/>\n\t<meta property=\"og:image:type\" content=\"image\/jpeg\" \/>\n<meta name=\"author\" content=\"agevis\" \/>\n<meta name=\"twitter:card\" content=\"summary_large_image\" \/>\n<meta name=\"twitter:label1\" content=\"Written by\" \/>\n\t<meta name=\"twitter:data1\" content=\"agevis\" \/>\n\t<meta name=\"twitter:label2\" content=\"Est. reading time\" \/>\n\t<meta name=\"twitter:data2\" content=\"4 minutes\" \/>\n<script type=\"application\/ld+json\" class=\"yoast-schema-graph\">{\"@context\":\"https:\\\/\\\/schema.org\",\"@graph\":[{\"@type\":\"Article\",\"@id\":\"https:\\\/\\\/www.manitese.it\\\/en\\\/guinea-bissau-empowerment-femminile-contro-la-violenza-di-genere\\\/#article\",\"isPartOf\":{\"@id\":\"https:\\\/\\\/www.manitese.it\\\/en\\\/guinea-bissau-empowerment-femminile-contro-la-violenza-di-genere\\\/\"},\"author\":{\"name\":\"agevis\",\"@id\":\"https:\\\/\\\/www.manitese.it\\\/en\\\/#\\\/schema\\\/person\\\/5a9774f17e4940e2510bfeba90f04f65\"},\"headline\":\"Guinea-Bissau, empowerment femminile contro la violenza di genere\",\"datePublished\":\"2022-12-19T10:06:47+00:00\",\"dateModified\":\"2023-07-20T17:33:31+00:00\",\"mainEntityOfPage\":{\"@id\":\"https:\\\/\\\/www.manitese.it\\\/en\\\/guinea-bissau-empowerment-femminile-contro-la-violenza-di-genere\\\/\"},\"wordCount\":763,\"commentCount\":0,\"image\":{\"@id\":\"https:\\\/\\\/www.manitese.it\\\/en\\\/guinea-bissau-empowerment-femminile-contro-la-violenza-di-genere\\\/#primaryimage\"},\"thumbnailUrl\":\"https:\\\/\\\/www.manitese.it\\\/wp-content\\\/uploads\\\/2022\\\/12\\\/header-rid-5-1.jpg\",\"keywords\":[\"giornale mt\",\"Guinea Bissau\",\"marika sottile\"],\"articleSection\":[\"Il nostro giornale\"],\"inLanguage\":\"en-US\",\"potentialAction\":[{\"@type\":\"CommentAction\",\"name\":\"Comment\",\"target\":[\"https:\\\/\\\/www.manitese.it\\\/en\\\/guinea-bissau-empowerment-femminile-contro-la-violenza-di-genere\\\/#respond\"]}]},{\"@type\":\"WebPage\",\"@id\":\"https:\\\/\\\/www.manitese.it\\\/en\\\/guinea-bissau-empowerment-femminile-contro-la-violenza-di-genere\\\/\",\"url\":\"https:\\\/\\\/www.manitese.it\\\/en\\\/guinea-bissau-empowerment-femminile-contro-la-violenza-di-genere\\\/\",\"name\":\"Guinea-Bissau, empowerment femminile contro la violenza di genere - Mani Tese\",\"isPartOf\":{\"@id\":\"https:\\\/\\\/www.manitese.it\\\/en\\\/#website\"},\"primaryImageOfPage\":{\"@id\":\"https:\\\/\\\/www.manitese.it\\\/en\\\/guinea-bissau-empowerment-femminile-contro-la-violenza-di-genere\\\/#primaryimage\"},\"image\":{\"@id\":\"https:\\\/\\\/www.manitese.it\\\/en\\\/guinea-bissau-empowerment-femminile-contro-la-violenza-di-genere\\\/#primaryimage\"},\"thumbnailUrl\":\"https:\\\/\\\/www.manitese.it\\\/wp-content\\\/uploads\\\/2022\\\/12\\\/header-rid-5-1.jpg\",\"datePublished\":\"2022-12-19T10:06:47+00:00\",\"dateModified\":\"2023-07-20T17:33:31+00:00\",\"author\":{\"@id\":\"https:\\\/\\\/www.manitese.it\\\/en\\\/#\\\/schema\\\/person\\\/5a9774f17e4940e2510bfeba90f04f65\"},\"breadcrumb\":{\"@id\":\"https:\\\/\\\/www.manitese.it\\\/en\\\/guinea-bissau-empowerment-femminile-contro-la-violenza-di-genere\\\/#breadcrumb\"},\"inLanguage\":\"en-US\",\"potentialAction\":[{\"@type\":\"ReadAction\",\"target\":[\"https:\\\/\\\/www.manitese.it\\\/en\\\/guinea-bissau-empowerment-femminile-contro-la-violenza-di-genere\\\/\"]}]},{\"@type\":\"ImageObject\",\"inLanguage\":\"en-US\",\"@id\":\"https:\\\/\\\/www.manitese.it\\\/en\\\/guinea-bissau-empowerment-femminile-contro-la-violenza-di-genere\\\/#primaryimage\",\"url\":\"https:\\\/\\\/www.manitese.it\\\/wp-content\\\/uploads\\\/2022\\\/12\\\/header-rid-5-1.jpg\",\"contentUrl\":\"https:\\\/\\\/www.manitese.it\\\/wp-content\\\/uploads\\\/2022\\\/12\\\/header-rid-5-1.jpg\",\"width\":1917,\"height\":801,\"caption\":\"2 ragazze sull'altalena all'interno del Centro Antiviolenza\"},{\"@type\":\"BreadcrumbList\",\"@id\":\"https:\\\/\\\/www.manitese.it\\\/en\\\/guinea-bissau-empowerment-femminile-contro-la-violenza-di-genere\\\/#breadcrumb\",\"itemListElement\":[{\"@type\":\"ListItem\",\"position\":1,\"name\":\"Home\",\"item\":\"https:\\\/\\\/www.manitese.it\\\/en\\\/\"},{\"@type\":\"ListItem\",\"position\":2,\"name\":\"Guinea-Bissau, empowerment femminile contro la violenza di genere\"}]},{\"@type\":\"WebSite\",\"@id\":\"https:\\\/\\\/www.manitese.it\\\/en\\\/#website\",\"url\":\"https:\\\/\\\/www.manitese.it\\\/en\\\/\",\"name\":\"Mani Tese\",\"description\":\"\",\"potentialAction\":[{\"@type\":\"SearchAction\",\"target\":{\"@type\":\"EntryPoint\",\"urlTemplate\":\"https:\\\/\\\/www.manitese.it\\\/en\\\/?s={search_term_string}\"},\"query-input\":{\"@type\":\"PropertyValueSpecification\",\"valueRequired\":true,\"valueName\":\"search_term_string\"}}],\"inLanguage\":\"en-US\"},{\"@type\":\"Person\",\"@id\":\"https:\\\/\\\/www.manitese.it\\\/en\\\/#\\\/schema\\\/person\\\/5a9774f17e4940e2510bfeba90f04f65\",\"name\":\"agevis\",\"image\":{\"@type\":\"ImageObject\",\"inLanguage\":\"en-US\",\"@id\":\"https:\\\/\\\/secure.gravatar.com\\\/avatar\\\/2dc96c93fcf3387a5922a93b50fb3bff01d4800590fb6a4ab91a034adb25ba17?s=96&d=mm&r=g\",\"url\":\"https:\\\/\\\/secure.gravatar.com\\\/avatar\\\/2dc96c93fcf3387a5922a93b50fb3bff01d4800590fb6a4ab91a034adb25ba17?s=96&d=mm&r=g\",\"contentUrl\":\"https:\\\/\\\/secure.gravatar.com\\\/avatar\\\/2dc96c93fcf3387a5922a93b50fb3bff01d4800590fb6a4ab91a034adb25ba17?s=96&d=mm&r=g\",\"caption\":\"agevis\"},\"url\":\"https:\\\/\\\/www.manitese.it\\\/en\\\/author\\\/wp_agevis_admin\\\/\"}]}<\/script>\n<!-- \/ Yoast SEO plugin. -->","yoast_head_json":{"title":"Guinea-Bissau, empowerment femminile contro la violenza di genere - Mani Tese","robots":{"index":"index","follow":"follow","max-snippet":"max-snippet:-1","max-image-preview":"max-image-preview:large","max-video-preview":"max-video-preview:-1"},"canonical":"https:\/\/www.manitese.it\/en\/guinea-bissau-empowerment-femminile-contro-la-violenza-di-genere\/","og_locale":"en_US","og_type":"article","og_title":"Guinea-Bissau, empowerment femminile contro la violenza di genere - Mani Tese","og_description":"I progetti puntano da un lato a sensibilizzare la popolazione e dall\u2019altro a rendere le donne pi\u00f9 autonome e consapevoli favorendo il loro inserimento sociale e lavorativo","og_url":"https:\/\/www.manitese.it\/en\/guinea-bissau-empowerment-femminile-contro-la-violenza-di-genere\/","og_site_name":"Mani Tese","article_published_time":"2022-12-19T10:06:47+00:00","article_modified_time":"2023-07-20T17:33:31+00:00","og_image":[{"width":1917,"height":801,"url":"https:\/\/www.manitese.it\/wp-content\/uploads\/2022\/12\/header-rid-5-1.jpg","type":"image\/jpeg"}],"author":"agevis","twitter_card":"summary_large_image","twitter_misc":{"Written by":"agevis","Est. reading time":"4 minutes"},"schema":{"@context":"https:\/\/schema.org","@graph":[{"@type":"Article","@id":"https:\/\/www.manitese.it\/en\/guinea-bissau-empowerment-femminile-contro-la-violenza-di-genere\/#article","isPartOf":{"@id":"https:\/\/www.manitese.it\/en\/guinea-bissau-empowerment-femminile-contro-la-violenza-di-genere\/"},"author":{"name":"agevis","@id":"https:\/\/www.manitese.it\/en\/#\/schema\/person\/5a9774f17e4940e2510bfeba90f04f65"},"headline":"Guinea-Bissau, empowerment femminile contro la violenza di genere","datePublished":"2022-12-19T10:06:47+00:00","dateModified":"2023-07-20T17:33:31+00:00","mainEntityOfPage":{"@id":"https:\/\/www.manitese.it\/en\/guinea-bissau-empowerment-femminile-contro-la-violenza-di-genere\/"},"wordCount":763,"commentCount":0,"image":{"@id":"https:\/\/www.manitese.it\/en\/guinea-bissau-empowerment-femminile-contro-la-violenza-di-genere\/#primaryimage"},"thumbnailUrl":"https:\/\/www.manitese.it\/wp-content\/uploads\/2022\/12\/header-rid-5-1.jpg","keywords":["giornale mt","Guinea Bissau","marika sottile"],"articleSection":["Il nostro giornale"],"inLanguage":"en-US","potentialAction":[{"@type":"CommentAction","name":"Comment","target":["https:\/\/www.manitese.it\/en\/guinea-bissau-empowerment-femminile-contro-la-violenza-di-genere\/#respond"]}]},{"@type":"WebPage","@id":"https:\/\/www.manitese.it\/en\/guinea-bissau-empowerment-femminile-contro-la-violenza-di-genere\/","url":"https:\/\/www.manitese.it\/en\/guinea-bissau-empowerment-femminile-contro-la-violenza-di-genere\/","name":"Guinea-Bissau, empowerment femminile contro la violenza di genere - Mani Tese","isPartOf":{"@id":"https:\/\/www.manitese.it\/en\/#website"},"primaryImageOfPage":{"@id":"https:\/\/www.manitese.it\/en\/guinea-bissau-empowerment-femminile-contro-la-violenza-di-genere\/#primaryimage"},"image":{"@id":"https:\/\/www.manitese.it\/en\/guinea-bissau-empowerment-femminile-contro-la-violenza-di-genere\/#primaryimage"},"thumbnailUrl":"https:\/\/www.manitese.it\/wp-content\/uploads\/2022\/12\/header-rid-5-1.jpg","datePublished":"2022-12-19T10:06:47+00:00","dateModified":"2023-07-20T17:33:31+00:00","author":{"@id":"https:\/\/www.manitese.it\/en\/#\/schema\/person\/5a9774f17e4940e2510bfeba90f04f65"},"breadcrumb":{"@id":"https:\/\/www.manitese.it\/en\/guinea-bissau-empowerment-femminile-contro-la-violenza-di-genere\/#breadcrumb"},"inLanguage":"en-US","potentialAction":[{"@type":"ReadAction","target":["https:\/\/www.manitese.it\/en\/guinea-bissau-empowerment-femminile-contro-la-violenza-di-genere\/"]}]},{"@type":"ImageObject","inLanguage":"en-US","@id":"https:\/\/www.manitese.it\/en\/guinea-bissau-empowerment-femminile-contro-la-violenza-di-genere\/#primaryimage","url":"https:\/\/www.manitese.it\/wp-content\/uploads\/2022\/12\/header-rid-5-1.jpg","contentUrl":"https:\/\/www.manitese.it\/wp-content\/uploads\/2022\/12\/header-rid-5-1.jpg","width":1917,"height":801,"caption":"2 ragazze sull'altalena all'interno del Centro Antiviolenza"},{"@type":"BreadcrumbList","@id":"https:\/\/www.manitese.it\/en\/guinea-bissau-empowerment-femminile-contro-la-violenza-di-genere\/#breadcrumb","itemListElement":[{"@type":"ListItem","position":1,"name":"Home","item":"https:\/\/www.manitese.it\/en\/"},{"@type":"ListItem","position":2,"name":"Guinea-Bissau, empowerment femminile contro la violenza di genere"}]},{"@type":"WebSite","@id":"https:\/\/www.manitese.it\/en\/#website","url":"https:\/\/www.manitese.it\/en\/","name":"Mani Tese","description":"","potentialAction":[{"@type":"SearchAction","target":{"@type":"EntryPoint","urlTemplate":"https:\/\/www.manitese.it\/en\/?s={search_term_string}"},"query-input":{"@type":"PropertyValueSpecification","valueRequired":true,"valueName":"search_term_string"}}],"inLanguage":"en-US"},{"@type":"Person","@id":"https:\/\/www.manitese.it\/en\/#\/schema\/person\/5a9774f17e4940e2510bfeba90f04f65","name":"agevis","image":{"@type":"ImageObject","inLanguage":"en-US","@id":"https:\/\/secure.gravatar.com\/avatar\/2dc96c93fcf3387a5922a93b50fb3bff01d4800590fb6a4ab91a034adb25ba17?s=96&d=mm&r=g","url":"https:\/\/secure.gravatar.com\/avatar\/2dc96c93fcf3387a5922a93b50fb3bff01d4800590fb6a4ab91a034adb25ba17?s=96&d=mm&r=g","contentUrl":"https:\/\/secure.gravatar.com\/avatar\/2dc96c93fcf3387a5922a93b50fb3bff01d4800590fb6a4ab91a034adb25ba17?s=96&d=mm&r=g","caption":"agevis"},"url":"https:\/\/www.manitese.it\/en\/author\/wp_agevis_admin\/"}]}},"jetpack_featured_media_url":"https:\/\/www.manitese.it\/wp-content\/uploads\/2022\/12\/header-rid-5-1.jpg","jetpack_sharing_enabled":true,"_links":{"self":[{"href":"https:\/\/www.manitese.it\/en\/wp-json\/wp\/v2\/posts\/167370","targetHints":{"allow":["GET"]}}],"collection":[{"href":"https:\/\/www.manitese.it\/en\/wp-json\/wp\/v2\/posts"}],"about":[{"href":"https:\/\/www.manitese.it\/en\/wp-json\/wp\/v2\/types\/post"}],"author":[{"embeddable":true,"href":"https:\/\/www.manitese.it\/en\/wp-json\/wp\/v2\/users\/1"}],"replies":[{"embeddable":true,"href":"https:\/\/www.manitese.it\/en\/wp-json\/wp\/v2\/comments?post=167370"}],"version-history":[{"count":2,"href":"https:\/\/www.manitese.it\/en\/wp-json\/wp\/v2\/posts\/167370\/revisions"}],"predecessor-version":[{"id":177601,"href":"https:\/\/www.manitese.it\/en\/wp-json\/wp\/v2\/posts\/167370\/revisions\/177601"}],"wp:featuredmedia":[{"embeddable":true,"href":"https:\/\/www.manitese.it\/en\/wp-json\/wp\/v2\/media\/167376"}],"wp:attachment":[{"href":"https:\/\/www.manitese.it\/en\/wp-json\/wp\/v2\/media?parent=167370"}],"wp:term":[{"taxonomy":"category","embeddable":true,"href":"https:\/\/www.manitese.it\/en\/wp-json\/wp\/v2\/categories?post=167370"},{"taxonomy":"post_tag","embeddable":true,"href":"https:\/\/www.manitese.it\/en\/wp-json\/wp\/v2\/tags?post=167370"},{"taxonomy":"thematic_area","embeddable":true,"href":"https:\/\/www.manitese.it\/en\/wp-json\/wp\/v2\/thematic_area?post=167370"}],"curies":[{"name":"wp","href":"https:\/\/api.w.org\/{rel}","templated":true}]}}