{"id":167349,"date":"2022-12-19T11:07:07","date_gmt":"2022-12-19T10:07:07","guid":{"rendered":"https:\/\/manitese.it\/?p=167349"},"modified":"2023-07-20T19:33:17","modified_gmt":"2023-07-20T17:33:17","slug":"burkina-faso-piccole-imprenditrici-grandi-sogni","status":"publish","type":"post","link":"https:\/\/www.manitese.it\/en\/burkina-faso-piccole-imprenditrici-grandi-sogni\/","title":{"rendered":"Burkina Faso: piccole imprenditrici, grandi sogni"},"content":{"rendered":"\n<p><em>Di Giulia Tringali, cooperante di Mani Tese in Burkina Faso<\/em><\/p>\n\n\n\n<p>\u201cSono nata nel 1984 e ho frequentato la scuola elementare, non c\u2019era possibilit\u00e0 di continuare, cos\u00ec ho iniziato, un po\u2019 alla volta, a lavorare\u201d racconta Kotine. \u201cHo cominciato a seguire alcune formazioni sull\u2019agricoltura e l\u2019alimentazione all\u2019interno di vari progetti. Non ho mai smesso di imparare e ora sto cominciando a vendere i miei prodotti, specialmente le verdure e la pasta di arachidi\u201d.<br>Kotine Compaore \u00e8 una delle 70 donne dell\u2019<em>Association de soeurs burkinab\u00e9<\/em> de Poedogo, Koubri. Dal 2021 ha cominciato a seguire le formazioni del progetto \u201cDonne al Centro per la Transizione Agroecologica\u201d cofinanziato dalla Regione Emilia Romagna. Lavoratrice intraprendente, madre di quattro figli, collabora attivamente al reddito famigliare e alla gestione della casa. \u201cCi sono molte ragazze, qui a Koubri, che non hanno lavoro e stanno a casa &#8211; afferma Kotine &#8211; a volte le famiglie non hanno abbastanza soldi per mandarle a scuola e quindi fanno ancora pi\u00f9 fatica poi ad avviare un\u2019attivit\u00e0 economica\u201d. In Burkina Faso, in effetti, il tasso di sottoutilizzo della manodopera femminile \u00e8 del 41,9% rispetto al 30% degli uomini e nelle zone rurali questa percentuale aumenta (INSD, 2018 &#8211; Institut National de la Statistique et de la D\u00e9mographie).<\/p>\n\n\n\n<p>La realt\u00e0 raccontata da Kotine riguarda molte donne di Koubri. Eveline Rouamba, la presidente dell\u2019Associazione dichiara: \u201cQui ci sono molte donne che non lavorano anche perch\u00e9 il mercato centrale \u00e8 lontano, quindi molte si limitano a raccogliere la legna per poi andarla a vendere al mercato di Koubri in modo da ricavare qualche soldo. Altre coltivano a casa propria per sopravvivere e dar da mangiare alla famiglia, ma non a tutte basta il proprio perimetro, soprattutto in una zona come questa, colpita dalla siccit\u00e0\u201d. <\/p>\n\n\n\n<p>Il dipartimento di Koubri (60.802 abitanti secondo l\u2019ultimo censimento nazionale del 2020) si trova, infatti, in una situazione particolarmente drammatica dal punto di vista dei cambiamenti climatici, essendo una zona particolarmente colpita dalla scarsit\u00e0 di precipitazioni. La regione non pu\u00f2 pi\u00f9 contare sulle piogge stagionali e la terra \u00e8 diventata meno fertile. Anche l\u2019accesso all\u2019acqua potabile \u00e8 difficile: secondo il Programma nazionale di approvvigionamento di acqua potabile (MEA, 2020), il tasso di accesso \u00e8 del 68,4% e solo il 16,4% dell\u2019acqua utilizzata viene recuperata e trattata correttamente. Tutto questo si ripercuote sulle abitudini alimentari delle famiglie e, in particolare, delle donne nella provincia di Kadiogo, dove si trova il dipartimento di Koubri, le quali hanno un tasso di malnutrizione in et\u00e0 fertile del 4,8% e solo il 25,9% di loro consuma tutti i gruppi alimentari (dati dell\u2019indagine nazionale SMART 2020, Ministero della Salute, Burkina Faso). <\/p>\n\n\n\n<figure class=\"wp-block-image size-large\"><img decoding=\"async\" src=\"https:\/\/manitese.it\/wp-content\/uploads\/2022\/12\/1a-scelta_Koubri_foto-di-gruppo_Materiale-visibilita-1024x576.jpg\" alt=\"\" class=\"wp-image-167354\"\/><\/figure>\n\n\n\n<p>Il lavoro portato avanti con l\u2019<em>Association de soeurs<\/em> cerca di superare il problema permettendo alle donne del gruppo di coltivare, oltre che il proprio orto di casa, anche un ulteriore perimetro fornito di pompa a energia solare, bacini idrici e un edificio adibito a magazzino e sede associativa costruiti grazie al progetto \u201cDonne al centro per lo sviluppo inclusivo e sostenibile\u201d cofinanziato dalla Regione Veneto. \u201cSe avessimo dovuto acquistare da sole un perimetro come questo &#8211; afferma Eveline &#8211; ci sarebbe costato molto caro, ma grazie al progetto possiamo coltivarlo e piano piano guadagnare qualcosa in pi\u00f9 per la nostra famiglia\u201d.<\/p>\n\n\n\n<figure class=\"wp-block-image size-large\"><img decoding=\"async\" src=\"https:\/\/manitese.it\/wp-content\/uploads\/2022\/12\/2a-scelta_Koubri_Eveline_preparazione_compost-1024x576.jpg\" alt=\"\" class=\"wp-image-167357\"\/><\/figure>\n\n\n\n<p>Nel corso dell\u2019anno, inoltre, le donne dell\u2019Associazione, seguite da animatori e formatori, hanno appreso come trasformare alcuni ortaggi, come sviluppare un\u2019alimentazione corretta con una dieta diversificata e come prendersi cura della casa e di ci\u00f2 che portano a tavola, grazie a una formazione sulla pulizia e l\u2019igiene. \u201cLe tecniche apprese ora le uso anche a casa mia per coltivare il mio orto e ho migliorato anche il modo con cui preparo da mangiare. Ho scoperto che prima non pulivo abbastanza bene le pentole e la verdura e, spesso, mangiavamo le stesse cose. Oggi, invece, sto molto attenta alla pulizia degli spazi e, grazie anche ai risultati raggiunti con l\u2019Associazione, posso cucinare un giorno il riso, quello dopo i fagioli e quello dopo ancora delle verdure, in casa sono tutti molto contenti\u201d racconta Eveline. Le donne dell\u2019Associazione, oltre che ad aver imparato a diversificare la dieta, sono diventate anche un esempio positivo per la loro comunit\u00e0, delle leader che trasmettono quanto appreso anche agli altri, dando l\u2019esempio e dando consigli ai vicini e alle amiche. \u201cHo mostrato quello che ho imparato ai miei vicini &#8211; racconta Kotine &#8211; Cos\u00ec, anche se loro non sono parte del progetto, possono essere informati e imparare. Piano piano vedo che anche da loro le cose stanno cambiando\u201d.<br>Una transizione lenta ma costante verso l\u2019agroecologia e la sostenibilit\u00e0 alimentare \u00e8 ci\u00f2 che le donne di Koubri stanno contribuendo a realizzare nel loro piccolo. Attraverso la coltivazione, l\u2019utilizzo e la vendita dei frutti del loro lavoro, generano reddito per la famiglia e la mantengono in forma, grazie a una corretta alimentazione. <\/p>\n\n\n\n<p>Non sono le sole in Burkina Faso a essersi rimboccate le maniche. Anche nella Provincia di Boulgou, regione di Centre-Est, le donne che fanno parte del progetto \u201cMiglioramento della Sicurezza alimentare e promozione dello sviluppo rurale nella provincia del Boulgou\u201d cofinanziato dalla Presidenza del Consiglio dei Ministri, sono al centro dello sviluppo. Il progetto, in accordo con il Piano Nazionale di Sviluppo Economico e Sociale (PNDES), lavora con le organizzazioni contadine per promuovere alcuni prodotti agricoli in settori strategici come il riso, la cipolla e il pomodoro. Nel Boulgou le donne si sono organizzate in 4 cooperative agricole e stanno mettendo a frutto 10 ettari di terreno.<br>Inoltre, grazie alle formazioni sulla trasformazione e la commercializzazione dei prodotti, ci\u00f2 che non viene utilizzato per l\u2019autoconsumo, verr\u00e0 venduto dalle donne, creando un\u2019ulteriore fonte di reddito per la famiglia. La promozione della piccola imprenditoria \u00e8 uno dei punti chiave del progetto, che attraverso il lavoro dignitoso punta a migliorare la sicurezza alimentare della provincia, duramente colpita dai cambiamenti climatici e dallo stato di insicurezza costante in cui versa gran parte del Paese.<br>Con perseveranza, nelle proprie comunit\u00e0 di appartenenza, molte donne Burkinab\u00e9 stanno lavorando allo sviluppo del Paese. Piccole imprenditrici con il grande sogno di migliorare la propria vita e quella della propria famiglia, del proprio Paese e di lasciare un futuro pi\u00f9 degno ai propri figli e figlie. \u201cMolte donne Burkinab\u00e9 stanno imparando a cavarsela da sole &#8211; afferma Eveline &#8211; capiscono che non devono essere pigre e aspettare che sia il marito a gestire tutto.<br>Bisogna, invece, lavorare e imparare a darsi da fare, nulla cambia se si sta sdraiate in attesa che gli uomini ci portino questo o quello. Per avanzare e migliorare la propria vita bisogna imparare a cavarsela con le proprie forze\u201d e mentre conclude la frase ha gi\u00e0 in mano l\u2019innaffiatoio pronta a bagnare i nuovi germogli.<\/p>\n\n\n\n<figure class=\"wp-block-image size-large\"><img decoding=\"async\" src=\"https:\/\/manitese.it\/wp-content\/uploads\/2022\/12\/3a-scelta_Koubri_Eveline_Formation-Nutrition-1024x576.jpg\" alt=\"\" class=\"wp-image-167359\"\/><\/figure>\n\n\n\n<p><em>Articolo pubblicato nel numero di dicembre 2022 del Giornale di Mani Tese<\/em>: <a rel=\"noreferrer noopener\" href=\"https:\/\/manitese.it\/wp-content\/uploads\/2022\/12\/Giornale-MT-Dicembre-2022.pdf\" target=\"_blank\"><strong><em>LINK<\/em><\/strong><\/a><\/p>\n","protected":false},"excerpt":{"rendered":"<p>La transizione agroecologica<br \/>\ncome processo di indipendenza<br \/>\ned emancipazione delle donne<\/p>\n","protected":false},"author":1,"featured_media":167361,"comment_status":"open","ping_status":"open","sticky":false,"template":"","format":"standard","meta":{"_acf_changed":false,"give_campaign_id":0,"inline_featured_image":false,"_jetpack_memberships_contains_paid_content":false,"footnotes":""},"categories":[12],"tags":[39,45],"thematic_area":[],"class_list":["post-167349","post","type-post","status-publish","format-standard","has-post-thumbnail","hentry","category-il-nostro-giornale","tag-burkina-faso-2","tag-giornale-mt"],"acf":[],"yoast_head":"<!-- This site is optimized with the Yoast SEO plugin v27.5 - https:\/\/yoast.com\/product\/yoast-seo-wordpress\/ -->\n<title>Burkina Faso: piccole imprenditrici, grandi sogni - Mani Tese<\/title>\n<meta name=\"robots\" content=\"index, follow, max-snippet:-1, max-image-preview:large, max-video-preview:-1\" \/>\n<link rel=\"canonical\" href=\"https:\/\/www.manitese.it\/en\/burkina-faso-piccole-imprenditrici-grandi-sogni\/\" \/>\n<meta property=\"og:locale\" content=\"en_US\" \/>\n<meta property=\"og:type\" content=\"article\" \/>\n<meta property=\"og:title\" content=\"Burkina Faso: piccole imprenditrici, grandi sogni - Mani Tese\" \/>\n<meta property=\"og:description\" content=\"La transizione agroecologica come processo di indipendenza ed emancipazione delle donne\" \/>\n<meta property=\"og:url\" content=\"https:\/\/www.manitese.it\/en\/burkina-faso-piccole-imprenditrici-grandi-sogni\/\" \/>\n<meta property=\"og:site_name\" content=\"Mani Tese\" \/>\n<meta property=\"article:published_time\" content=\"2022-12-19T10:07:07+00:00\" \/>\n<meta property=\"article:modified_time\" content=\"2023-07-20T17:33:17+00:00\" \/>\n<meta property=\"og:image\" content=\"https:\/\/www.manitese.it\/wp-content\/uploads\/2022\/12\/header-rid-4-1.jpg\" \/>\n\t<meta property=\"og:image:width\" content=\"1919\" \/>\n\t<meta property=\"og:image:height\" content=\"801\" \/>\n\t<meta property=\"og:image:type\" content=\"image\/jpeg\" \/>\n<meta name=\"author\" content=\"agevis\" \/>\n<meta name=\"twitter:card\" content=\"summary_large_image\" \/>\n<meta name=\"twitter:label1\" content=\"Written by\" \/>\n\t<meta name=\"twitter:data1\" content=\"agevis\" \/>\n\t<meta name=\"twitter:label2\" content=\"Est. reading time\" \/>\n\t<meta name=\"twitter:data2\" content=\"6 minutes\" \/>\n<script type=\"application\/ld+json\" class=\"yoast-schema-graph\">{\"@context\":\"https:\\\/\\\/schema.org\",\"@graph\":[{\"@type\":\"Article\",\"@id\":\"https:\\\/\\\/www.manitese.it\\\/en\\\/burkina-faso-piccole-imprenditrici-grandi-sogni\\\/#article\",\"isPartOf\":{\"@id\":\"https:\\\/\\\/www.manitese.it\\\/en\\\/burkina-faso-piccole-imprenditrici-grandi-sogni\\\/\"},\"author\":{\"name\":\"agevis\",\"@id\":\"https:\\\/\\\/www.manitese.it\\\/en\\\/#\\\/schema\\\/person\\\/5a9774f17e4940e2510bfeba90f04f65\"},\"headline\":\"Burkina Faso: piccole imprenditrici, grandi sogni\",\"datePublished\":\"2022-12-19T10:07:07+00:00\",\"dateModified\":\"2023-07-20T17:33:17+00:00\",\"mainEntityOfPage\":{\"@id\":\"https:\\\/\\\/www.manitese.it\\\/en\\\/burkina-faso-piccole-imprenditrici-grandi-sogni\\\/\"},\"wordCount\":1130,\"commentCount\":0,\"image\":{\"@id\":\"https:\\\/\\\/www.manitese.it\\\/en\\\/burkina-faso-piccole-imprenditrici-grandi-sogni\\\/#primaryimage\"},\"thumbnailUrl\":\"https:\\\/\\\/www.manitese.it\\\/wp-content\\\/uploads\\\/2022\\\/12\\\/header-rid-4-1.jpg\",\"keywords\":[\"burkina faso\",\"giornale mt\"],\"articleSection\":[\"Il nostro giornale\"],\"inLanguage\":\"en-US\",\"potentialAction\":[{\"@type\":\"CommentAction\",\"name\":\"Comment\",\"target\":[\"https:\\\/\\\/www.manitese.it\\\/en\\\/burkina-faso-piccole-imprenditrici-grandi-sogni\\\/#respond\"]}]},{\"@type\":\"WebPage\",\"@id\":\"https:\\\/\\\/www.manitese.it\\\/en\\\/burkina-faso-piccole-imprenditrici-grandi-sogni\\\/\",\"url\":\"https:\\\/\\\/www.manitese.it\\\/en\\\/burkina-faso-piccole-imprenditrici-grandi-sogni\\\/\",\"name\":\"Burkina Faso: piccole imprenditrici, grandi sogni - Mani Tese\",\"isPartOf\":{\"@id\":\"https:\\\/\\\/www.manitese.it\\\/en\\\/#website\"},\"primaryImageOfPage\":{\"@id\":\"https:\\\/\\\/www.manitese.it\\\/en\\\/burkina-faso-piccole-imprenditrici-grandi-sogni\\\/#primaryimage\"},\"image\":{\"@id\":\"https:\\\/\\\/www.manitese.it\\\/en\\\/burkina-faso-piccole-imprenditrici-grandi-sogni\\\/#primaryimage\"},\"thumbnailUrl\":\"https:\\\/\\\/www.manitese.it\\\/wp-content\\\/uploads\\\/2022\\\/12\\\/header-rid-4-1.jpg\",\"datePublished\":\"2022-12-19T10:07:07+00:00\",\"dateModified\":\"2023-07-20T17:33:17+00:00\",\"author\":{\"@id\":\"https:\\\/\\\/www.manitese.it\\\/en\\\/#\\\/schema\\\/person\\\/5a9774f17e4940e2510bfeba90f04f65\"},\"breadcrumb\":{\"@id\":\"https:\\\/\\\/www.manitese.it\\\/en\\\/burkina-faso-piccole-imprenditrici-grandi-sogni\\\/#breadcrumb\"},\"inLanguage\":\"en-US\",\"potentialAction\":[{\"@type\":\"ReadAction\",\"target\":[\"https:\\\/\\\/www.manitese.it\\\/en\\\/burkina-faso-piccole-imprenditrici-grandi-sogni\\\/\"]}]},{\"@type\":\"ImageObject\",\"inLanguage\":\"en-US\",\"@id\":\"https:\\\/\\\/www.manitese.it\\\/en\\\/burkina-faso-piccole-imprenditrici-grandi-sogni\\\/#primaryimage\",\"url\":\"https:\\\/\\\/www.manitese.it\\\/wp-content\\\/uploads\\\/2022\\\/12\\\/header-rid-4-1.jpg\",\"contentUrl\":\"https:\\\/\\\/www.manitese.it\\\/wp-content\\\/uploads\\\/2022\\\/12\\\/header-rid-4-1.jpg\",\"width\":1919,\"height\":801,\"caption\":\"Alcune donne intente nella creazione di biocompost\"},{\"@type\":\"BreadcrumbList\",\"@id\":\"https:\\\/\\\/www.manitese.it\\\/en\\\/burkina-faso-piccole-imprenditrici-grandi-sogni\\\/#breadcrumb\",\"itemListElement\":[{\"@type\":\"ListItem\",\"position\":1,\"name\":\"Home\",\"item\":\"https:\\\/\\\/www.manitese.it\\\/en\\\/\"},{\"@type\":\"ListItem\",\"position\":2,\"name\":\"Burkina Faso: piccole imprenditrici, grandi sogni\"}]},{\"@type\":\"WebSite\",\"@id\":\"https:\\\/\\\/www.manitese.it\\\/en\\\/#website\",\"url\":\"https:\\\/\\\/www.manitese.it\\\/en\\\/\",\"name\":\"Mani Tese\",\"description\":\"\",\"potentialAction\":[{\"@type\":\"SearchAction\",\"target\":{\"@type\":\"EntryPoint\",\"urlTemplate\":\"https:\\\/\\\/www.manitese.it\\\/en\\\/?s={search_term_string}\"},\"query-input\":{\"@type\":\"PropertyValueSpecification\",\"valueRequired\":true,\"valueName\":\"search_term_string\"}}],\"inLanguage\":\"en-US\"},{\"@type\":\"Person\",\"@id\":\"https:\\\/\\\/www.manitese.it\\\/en\\\/#\\\/schema\\\/person\\\/5a9774f17e4940e2510bfeba90f04f65\",\"name\":\"agevis\",\"image\":{\"@type\":\"ImageObject\",\"inLanguage\":\"en-US\",\"@id\":\"https:\\\/\\\/secure.gravatar.com\\\/avatar\\\/2dc96c93fcf3387a5922a93b50fb3bff01d4800590fb6a4ab91a034adb25ba17?s=96&d=mm&r=g\",\"url\":\"https:\\\/\\\/secure.gravatar.com\\\/avatar\\\/2dc96c93fcf3387a5922a93b50fb3bff01d4800590fb6a4ab91a034adb25ba17?s=96&d=mm&r=g\",\"contentUrl\":\"https:\\\/\\\/secure.gravatar.com\\\/avatar\\\/2dc96c93fcf3387a5922a93b50fb3bff01d4800590fb6a4ab91a034adb25ba17?s=96&d=mm&r=g\",\"caption\":\"agevis\"},\"url\":\"https:\\\/\\\/www.manitese.it\\\/en\\\/author\\\/wp_agevis_admin\\\/\"}]}<\/script>\n<!-- \/ Yoast SEO plugin. -->","yoast_head_json":{"title":"Burkina Faso: piccole imprenditrici, grandi sogni - Mani Tese","robots":{"index":"index","follow":"follow","max-snippet":"max-snippet:-1","max-image-preview":"max-image-preview:large","max-video-preview":"max-video-preview:-1"},"canonical":"https:\/\/www.manitese.it\/en\/burkina-faso-piccole-imprenditrici-grandi-sogni\/","og_locale":"en_US","og_type":"article","og_title":"Burkina Faso: piccole imprenditrici, grandi sogni - Mani Tese","og_description":"La transizione agroecologica come processo di indipendenza ed emancipazione delle donne","og_url":"https:\/\/www.manitese.it\/en\/burkina-faso-piccole-imprenditrici-grandi-sogni\/","og_site_name":"Mani Tese","article_published_time":"2022-12-19T10:07:07+00:00","article_modified_time":"2023-07-20T17:33:17+00:00","og_image":[{"width":1919,"height":801,"url":"https:\/\/www.manitese.it\/wp-content\/uploads\/2022\/12\/header-rid-4-1.jpg","type":"image\/jpeg"}],"author":"agevis","twitter_card":"summary_large_image","twitter_misc":{"Written by":"agevis","Est. reading time":"6 minutes"},"schema":{"@context":"https:\/\/schema.org","@graph":[{"@type":"Article","@id":"https:\/\/www.manitese.it\/en\/burkina-faso-piccole-imprenditrici-grandi-sogni\/#article","isPartOf":{"@id":"https:\/\/www.manitese.it\/en\/burkina-faso-piccole-imprenditrici-grandi-sogni\/"},"author":{"name":"agevis","@id":"https:\/\/www.manitese.it\/en\/#\/schema\/person\/5a9774f17e4940e2510bfeba90f04f65"},"headline":"Burkina Faso: piccole imprenditrici, grandi sogni","datePublished":"2022-12-19T10:07:07+00:00","dateModified":"2023-07-20T17:33:17+00:00","mainEntityOfPage":{"@id":"https:\/\/www.manitese.it\/en\/burkina-faso-piccole-imprenditrici-grandi-sogni\/"},"wordCount":1130,"commentCount":0,"image":{"@id":"https:\/\/www.manitese.it\/en\/burkina-faso-piccole-imprenditrici-grandi-sogni\/#primaryimage"},"thumbnailUrl":"https:\/\/www.manitese.it\/wp-content\/uploads\/2022\/12\/header-rid-4-1.jpg","keywords":["burkina faso","giornale mt"],"articleSection":["Il nostro giornale"],"inLanguage":"en-US","potentialAction":[{"@type":"CommentAction","name":"Comment","target":["https:\/\/www.manitese.it\/en\/burkina-faso-piccole-imprenditrici-grandi-sogni\/#respond"]}]},{"@type":"WebPage","@id":"https:\/\/www.manitese.it\/en\/burkina-faso-piccole-imprenditrici-grandi-sogni\/","url":"https:\/\/www.manitese.it\/en\/burkina-faso-piccole-imprenditrici-grandi-sogni\/","name":"Burkina Faso: piccole imprenditrici, grandi sogni - Mani Tese","isPartOf":{"@id":"https:\/\/www.manitese.it\/en\/#website"},"primaryImageOfPage":{"@id":"https:\/\/www.manitese.it\/en\/burkina-faso-piccole-imprenditrici-grandi-sogni\/#primaryimage"},"image":{"@id":"https:\/\/www.manitese.it\/en\/burkina-faso-piccole-imprenditrici-grandi-sogni\/#primaryimage"},"thumbnailUrl":"https:\/\/www.manitese.it\/wp-content\/uploads\/2022\/12\/header-rid-4-1.jpg","datePublished":"2022-12-19T10:07:07+00:00","dateModified":"2023-07-20T17:33:17+00:00","author":{"@id":"https:\/\/www.manitese.it\/en\/#\/schema\/person\/5a9774f17e4940e2510bfeba90f04f65"},"breadcrumb":{"@id":"https:\/\/www.manitese.it\/en\/burkina-faso-piccole-imprenditrici-grandi-sogni\/#breadcrumb"},"inLanguage":"en-US","potentialAction":[{"@type":"ReadAction","target":["https:\/\/www.manitese.it\/en\/burkina-faso-piccole-imprenditrici-grandi-sogni\/"]}]},{"@type":"ImageObject","inLanguage":"en-US","@id":"https:\/\/www.manitese.it\/en\/burkina-faso-piccole-imprenditrici-grandi-sogni\/#primaryimage","url":"https:\/\/www.manitese.it\/wp-content\/uploads\/2022\/12\/header-rid-4-1.jpg","contentUrl":"https:\/\/www.manitese.it\/wp-content\/uploads\/2022\/12\/header-rid-4-1.jpg","width":1919,"height":801,"caption":"Alcune donne intente nella creazione di biocompost"},{"@type":"BreadcrumbList","@id":"https:\/\/www.manitese.it\/en\/burkina-faso-piccole-imprenditrici-grandi-sogni\/#breadcrumb","itemListElement":[{"@type":"ListItem","position":1,"name":"Home","item":"https:\/\/www.manitese.it\/en\/"},{"@type":"ListItem","position":2,"name":"Burkina Faso: piccole imprenditrici, grandi sogni"}]},{"@type":"WebSite","@id":"https:\/\/www.manitese.it\/en\/#website","url":"https:\/\/www.manitese.it\/en\/","name":"Mani Tese","description":"","potentialAction":[{"@type":"SearchAction","target":{"@type":"EntryPoint","urlTemplate":"https:\/\/www.manitese.it\/en\/?s={search_term_string}"},"query-input":{"@type":"PropertyValueSpecification","valueRequired":true,"valueName":"search_term_string"}}],"inLanguage":"en-US"},{"@type":"Person","@id":"https:\/\/www.manitese.it\/en\/#\/schema\/person\/5a9774f17e4940e2510bfeba90f04f65","name":"agevis","image":{"@type":"ImageObject","inLanguage":"en-US","@id":"https:\/\/secure.gravatar.com\/avatar\/2dc96c93fcf3387a5922a93b50fb3bff01d4800590fb6a4ab91a034adb25ba17?s=96&d=mm&r=g","url":"https:\/\/secure.gravatar.com\/avatar\/2dc96c93fcf3387a5922a93b50fb3bff01d4800590fb6a4ab91a034adb25ba17?s=96&d=mm&r=g","contentUrl":"https:\/\/secure.gravatar.com\/avatar\/2dc96c93fcf3387a5922a93b50fb3bff01d4800590fb6a4ab91a034adb25ba17?s=96&d=mm&r=g","caption":"agevis"},"url":"https:\/\/www.manitese.it\/en\/author\/wp_agevis_admin\/"}]}},"jetpack_featured_media_url":"https:\/\/www.manitese.it\/wp-content\/uploads\/2022\/12\/header-rid-4-1.jpg","jetpack_sharing_enabled":true,"_links":{"self":[{"href":"https:\/\/www.manitese.it\/en\/wp-json\/wp\/v2\/posts\/167349","targetHints":{"allow":["GET"]}}],"collection":[{"href":"https:\/\/www.manitese.it\/en\/wp-json\/wp\/v2\/posts"}],"about":[{"href":"https:\/\/www.manitese.it\/en\/wp-json\/wp\/v2\/types\/post"}],"author":[{"embeddable":true,"href":"https:\/\/www.manitese.it\/en\/wp-json\/wp\/v2\/users\/1"}],"replies":[{"embeddable":true,"href":"https:\/\/www.manitese.it\/en\/wp-json\/wp\/v2\/comments?post=167349"}],"version-history":[{"count":2,"href":"https:\/\/www.manitese.it\/en\/wp-json\/wp\/v2\/posts\/167349\/revisions"}],"predecessor-version":[{"id":177600,"href":"https:\/\/www.manitese.it\/en\/wp-json\/wp\/v2\/posts\/167349\/revisions\/177600"}],"wp:featuredmedia":[{"embeddable":true,"href":"https:\/\/www.manitese.it\/en\/wp-json\/wp\/v2\/media\/167361"}],"wp:attachment":[{"href":"https:\/\/www.manitese.it\/en\/wp-json\/wp\/v2\/media?parent=167349"}],"wp:term":[{"taxonomy":"category","embeddable":true,"href":"https:\/\/www.manitese.it\/en\/wp-json\/wp\/v2\/categories?post=167349"},{"taxonomy":"post_tag","embeddable":true,"href":"https:\/\/www.manitese.it\/en\/wp-json\/wp\/v2\/tags?post=167349"},{"taxonomy":"thematic_area","embeddable":true,"href":"https:\/\/www.manitese.it\/en\/wp-json\/wp\/v2\/thematic_area?post=167349"}],"curies":[{"name":"wp","href":"https:\/\/api.w.org\/{rel}","templated":true}]}}