{"id":167328,"date":"2022-12-19T11:06:06","date_gmt":"2022-12-19T10:06:06","guid":{"rendered":"https:\/\/manitese.it\/?p=167328"},"modified":"2023-07-20T19:33:48","modified_gmt":"2023-07-20T17:33:48","slug":"minacce-di-genere","status":"publish","type":"post","link":"https:\/\/www.manitese.it\/en\/minacce-di-genere\/","title":{"rendered":"Minacce di genere"},"content":{"rendered":"\n<p><em>Di Stefania Prandi, giornalista e fotografa<\/em> (<a href=\"https:\/\/stefaniaprandi.media\/\" target=\"_blank\" rel=\"noreferrer noopener\">sito web<\/a>)<\/p>\n\n\n\n<p>La foto di Mahsa Amini, stretta tra le mani di migliaia di manifestanti per le strade di Teheran, \u00e8 diventata l\u2019emblema della resistenza delle donne iraniane, oppresse dalle rigide regole del potere maschile. L\u2019arresto e l\u2019uccisione di Mahsa Amini per mano della Polizia morale, perch\u00e9 aveva liberato dall\u2019hijab delle ciocche di capelli, hanno provocato un movimento che sta scuotendo le coscienze in alcune parti del mondo. La reazione del regime \u00e8 stata feroce: si stima che dall\u2019inizio delle proteste, in Iran, siano state assassinate oltre 280 persone, con pi\u00f9 di 14mila arresti (sui quali pende il rischio della pena di morte).<br>La lotta delle donne in Afghanistan, dove dallo scorso anno, con la presa del Paese dei talebani, \u00e8 stato spazzato via il percorso di ricostruzione dei diritti femminili degli ultimi vent\u2019anni, \u00e8 diventata di nuovo di piazza dopo l\u2019attacco suicida del settembre scorso al centro educativo Kaaj di Kabul. L\u2019attentato, di probabile matrice talebana, avvenuto mentre le studentesse della minoranza hazara dovevano sostenere l\u2019esame di ammissione all\u2019universit\u00e0, ha provocato 53 vittime, la maggior parte delle quali ragazze, e centodieci feriti. Immediate le proteste nelle province di tutto l\u2019Afghanistan, da Teheran a Ghazni e Nangarhar. Le autorit\u00e0 hanno risposto picchiando le manifestanti e usando armi per disperderle.<br>Negli Stati Uniti, lo scorso 24 giugno, la Corte suprema ha ribaltato la storica sentenza del 1973 che aveva riconosciuto il diritto all\u2019interruzione volontaria di gravidanza, legalizzandolo a livello federale. La cancellazione dell\u2019accesso legale all\u2019aborto &#8211; fondamentale per l\u2019autodeterminazione individuale femminile &#8211; \u00e8 un segnale inquietante e, di fatto, legittima le scelte antiabortiste di Paesi come l\u2019Ungheria e<br>la Polonia.<\/p>\n\n\n<div class=\"wp-block-image\">\n<figure class=\"aligncenter size-large\"><img decoding=\"async\" src=\"https:\/\/manitese.it\/wp-content\/uploads\/2022\/12\/prima-scelta_Stefania-Prandi-1024x684.jpg\" alt=\"\" class=\"wp-image-167335\"\/><figcaption>\u00a9Stefania Prandi<\/figcaption><\/figure>\n<\/div>\n\n\n<p>Secondo le Nazioni Unite, l\u2019impatto della pandemia Covid-19, le conseguenze del global warming e i conflitti geopolitici rappresentano una minaccia per l\u2019uguaglianza di genere e i diritti delle donne in tutto il mondo. Ma, nonostante diversi rapporti internazionali abbiano sollecitato interventi a livello governativo, la maggior parte dei Paesi non ha prestato sufficiente attenzione alle dinamiche di genere.<br>I dati sull\u2019occupazione femminile restano poco incoraggianti: le donne lavorano in molti casi ancora part-time per \u201cconciliare\u201d vita familiare e pubblica, continuano a svolgere la maggior parte delle attivit\u00e0 domestiche e di cura e sono retribuite meno degli uomini. Il 75% della forza lavoro femminile nel Sud globale appartiene all\u2019economia informale, dove \u00e8 pi\u00f9 difficile avere contratti regolari, diritti legali o protezione sociale; spesso le paghe non sono sufficienti per sfuggire alla povert\u00e0. Nei paesi a basso reddito solo un terzo delle ragazze conclude la scuola secondaria, contro quasi la met\u00e0 dei ragazzi.<br>Durante i numerosi lockdown, le bambine e le adolescenti sono state le pi\u00f9 penalizzate anche per il carico delle faccende domestiche, tra pulizie, preparazione dei pasti e cura dei fratelli. <br>Le gravidanze precoci tra le under quattordici, dovute alle violenze sessuali, sono aumentate di circa il 25% tra il 2020 e il 2021, con conseguente abbandono scolastico. Nel mondo 736 milioni di donne &#8211; quasi una su tre &#8211; hanno subito, almeno una volta nella vita, una violenza maschile. I tassi di depressione, disturbi d\u2019ansia, suicidi, gravidanze non pianificate, infezioni sessualmente trasmesse e HIV sono pi\u00f9 alti in chi ha vissuto abusi, molesti e stupri. La maggior parte degli \u201cabusanti\u201d sono partner o mariti. Al fenomeno non sfuggono le nuove generazioni: quasi una ragazza adolescente su quattro che ha avuto una relazione, \u00e8 stata maltrattata, picchiata o violentata dal fidanzato. Lo stupro continua a essere uno dei crimini pi\u00f9 diffusi nei conflitti in corso. Le Nazioni Unite, l\u2019Unione Europea e molte associazioni hanno chiesto di indagare e punire le violenze sessuali utilizzate dai russi in Ucraina come arma da guerra. Il problema \u00e8 l\u2019estrema difficolt\u00e0 di raccogliere prove e ottenere giustizia.<\/p>\n\n\n\n<figure class=\"wp-block-image size-large\"><img decoding=\"async\" src=\"https:\/\/manitese.it\/wp-content\/uploads\/2022\/12\/seconda-scelta_Stefania-Prandi-1024x684.jpg\" alt=\"\" class=\"wp-image-167337\"\/><figcaption>\u00a9Stefania Prandi<\/figcaption><\/figure>\n\n\n\n<p>I movimenti internazionali delle donne da quasi un decennio prendono spunto da quelli dall\u2019America latina che registra i tassi di femminicidio \u2013 termine con cui si intende l\u2019uccisione di una donna a causa del suo genere di appartenenza, per motivi di odio, disprezzo, piacere o senso del possesso \u2013 pi\u00f9 alti al mondo. Dal 2015, quando a Buenos Aires c\u2019\u00e8 stata la prima manifestazione femminista che ha dato origine al movimento Ni una menos, le mobilitazioni hanno coinvolto diversi paesi sudamericani, raggiungendo in poco tempo il resto del mondo. <br>Nel 2019 una ripresa della lotta \u00e8 giunta dal Cile, con gli slogan del collettivo cileno Las Tesis: \u201cLa colpa non \u00e8 mia, n\u00e9 di dov\u2019ero, n\u00e9 di come ero vestita\u201d; \u201clo stupratore sei tu\u201d. Ma le azioni delle attiviste causano sempre dei contraccolpi, i cosiddetti \u201cbacklash\u201d. Nel 2020, appena approvata la legge sull\u2019\u201caborto sicuro\u201d in Argentina, paesi come l\u2019Honduras hanno blindato la costituzione<br>in chiave antiabortista.<\/p>\n\n\n\n<p>L\u2019ultimo rapporto dell\u2019European Institute for Gender Equality (Eige) indica che nemmeno in Italia la situazione \u00e8 rosea, per usare un eufemismo. In certi ambiti, come quello del lavoro, i dati italiani sono tra i peggiori dell\u2019Unione Europea: soltanto circa il 30% delle donne \u00e8 occupata a tempo pieno rispetto alla met\u00e0 degli uomini. Le donne italiane continuano a guadagnare meno, con un salario medio mensile inferiore del 16%, che sale al 35% tra le laureate. Nonostante per la prima volta nella storia d\u2019Italia una donna sia diventata presidente del Consiglio, la percentuale femminile in Parlamento \u00e8 scesa del 3% rispetto alla legislatura precedente e soltanto un ministro su quattro \u00e8 donna. Scrive la rivista online di informazione www.ingenere.it: \u201cLa destra di Giorgia Meloni ha gi\u00e0 lanciato una serie di messaggi chiari e precisi sul fronte della libert\u00e0 delle donne e dei diritti civili\u201d, in nome di una certa retorica fondata sul mito<br>della \u201cvera femminilit\u00e0\u201d, della \u201cbuona madre\u201d e del perbenismo, \u201csulla difesa di una rinnovata idea di nazione che chiude le frontiere agli altri, chiunque siano\u201d.<\/p>\n\n\n\n<p><em>Articolo pubblicato nel numero di dicembre 2022 del Giornale di Mani Tese<\/em>: <a rel=\"noreferrer noopener\" href=\"https:\/\/manitese.it\/wp-content\/uploads\/2022\/12\/Giornale-MT-Dicembre-2022.pdf\" target=\"_blank\"><strong><em>LINK<\/em><\/strong><\/a><\/p>\n","protected":false},"excerpt":{"rendered":"<p>La condizione delle donne nel mondo, tra violenze, discriminazioni e lotte.<\/p>\n","protected":false},"author":1,"featured_media":167342,"comment_status":"open","ping_status":"open","sticky":false,"template":"","format":"standard","meta":{"_acf_changed":false,"give_campaign_id":0,"inline_featured_image":false,"_jetpack_memberships_contains_paid_content":false,"footnotes":""},"categories":[12],"tags":[45,74],"thematic_area":[],"class_list":["post-167328","post","type-post","status-publish","format-standard","has-post-thumbnail","hentry","category-il-nostro-giornale","tag-giornale-mt","tag-violenza-di-genere"],"acf":[],"yoast_head":"<!-- This site is optimized with the Yoast SEO plugin v27.5 - https:\/\/yoast.com\/product\/yoast-seo-wordpress\/ -->\n<title>Minacce di genere - Mani Tese<\/title>\n<meta name=\"robots\" content=\"index, follow, max-snippet:-1, max-image-preview:large, max-video-preview:-1\" \/>\n<link rel=\"canonical\" href=\"https:\/\/www.manitese.it\/en\/minacce-di-genere\/\" \/>\n<meta property=\"og:locale\" content=\"en_US\" \/>\n<meta property=\"og:type\" content=\"article\" \/>\n<meta property=\"og:title\" content=\"Minacce di genere - Mani Tese\" \/>\n<meta property=\"og:description\" content=\"La condizione delle donne nel mondo, tra violenze, discriminazioni e lotte.\" \/>\n<meta property=\"og:url\" content=\"https:\/\/www.manitese.it\/en\/minacce-di-genere\/\" \/>\n<meta property=\"og:site_name\" content=\"Mani Tese\" \/>\n<meta property=\"article:published_time\" content=\"2022-12-19T10:06:06+00:00\" \/>\n<meta property=\"article:modified_time\" content=\"2023-07-20T17:33:48+00:00\" \/>\n<meta property=\"og:image\" content=\"https:\/\/www.manitese.it\/wp-content\/uploads\/2022\/12\/header-rid-3-1.jpg\" \/>\n\t<meta property=\"og:image:width\" content=\"1915\" \/>\n\t<meta property=\"og:image:height\" content=\"801\" \/>\n\t<meta property=\"og:image:type\" content=\"image\/jpeg\" \/>\n<meta name=\"author\" content=\"agevis\" \/>\n<meta name=\"twitter:card\" content=\"summary_large_image\" \/>\n<meta name=\"twitter:label1\" content=\"Written by\" \/>\n\t<meta name=\"twitter:data1\" content=\"agevis\" \/>\n\t<meta name=\"twitter:label2\" content=\"Est. reading time\" \/>\n\t<meta name=\"twitter:data2\" content=\"5 minutes\" \/>\n<script type=\"application\/ld+json\" class=\"yoast-schema-graph\">{\"@context\":\"https:\\\/\\\/schema.org\",\"@graph\":[{\"@type\":\"Article\",\"@id\":\"https:\\\/\\\/www.manitese.it\\\/en\\\/minacce-di-genere\\\/#article\",\"isPartOf\":{\"@id\":\"https:\\\/\\\/www.manitese.it\\\/en\\\/minacce-di-genere\\\/\"},\"author\":{\"name\":\"agevis\",\"@id\":\"https:\\\/\\\/www.manitese.it\\\/en\\\/#\\\/schema\\\/person\\\/5a9774f17e4940e2510bfeba90f04f65\"},\"headline\":\"Minacce di genere\",\"datePublished\":\"2022-12-19T10:06:06+00:00\",\"dateModified\":\"2023-07-20T17:33:48+00:00\",\"mainEntityOfPage\":{\"@id\":\"https:\\\/\\\/www.manitese.it\\\/en\\\/minacce-di-genere\\\/\"},\"wordCount\":968,\"commentCount\":0,\"image\":{\"@id\":\"https:\\\/\\\/www.manitese.it\\\/en\\\/minacce-di-genere\\\/#primaryimage\"},\"thumbnailUrl\":\"https:\\\/\\\/www.manitese.it\\\/wp-content\\\/uploads\\\/2022\\\/12\\\/header-rid-3-1.jpg\",\"keywords\":[\"giornale mt\",\"violenza di genere\"],\"articleSection\":[\"Il nostro giornale\"],\"inLanguage\":\"en-US\",\"potentialAction\":[{\"@type\":\"CommentAction\",\"name\":\"Comment\",\"target\":[\"https:\\\/\\\/www.manitese.it\\\/en\\\/minacce-di-genere\\\/#respond\"]}]},{\"@type\":\"WebPage\",\"@id\":\"https:\\\/\\\/www.manitese.it\\\/en\\\/minacce-di-genere\\\/\",\"url\":\"https:\\\/\\\/www.manitese.it\\\/en\\\/minacce-di-genere\\\/\",\"name\":\"Minacce di genere - Mani Tese\",\"isPartOf\":{\"@id\":\"https:\\\/\\\/www.manitese.it\\\/en\\\/#website\"},\"primaryImageOfPage\":{\"@id\":\"https:\\\/\\\/www.manitese.it\\\/en\\\/minacce-di-genere\\\/#primaryimage\"},\"image\":{\"@id\":\"https:\\\/\\\/www.manitese.it\\\/en\\\/minacce-di-genere\\\/#primaryimage\"},\"thumbnailUrl\":\"https:\\\/\\\/www.manitese.it\\\/wp-content\\\/uploads\\\/2022\\\/12\\\/header-rid-3-1.jpg\",\"datePublished\":\"2022-12-19T10:06:06+00:00\",\"dateModified\":\"2023-07-20T17:33:48+00:00\",\"author\":{\"@id\":\"https:\\\/\\\/www.manitese.it\\\/en\\\/#\\\/schema\\\/person\\\/5a9774f17e4940e2510bfeba90f04f65\"},\"breadcrumb\":{\"@id\":\"https:\\\/\\\/www.manitese.it\\\/en\\\/minacce-di-genere\\\/#breadcrumb\"},\"inLanguage\":\"en-US\",\"potentialAction\":[{\"@type\":\"ReadAction\",\"target\":[\"https:\\\/\\\/www.manitese.it\\\/en\\\/minacce-di-genere\\\/\"]}]},{\"@type\":\"ImageObject\",\"inLanguage\":\"en-US\",\"@id\":\"https:\\\/\\\/www.manitese.it\\\/en\\\/minacce-di-genere\\\/#primaryimage\",\"url\":\"https:\\\/\\\/www.manitese.it\\\/wp-content\\\/uploads\\\/2022\\\/12\\\/header-rid-3-1.jpg\",\"contentUrl\":\"https:\\\/\\\/www.manitese.it\\\/wp-content\\\/uploads\\\/2022\\\/12\\\/header-rid-3-1.jpg\",\"width\":1915,\"height\":801,\"caption\":\"Un gruppo di donne\"},{\"@type\":\"BreadcrumbList\",\"@id\":\"https:\\\/\\\/www.manitese.it\\\/en\\\/minacce-di-genere\\\/#breadcrumb\",\"itemListElement\":[{\"@type\":\"ListItem\",\"position\":1,\"name\":\"Home\",\"item\":\"https:\\\/\\\/www.manitese.it\\\/en\\\/\"},{\"@type\":\"ListItem\",\"position\":2,\"name\":\"Minacce di genere\"}]},{\"@type\":\"WebSite\",\"@id\":\"https:\\\/\\\/www.manitese.it\\\/en\\\/#website\",\"url\":\"https:\\\/\\\/www.manitese.it\\\/en\\\/\",\"name\":\"Mani Tese\",\"description\":\"\",\"potentialAction\":[{\"@type\":\"SearchAction\",\"target\":{\"@type\":\"EntryPoint\",\"urlTemplate\":\"https:\\\/\\\/www.manitese.it\\\/en\\\/?s={search_term_string}\"},\"query-input\":{\"@type\":\"PropertyValueSpecification\",\"valueRequired\":true,\"valueName\":\"search_term_string\"}}],\"inLanguage\":\"en-US\"},{\"@type\":\"Person\",\"@id\":\"https:\\\/\\\/www.manitese.it\\\/en\\\/#\\\/schema\\\/person\\\/5a9774f17e4940e2510bfeba90f04f65\",\"name\":\"agevis\",\"image\":{\"@type\":\"ImageObject\",\"inLanguage\":\"en-US\",\"@id\":\"https:\\\/\\\/secure.gravatar.com\\\/avatar\\\/2dc96c93fcf3387a5922a93b50fb3bff01d4800590fb6a4ab91a034adb25ba17?s=96&d=mm&r=g\",\"url\":\"https:\\\/\\\/secure.gravatar.com\\\/avatar\\\/2dc96c93fcf3387a5922a93b50fb3bff01d4800590fb6a4ab91a034adb25ba17?s=96&d=mm&r=g\",\"contentUrl\":\"https:\\\/\\\/secure.gravatar.com\\\/avatar\\\/2dc96c93fcf3387a5922a93b50fb3bff01d4800590fb6a4ab91a034adb25ba17?s=96&d=mm&r=g\",\"caption\":\"agevis\"},\"url\":\"https:\\\/\\\/www.manitese.it\\\/en\\\/author\\\/wp_agevis_admin\\\/\"}]}<\/script>\n<!-- \/ Yoast SEO plugin. -->","yoast_head_json":{"title":"Minacce di genere - Mani Tese","robots":{"index":"index","follow":"follow","max-snippet":"max-snippet:-1","max-image-preview":"max-image-preview:large","max-video-preview":"max-video-preview:-1"},"canonical":"https:\/\/www.manitese.it\/en\/minacce-di-genere\/","og_locale":"en_US","og_type":"article","og_title":"Minacce di genere - Mani Tese","og_description":"La condizione delle donne nel mondo, tra violenze, discriminazioni e lotte.","og_url":"https:\/\/www.manitese.it\/en\/minacce-di-genere\/","og_site_name":"Mani Tese","article_published_time":"2022-12-19T10:06:06+00:00","article_modified_time":"2023-07-20T17:33:48+00:00","og_image":[{"width":1915,"height":801,"url":"https:\/\/www.manitese.it\/wp-content\/uploads\/2022\/12\/header-rid-3-1.jpg","type":"image\/jpeg"}],"author":"agevis","twitter_card":"summary_large_image","twitter_misc":{"Written by":"agevis","Est. reading time":"5 minutes"},"schema":{"@context":"https:\/\/schema.org","@graph":[{"@type":"Article","@id":"https:\/\/www.manitese.it\/en\/minacce-di-genere\/#article","isPartOf":{"@id":"https:\/\/www.manitese.it\/en\/minacce-di-genere\/"},"author":{"name":"agevis","@id":"https:\/\/www.manitese.it\/en\/#\/schema\/person\/5a9774f17e4940e2510bfeba90f04f65"},"headline":"Minacce di genere","datePublished":"2022-12-19T10:06:06+00:00","dateModified":"2023-07-20T17:33:48+00:00","mainEntityOfPage":{"@id":"https:\/\/www.manitese.it\/en\/minacce-di-genere\/"},"wordCount":968,"commentCount":0,"image":{"@id":"https:\/\/www.manitese.it\/en\/minacce-di-genere\/#primaryimage"},"thumbnailUrl":"https:\/\/www.manitese.it\/wp-content\/uploads\/2022\/12\/header-rid-3-1.jpg","keywords":["giornale mt","violenza di genere"],"articleSection":["Il nostro giornale"],"inLanguage":"en-US","potentialAction":[{"@type":"CommentAction","name":"Comment","target":["https:\/\/www.manitese.it\/en\/minacce-di-genere\/#respond"]}]},{"@type":"WebPage","@id":"https:\/\/www.manitese.it\/en\/minacce-di-genere\/","url":"https:\/\/www.manitese.it\/en\/minacce-di-genere\/","name":"Minacce di genere - Mani Tese","isPartOf":{"@id":"https:\/\/www.manitese.it\/en\/#website"},"primaryImageOfPage":{"@id":"https:\/\/www.manitese.it\/en\/minacce-di-genere\/#primaryimage"},"image":{"@id":"https:\/\/www.manitese.it\/en\/minacce-di-genere\/#primaryimage"},"thumbnailUrl":"https:\/\/www.manitese.it\/wp-content\/uploads\/2022\/12\/header-rid-3-1.jpg","datePublished":"2022-12-19T10:06:06+00:00","dateModified":"2023-07-20T17:33:48+00:00","author":{"@id":"https:\/\/www.manitese.it\/en\/#\/schema\/person\/5a9774f17e4940e2510bfeba90f04f65"},"breadcrumb":{"@id":"https:\/\/www.manitese.it\/en\/minacce-di-genere\/#breadcrumb"},"inLanguage":"en-US","potentialAction":[{"@type":"ReadAction","target":["https:\/\/www.manitese.it\/en\/minacce-di-genere\/"]}]},{"@type":"ImageObject","inLanguage":"en-US","@id":"https:\/\/www.manitese.it\/en\/minacce-di-genere\/#primaryimage","url":"https:\/\/www.manitese.it\/wp-content\/uploads\/2022\/12\/header-rid-3-1.jpg","contentUrl":"https:\/\/www.manitese.it\/wp-content\/uploads\/2022\/12\/header-rid-3-1.jpg","width":1915,"height":801,"caption":"Un gruppo di donne"},{"@type":"BreadcrumbList","@id":"https:\/\/www.manitese.it\/en\/minacce-di-genere\/#breadcrumb","itemListElement":[{"@type":"ListItem","position":1,"name":"Home","item":"https:\/\/www.manitese.it\/en\/"},{"@type":"ListItem","position":2,"name":"Minacce di genere"}]},{"@type":"WebSite","@id":"https:\/\/www.manitese.it\/en\/#website","url":"https:\/\/www.manitese.it\/en\/","name":"Mani Tese","description":"","potentialAction":[{"@type":"SearchAction","target":{"@type":"EntryPoint","urlTemplate":"https:\/\/www.manitese.it\/en\/?s={search_term_string}"},"query-input":{"@type":"PropertyValueSpecification","valueRequired":true,"valueName":"search_term_string"}}],"inLanguage":"en-US"},{"@type":"Person","@id":"https:\/\/www.manitese.it\/en\/#\/schema\/person\/5a9774f17e4940e2510bfeba90f04f65","name":"agevis","image":{"@type":"ImageObject","inLanguage":"en-US","@id":"https:\/\/secure.gravatar.com\/avatar\/2dc96c93fcf3387a5922a93b50fb3bff01d4800590fb6a4ab91a034adb25ba17?s=96&d=mm&r=g","url":"https:\/\/secure.gravatar.com\/avatar\/2dc96c93fcf3387a5922a93b50fb3bff01d4800590fb6a4ab91a034adb25ba17?s=96&d=mm&r=g","contentUrl":"https:\/\/secure.gravatar.com\/avatar\/2dc96c93fcf3387a5922a93b50fb3bff01d4800590fb6a4ab91a034adb25ba17?s=96&d=mm&r=g","caption":"agevis"},"url":"https:\/\/www.manitese.it\/en\/author\/wp_agevis_admin\/"}]}},"jetpack_featured_media_url":"https:\/\/www.manitese.it\/wp-content\/uploads\/2022\/12\/header-rid-3-1.jpg","jetpack_sharing_enabled":true,"_links":{"self":[{"href":"https:\/\/www.manitese.it\/en\/wp-json\/wp\/v2\/posts\/167328","targetHints":{"allow":["GET"]}}],"collection":[{"href":"https:\/\/www.manitese.it\/en\/wp-json\/wp\/v2\/posts"}],"about":[{"href":"https:\/\/www.manitese.it\/en\/wp-json\/wp\/v2\/types\/post"}],"author":[{"embeddable":true,"href":"https:\/\/www.manitese.it\/en\/wp-json\/wp\/v2\/users\/1"}],"replies":[{"embeddable":true,"href":"https:\/\/www.manitese.it\/en\/wp-json\/wp\/v2\/comments?post=167328"}],"version-history":[{"count":2,"href":"https:\/\/www.manitese.it\/en\/wp-json\/wp\/v2\/posts\/167328\/revisions"}],"predecessor-version":[{"id":177602,"href":"https:\/\/www.manitese.it\/en\/wp-json\/wp\/v2\/posts\/167328\/revisions\/177602"}],"wp:featuredmedia":[{"embeddable":true,"href":"https:\/\/www.manitese.it\/en\/wp-json\/wp\/v2\/media\/167342"}],"wp:attachment":[{"href":"https:\/\/www.manitese.it\/en\/wp-json\/wp\/v2\/media?parent=167328"}],"wp:term":[{"taxonomy":"category","embeddable":true,"href":"https:\/\/www.manitese.it\/en\/wp-json\/wp\/v2\/categories?post=167328"},{"taxonomy":"post_tag","embeddable":true,"href":"https:\/\/www.manitese.it\/en\/wp-json\/wp\/v2\/tags?post=167328"},{"taxonomy":"thematic_area","embeddable":true,"href":"https:\/\/www.manitese.it\/en\/wp-json\/wp\/v2\/thematic_area?post=167328"}],"curies":[{"name":"wp","href":"https:\/\/api.w.org\/{rel}","templated":true}]}}