{"id":164806,"date":"2022-11-24T14:46:08","date_gmt":"2022-11-24T13:46:08","guid":{"rendered":"https:\/\/manitese.it\/?p=164806"},"modified":"2023-07-21T14:39:21","modified_gmt":"2023-07-21T12:39:21","slug":"pace-cibo-e-ambiente-in-burkina-faso","status":"publish","type":"post","link":"https:\/\/www.manitese.it\/en\/pace-cibo-e-ambiente-in-burkina-faso\/","title":{"rendered":"Pace, cibo e ambiente in Burkina Faso"},"content":{"rendered":"\n<p>Il Burkina Faso \u00e8 uno dei paesi pi\u00f9 poveri al mondo. Alla povert\u00e0 estrema, si sono aggiunti gli effetti dei cambiamenti climatici e il degrado delle risorse ambientali, che hanno un forte impatto sulla sicurezza alimentare della popolazione burkinab\u00e9. Non solo, negli ultimi anni la crescente insicurezza e il conseguente spostamento di grandi masse di popolazione ha dato origine anche a una crisi umanitaria senza precedenti, che coinvolge milioni di persone.<\/p>\n\n\n\n<p>In questo scenario diventa fondamentale il ruolo delle popolazioni locali, in particolare delle donne, sostenute dalla cooperazione internazionale. L&#8217;evento &#8220;<a href=\"https:\/\/www.eventbrite.it\/e\/biglietti-pace-cibo-e-ambiente-in-burkina-faso-465865164247\"><strong>PACE, CIBO E AMBIENTE IN BURKINA FASO. Le risposte della cooperazione internazionale e il ruolo delle donne<\/strong><\/a>&#8220;, che si terr\u00e0 il 3 dicembre, dalle 10.00 alle 13.00, presso il Centro Universitario in via Zabarella 82, a Padova, si pone l&#8217;obiettivo di condividere e valorizzare l&#8217;impegno delle donne bukinab\u00e9 che lottano ogni giorno per garantire un futuro migliore ai propri villaggi.<\/p>\n\n\n\n<p>L&#8217;evento, gratuito con iscrizione obbligatoria, \u00e8 organizzato nell&#8217;ambito dei progetti di cooperazione internazionale &#8220;Progetto per il miglioramento delle condizioni nutrizionali di donne e bambini nei distretti sanitari di Garango e Tenkodogo, Burkina Faso&#8221;, in collaborazione con AICS, e &#8220;Donne al centro per uno sviluppo inclusivo e sostenibile&#8221; e con Regione Veneto.<\/p>\n\n\n\n<p>Le iscrizioni online chiuderanno venerd\u00ec 2 dicembre alle ore 23.<\/p>\n\n\n\n<p><em>Di seguito la locandina con il programma dell\u2019evento:<\/em><\/p>\n\n\n<div class=\"wp-block-image\">\n<figure class=\"aligncenter size-large\"><a href=\"https:\/\/manitese.it\/wp-content\/uploads\/2022\/11\/flyer_burkina2_page-0001.jpg\"><img decoding=\"async\" src=\"https:\/\/manitese.it\/wp-content\/uploads\/2022\/11\/flyer_burkina2_page-0001-724x1024.jpg\" alt=\"\" class=\"wp-image-164809\"\/><\/a><figcaption>Locandina dell&#8217;Evento<\/figcaption><\/figure>\n<\/div>","protected":false},"excerpt":{"rendered":"<p>Le risposte della cooperazione internazionale e il ruolo delle donne. Mani Tese ne parla, assieme ad altre associazioni, in un evento che si terr\u00e0 il 3 dicembre 2022 a Padova.<\/p>\n","protected":false},"author":1,"featured_media":164813,"comment_status":"open","ping_status":"open","sticky":false,"template":"","format":"standard","meta":{"_acf_changed":false,"give_campaign_id":0,"inline_featured_image":false,"_jetpack_memberships_contains_paid_content":false,"footnotes":""},"categories":[24],"tags":[84,85,86],"thematic_area":[],"class_list":["post-164806","post","type-post","status-publish","format-standard","has-post-thumbnail","hentry","category-eventi","tag-etifor","tag-evento","tag-padova"],"acf":[],"yoast_head":"<!-- This site is optimized with the Yoast SEO plugin v27.5 - https:\/\/yoast.com\/product\/yoast-seo-wordpress\/ -->\n<title>Pace, cibo e ambiente in Burkina Faso - Mani Tese<\/title>\n<meta name=\"description\" content=\"Le risposte della cooperazione internazionale e il ruolo delle donne. Mani Tese ne parla, assieme ad altre associazioni, in un evento che si terr\u00e0 il 3 dicembre 2022 a Padova.\" \/>\n<meta name=\"robots\" content=\"index, follow, max-snippet:-1, max-image-preview:large, max-video-preview:-1\" \/>\n<link rel=\"canonical\" href=\"https:\/\/www.manitese.it\/en\/pace-cibo-e-ambiente-in-burkina-faso\/\" \/>\n<meta property=\"og:locale\" content=\"en_US\" \/>\n<meta property=\"og:type\" content=\"article\" \/>\n<meta property=\"og:title\" content=\"Pace, cibo e ambiente in Burkina Faso - Mani Tese\" \/>\n<meta property=\"og:description\" content=\"Le risposte della cooperazione internazionale e il ruolo delle donne. Mani Tese ne parla, assieme ad altre associazioni, in un evento che si terr\u00e0 il 3 dicembre 2022 a Padova.\" \/>\n<meta property=\"og:url\" content=\"https:\/\/www.manitese.it\/en\/pace-cibo-e-ambiente-in-burkina-faso\/\" \/>\n<meta property=\"og:site_name\" content=\"Mani Tese\" \/>\n<meta property=\"article:published_time\" content=\"2022-11-24T13:46:08+00:00\" \/>\n<meta property=\"article:modified_time\" content=\"2023-07-21T12:39:21+00:00\" \/>\n<meta property=\"og:image\" content=\"https:\/\/www.manitese.it\/wp-content\/uploads\/2022\/11\/Etifor-rid-1.jpg\" \/>\n\t<meta property=\"og:image:width\" content=\"1919\" \/>\n\t<meta property=\"og:image:height\" content=\"801\" \/>\n\t<meta property=\"og:image:type\" content=\"image\/jpeg\" \/>\n<meta name=\"author\" content=\"agevis\" \/>\n<meta name=\"twitter:card\" content=\"summary_large_image\" \/>\n<meta name=\"twitter:label1\" content=\"Written by\" \/>\n\t<meta name=\"twitter:data1\" content=\"agevis\" \/>\n\t<meta name=\"twitter:label2\" content=\"Est. reading time\" \/>\n\t<meta name=\"twitter:data2\" content=\"1 minute\" \/>\n<script type=\"application\/ld+json\" class=\"yoast-schema-graph\">{\"@context\":\"https:\\\/\\\/schema.org\",\"@graph\":[{\"@type\":\"Article\",\"@id\":\"https:\\\/\\\/www.manitese.it\\\/en\\\/pace-cibo-e-ambiente-in-burkina-faso\\\/#article\",\"isPartOf\":{\"@id\":\"https:\\\/\\\/www.manitese.it\\\/en\\\/pace-cibo-e-ambiente-in-burkina-faso\\\/\"},\"author\":{\"name\":\"agevis\",\"@id\":\"https:\\\/\\\/www.manitese.it\\\/en\\\/#\\\/schema\\\/person\\\/5a9774f17e4940e2510bfeba90f04f65\"},\"headline\":\"Pace, cibo e ambiente in Burkina Faso\",\"datePublished\":\"2022-11-24T13:46:08+00:00\",\"dateModified\":\"2023-07-21T12:39:21+00:00\",\"mainEntityOfPage\":{\"@id\":\"https:\\\/\\\/www.manitese.it\\\/en\\\/pace-cibo-e-ambiente-in-burkina-faso\\\/\"},\"wordCount\":227,\"commentCount\":0,\"image\":{\"@id\":\"https:\\\/\\\/www.manitese.it\\\/en\\\/pace-cibo-e-ambiente-in-burkina-faso\\\/#primaryimage\"},\"thumbnailUrl\":\"https:\\\/\\\/www.manitese.it\\\/wp-content\\\/uploads\\\/2022\\\/11\\\/Etifor-rid-1.jpg\",\"keywords\":[\"Etifor\",\"Evento\",\"Padova\"],\"articleSection\":[\"Eventi\"],\"inLanguage\":\"en-US\",\"potentialAction\":[{\"@type\":\"CommentAction\",\"name\":\"Comment\",\"target\":[\"https:\\\/\\\/www.manitese.it\\\/en\\\/pace-cibo-e-ambiente-in-burkina-faso\\\/#respond\"]}]},{\"@type\":\"WebPage\",\"@id\":\"https:\\\/\\\/www.manitese.it\\\/en\\\/pace-cibo-e-ambiente-in-burkina-faso\\\/\",\"url\":\"https:\\\/\\\/www.manitese.it\\\/en\\\/pace-cibo-e-ambiente-in-burkina-faso\\\/\",\"name\":\"Pace, cibo e ambiente in Burkina Faso - Mani Tese\",\"isPartOf\":{\"@id\":\"https:\\\/\\\/www.manitese.it\\\/en\\\/#website\"},\"primaryImageOfPage\":{\"@id\":\"https:\\\/\\\/www.manitese.it\\\/en\\\/pace-cibo-e-ambiente-in-burkina-faso\\\/#primaryimage\"},\"image\":{\"@id\":\"https:\\\/\\\/www.manitese.it\\\/en\\\/pace-cibo-e-ambiente-in-burkina-faso\\\/#primaryimage\"},\"thumbnailUrl\":\"https:\\\/\\\/www.manitese.it\\\/wp-content\\\/uploads\\\/2022\\\/11\\\/Etifor-rid-1.jpg\",\"datePublished\":\"2022-11-24T13:46:08+00:00\",\"dateModified\":\"2023-07-21T12:39:21+00:00\",\"author\":{\"@id\":\"https:\\\/\\\/www.manitese.it\\\/en\\\/#\\\/schema\\\/person\\\/5a9774f17e4940e2510bfeba90f04f65\"},\"description\":\"Le risposte della cooperazione internazionale e il ruolo delle donne. Mani Tese ne parla, assieme ad altre associazioni, in un evento che si terr\u00e0 il 3 dicembre 2022 a Padova.\",\"breadcrumb\":{\"@id\":\"https:\\\/\\\/www.manitese.it\\\/en\\\/pace-cibo-e-ambiente-in-burkina-faso\\\/#breadcrumb\"},\"inLanguage\":\"en-US\",\"potentialAction\":[{\"@type\":\"ReadAction\",\"target\":[\"https:\\\/\\\/www.manitese.it\\\/en\\\/pace-cibo-e-ambiente-in-burkina-faso\\\/\"]}]},{\"@type\":\"ImageObject\",\"inLanguage\":\"en-US\",\"@id\":\"https:\\\/\\\/www.manitese.it\\\/en\\\/pace-cibo-e-ambiente-in-burkina-faso\\\/#primaryimage\",\"url\":\"https:\\\/\\\/www.manitese.it\\\/wp-content\\\/uploads\\\/2022\\\/11\\\/Etifor-rid-1.jpg\",\"contentUrl\":\"https:\\\/\\\/www.manitese.it\\\/wp-content\\\/uploads\\\/2022\\\/11\\\/Etifor-rid-1.jpg\",\"width\":1919,\"height\":801},{\"@type\":\"BreadcrumbList\",\"@id\":\"https:\\\/\\\/www.manitese.it\\\/en\\\/pace-cibo-e-ambiente-in-burkina-faso\\\/#breadcrumb\",\"itemListElement\":[{\"@type\":\"ListItem\",\"position\":1,\"name\":\"Home\",\"item\":\"https:\\\/\\\/www.manitese.it\\\/en\\\/\"},{\"@type\":\"ListItem\",\"position\":2,\"name\":\"Pace, cibo e ambiente in Burkina Faso\"}]},{\"@type\":\"WebSite\",\"@id\":\"https:\\\/\\\/www.manitese.it\\\/en\\\/#website\",\"url\":\"https:\\\/\\\/www.manitese.it\\\/en\\\/\",\"name\":\"Mani Tese\",\"description\":\"\",\"potentialAction\":[{\"@type\":\"SearchAction\",\"target\":{\"@type\":\"EntryPoint\",\"urlTemplate\":\"https:\\\/\\\/www.manitese.it\\\/en\\\/?s={search_term_string}\"},\"query-input\":{\"@type\":\"PropertyValueSpecification\",\"valueRequired\":true,\"valueName\":\"search_term_string\"}}],\"inLanguage\":\"en-US\"},{\"@type\":\"Person\",\"@id\":\"https:\\\/\\\/www.manitese.it\\\/en\\\/#\\\/schema\\\/person\\\/5a9774f17e4940e2510bfeba90f04f65\",\"name\":\"agevis\",\"image\":{\"@type\":\"ImageObject\",\"inLanguage\":\"en-US\",\"@id\":\"https:\\\/\\\/secure.gravatar.com\\\/avatar\\\/2dc96c93fcf3387a5922a93b50fb3bff01d4800590fb6a4ab91a034adb25ba17?s=96&d=mm&r=g\",\"url\":\"https:\\\/\\\/secure.gravatar.com\\\/avatar\\\/2dc96c93fcf3387a5922a93b50fb3bff01d4800590fb6a4ab91a034adb25ba17?s=96&d=mm&r=g\",\"contentUrl\":\"https:\\\/\\\/secure.gravatar.com\\\/avatar\\\/2dc96c93fcf3387a5922a93b50fb3bff01d4800590fb6a4ab91a034adb25ba17?s=96&d=mm&r=g\",\"caption\":\"agevis\"},\"url\":\"https:\\\/\\\/www.manitese.it\\\/en\\\/author\\\/wp_agevis_admin\\\/\"}]}<\/script>\n<!-- \/ Yoast SEO plugin. -->","yoast_head_json":{"title":"Pace, cibo e ambiente in Burkina Faso - Mani Tese","description":"Le risposte della cooperazione internazionale e il ruolo delle donne. Mani Tese ne parla, assieme ad altre associazioni, in un evento che si terr\u00e0 il 3 dicembre 2022 a Padova.","robots":{"index":"index","follow":"follow","max-snippet":"max-snippet:-1","max-image-preview":"max-image-preview:large","max-video-preview":"max-video-preview:-1"},"canonical":"https:\/\/www.manitese.it\/en\/pace-cibo-e-ambiente-in-burkina-faso\/","og_locale":"en_US","og_type":"article","og_title":"Pace, cibo e ambiente in Burkina Faso - Mani Tese","og_description":"Le risposte della cooperazione internazionale e il ruolo delle donne. Mani Tese ne parla, assieme ad altre associazioni, in un evento che si terr\u00e0 il 3 dicembre 2022 a Padova.","og_url":"https:\/\/www.manitese.it\/en\/pace-cibo-e-ambiente-in-burkina-faso\/","og_site_name":"Mani Tese","article_published_time":"2022-11-24T13:46:08+00:00","article_modified_time":"2023-07-21T12:39:21+00:00","og_image":[{"width":1919,"height":801,"url":"https:\/\/www.manitese.it\/wp-content\/uploads\/2022\/11\/Etifor-rid-1.jpg","type":"image\/jpeg"}],"author":"agevis","twitter_card":"summary_large_image","twitter_misc":{"Written by":"agevis","Est. reading time":"1 minute"},"schema":{"@context":"https:\/\/schema.org","@graph":[{"@type":"Article","@id":"https:\/\/www.manitese.it\/en\/pace-cibo-e-ambiente-in-burkina-faso\/#article","isPartOf":{"@id":"https:\/\/www.manitese.it\/en\/pace-cibo-e-ambiente-in-burkina-faso\/"},"author":{"name":"agevis","@id":"https:\/\/www.manitese.it\/en\/#\/schema\/person\/5a9774f17e4940e2510bfeba90f04f65"},"headline":"Pace, cibo e ambiente in Burkina Faso","datePublished":"2022-11-24T13:46:08+00:00","dateModified":"2023-07-21T12:39:21+00:00","mainEntityOfPage":{"@id":"https:\/\/www.manitese.it\/en\/pace-cibo-e-ambiente-in-burkina-faso\/"},"wordCount":227,"commentCount":0,"image":{"@id":"https:\/\/www.manitese.it\/en\/pace-cibo-e-ambiente-in-burkina-faso\/#primaryimage"},"thumbnailUrl":"https:\/\/www.manitese.it\/wp-content\/uploads\/2022\/11\/Etifor-rid-1.jpg","keywords":["Etifor","Evento","Padova"],"articleSection":["Eventi"],"inLanguage":"en-US","potentialAction":[{"@type":"CommentAction","name":"Comment","target":["https:\/\/www.manitese.it\/en\/pace-cibo-e-ambiente-in-burkina-faso\/#respond"]}]},{"@type":"WebPage","@id":"https:\/\/www.manitese.it\/en\/pace-cibo-e-ambiente-in-burkina-faso\/","url":"https:\/\/www.manitese.it\/en\/pace-cibo-e-ambiente-in-burkina-faso\/","name":"Pace, cibo e ambiente in Burkina Faso - Mani Tese","isPartOf":{"@id":"https:\/\/www.manitese.it\/en\/#website"},"primaryImageOfPage":{"@id":"https:\/\/www.manitese.it\/en\/pace-cibo-e-ambiente-in-burkina-faso\/#primaryimage"},"image":{"@id":"https:\/\/www.manitese.it\/en\/pace-cibo-e-ambiente-in-burkina-faso\/#primaryimage"},"thumbnailUrl":"https:\/\/www.manitese.it\/wp-content\/uploads\/2022\/11\/Etifor-rid-1.jpg","datePublished":"2022-11-24T13:46:08+00:00","dateModified":"2023-07-21T12:39:21+00:00","author":{"@id":"https:\/\/www.manitese.it\/en\/#\/schema\/person\/5a9774f17e4940e2510bfeba90f04f65"},"description":"Le risposte della cooperazione internazionale e il ruolo delle donne. Mani Tese ne parla, assieme ad altre associazioni, in un evento che si terr\u00e0 il 3 dicembre 2022 a Padova.","breadcrumb":{"@id":"https:\/\/www.manitese.it\/en\/pace-cibo-e-ambiente-in-burkina-faso\/#breadcrumb"},"inLanguage":"en-US","potentialAction":[{"@type":"ReadAction","target":["https:\/\/www.manitese.it\/en\/pace-cibo-e-ambiente-in-burkina-faso\/"]}]},{"@type":"ImageObject","inLanguage":"en-US","@id":"https:\/\/www.manitese.it\/en\/pace-cibo-e-ambiente-in-burkina-faso\/#primaryimage","url":"https:\/\/www.manitese.it\/wp-content\/uploads\/2022\/11\/Etifor-rid-1.jpg","contentUrl":"https:\/\/www.manitese.it\/wp-content\/uploads\/2022\/11\/Etifor-rid-1.jpg","width":1919,"height":801},{"@type":"BreadcrumbList","@id":"https:\/\/www.manitese.it\/en\/pace-cibo-e-ambiente-in-burkina-faso\/#breadcrumb","itemListElement":[{"@type":"ListItem","position":1,"name":"Home","item":"https:\/\/www.manitese.it\/en\/"},{"@type":"ListItem","position":2,"name":"Pace, cibo e ambiente in Burkina Faso"}]},{"@type":"WebSite","@id":"https:\/\/www.manitese.it\/en\/#website","url":"https:\/\/www.manitese.it\/en\/","name":"Mani Tese","description":"","potentialAction":[{"@type":"SearchAction","target":{"@type":"EntryPoint","urlTemplate":"https:\/\/www.manitese.it\/en\/?s={search_term_string}"},"query-input":{"@type":"PropertyValueSpecification","valueRequired":true,"valueName":"search_term_string"}}],"inLanguage":"en-US"},{"@type":"Person","@id":"https:\/\/www.manitese.it\/en\/#\/schema\/person\/5a9774f17e4940e2510bfeba90f04f65","name":"agevis","image":{"@type":"ImageObject","inLanguage":"en-US","@id":"https:\/\/secure.gravatar.com\/avatar\/2dc96c93fcf3387a5922a93b50fb3bff01d4800590fb6a4ab91a034adb25ba17?s=96&d=mm&r=g","url":"https:\/\/secure.gravatar.com\/avatar\/2dc96c93fcf3387a5922a93b50fb3bff01d4800590fb6a4ab91a034adb25ba17?s=96&d=mm&r=g","contentUrl":"https:\/\/secure.gravatar.com\/avatar\/2dc96c93fcf3387a5922a93b50fb3bff01d4800590fb6a4ab91a034adb25ba17?s=96&d=mm&r=g","caption":"agevis"},"url":"https:\/\/www.manitese.it\/en\/author\/wp_agevis_admin\/"}]}},"jetpack_featured_media_url":"https:\/\/www.manitese.it\/wp-content\/uploads\/2022\/11\/Etifor-rid-1.jpg","jetpack_sharing_enabled":true,"_links":{"self":[{"href":"https:\/\/www.manitese.it\/en\/wp-json\/wp\/v2\/posts\/164806","targetHints":{"allow":["GET"]}}],"collection":[{"href":"https:\/\/www.manitese.it\/en\/wp-json\/wp\/v2\/posts"}],"about":[{"href":"https:\/\/www.manitese.it\/en\/wp-json\/wp\/v2\/types\/post"}],"author":[{"embeddable":true,"href":"https:\/\/www.manitese.it\/en\/wp-json\/wp\/v2\/users\/1"}],"replies":[{"embeddable":true,"href":"https:\/\/www.manitese.it\/en\/wp-json\/wp\/v2\/comments?post=164806"}],"version-history":[{"count":2,"href":"https:\/\/www.manitese.it\/en\/wp-json\/wp\/v2\/posts\/164806\/revisions"}],"predecessor-version":[{"id":177879,"href":"https:\/\/www.manitese.it\/en\/wp-json\/wp\/v2\/posts\/164806\/revisions\/177879"}],"wp:featuredmedia":[{"embeddable":true,"href":"https:\/\/www.manitese.it\/en\/wp-json\/wp\/v2\/media\/164813"}],"wp:attachment":[{"href":"https:\/\/www.manitese.it\/en\/wp-json\/wp\/v2\/media?parent=164806"}],"wp:term":[{"taxonomy":"category","embeddable":true,"href":"https:\/\/www.manitese.it\/en\/wp-json\/wp\/v2\/categories?post=164806"},{"taxonomy":"post_tag","embeddable":true,"href":"https:\/\/www.manitese.it\/en\/wp-json\/wp\/v2\/tags?post=164806"},{"taxonomy":"thematic_area","embeddable":true,"href":"https:\/\/www.manitese.it\/en\/wp-json\/wp\/v2\/thematic_area?post=164806"}],"curies":[{"name":"wp","href":"https:\/\/api.w.org\/{rel}","templated":true}]}}