{"id":162954,"date":"2022-11-09T12:21:24","date_gmt":"2022-11-09T11:21:24","guid":{"rendered":"https:\/\/manitese.it\/?p=162954"},"modified":"2023-07-21T14:21:46","modified_gmt":"2023-07-21T12:21:46","slug":"mani-tese-si-schiera-a-fianco-delle-organizzazioni-che-richiedono-il-diritto-di-ogni-essere-umano-a-muoversi-tra-un-paese-e-laltro","status":"publish","type":"post","link":"https:\/\/www.manitese.it\/en\/mani-tese-si-schiera-a-fianco-delle-organizzazioni-che-richiedono-il-diritto-di-ogni-essere-umano-a-muoversi-tra-un-paese-e-laltro\/","title":{"rendered":"Mani Tese si schiera a fianco delle organizzazioni che richiedono il diritto di ogni essere umano di muoversi tra un paese e l\u2019altro"},"content":{"rendered":"\n<p>Mani Tese \u00e8 da sempre impegnata, in Africa, in Asia e in America Latina, nel cercare di contrastare le cause che costringono gli esseri umani ad abbandonare i loro luoghi di nascita per cercare un futuro migliore. Molteplici sono, infatti, i progetti realizzati che mirano a rafforzare le comunit\u00e0 locali e l\u2019autodeterminazione dei popoli.<\/p>\n\n\n\n<p>Il fenomeno migratorio coinvolge milioni di persone in tutto il mondo, ma balza alle cronache solamente in modo strumentale e confuso, quando un governo decide di opporsi allo sbarco di centinaia di esseri umani, per poterli palesemente sfruttare a livello mediatico e di consenso elettorale.<\/p>\n\n\n\n<p>Le misure normative adottate in Italia si sono dimostrate inutili nell&#8217;ostacolare un fenomeno di portata mondiale. Si dimostrano invece perfette nello sviare l\u2019attenzione dell&#8217;opinione pubblica dai molteplici e gravosi problemi attuali, dalle guerre allo sfruttamento nel mondo del lavoro, dalla crisi energetica fino all\u2019indiscutibile surriscaldamento globale, alla fame e alla povert\u00e0. Sfide queste che, ignorate sistematicamente, sappiamo tutti e tutte essere alle radici delle migrazioni.<\/p>\n\n\n\n<p>Impedire a degli esseri umani di sbarcare a terra \u00e8 contrario alla nostra Costituzione, alle leggi italiane, alla legge del mare e certamente a qualunque legislazione internazionale di protezione dei Diritti Umani.&nbsp; Le dichiarazioni degli ultimi giorni, come richiedere che le navi delle Organizzazioni Non Governative vadano nei porti di cui battono bandiera, denotano oltre alla superficialit\u00e0, alla malafede e a un\u2019ignoranza geografica, una posizione populista e strumentale, atta ancora una volta a instillare una percezione sbagliata e pericolosa, creando il ruolo di vittima del territorio italiano.<\/p>\n\n\n\n<p>Oggi sentiamo parlare di &#8220;sbarchi selettivi&#8221;, di &#8220;selezione dei fragili&#8221; e questi uomini, donne e bambini sono stati definiti \u201ccarico residuale\u201d: sono dichiarazioni abominevoli, ci riportano immediatamente ad altre dichiarazioni del passato recente, quando altri uomini e donne in stato di bisogno venivano classificati come \u201cindecorosi\u201d per le citt\u00e0. Classificare le persone apre un enorme problema etico con cui dovremo tutti e tutte confrontarci. Interpella l&#8217;educazione come la pi\u00f9 grande barriera all&#8217;ignoranza e alla meschinit\u00e0 umana. Incrocia il tema sociale della reale integrazione tra le persone, resa sempre pi\u00f9 difficile dalla carenza di alloggi disponibili, da un\u2019assistenza sanitaria che fatica a dare risposte onnicomprensive e da un sistema di accoglienza palesemente deficitario.<\/p>\n\n\n\n<p>Mani Tese si schiera a fianco delle organizzazioni che richiedono il diritto di ogni essere umano di muoversi tra un paese e l\u2019altro per i motivi pi\u00f9 diversi, e concretamente rafforza le proprie attivit\u00e0 sul territorio italiano atte all\u2019inclusione di ogni singolo essere umano, senza distinzioni di provenienza, credo religioso e genere.<\/p>\n","protected":false},"excerpt":{"rendered":"<p>Impedire a degli esseri umani di sbarcare a terra \u00e8 contrario alla nostra Costituzione, alle leggi italiane, alla legge del mare e certamente a qualunque legislazione internazionale di protezione dei Diritti Umani.  Classificare le persone apre un enorme problema etico con cui dovremo tutti e tutte confrontarci.<\/p>\n","protected":false},"author":1,"featured_media":162970,"comment_status":"open","ping_status":"open","sticky":false,"template":"","format":"standard","meta":{"_acf_changed":false,"give_campaign_id":0,"inline_featured_image":false,"_jetpack_memberships_contains_paid_content":false,"footnotes":""},"categories":[5],"tags":[69,82,83],"thematic_area":[],"class_list":["post-162954","post","type-post","status-publish","format-standard","has-post-thumbnail","hentry","category-attualita","tag-italia","tag-migrazioni","tag-sbarchi"],"acf":[],"yoast_head":"<!-- This site is optimized with the Yoast SEO plugin v27.5 - https:\/\/yoast.com\/product\/yoast-seo-wordpress\/ -->\n<title>Mani Tese si schiera a fianco delle organizzazioni che richiedono il diritto di ogni essere umano di muoversi tra un paese e l\u2019altro - Mani Tese<\/title>\n<meta name=\"description\" content=\"Impedire a degli esseri umani di sbarcare a terra \u00e8 contrario alla nostra Costituzione, alle leggi italiane, alla legge del mare e certamente a qualunque legislazione internazionale di protezione dei Diritti Umani. Classificare le persone apre un enorme problema etico con cui dovremo tutti e tutte confrontarci.\" \/>\n<meta name=\"robots\" content=\"index, follow, max-snippet:-1, max-image-preview:large, max-video-preview:-1\" \/>\n<link rel=\"canonical\" href=\"https:\/\/www.manitese.it\/en\/mani-tese-si-schiera-a-fianco-delle-organizzazioni-che-richiedono-il-diritto-di-ogni-essere-umano-a-muoversi-tra-un-paese-e-laltro\/\" \/>\n<meta property=\"og:locale\" content=\"en_US\" \/>\n<meta property=\"og:type\" content=\"article\" \/>\n<meta property=\"og:title\" content=\"Mani Tese si schiera a fianco delle organizzazioni che richiedono il diritto di ogni essere umano di muoversi tra un paese e l\u2019altro - Mani Tese\" \/>\n<meta property=\"og:description\" content=\"Impedire a degli esseri umani di sbarcare a terra \u00e8 contrario alla nostra Costituzione, alle leggi italiane, alla legge del mare e certamente a qualunque legislazione internazionale di protezione dei Diritti Umani. Classificare le persone apre un enorme problema etico con cui dovremo tutti e tutte confrontarci.\" \/>\n<meta property=\"og:url\" content=\"https:\/\/www.manitese.it\/en\/mani-tese-si-schiera-a-fianco-delle-organizzazioni-che-richiedono-il-diritto-di-ogni-essere-umano-a-muoversi-tra-un-paese-e-laltro\/\" \/>\n<meta property=\"og:site_name\" content=\"Mani Tese\" \/>\n<meta property=\"article:published_time\" content=\"2022-11-09T11:21:24+00:00\" \/>\n<meta property=\"article:modified_time\" content=\"2023-07-21T12:21:46+00:00\" \/>\n<meta property=\"og:image\" content=\"https:\/\/www.manitese.it\/wp-content\/uploads\/2022\/11\/header-rid-4-1-1024x427.png\" \/>\n\t<meta property=\"og:image:width\" content=\"1024\" \/>\n\t<meta property=\"og:image:height\" content=\"427\" \/>\n\t<meta property=\"og:image:type\" content=\"image\/png\" \/>\n<meta name=\"author\" content=\"agevis\" \/>\n<meta name=\"twitter:card\" content=\"summary_large_image\" \/>\n<meta name=\"twitter:label1\" content=\"Written by\" \/>\n\t<meta name=\"twitter:data1\" content=\"agevis\" \/>\n\t<meta name=\"twitter:label2\" content=\"Est. reading time\" \/>\n\t<meta name=\"twitter:data2\" content=\"2 minutes\" \/>\n<script type=\"application\/ld+json\" class=\"yoast-schema-graph\">{\"@context\":\"https:\\\/\\\/schema.org\",\"@graph\":[{\"@type\":\"Article\",\"@id\":\"https:\\\/\\\/www.manitese.it\\\/en\\\/mani-tese-si-schiera-a-fianco-delle-organizzazioni-che-richiedono-il-diritto-di-ogni-essere-umano-a-muoversi-tra-un-paese-e-laltro\\\/#article\",\"isPartOf\":{\"@id\":\"https:\\\/\\\/www.manitese.it\\\/en\\\/mani-tese-si-schiera-a-fianco-delle-organizzazioni-che-richiedono-il-diritto-di-ogni-essere-umano-a-muoversi-tra-un-paese-e-laltro\\\/\"},\"author\":{\"name\":\"agevis\",\"@id\":\"https:\\\/\\\/www.manitese.it\\\/en\\\/#\\\/schema\\\/person\\\/5a9774f17e4940e2510bfeba90f04f65\"},\"headline\":\"Mani Tese si schiera a fianco delle organizzazioni che richiedono il diritto di ogni essere umano di muoversi tra un paese e l\u2019altro\",\"datePublished\":\"2022-11-09T11:21:24+00:00\",\"dateModified\":\"2023-07-21T12:21:46+00:00\",\"mainEntityOfPage\":{\"@id\":\"https:\\\/\\\/www.manitese.it\\\/en\\\/mani-tese-si-schiera-a-fianco-delle-organizzazioni-che-richiedono-il-diritto-di-ogni-essere-umano-a-muoversi-tra-un-paese-e-laltro\\\/\"},\"wordCount\":449,\"commentCount\":0,\"image\":{\"@id\":\"https:\\\/\\\/www.manitese.it\\\/en\\\/mani-tese-si-schiera-a-fianco-delle-organizzazioni-che-richiedono-il-diritto-di-ogni-essere-umano-a-muoversi-tra-un-paese-e-laltro\\\/#primaryimage\"},\"thumbnailUrl\":\"https:\\\/\\\/www.manitese.it\\\/wp-content\\\/uploads\\\/2022\\\/11\\\/header-rid-4-1.png\",\"keywords\":[\"italia\",\"migrazioni\",\"sbarchi\"],\"articleSection\":[\"Attualit\u00e0\"],\"inLanguage\":\"en-US\",\"potentialAction\":[{\"@type\":\"CommentAction\",\"name\":\"Comment\",\"target\":[\"https:\\\/\\\/www.manitese.it\\\/en\\\/mani-tese-si-schiera-a-fianco-delle-organizzazioni-che-richiedono-il-diritto-di-ogni-essere-umano-a-muoversi-tra-un-paese-e-laltro\\\/#respond\"]}]},{\"@type\":\"WebPage\",\"@id\":\"https:\\\/\\\/www.manitese.it\\\/en\\\/mani-tese-si-schiera-a-fianco-delle-organizzazioni-che-richiedono-il-diritto-di-ogni-essere-umano-a-muoversi-tra-un-paese-e-laltro\\\/\",\"url\":\"https:\\\/\\\/www.manitese.it\\\/en\\\/mani-tese-si-schiera-a-fianco-delle-organizzazioni-che-richiedono-il-diritto-di-ogni-essere-umano-a-muoversi-tra-un-paese-e-laltro\\\/\",\"name\":\"Mani Tese si schiera a fianco delle organizzazioni che richiedono il diritto di ogni essere umano di muoversi tra un paese e l\u2019altro - Mani Tese\",\"isPartOf\":{\"@id\":\"https:\\\/\\\/www.manitese.it\\\/en\\\/#website\"},\"primaryImageOfPage\":{\"@id\":\"https:\\\/\\\/www.manitese.it\\\/en\\\/mani-tese-si-schiera-a-fianco-delle-organizzazioni-che-richiedono-il-diritto-di-ogni-essere-umano-a-muoversi-tra-un-paese-e-laltro\\\/#primaryimage\"},\"image\":{\"@id\":\"https:\\\/\\\/www.manitese.it\\\/en\\\/mani-tese-si-schiera-a-fianco-delle-organizzazioni-che-richiedono-il-diritto-di-ogni-essere-umano-a-muoversi-tra-un-paese-e-laltro\\\/#primaryimage\"},\"thumbnailUrl\":\"https:\\\/\\\/www.manitese.it\\\/wp-content\\\/uploads\\\/2022\\\/11\\\/header-rid-4-1.png\",\"datePublished\":\"2022-11-09T11:21:24+00:00\",\"dateModified\":\"2023-07-21T12:21:46+00:00\",\"author\":{\"@id\":\"https:\\\/\\\/www.manitese.it\\\/en\\\/#\\\/schema\\\/person\\\/5a9774f17e4940e2510bfeba90f04f65\"},\"description\":\"Impedire a degli esseri umani di sbarcare a terra \u00e8 contrario alla nostra Costituzione, alle leggi italiane, alla legge del mare e certamente a qualunque legislazione internazionale di protezione dei Diritti Umani. Classificare le persone apre un enorme problema etico con cui dovremo tutti e tutte confrontarci.\",\"breadcrumb\":{\"@id\":\"https:\\\/\\\/www.manitese.it\\\/en\\\/mani-tese-si-schiera-a-fianco-delle-organizzazioni-che-richiedono-il-diritto-di-ogni-essere-umano-a-muoversi-tra-un-paese-e-laltro\\\/#breadcrumb\"},\"inLanguage\":\"en-US\",\"potentialAction\":[{\"@type\":\"ReadAction\",\"target\":[\"https:\\\/\\\/www.manitese.it\\\/en\\\/mani-tese-si-schiera-a-fianco-delle-organizzazioni-che-richiedono-il-diritto-di-ogni-essere-umano-a-muoversi-tra-un-paese-e-laltro\\\/\"]}]},{\"@type\":\"ImageObject\",\"inLanguage\":\"en-US\",\"@id\":\"https:\\\/\\\/www.manitese.it\\\/en\\\/mani-tese-si-schiera-a-fianco-delle-organizzazioni-che-richiedono-il-diritto-di-ogni-essere-umano-a-muoversi-tra-un-paese-e-laltro\\\/#primaryimage\",\"url\":\"https:\\\/\\\/www.manitese.it\\\/wp-content\\\/uploads\\\/2022\\\/11\\\/header-rid-4-1.png\",\"contentUrl\":\"https:\\\/\\\/www.manitese.it\\\/wp-content\\\/uploads\\\/2022\\\/11\\\/header-rid-4-1.png\",\"width\":1915,\"height\":799},{\"@type\":\"BreadcrumbList\",\"@id\":\"https:\\\/\\\/www.manitese.it\\\/en\\\/mani-tese-si-schiera-a-fianco-delle-organizzazioni-che-richiedono-il-diritto-di-ogni-essere-umano-a-muoversi-tra-un-paese-e-laltro\\\/#breadcrumb\",\"itemListElement\":[{\"@type\":\"ListItem\",\"position\":1,\"name\":\"Home\",\"item\":\"https:\\\/\\\/www.manitese.it\\\/en\\\/\"},{\"@type\":\"ListItem\",\"position\":2,\"name\":\"Mani Tese si schiera a fianco delle organizzazioni che richiedono il diritto di ogni essere umano di muoversi tra un paese e l\u2019altro\"}]},{\"@type\":\"WebSite\",\"@id\":\"https:\\\/\\\/www.manitese.it\\\/en\\\/#website\",\"url\":\"https:\\\/\\\/www.manitese.it\\\/en\\\/\",\"name\":\"Mani Tese\",\"description\":\"\",\"potentialAction\":[{\"@type\":\"SearchAction\",\"target\":{\"@type\":\"EntryPoint\",\"urlTemplate\":\"https:\\\/\\\/www.manitese.it\\\/en\\\/?s={search_term_string}\"},\"query-input\":{\"@type\":\"PropertyValueSpecification\",\"valueRequired\":true,\"valueName\":\"search_term_string\"}}],\"inLanguage\":\"en-US\"},{\"@type\":\"Person\",\"@id\":\"https:\\\/\\\/www.manitese.it\\\/en\\\/#\\\/schema\\\/person\\\/5a9774f17e4940e2510bfeba90f04f65\",\"name\":\"agevis\",\"image\":{\"@type\":\"ImageObject\",\"inLanguage\":\"en-US\",\"@id\":\"https:\\\/\\\/secure.gravatar.com\\\/avatar\\\/2dc96c93fcf3387a5922a93b50fb3bff01d4800590fb6a4ab91a034adb25ba17?s=96&d=mm&r=g\",\"url\":\"https:\\\/\\\/secure.gravatar.com\\\/avatar\\\/2dc96c93fcf3387a5922a93b50fb3bff01d4800590fb6a4ab91a034adb25ba17?s=96&d=mm&r=g\",\"contentUrl\":\"https:\\\/\\\/secure.gravatar.com\\\/avatar\\\/2dc96c93fcf3387a5922a93b50fb3bff01d4800590fb6a4ab91a034adb25ba17?s=96&d=mm&r=g\",\"caption\":\"agevis\"},\"url\":\"https:\\\/\\\/www.manitese.it\\\/en\\\/author\\\/wp_agevis_admin\\\/\"}]}<\/script>\n<!-- \/ Yoast SEO plugin. -->","yoast_head_json":{"title":"Mani Tese si schiera a fianco delle organizzazioni che richiedono il diritto di ogni essere umano di muoversi tra un paese e l\u2019altro - Mani Tese","description":"Impedire a degli esseri umani di sbarcare a terra \u00e8 contrario alla nostra Costituzione, alle leggi italiane, alla legge del mare e certamente a qualunque legislazione internazionale di protezione dei Diritti Umani. Classificare le persone apre un enorme problema etico con cui dovremo tutti e tutte confrontarci.","robots":{"index":"index","follow":"follow","max-snippet":"max-snippet:-1","max-image-preview":"max-image-preview:large","max-video-preview":"max-video-preview:-1"},"canonical":"https:\/\/www.manitese.it\/en\/mani-tese-si-schiera-a-fianco-delle-organizzazioni-che-richiedono-il-diritto-di-ogni-essere-umano-a-muoversi-tra-un-paese-e-laltro\/","og_locale":"en_US","og_type":"article","og_title":"Mani Tese si schiera a fianco delle organizzazioni che richiedono il diritto di ogni essere umano di muoversi tra un paese e l\u2019altro - Mani Tese","og_description":"Impedire a degli esseri umani di sbarcare a terra \u00e8 contrario alla nostra Costituzione, alle leggi italiane, alla legge del mare e certamente a qualunque legislazione internazionale di protezione dei Diritti Umani. Classificare le persone apre un enorme problema etico con cui dovremo tutti e tutte confrontarci.","og_url":"https:\/\/www.manitese.it\/en\/mani-tese-si-schiera-a-fianco-delle-organizzazioni-che-richiedono-il-diritto-di-ogni-essere-umano-a-muoversi-tra-un-paese-e-laltro\/","og_site_name":"Mani Tese","article_published_time":"2022-11-09T11:21:24+00:00","article_modified_time":"2023-07-21T12:21:46+00:00","og_image":[{"width":1024,"height":427,"url":"https:\/\/www.manitese.it\/wp-content\/uploads\/2022\/11\/header-rid-4-1-1024x427.png","type":"image\/png"}],"author":"agevis","twitter_card":"summary_large_image","twitter_misc":{"Written by":"agevis","Est. reading time":"2 minutes"},"schema":{"@context":"https:\/\/schema.org","@graph":[{"@type":"Article","@id":"https:\/\/www.manitese.it\/en\/mani-tese-si-schiera-a-fianco-delle-organizzazioni-che-richiedono-il-diritto-di-ogni-essere-umano-a-muoversi-tra-un-paese-e-laltro\/#article","isPartOf":{"@id":"https:\/\/www.manitese.it\/en\/mani-tese-si-schiera-a-fianco-delle-organizzazioni-che-richiedono-il-diritto-di-ogni-essere-umano-a-muoversi-tra-un-paese-e-laltro\/"},"author":{"name":"agevis","@id":"https:\/\/www.manitese.it\/en\/#\/schema\/person\/5a9774f17e4940e2510bfeba90f04f65"},"headline":"Mani Tese si schiera a fianco delle organizzazioni che richiedono il diritto di ogni essere umano di muoversi tra un paese e l\u2019altro","datePublished":"2022-11-09T11:21:24+00:00","dateModified":"2023-07-21T12:21:46+00:00","mainEntityOfPage":{"@id":"https:\/\/www.manitese.it\/en\/mani-tese-si-schiera-a-fianco-delle-organizzazioni-che-richiedono-il-diritto-di-ogni-essere-umano-a-muoversi-tra-un-paese-e-laltro\/"},"wordCount":449,"commentCount":0,"image":{"@id":"https:\/\/www.manitese.it\/en\/mani-tese-si-schiera-a-fianco-delle-organizzazioni-che-richiedono-il-diritto-di-ogni-essere-umano-a-muoversi-tra-un-paese-e-laltro\/#primaryimage"},"thumbnailUrl":"https:\/\/www.manitese.it\/wp-content\/uploads\/2022\/11\/header-rid-4-1.png","keywords":["italia","migrazioni","sbarchi"],"articleSection":["Attualit\u00e0"],"inLanguage":"en-US","potentialAction":[{"@type":"CommentAction","name":"Comment","target":["https:\/\/www.manitese.it\/en\/mani-tese-si-schiera-a-fianco-delle-organizzazioni-che-richiedono-il-diritto-di-ogni-essere-umano-a-muoversi-tra-un-paese-e-laltro\/#respond"]}]},{"@type":"WebPage","@id":"https:\/\/www.manitese.it\/en\/mani-tese-si-schiera-a-fianco-delle-organizzazioni-che-richiedono-il-diritto-di-ogni-essere-umano-a-muoversi-tra-un-paese-e-laltro\/","url":"https:\/\/www.manitese.it\/en\/mani-tese-si-schiera-a-fianco-delle-organizzazioni-che-richiedono-il-diritto-di-ogni-essere-umano-a-muoversi-tra-un-paese-e-laltro\/","name":"Mani Tese si schiera a fianco delle organizzazioni che richiedono il diritto di ogni essere umano di muoversi tra un paese e l\u2019altro - Mani Tese","isPartOf":{"@id":"https:\/\/www.manitese.it\/en\/#website"},"primaryImageOfPage":{"@id":"https:\/\/www.manitese.it\/en\/mani-tese-si-schiera-a-fianco-delle-organizzazioni-che-richiedono-il-diritto-di-ogni-essere-umano-a-muoversi-tra-un-paese-e-laltro\/#primaryimage"},"image":{"@id":"https:\/\/www.manitese.it\/en\/mani-tese-si-schiera-a-fianco-delle-organizzazioni-che-richiedono-il-diritto-di-ogni-essere-umano-a-muoversi-tra-un-paese-e-laltro\/#primaryimage"},"thumbnailUrl":"https:\/\/www.manitese.it\/wp-content\/uploads\/2022\/11\/header-rid-4-1.png","datePublished":"2022-11-09T11:21:24+00:00","dateModified":"2023-07-21T12:21:46+00:00","author":{"@id":"https:\/\/www.manitese.it\/en\/#\/schema\/person\/5a9774f17e4940e2510bfeba90f04f65"},"description":"Impedire a degli esseri umani di sbarcare a terra \u00e8 contrario alla nostra Costituzione, alle leggi italiane, alla legge del mare e certamente a qualunque legislazione internazionale di protezione dei Diritti Umani. Classificare le persone apre un enorme problema etico con cui dovremo tutti e tutte confrontarci.","breadcrumb":{"@id":"https:\/\/www.manitese.it\/en\/mani-tese-si-schiera-a-fianco-delle-organizzazioni-che-richiedono-il-diritto-di-ogni-essere-umano-a-muoversi-tra-un-paese-e-laltro\/#breadcrumb"},"inLanguage":"en-US","potentialAction":[{"@type":"ReadAction","target":["https:\/\/www.manitese.it\/en\/mani-tese-si-schiera-a-fianco-delle-organizzazioni-che-richiedono-il-diritto-di-ogni-essere-umano-a-muoversi-tra-un-paese-e-laltro\/"]}]},{"@type":"ImageObject","inLanguage":"en-US","@id":"https:\/\/www.manitese.it\/en\/mani-tese-si-schiera-a-fianco-delle-organizzazioni-che-richiedono-il-diritto-di-ogni-essere-umano-a-muoversi-tra-un-paese-e-laltro\/#primaryimage","url":"https:\/\/www.manitese.it\/wp-content\/uploads\/2022\/11\/header-rid-4-1.png","contentUrl":"https:\/\/www.manitese.it\/wp-content\/uploads\/2022\/11\/header-rid-4-1.png","width":1915,"height":799},{"@type":"BreadcrumbList","@id":"https:\/\/www.manitese.it\/en\/mani-tese-si-schiera-a-fianco-delle-organizzazioni-che-richiedono-il-diritto-di-ogni-essere-umano-a-muoversi-tra-un-paese-e-laltro\/#breadcrumb","itemListElement":[{"@type":"ListItem","position":1,"name":"Home","item":"https:\/\/www.manitese.it\/en\/"},{"@type":"ListItem","position":2,"name":"Mani Tese si schiera a fianco delle organizzazioni che richiedono il diritto di ogni essere umano di muoversi tra un paese e l\u2019altro"}]},{"@type":"WebSite","@id":"https:\/\/www.manitese.it\/en\/#website","url":"https:\/\/www.manitese.it\/en\/","name":"Mani Tese","description":"","potentialAction":[{"@type":"SearchAction","target":{"@type":"EntryPoint","urlTemplate":"https:\/\/www.manitese.it\/en\/?s={search_term_string}"},"query-input":{"@type":"PropertyValueSpecification","valueRequired":true,"valueName":"search_term_string"}}],"inLanguage":"en-US"},{"@type":"Person","@id":"https:\/\/www.manitese.it\/en\/#\/schema\/person\/5a9774f17e4940e2510bfeba90f04f65","name":"agevis","image":{"@type":"ImageObject","inLanguage":"en-US","@id":"https:\/\/secure.gravatar.com\/avatar\/2dc96c93fcf3387a5922a93b50fb3bff01d4800590fb6a4ab91a034adb25ba17?s=96&d=mm&r=g","url":"https:\/\/secure.gravatar.com\/avatar\/2dc96c93fcf3387a5922a93b50fb3bff01d4800590fb6a4ab91a034adb25ba17?s=96&d=mm&r=g","contentUrl":"https:\/\/secure.gravatar.com\/avatar\/2dc96c93fcf3387a5922a93b50fb3bff01d4800590fb6a4ab91a034adb25ba17?s=96&d=mm&r=g","caption":"agevis"},"url":"https:\/\/www.manitese.it\/en\/author\/wp_agevis_admin\/"}]}},"jetpack_featured_media_url":"https:\/\/www.manitese.it\/wp-content\/uploads\/2022\/11\/header-rid-4-1.png","jetpack_sharing_enabled":true,"_links":{"self":[{"href":"https:\/\/www.manitese.it\/en\/wp-json\/wp\/v2\/posts\/162954","targetHints":{"allow":["GET"]}}],"collection":[{"href":"https:\/\/www.manitese.it\/en\/wp-json\/wp\/v2\/posts"}],"about":[{"href":"https:\/\/www.manitese.it\/en\/wp-json\/wp\/v2\/types\/post"}],"author":[{"embeddable":true,"href":"https:\/\/www.manitese.it\/en\/wp-json\/wp\/v2\/users\/1"}],"replies":[{"embeddable":true,"href":"https:\/\/www.manitese.it\/en\/wp-json\/wp\/v2\/comments?post=162954"}],"version-history":[{"count":2,"href":"https:\/\/www.manitese.it\/en\/wp-json\/wp\/v2\/posts\/162954\/revisions"}],"predecessor-version":[{"id":177808,"href":"https:\/\/www.manitese.it\/en\/wp-json\/wp\/v2\/posts\/162954\/revisions\/177808"}],"wp:featuredmedia":[{"embeddable":true,"href":"https:\/\/www.manitese.it\/en\/wp-json\/wp\/v2\/media\/162970"}],"wp:attachment":[{"href":"https:\/\/www.manitese.it\/en\/wp-json\/wp\/v2\/media?parent=162954"}],"wp:term":[{"taxonomy":"category","embeddable":true,"href":"https:\/\/www.manitese.it\/en\/wp-json\/wp\/v2\/categories?post=162954"},{"taxonomy":"post_tag","embeddable":true,"href":"https:\/\/www.manitese.it\/en\/wp-json\/wp\/v2\/tags?post=162954"},{"taxonomy":"thematic_area","embeddable":true,"href":"https:\/\/www.manitese.it\/en\/wp-json\/wp\/v2\/thematic_area?post=162954"}],"curies":[{"name":"wp","href":"https:\/\/api.w.org\/{rel}","templated":true}]}}