{"id":162768,"date":"2022-11-08T12:01:57","date_gmt":"2022-11-08T11:01:57","guid":{"rendered":"https:\/\/manitese.it\/?p=162768"},"modified":"2023-11-29T17:47:45","modified_gmt":"2023-11-29T16:47:45","slug":"agroecologia-e-sostenibilita-ambientale-in-mozambico","status":"publish","type":"post","link":"https:\/\/www.manitese.it\/en\/agroecologia-e-sostenibilita-ambientale-in-mozambico\/","title":{"rendered":"Agroecologia e sostenibilit\u00e0 ambientale in Mozambico"},"content":{"rendered":"\r\n<p>Il progetto &#8220;<strong>WONA: orti e vivai urbani e politiche comunali per promuovere la sicurezza alimentare e la sostenibilit\u00e0 ambientale a Quelimane<\/strong>&#8220;, finanziato dalla Regione Emilia-Romagna, \u00e8 un intervento sinergico che si inserisce in un programma che Mani Tese, insieme all&#8217;UPC-Z, al Comune di Quelimane e all&#8217;E35, ha contribuito a implementare negli ultimi anni.<\/p>\r\n\r\n\r\n\r\n<p>Questo programma ha come pilastri lo sviluppo rurale legato alla rigenerazione urbana, l&#8217;agricoltura agroecologica e sostenibile per garantire la qualit\u00e0 e la sicurezza alimentare, la promozione di politiche di lotta e adattamento al cambiamento climatico attraverso la riforestazione e la rigenerazione del verde urbano in una prospettiva partecipativa di comunit\u00e0 e istituzioni. Il progetto viene attuato nella citt\u00e0 e nel distretto di Quelimane e promuove anche la sicurezza alimentare.<\/p>\r\n\r\n\r\n\r\n<p><strong>L&#8217;Associazione dei Giovani Agricoltori di Quelimane (AJAQ) <\/strong>\u00e8 stata selezionata dal progetto come beneficiaria e ha usufruito di una formazione tecnica sulla produzione agro-ecologica e di una serra per la produzione di ortaggi dotata di vassoi isoprop, che consentono la produzione anche fuori stagione. \u00a0Alexandre Chico, membro dell&#8217;AJAQ, sostiene che, grazie a questa opportunit\u00e0, quest&#8217;anno il gruppo ha avuto un tasso di produzione superiore rispetto agli anni precedenti nonostante \u00a0le varie difficolt\u00e0 come il gelo, la mancanza di acqua per l&#8217;irrigazione e le difficolt\u00e0 di trasporto. &#8220;Con il progetto c&#8217;\u00e8 stato un maggiore successo nella produzione&#8221; ha affermato Alexandre<\/p>\r\n\r\n\r\n\r\n<p>Oltre ad AJAQ, sono stati formati <strong>altri 2 gruppi di beneficiari per creare orti urbani e periurbani nelle comunit\u00e0 di Namuinho e Marrabo<\/strong>. Qui sono stati realizzati anche campi di produzione di ortaggi a km 0. Per i beneficiari di entrambi i gruppi si \u00e8 trattato di un\u2019esperienza nuova dato che non avevano mai lavorato prima nell\u2019orticoltura. &#8220;Siamo riusciti a ottenere prodotti in grandi quantit\u00e0 e di notevole qualit\u00e0, anche secondo i nostri clienti&#8221; ha dichiarato N\u00e9lia Ac\u00e1cio, presidente del gruppo Marrabo,<\/p>\r\n\r\n\r\n\r\n<p>Un altro pilastro del progetto &#8220;WONA&#8221; \u00e8 <strong>l&#8217;intervento nella lotta per la resilienza al cambiamento climatico nella citt\u00e0 di Quelimane.<\/strong> In coordinamento con il Consiglio Autarchico della Citt\u00e0 di Quelimane (CACQ), sono state infatti realizzate attivit\u00e0 di <strong>riforestazione urbana<\/strong> nella citt\u00e0 e nei quartieri, oltre che nelle scuole.<\/p>\r\n\r\n\r\n\r\n<p>Dopo la distruzione della prima serra a causa dei cicloni che si sono abbattuti sulla zona tra gennaio e febbraio, il progetto ha finanziato la costruzione di un nuovo vivaio per la produzione di piantine, dotato di vassoi in legno e tubetti di plastica in cui vengono fatte germogliare le piantine durante le prime fasi di crescita.<\/p>\r\n\r\n\r\n\r\n<p>Il progetto WONA ha anche migliorato alcune attivit\u00e0 quotidiane come il trasporto di piante e materiali all&#8217;interno e all&#8217;esterno del vivaio comunale e del centro di compostaggio grazie alla dotazione di una <strong>cargo-bike<\/strong>.<\/p>\r\n\r\n\r\n\r\n<figure class=\"wp-block-gallery aligncenter has-nested-images columns-default is-cropped wp-block-gallery-1 is-layout-flex wp-block-gallery-is-layout-flex\">\r\n<figure class=\"wp-block-image size-large\"><img decoding=\"async\" data-id=\"162783\" class=\"wp-image-162783\" src=\"https:\/\/manitese.it\/wp-content\/uploads\/2022\/11\/Bici-cargo.jpg\" alt=\"\" \/>\r\n<figcaption>I beneficiari insieme alla cargo-bike<\/figcaption>\r\n<\/figure>\r\n\r\n\r\n\r\n<figure class=\"wp-block-image size-large\"><img decoding=\"async\" data-id=\"162782\" class=\"wp-image-162782\" src=\"https:\/\/manitese.it\/wp-content\/uploads\/2022\/11\/Inaugurazione-vivaio-municipale.jpg\" alt=\"\" \/>\r\n<figcaption>Inaugurazione del vivaio municipale<\/figcaption>\r\n<\/figure>\r\n\r\n\r\n\r\n<figure class=\"wp-block-image size-large\"><img decoding=\"async\" data-id=\"162785\" class=\"wp-image-162785\" src=\"https:\/\/manitese.it\/wp-content\/uploads\/2022\/11\/Vivaio-di-AJAQ--1024x768.jpg\" alt=\"\" \/>\r\n<figcaption>Vivaio di AJAQ<\/figcaption>\r\n<\/figure>\r\n\r\n\r\n\r\n<figure class=\"wp-block-image size-large\"><img decoding=\"async\" data-id=\"162780\" class=\"wp-image-162780\" src=\"https:\/\/manitese.it\/wp-content\/uploads\/2022\/11\/Vivaio-municipale.jpg\" alt=\"\" \/>\r\n<figcaption>Visita al vivaio municipale<\/figcaption>\r\n<\/figure>\r\n<\/figure>\r\n\r\n\r\n\r\n<p>&nbsp;<\/p>\r\n\r\n\r\n\r\n<p>Inoltre, attraverso la costruzione di sistemi di raccolta d&#8217;acqua piovana dal tetto, \u00e8 aumentata la disponibilit\u00e0 di acqua all&#8217;interno del vivaio. Con il progetto Wona si \u00e8 infine favorito il contatto \u00a0tra il vivaio e le scuole, coinvolgendo 10 istituti della citt\u00e0 in sessioni di educazione ambientale sui rischi legati ai cambiamenti climatici, sull\u2019importanza degli alberi e sul valore del verde in citt\u00e0.<\/p>\r\n\r\n\r\n\r\n<p>Secondo <strong>Baridjane Francisco, Direttore dell\u2019assessorato di riforestazione, dei giardini e spazi pubblici del CACQ<\/strong>, \u201cQuesta sinergia ha aumentato il livello di produzione di piantine nel vivaio comunale, dando anche un nuovo approccio e una visione a lungo termine. La produzione in tubetti si \u00e8 rivelata molto efficiente e sostenibile, dato che prima si produceva in sacchi di plastica usa e getta. \u201cIl progetto WONA ha dato pi\u00f9 dinamismo al nostro centro\u201d, continua il Direttore, \u201caumentando anche la diversificazione delle specie all&#8217;interno del vivaio comunale, come gli alberi da frutto\u201d.<\/p>\r\n\r\n\r\n\r\n<p>Il progetto WONA prevede anche <strong>lo scambio di esperienze e buone pratiche sia all\u2019interno del Mozambico che tra il Mozambico e l\u2019Italia<\/strong>. Tra il 12 e il 15 ottobre la Fondazione E-35, basata a Pemba, \u00e8 venuta in visita di scambio a Quelimane per conoscere le realt\u00e0 in cui Mani Tese lavora e l\u2019impatto che il progetto ha avuto. Sono stati visitati i gruppi di beneficiari che svolgono attivit\u00e0 di orticoltura, il vivaio comunale, il centro di compostaggio, alcune delle scuole beneficiarie delle attivit\u00e0 di educazione ambientale, le zone riforestate e i forum di quartiere che il progetto ha creato per favorire il senso di ownership nei confronti degli alberi piantati dal progetto. La visita si \u00e8 conclusa con un seminario per lo scambio di esperienze tra le due citt\u00e0.<\/p>\r\n\r\n\r\n\r\n<figure class=\"wp-block-gallery aligncenter has-nested-images columns-default is-cropped wp-block-gallery-2 is-layout-flex wp-block-gallery-is-layout-flex\">\r\n<figure class=\"wp-block-image size-large\"><img decoding=\"async\" data-id=\"162789\" class=\"wp-image-162789\" src=\"https:\/\/manitese.it\/wp-content\/uploads\/2022\/11\/Centro-di-compostaggio.jpg\" alt=\"\" \/>\r\n<figcaption>Visita al centro di compostaggio<\/figcaption>\r\n<\/figure>\r\n\r\n\r\n\r\n<figure class=\"wp-block-image size-large\"><img decoding=\"async\" data-id=\"162792\" class=\"wp-image-162792\" src=\"https:\/\/manitese.it\/wp-content\/uploads\/2022\/11\/Educazione-ambientale-1024x768.jpg\" alt=\"\" \/>\r\n<figcaption>Sessione di educazione ambientale<\/figcaption>\r\n<\/figure>\r\n\r\n\r\n\r\n<figure class=\"wp-block-image size-large\"><img decoding=\"async\" data-id=\"162794\" class=\"wp-image-162794\" src=\"https:\/\/manitese.it\/wp-content\/uploads\/2022\/11\/Fiera-agroecologica-1024x683.jpg\" alt=\"\" \/>\r\n<figcaption>Fiera agroecologica<\/figcaption>\r\n<\/figure>\r\n\r\n\r\n\r\n<figure class=\"wp-block-image size-large\"><img decoding=\"async\" data-id=\"162788\" class=\"wp-image-162788\" src=\"https:\/\/manitese.it\/wp-content\/uploads\/2022\/11\/valutazione-dello-stato-fitosanitario-.jpg\" alt=\"\" \/>\r\n<figcaption>Attivit\u00e0 di piantumazione<\/figcaption>\r\n<\/figure>\r\n<\/figure>\r\n\r\n\r\n\r\n<p>&nbsp;<\/p>\r\n\r\n\r\n\r\n<p>Nell\u2019ambito dello scambio tra Mozambico e Italia, il 7 ottobre si \u00e8 inoltre svolto un workshop online su due temi: \u201c<strong>La riforestazione urbana come azione chiave per la mitigazione dei cambiamenti climatic<\/strong>i\u201d e \u201c<strong>Come le politiche pubbliche partecipative possono contribuire allo sviluppo e alla gestione del verde urbano<\/strong>\u201d. Vi hanno partecipato, oltra a Mani Tese e la Fondazione E-35, anche il Municipio di Quelimane, il Municipio di Pemba, il Comune di Reggio Emilia e la Regione Emilia-Romagna.<\/p>\r\n","protected":false},"excerpt":{"rendered":"<p>Il progetto WONA, di Mani Tese, intende raggiungere la sicurezza alimentare attraverso la lotta e l\u2019adattamento al cambiamento climatico, la riforestazione e la rigenerazione del verde urbano in una prospettiva partecipata.<\/p>\n","protected":false},"author":1,"featured_media":162776,"comment_status":"open","ping_status":"open","sticky":false,"template":"","format":"standard","meta":{"_acf_changed":false,"give_campaign_id":0,"inline_featured_image":false,"_jetpack_memberships_contains_paid_content":false,"footnotes":""},"categories":[3],"tags":[48,53],"thematic_area":[916],"class_list":["post-162768","post","type-post","status-publish","format-standard","has-post-thumbnail","hentry","category-diari","tag-wona","tag-mozambico","thematic_area-citta-e-pratiche-sostenibili"],"acf":[],"yoast_head":"<!-- This site is optimized with the Yoast SEO plugin v27.5 - https:\/\/yoast.com\/product\/yoast-seo-wordpress\/ -->\n<title>Agroecologia e sostenibilit\u00e0 ambientale in Mozambico - Mani Tese<\/title>\n<meta name=\"description\" content=\"Il progetto WONA, di Mani Tese, intende raggiungere la sicurezza alimentare attraverso la lotta e l\u2019adattamento al cambiamento climatico, la riforestazione e la rigenerazione del verde urbano in una prospettiva partecipata.\" \/>\n<meta name=\"robots\" content=\"index, follow, max-snippet:-1, max-image-preview:large, max-video-preview:-1\" \/>\n<link rel=\"canonical\" href=\"https:\/\/www.manitese.it\/en\/agroecologia-e-sostenibilita-ambientale-in-mozambico\/\" \/>\n<meta property=\"og:locale\" content=\"en_US\" \/>\n<meta property=\"og:type\" content=\"article\" \/>\n<meta property=\"og:title\" content=\"Agroecologia e sostenibilit\u00e0 ambientale in Mozambico - Mani Tese\" \/>\n<meta property=\"og:description\" content=\"Il progetto WONA, di Mani Tese, intende raggiungere la sicurezza alimentare attraverso la lotta e l\u2019adattamento al cambiamento climatico, la riforestazione e la rigenerazione del verde urbano in una prospettiva partecipata.\" \/>\n<meta property=\"og:url\" content=\"https:\/\/www.manitese.it\/en\/agroecologia-e-sostenibilita-ambientale-in-mozambico\/\" \/>\n<meta property=\"og:site_name\" content=\"Mani Tese\" \/>\n<meta property=\"article:published_time\" content=\"2022-11-08T11:01:57+00:00\" \/>\n<meta property=\"article:modified_time\" content=\"2023-11-29T16:47:45+00:00\" \/>\n<meta property=\"og:image\" content=\"https:\/\/www.manitese.it\/wp-content\/uploads\/2022\/11\/header-rid-1-1-1024x429.png\" \/>\n\t<meta property=\"og:image:width\" content=\"1024\" \/>\n\t<meta property=\"og:image:height\" content=\"429\" \/>\n\t<meta property=\"og:image:type\" content=\"image\/png\" \/>\n<meta name=\"author\" content=\"agevis\" \/>\n<meta name=\"twitter:card\" content=\"summary_large_image\" \/>\n<meta name=\"twitter:label1\" content=\"Written by\" \/>\n\t<meta name=\"twitter:data1\" content=\"agevis\" \/>\n\t<meta name=\"twitter:label2\" content=\"Est. reading time\" \/>\n\t<meta name=\"twitter:data2\" content=\"6 minutes\" \/>\n<script type=\"application\/ld+json\" class=\"yoast-schema-graph\">{\"@context\":\"https:\\\/\\\/schema.org\",\"@graph\":[{\"@type\":\"Article\",\"@id\":\"https:\\\/\\\/www.manitese.it\\\/en\\\/agroecologia-e-sostenibilita-ambientale-in-mozambico\\\/#article\",\"isPartOf\":{\"@id\":\"https:\\\/\\\/www.manitese.it\\\/en\\\/agroecologia-e-sostenibilita-ambientale-in-mozambico\\\/\"},\"author\":{\"name\":\"agevis\",\"@id\":\"https:\\\/\\\/www.manitese.it\\\/en\\\/#\\\/schema\\\/person\\\/5a9774f17e4940e2510bfeba90f04f65\"},\"headline\":\"Agroecologia e sostenibilit\u00e0 ambientale in Mozambico\",\"datePublished\":\"2022-11-08T11:01:57+00:00\",\"dateModified\":\"2023-11-29T16:47:45+00:00\",\"mainEntityOfPage\":{\"@id\":\"https:\\\/\\\/www.manitese.it\\\/en\\\/agroecologia-e-sostenibilita-ambientale-in-mozambico\\\/\"},\"wordCount\":845,\"commentCount\":0,\"image\":{\"@id\":\"https:\\\/\\\/www.manitese.it\\\/en\\\/agroecologia-e-sostenibilita-ambientale-in-mozambico\\\/#primaryimage\"},\"thumbnailUrl\":\"https:\\\/\\\/www.manitese.it\\\/wp-content\\\/uploads\\\/2022\\\/11\\\/header-rid-1-1.png\",\"keywords\":[\"wona\",\"Mozambico\"],\"articleSection\":[\"Diari\"],\"inLanguage\":\"en-US\",\"potentialAction\":[{\"@type\":\"CommentAction\",\"name\":\"Comment\",\"target\":[\"https:\\\/\\\/www.manitese.it\\\/en\\\/agroecologia-e-sostenibilita-ambientale-in-mozambico\\\/#respond\"]}]},{\"@type\":\"WebPage\",\"@id\":\"https:\\\/\\\/www.manitese.it\\\/en\\\/agroecologia-e-sostenibilita-ambientale-in-mozambico\\\/\",\"url\":\"https:\\\/\\\/www.manitese.it\\\/en\\\/agroecologia-e-sostenibilita-ambientale-in-mozambico\\\/\",\"name\":\"Agroecologia e sostenibilit\u00e0 ambientale in Mozambico - Mani Tese\",\"isPartOf\":{\"@id\":\"https:\\\/\\\/www.manitese.it\\\/en\\\/#website\"},\"primaryImageOfPage\":{\"@id\":\"https:\\\/\\\/www.manitese.it\\\/en\\\/agroecologia-e-sostenibilita-ambientale-in-mozambico\\\/#primaryimage\"},\"image\":{\"@id\":\"https:\\\/\\\/www.manitese.it\\\/en\\\/agroecologia-e-sostenibilita-ambientale-in-mozambico\\\/#primaryimage\"},\"thumbnailUrl\":\"https:\\\/\\\/www.manitese.it\\\/wp-content\\\/uploads\\\/2022\\\/11\\\/header-rid-1-1.png\",\"datePublished\":\"2022-11-08T11:01:57+00:00\",\"dateModified\":\"2023-11-29T16:47:45+00:00\",\"author\":{\"@id\":\"https:\\\/\\\/www.manitese.it\\\/en\\\/#\\\/schema\\\/person\\\/5a9774f17e4940e2510bfeba90f04f65\"},\"description\":\"Il progetto WONA, di Mani Tese, intende raggiungere la sicurezza alimentare attraverso la lotta e l\u2019adattamento al cambiamento climatico, la riforestazione e la rigenerazione del verde urbano in una prospettiva partecipata.\",\"breadcrumb\":{\"@id\":\"https:\\\/\\\/www.manitese.it\\\/en\\\/agroecologia-e-sostenibilita-ambientale-in-mozambico\\\/#breadcrumb\"},\"inLanguage\":\"en-US\",\"potentialAction\":[{\"@type\":\"ReadAction\",\"target\":[\"https:\\\/\\\/www.manitese.it\\\/en\\\/agroecologia-e-sostenibilita-ambientale-in-mozambico\\\/\"]}]},{\"@type\":\"ImageObject\",\"inLanguage\":\"en-US\",\"@id\":\"https:\\\/\\\/www.manitese.it\\\/en\\\/agroecologia-e-sostenibilita-ambientale-in-mozambico\\\/#primaryimage\",\"url\":\"https:\\\/\\\/www.manitese.it\\\/wp-content\\\/uploads\\\/2022\\\/11\\\/header-rid-1-1.png\",\"contentUrl\":\"https:\\\/\\\/www.manitese.it\\\/wp-content\\\/uploads\\\/2022\\\/11\\\/header-rid-1-1.png\",\"width\":1917,\"height\":803},{\"@type\":\"BreadcrumbList\",\"@id\":\"https:\\\/\\\/www.manitese.it\\\/en\\\/agroecologia-e-sostenibilita-ambientale-in-mozambico\\\/#breadcrumb\",\"itemListElement\":[{\"@type\":\"ListItem\",\"position\":1,\"name\":\"Home\",\"item\":\"https:\\\/\\\/www.manitese.it\\\/en\\\/\"},{\"@type\":\"ListItem\",\"position\":2,\"name\":\"Agroecologia e sostenibilit\u00e0 ambientale in Mozambico\"}]},{\"@type\":\"WebSite\",\"@id\":\"https:\\\/\\\/www.manitese.it\\\/en\\\/#website\",\"url\":\"https:\\\/\\\/www.manitese.it\\\/en\\\/\",\"name\":\"Mani Tese\",\"description\":\"\",\"potentialAction\":[{\"@type\":\"SearchAction\",\"target\":{\"@type\":\"EntryPoint\",\"urlTemplate\":\"https:\\\/\\\/www.manitese.it\\\/en\\\/?s={search_term_string}\"},\"query-input\":{\"@type\":\"PropertyValueSpecification\",\"valueRequired\":true,\"valueName\":\"search_term_string\"}}],\"inLanguage\":\"en-US\"},{\"@type\":\"Person\",\"@id\":\"https:\\\/\\\/www.manitese.it\\\/en\\\/#\\\/schema\\\/person\\\/5a9774f17e4940e2510bfeba90f04f65\",\"name\":\"agevis\",\"image\":{\"@type\":\"ImageObject\",\"inLanguage\":\"en-US\",\"@id\":\"https:\\\/\\\/secure.gravatar.com\\\/avatar\\\/2dc96c93fcf3387a5922a93b50fb3bff01d4800590fb6a4ab91a034adb25ba17?s=96&d=mm&r=g\",\"url\":\"https:\\\/\\\/secure.gravatar.com\\\/avatar\\\/2dc96c93fcf3387a5922a93b50fb3bff01d4800590fb6a4ab91a034adb25ba17?s=96&d=mm&r=g\",\"contentUrl\":\"https:\\\/\\\/secure.gravatar.com\\\/avatar\\\/2dc96c93fcf3387a5922a93b50fb3bff01d4800590fb6a4ab91a034adb25ba17?s=96&d=mm&r=g\",\"caption\":\"agevis\"},\"url\":\"https:\\\/\\\/www.manitese.it\\\/en\\\/author\\\/wp_agevis_admin\\\/\"}]}<\/script>\n<!-- \/ Yoast SEO plugin. -->","yoast_head_json":{"title":"Agroecologia e sostenibilit\u00e0 ambientale in Mozambico - Mani Tese","description":"Il progetto WONA, di Mani Tese, intende raggiungere la sicurezza alimentare attraverso la lotta e l\u2019adattamento al cambiamento climatico, la riforestazione e la rigenerazione del verde urbano in una prospettiva partecipata.","robots":{"index":"index","follow":"follow","max-snippet":"max-snippet:-1","max-image-preview":"max-image-preview:large","max-video-preview":"max-video-preview:-1"},"canonical":"https:\/\/www.manitese.it\/en\/agroecologia-e-sostenibilita-ambientale-in-mozambico\/","og_locale":"en_US","og_type":"article","og_title":"Agroecologia e sostenibilit\u00e0 ambientale in Mozambico - Mani Tese","og_description":"Il progetto WONA, di Mani Tese, intende raggiungere la sicurezza alimentare attraverso la lotta e l\u2019adattamento al cambiamento climatico, la riforestazione e la rigenerazione del verde urbano in una prospettiva partecipata.","og_url":"https:\/\/www.manitese.it\/en\/agroecologia-e-sostenibilita-ambientale-in-mozambico\/","og_site_name":"Mani Tese","article_published_time":"2022-11-08T11:01:57+00:00","article_modified_time":"2023-11-29T16:47:45+00:00","og_image":[{"width":1024,"height":429,"url":"https:\/\/www.manitese.it\/wp-content\/uploads\/2022\/11\/header-rid-1-1-1024x429.png","type":"image\/png"}],"author":"agevis","twitter_card":"summary_large_image","twitter_misc":{"Written by":"agevis","Est. reading time":"6 minutes"},"schema":{"@context":"https:\/\/schema.org","@graph":[{"@type":"Article","@id":"https:\/\/www.manitese.it\/en\/agroecologia-e-sostenibilita-ambientale-in-mozambico\/#article","isPartOf":{"@id":"https:\/\/www.manitese.it\/en\/agroecologia-e-sostenibilita-ambientale-in-mozambico\/"},"author":{"name":"agevis","@id":"https:\/\/www.manitese.it\/en\/#\/schema\/person\/5a9774f17e4940e2510bfeba90f04f65"},"headline":"Agroecologia e sostenibilit\u00e0 ambientale in Mozambico","datePublished":"2022-11-08T11:01:57+00:00","dateModified":"2023-11-29T16:47:45+00:00","mainEntityOfPage":{"@id":"https:\/\/www.manitese.it\/en\/agroecologia-e-sostenibilita-ambientale-in-mozambico\/"},"wordCount":845,"commentCount":0,"image":{"@id":"https:\/\/www.manitese.it\/en\/agroecologia-e-sostenibilita-ambientale-in-mozambico\/#primaryimage"},"thumbnailUrl":"https:\/\/www.manitese.it\/wp-content\/uploads\/2022\/11\/header-rid-1-1.png","keywords":["wona","Mozambico"],"articleSection":["Diari"],"inLanguage":"en-US","potentialAction":[{"@type":"CommentAction","name":"Comment","target":["https:\/\/www.manitese.it\/en\/agroecologia-e-sostenibilita-ambientale-in-mozambico\/#respond"]}]},{"@type":"WebPage","@id":"https:\/\/www.manitese.it\/en\/agroecologia-e-sostenibilita-ambientale-in-mozambico\/","url":"https:\/\/www.manitese.it\/en\/agroecologia-e-sostenibilita-ambientale-in-mozambico\/","name":"Agroecologia e sostenibilit\u00e0 ambientale in Mozambico - Mani Tese","isPartOf":{"@id":"https:\/\/www.manitese.it\/en\/#website"},"primaryImageOfPage":{"@id":"https:\/\/www.manitese.it\/en\/agroecologia-e-sostenibilita-ambientale-in-mozambico\/#primaryimage"},"image":{"@id":"https:\/\/www.manitese.it\/en\/agroecologia-e-sostenibilita-ambientale-in-mozambico\/#primaryimage"},"thumbnailUrl":"https:\/\/www.manitese.it\/wp-content\/uploads\/2022\/11\/header-rid-1-1.png","datePublished":"2022-11-08T11:01:57+00:00","dateModified":"2023-11-29T16:47:45+00:00","author":{"@id":"https:\/\/www.manitese.it\/en\/#\/schema\/person\/5a9774f17e4940e2510bfeba90f04f65"},"description":"Il progetto WONA, di Mani Tese, intende raggiungere la sicurezza alimentare attraverso la lotta e l\u2019adattamento al cambiamento climatico, la riforestazione e la rigenerazione del verde urbano in una prospettiva partecipata.","breadcrumb":{"@id":"https:\/\/www.manitese.it\/en\/agroecologia-e-sostenibilita-ambientale-in-mozambico\/#breadcrumb"},"inLanguage":"en-US","potentialAction":[{"@type":"ReadAction","target":["https:\/\/www.manitese.it\/en\/agroecologia-e-sostenibilita-ambientale-in-mozambico\/"]}]},{"@type":"ImageObject","inLanguage":"en-US","@id":"https:\/\/www.manitese.it\/en\/agroecologia-e-sostenibilita-ambientale-in-mozambico\/#primaryimage","url":"https:\/\/www.manitese.it\/wp-content\/uploads\/2022\/11\/header-rid-1-1.png","contentUrl":"https:\/\/www.manitese.it\/wp-content\/uploads\/2022\/11\/header-rid-1-1.png","width":1917,"height":803},{"@type":"BreadcrumbList","@id":"https:\/\/www.manitese.it\/en\/agroecologia-e-sostenibilita-ambientale-in-mozambico\/#breadcrumb","itemListElement":[{"@type":"ListItem","position":1,"name":"Home","item":"https:\/\/www.manitese.it\/en\/"},{"@type":"ListItem","position":2,"name":"Agroecologia e sostenibilit\u00e0 ambientale in Mozambico"}]},{"@type":"WebSite","@id":"https:\/\/www.manitese.it\/en\/#website","url":"https:\/\/www.manitese.it\/en\/","name":"Mani Tese","description":"","potentialAction":[{"@type":"SearchAction","target":{"@type":"EntryPoint","urlTemplate":"https:\/\/www.manitese.it\/en\/?s={search_term_string}"},"query-input":{"@type":"PropertyValueSpecification","valueRequired":true,"valueName":"search_term_string"}}],"inLanguage":"en-US"},{"@type":"Person","@id":"https:\/\/www.manitese.it\/en\/#\/schema\/person\/5a9774f17e4940e2510bfeba90f04f65","name":"agevis","image":{"@type":"ImageObject","inLanguage":"en-US","@id":"https:\/\/secure.gravatar.com\/avatar\/2dc96c93fcf3387a5922a93b50fb3bff01d4800590fb6a4ab91a034adb25ba17?s=96&d=mm&r=g","url":"https:\/\/secure.gravatar.com\/avatar\/2dc96c93fcf3387a5922a93b50fb3bff01d4800590fb6a4ab91a034adb25ba17?s=96&d=mm&r=g","contentUrl":"https:\/\/secure.gravatar.com\/avatar\/2dc96c93fcf3387a5922a93b50fb3bff01d4800590fb6a4ab91a034adb25ba17?s=96&d=mm&r=g","caption":"agevis"},"url":"https:\/\/www.manitese.it\/en\/author\/wp_agevis_admin\/"}]}},"jetpack_featured_media_url":"https:\/\/www.manitese.it\/wp-content\/uploads\/2022\/11\/header-rid-1-1.png","jetpack_sharing_enabled":true,"_links":{"self":[{"href":"https:\/\/www.manitese.it\/en\/wp-json\/wp\/v2\/posts\/162768","targetHints":{"allow":["GET"]}}],"collection":[{"href":"https:\/\/www.manitese.it\/en\/wp-json\/wp\/v2\/posts"}],"about":[{"href":"https:\/\/www.manitese.it\/en\/wp-json\/wp\/v2\/types\/post"}],"author":[{"embeddable":true,"href":"https:\/\/www.manitese.it\/en\/wp-json\/wp\/v2\/users\/1"}],"replies":[{"embeddable":true,"href":"https:\/\/www.manitese.it\/en\/wp-json\/wp\/v2\/comments?post=162768"}],"version-history":[{"count":3,"href":"https:\/\/www.manitese.it\/en\/wp-json\/wp\/v2\/posts\/162768\/revisions"}],"predecessor-version":[{"id":191644,"href":"https:\/\/www.manitese.it\/en\/wp-json\/wp\/v2\/posts\/162768\/revisions\/191644"}],"wp:featuredmedia":[{"embeddable":true,"href":"https:\/\/www.manitese.it\/en\/wp-json\/wp\/v2\/media\/162776"}],"wp:attachment":[{"href":"https:\/\/www.manitese.it\/en\/wp-json\/wp\/v2\/media?parent=162768"}],"wp:term":[{"taxonomy":"category","embeddable":true,"href":"https:\/\/www.manitese.it\/en\/wp-json\/wp\/v2\/categories?post=162768"},{"taxonomy":"post_tag","embeddable":true,"href":"https:\/\/www.manitese.it\/en\/wp-json\/wp\/v2\/tags?post=162768"},{"taxonomy":"thematic_area","embeddable":true,"href":"https:\/\/www.manitese.it\/en\/wp-json\/wp\/v2\/thematic_area?post=162768"}],"curies":[{"name":"wp","href":"https:\/\/api.w.org\/{rel}","templated":true}]}}