{"id":161916,"date":"2022-10-28T13:45:12","date_gmt":"2022-10-28T11:45:12","guid":{"rendered":"https:\/\/manitese.it\/?p=161916"},"modified":"2023-11-30T11:53:09","modified_gmt":"2023-11-30T10:53:09","slug":"un-motocoltivatore-per-lo-sviluppo-del-burkina-faso","status":"publish","type":"post","link":"https:\/\/www.manitese.it\/en\/un-motocoltivatore-per-lo-sviluppo-del-burkina-faso\/","title":{"rendered":"Un motocoltivatore per lo sviluppo del Burkina Faso"},"content":{"rendered":"\r\n<p>\u201cPotevamo comprarci una casa grande, potevo prendermi una bella moto o una macchina per andare in giro a farmi vedere, ma non l\u2019ho fatto. Mio padre e io abbiamo preferito investire i soldi per lo sviluppo del nostro Paese \u2013 racconta Abdoulaye Ouedraogo, giovane imprenditore 26enne che insieme al padre, dopo cinque anni di lavoro, ha <strong>creato la versione definitiva di un motocoltivatore totalmente burkinab\u00e9, costruito con materiali di recupero e utilizzando il motore di un modello di moto-triciclo largamente diffuso in tutta l\u2019area Saheliana.<\/strong><\/p>\r\n\r\n\r\n\r\n<p>Nel movimentato quartiere di Kouritenga, a Ouagadougou, si trova la casa-magazzino di Hamidou Ouedraogo, il padre, 61enne e pieno di iniziativa, di Adboulaye.<\/p>\r\n\r\n\r\n\r\n<p>Hamidou faceva il commerciante ma ha sempre avuto una grande inventiva. Da circa dieci anni, infatti, lavora con il ferro e con materiali di recupero per creare nuovi attrezzi e macchinari utili soprattutto per l\u2019agricoltura. \u201cCinque anni fa ho fatto una scelta \u2013 racconta Hamidou \u2013 ho iniziato ad investire e a lavorare alla creazione di qualcosa che potesse aiutare la gente dei villaggi che lavora la terra: <strong>un motocoltivatore burkinab\u00e9<\/strong>. Sul mercato ce ne sono diversi ma sono tutti importati e quando si rompono \u00e8 difficile aggiustarli perch\u00e9 non ci sono pezzi di ricambio disponibili<strong>. Il prototipo a cui ho lavorato con mio figlio, invece, \u00e8 pi\u00f9 resistente degli altr<\/strong>i, va a benzina e non a diesel, quindi meno delicato e soprattutto <strong>\u00e8 facile da sistemare perch\u00e9 costruito con materiale reperibile sul mercato locale<\/strong>\u201d.<\/p>\r\n\r\n\r\n\r\n<p>Ci sono voluti pi\u00f9 di 10milioni di FCFA per riuscire ad arrivare alla produzione di questo nuovo modello e le perdite nel corso degli anni sono state tante. \u201cSiamo partiti da zero \u2013 spiega Abdoulaye \u2013 e in Burkina Faso non \u00e8 semplice fare impresa, ma <strong>ci\u00f2 che ci spinge \u00e8 l\u2019amore per il nostro Paese e la volont\u00e0 di contribuire direttamente al suo sviluppo, che secondo noi parte proprio dall\u2019agricoltura.\u201d<\/strong><\/p>\r\n\r\n\r\n\r\n<p>\u201cHo iniziato studiando ingegneria civile &#8211; continua Abdoulaye mentre si mette alla guida del suo motocoltivatore. &#8211; ma poi ho lasciato gli studi per aiutare mio padre con il suo progetto. Ora faccio l\u2019imprenditore e il mio sogno \u00e8 di aprire la pi\u00f9 grande azienda del Burkina Faso\u201d.<\/p>\r\n\r\n\r\n\r\n<p>Dopo anni di lavoro, per Abdoulaye e Hamidou \u00e8 giunto il momento di lanciarsi sul mercato. <strong>Mani Tese \u00e8 stata la prima ONG a voler sperimentare questo mezzo e ad acquistare la versione definitiva del motocoltivatore.<\/strong><\/p>\r\n\r\n\r\n<div class=\"wp-block-image\">\r\n<figure class=\"aligncenter size-large\"><a href=\"https:\/\/manitese.it\/wp-content\/uploads\/2022\/10\/19-1.png\"><img decoding=\"async\" class=\"wp-image-161927\" src=\"https:\/\/manitese.it\/wp-content\/uploads\/2022\/10\/19-1-1024x576.png\" alt=\"Eugenio, il nostro rappresentante Paese Mani Tese in Burkina Faso, e Hamidou, davanti al motocoltivatore\" \/><\/a>\r\n<figcaption>Eugenio, il nostro rappresentante Paese Mani Tese in Burkina Faso, e Hamidou<\/figcaption>\r\n<\/figure>\r\n<\/div>\r\n\r\n<div class=\"wp-block-image\">\r\n<figure class=\"aligncenter size-large\"><a href=\"https:\/\/manitese.it\/wp-content\/uploads\/2022\/10\/IMG-20221007-WA0025.jpg\"><img decoding=\"async\" class=\"wp-image-161929\" src=\"https:\/\/manitese.it\/wp-content\/uploads\/2022\/10\/IMG-20221007-WA0025-1024x576.jpg\" alt=\"Giulia, della squadra Mani Tese, mentre intervista Hamidou e suo figlio Adboulaye.\" \/><\/a>\r\n<figcaption>Giulia, della squadra Mani Tese, mentre intervista Hamidou e suo figlio Adboulaye.<\/figcaption>\r\n<\/figure>\r\n<\/div>\r\n\r\n\r\n<p>Mercoled\u00ec 12 ottobre il giovane Abdoulaye si \u00e8 recato con il motocoltivatore a Ouahigouya per tenere una formazione sul suo uso agli agricoltori del villaggio di Noodin, coinvolti nel nostro progetto <a href=\"https:\/\/manitese.it\/progetto\/semina-superare-emergenza-incentivando-agricoltura\"><strong>SEmInA<\/strong> <strong>&#8211; superare l\u2019emergenza incentivando l\u2019agricoltura<\/strong><\/a>, finanziato dall\u2019Agenzia Italiana per la Cooperazione Internazionale allo Sviluppo. Il mezzo ha subito ricevuto l\u2019apprezzamento dei contadini per via della sua potenza, robustezza e per la facile reperibilit\u00e0 dei pezzi di ricambio.<\/p>\r\n\r\n\r\n\r\n<p>Padre e figlio si augurano che la popolazione, attraverso l\u2019acquisto del loro strumento, e il governo, tramite sovvenzioni, li appoggeranno nello sviluppo della loro impresa cos\u00ec che possano migliorare sempre di pi\u00f9 e diventare promotori dello sviluppo del Paese. \u201cC\u2019\u00e8 un proverbio in m\u00f2or\u00e9 &#8211; racconta Adboulaye &#8211; che dice: <strong><em>BII-YAM DAADA A M\u2019AM SAMSA<\/em><\/strong> e significa <em>Il bambino intelligente compra il cibo da sua madre, cos\u00ec che il guadagno, in un secondo momento, vada a lui<\/em>\u201d.<\/p>\r\n\r\n\r\n<div class=\"wp-block-image is-style-default\">\r\n<figure class=\"aligncenter size-large\"><a href=\"https:\/\/manitese.it\/wp-content\/uploads\/2022\/10\/IMG_20220729_113708-scaled.jpg\"><img decoding=\"async\" class=\"wp-image-161931\" src=\"https:\/\/manitese.it\/wp-content\/uploads\/2022\/10\/IMG_20220729_113708-1024x576.jpg\" alt=\"Alcuni uomini del villaggio mentre visionano il motocoltivatore\" \/><\/a>\r\n<figcaption>Alcuni uomini del villaggio mentre visionano il motocoltivatore<\/figcaption>\r\n<\/figure>\r\n<\/div>\r\n\r\n\r\n<p>Grazie al motocoltivatore, Mani Tese ha potuto, da un lato, fornire un mezzo pi\u00f9 performante e durevole alle comunit\u00e0 destinatarie del progetto e, dall\u2019altro, sostenere una piccola impresa locale che ha lavorato con grande perseveranza.<\/p>\r\n\r\n\r\n\r\n<figure class=\"wp-block-video\"><\/figure>\r\n<p><iframe title=\"YouTube video player\" src=\"https:\/\/www.youtube.com\/embed\/8KfWNU-Hpxs\" width=\"100%\" height=\"600\" frameborder=\"0\" allowfullscreen=\"allowfullscreen\"><\/iframe><\/p>\r\n","protected":false},"excerpt":{"rendered":"<p>Realizzato da imprenditori locali con materiali di recupero utilizzando e adattando il motore di un moto-triciclo, questo motocoltivatore \u00e8 stato adottato da Mani Tese per aiutare gli agricoltori nel loro sviluppo agroecologico.<\/p>\n","protected":false},"author":1,"featured_media":161922,"comment_status":"open","ping_status":"open","sticky":false,"template":"","format":"standard","meta":{"_acf_changed":false,"give_campaign_id":0,"inline_featured_image":false,"_jetpack_memberships_contains_paid_content":false,"footnotes":""},"categories":[3],"tags":[39,79],"thematic_area":[905],"class_list":["post-161916","post","type-post","status-publish","format-standard","has-post-thumbnail","hentry","category-diari","tag-burkina-faso-2","tag-motocoltivatore","thematic_area-accesso-universale-al-cibo-e-allacqua"],"acf":[],"yoast_head":"<!-- This site is optimized with the Yoast SEO plugin v27.5 - https:\/\/yoast.com\/product\/yoast-seo-wordpress\/ -->\n<title>Un motocoltivatore per lo sviluppo del Burkina Faso - Mani Tese<\/title>\n<meta name=\"description\" content=\"Realizzato da imprenditori locali con materiali di recupero utilizzando e adattando il motore di un moto-triciclo, questo motocoltivatore \u00e8 stato adottato da Mani Tese per aiutare gli agricoltori nel loro sviluppo agroecologico.\" \/>\n<meta name=\"robots\" content=\"index, follow, max-snippet:-1, max-image-preview:large, max-video-preview:-1\" \/>\n<link rel=\"canonical\" href=\"https:\/\/www.manitese.it\/en\/un-motocoltivatore-per-lo-sviluppo-del-burkina-faso\/\" \/>\n<meta property=\"og:locale\" content=\"en_US\" \/>\n<meta property=\"og:type\" content=\"article\" \/>\n<meta property=\"og:title\" content=\"Un motocoltivatore per lo sviluppo del Burkina Faso - Mani Tese\" \/>\n<meta property=\"og:description\" content=\"Realizzato da imprenditori locali con materiali di recupero utilizzando e adattando il motore di un moto-triciclo, questo motocoltivatore \u00e8 stato adottato da Mani Tese per aiutare gli agricoltori nel loro sviluppo agroecologico.\" \/>\n<meta property=\"og:url\" content=\"https:\/\/www.manitese.it\/en\/un-motocoltivatore-per-lo-sviluppo-del-burkina-faso\/\" \/>\n<meta property=\"og:site_name\" content=\"Mani Tese\" \/>\n<meta property=\"article:published_time\" content=\"2022-10-28T11:45:12+00:00\" \/>\n<meta property=\"article:modified_time\" content=\"2023-11-30T10:53:09+00:00\" \/>\n<meta property=\"og:image\" content=\"https:\/\/www.manitese.it\/wp-content\/uploads\/2022\/10\/06-1-1024x576.png\" \/>\n\t<meta property=\"og:image:width\" content=\"1024\" \/>\n\t<meta property=\"og:image:height\" content=\"576\" \/>\n\t<meta property=\"og:image:type\" content=\"image\/png\" \/>\n<meta name=\"author\" content=\"agevis\" \/>\n<meta name=\"twitter:card\" content=\"summary_large_image\" \/>\n<meta name=\"twitter:label1\" content=\"Written by\" \/>\n\t<meta name=\"twitter:data1\" content=\"agevis\" \/>\n\t<meta name=\"twitter:label2\" content=\"Est. reading time\" \/>\n\t<meta name=\"twitter:data2\" content=\"4 minutes\" \/>\n<script type=\"application\/ld+json\" class=\"yoast-schema-graph\">{\"@context\":\"https:\\\/\\\/schema.org\",\"@graph\":[{\"@type\":\"Article\",\"@id\":\"https:\\\/\\\/www.manitese.it\\\/en\\\/un-motocoltivatore-per-lo-sviluppo-del-burkina-faso\\\/#article\",\"isPartOf\":{\"@id\":\"https:\\\/\\\/www.manitese.it\\\/en\\\/un-motocoltivatore-per-lo-sviluppo-del-burkina-faso\\\/\"},\"author\":{\"name\":\"agevis\",\"@id\":\"https:\\\/\\\/www.manitese.it\\\/en\\\/#\\\/schema\\\/person\\\/5a9774f17e4940e2510bfeba90f04f65\"},\"headline\":\"Un motocoltivatore per lo sviluppo del Burkina Faso\",\"datePublished\":\"2022-10-28T11:45:12+00:00\",\"dateModified\":\"2023-11-30T10:53:09+00:00\",\"mainEntityOfPage\":{\"@id\":\"https:\\\/\\\/www.manitese.it\\\/en\\\/un-motocoltivatore-per-lo-sviluppo-del-burkina-faso\\\/\"},\"wordCount\":618,\"commentCount\":0,\"image\":{\"@id\":\"https:\\\/\\\/www.manitese.it\\\/en\\\/un-motocoltivatore-per-lo-sviluppo-del-burkina-faso\\\/#primaryimage\"},\"thumbnailUrl\":\"https:\\\/\\\/www.manitese.it\\\/wp-content\\\/uploads\\\/2022\\\/10\\\/06-1.png\",\"keywords\":[\"burkina faso\",\"motocoltivatore\"],\"articleSection\":[\"Diari\"],\"inLanguage\":\"en-US\",\"potentialAction\":[{\"@type\":\"CommentAction\",\"name\":\"Comment\",\"target\":[\"https:\\\/\\\/www.manitese.it\\\/en\\\/un-motocoltivatore-per-lo-sviluppo-del-burkina-faso\\\/#respond\"]}]},{\"@type\":\"WebPage\",\"@id\":\"https:\\\/\\\/www.manitese.it\\\/en\\\/un-motocoltivatore-per-lo-sviluppo-del-burkina-faso\\\/\",\"url\":\"https:\\\/\\\/www.manitese.it\\\/en\\\/un-motocoltivatore-per-lo-sviluppo-del-burkina-faso\\\/\",\"name\":\"Un motocoltivatore per lo sviluppo del Burkina Faso - Mani Tese\",\"isPartOf\":{\"@id\":\"https:\\\/\\\/www.manitese.it\\\/en\\\/#website\"},\"primaryImageOfPage\":{\"@id\":\"https:\\\/\\\/www.manitese.it\\\/en\\\/un-motocoltivatore-per-lo-sviluppo-del-burkina-faso\\\/#primaryimage\"},\"image\":{\"@id\":\"https:\\\/\\\/www.manitese.it\\\/en\\\/un-motocoltivatore-per-lo-sviluppo-del-burkina-faso\\\/#primaryimage\"},\"thumbnailUrl\":\"https:\\\/\\\/www.manitese.it\\\/wp-content\\\/uploads\\\/2022\\\/10\\\/06-1.png\",\"datePublished\":\"2022-10-28T11:45:12+00:00\",\"dateModified\":\"2023-11-30T10:53:09+00:00\",\"author\":{\"@id\":\"https:\\\/\\\/www.manitese.it\\\/en\\\/#\\\/schema\\\/person\\\/5a9774f17e4940e2510bfeba90f04f65\"},\"description\":\"Realizzato da imprenditori locali con materiali di recupero utilizzando e adattando il motore di un moto-triciclo, questo motocoltivatore \u00e8 stato adottato da Mani Tese per aiutare gli agricoltori nel loro sviluppo agroecologico.\",\"breadcrumb\":{\"@id\":\"https:\\\/\\\/www.manitese.it\\\/en\\\/un-motocoltivatore-per-lo-sviluppo-del-burkina-faso\\\/#breadcrumb\"},\"inLanguage\":\"en-US\",\"potentialAction\":[{\"@type\":\"ReadAction\",\"target\":[\"https:\\\/\\\/www.manitese.it\\\/en\\\/un-motocoltivatore-per-lo-sviluppo-del-burkina-faso\\\/\"]}]},{\"@type\":\"ImageObject\",\"inLanguage\":\"en-US\",\"@id\":\"https:\\\/\\\/www.manitese.it\\\/en\\\/un-motocoltivatore-per-lo-sviluppo-del-burkina-faso\\\/#primaryimage\",\"url\":\"https:\\\/\\\/www.manitese.it\\\/wp-content\\\/uploads\\\/2022\\\/10\\\/06-1.png\",\"contentUrl\":\"https:\\\/\\\/www.manitese.it\\\/wp-content\\\/uploads\\\/2022\\\/10\\\/06-1.png\",\"width\":1920,\"height\":1080},{\"@type\":\"BreadcrumbList\",\"@id\":\"https:\\\/\\\/www.manitese.it\\\/en\\\/un-motocoltivatore-per-lo-sviluppo-del-burkina-faso\\\/#breadcrumb\",\"itemListElement\":[{\"@type\":\"ListItem\",\"position\":1,\"name\":\"Home\",\"item\":\"https:\\\/\\\/www.manitese.it\\\/en\\\/\"},{\"@type\":\"ListItem\",\"position\":2,\"name\":\"Un motocoltivatore per lo sviluppo del Burkina Faso\"}]},{\"@type\":\"WebSite\",\"@id\":\"https:\\\/\\\/www.manitese.it\\\/en\\\/#website\",\"url\":\"https:\\\/\\\/www.manitese.it\\\/en\\\/\",\"name\":\"Mani Tese\",\"description\":\"\",\"potentialAction\":[{\"@type\":\"SearchAction\",\"target\":{\"@type\":\"EntryPoint\",\"urlTemplate\":\"https:\\\/\\\/www.manitese.it\\\/en\\\/?s={search_term_string}\"},\"query-input\":{\"@type\":\"PropertyValueSpecification\",\"valueRequired\":true,\"valueName\":\"search_term_string\"}}],\"inLanguage\":\"en-US\"},{\"@type\":\"Person\",\"@id\":\"https:\\\/\\\/www.manitese.it\\\/en\\\/#\\\/schema\\\/person\\\/5a9774f17e4940e2510bfeba90f04f65\",\"name\":\"agevis\",\"image\":{\"@type\":\"ImageObject\",\"inLanguage\":\"en-US\",\"@id\":\"https:\\\/\\\/secure.gravatar.com\\\/avatar\\\/2dc96c93fcf3387a5922a93b50fb3bff01d4800590fb6a4ab91a034adb25ba17?s=96&d=mm&r=g\",\"url\":\"https:\\\/\\\/secure.gravatar.com\\\/avatar\\\/2dc96c93fcf3387a5922a93b50fb3bff01d4800590fb6a4ab91a034adb25ba17?s=96&d=mm&r=g\",\"contentUrl\":\"https:\\\/\\\/secure.gravatar.com\\\/avatar\\\/2dc96c93fcf3387a5922a93b50fb3bff01d4800590fb6a4ab91a034adb25ba17?s=96&d=mm&r=g\",\"caption\":\"agevis\"},\"url\":\"https:\\\/\\\/www.manitese.it\\\/en\\\/author\\\/wp_agevis_admin\\\/\"}]}<\/script>\n<!-- \/ Yoast SEO plugin. -->","yoast_head_json":{"title":"Un motocoltivatore per lo sviluppo del Burkina Faso - Mani Tese","description":"Realizzato da imprenditori locali con materiali di recupero utilizzando e adattando il motore di un moto-triciclo, questo motocoltivatore \u00e8 stato adottato da Mani Tese per aiutare gli agricoltori nel loro sviluppo agroecologico.","robots":{"index":"index","follow":"follow","max-snippet":"max-snippet:-1","max-image-preview":"max-image-preview:large","max-video-preview":"max-video-preview:-1"},"canonical":"https:\/\/www.manitese.it\/en\/un-motocoltivatore-per-lo-sviluppo-del-burkina-faso\/","og_locale":"en_US","og_type":"article","og_title":"Un motocoltivatore per lo sviluppo del Burkina Faso - Mani Tese","og_description":"Realizzato da imprenditori locali con materiali di recupero utilizzando e adattando il motore di un moto-triciclo, questo motocoltivatore \u00e8 stato adottato da Mani Tese per aiutare gli agricoltori nel loro sviluppo agroecologico.","og_url":"https:\/\/www.manitese.it\/en\/un-motocoltivatore-per-lo-sviluppo-del-burkina-faso\/","og_site_name":"Mani Tese","article_published_time":"2022-10-28T11:45:12+00:00","article_modified_time":"2023-11-30T10:53:09+00:00","og_image":[{"width":1024,"height":576,"url":"https:\/\/www.manitese.it\/wp-content\/uploads\/2022\/10\/06-1-1024x576.png","type":"image\/png"}],"author":"agevis","twitter_card":"summary_large_image","twitter_misc":{"Written by":"agevis","Est. reading time":"4 minutes"},"schema":{"@context":"https:\/\/schema.org","@graph":[{"@type":"Article","@id":"https:\/\/www.manitese.it\/en\/un-motocoltivatore-per-lo-sviluppo-del-burkina-faso\/#article","isPartOf":{"@id":"https:\/\/www.manitese.it\/en\/un-motocoltivatore-per-lo-sviluppo-del-burkina-faso\/"},"author":{"name":"agevis","@id":"https:\/\/www.manitese.it\/en\/#\/schema\/person\/5a9774f17e4940e2510bfeba90f04f65"},"headline":"Un motocoltivatore per lo sviluppo del Burkina Faso","datePublished":"2022-10-28T11:45:12+00:00","dateModified":"2023-11-30T10:53:09+00:00","mainEntityOfPage":{"@id":"https:\/\/www.manitese.it\/en\/un-motocoltivatore-per-lo-sviluppo-del-burkina-faso\/"},"wordCount":618,"commentCount":0,"image":{"@id":"https:\/\/www.manitese.it\/en\/un-motocoltivatore-per-lo-sviluppo-del-burkina-faso\/#primaryimage"},"thumbnailUrl":"https:\/\/www.manitese.it\/wp-content\/uploads\/2022\/10\/06-1.png","keywords":["burkina faso","motocoltivatore"],"articleSection":["Diari"],"inLanguage":"en-US","potentialAction":[{"@type":"CommentAction","name":"Comment","target":["https:\/\/www.manitese.it\/en\/un-motocoltivatore-per-lo-sviluppo-del-burkina-faso\/#respond"]}]},{"@type":"WebPage","@id":"https:\/\/www.manitese.it\/en\/un-motocoltivatore-per-lo-sviluppo-del-burkina-faso\/","url":"https:\/\/www.manitese.it\/en\/un-motocoltivatore-per-lo-sviluppo-del-burkina-faso\/","name":"Un motocoltivatore per lo sviluppo del Burkina Faso - Mani Tese","isPartOf":{"@id":"https:\/\/www.manitese.it\/en\/#website"},"primaryImageOfPage":{"@id":"https:\/\/www.manitese.it\/en\/un-motocoltivatore-per-lo-sviluppo-del-burkina-faso\/#primaryimage"},"image":{"@id":"https:\/\/www.manitese.it\/en\/un-motocoltivatore-per-lo-sviluppo-del-burkina-faso\/#primaryimage"},"thumbnailUrl":"https:\/\/www.manitese.it\/wp-content\/uploads\/2022\/10\/06-1.png","datePublished":"2022-10-28T11:45:12+00:00","dateModified":"2023-11-30T10:53:09+00:00","author":{"@id":"https:\/\/www.manitese.it\/en\/#\/schema\/person\/5a9774f17e4940e2510bfeba90f04f65"},"description":"Realizzato da imprenditori locali con materiali di recupero utilizzando e adattando il motore di un moto-triciclo, questo motocoltivatore \u00e8 stato adottato da Mani Tese per aiutare gli agricoltori nel loro sviluppo agroecologico.","breadcrumb":{"@id":"https:\/\/www.manitese.it\/en\/un-motocoltivatore-per-lo-sviluppo-del-burkina-faso\/#breadcrumb"},"inLanguage":"en-US","potentialAction":[{"@type":"ReadAction","target":["https:\/\/www.manitese.it\/en\/un-motocoltivatore-per-lo-sviluppo-del-burkina-faso\/"]}]},{"@type":"ImageObject","inLanguage":"en-US","@id":"https:\/\/www.manitese.it\/en\/un-motocoltivatore-per-lo-sviluppo-del-burkina-faso\/#primaryimage","url":"https:\/\/www.manitese.it\/wp-content\/uploads\/2022\/10\/06-1.png","contentUrl":"https:\/\/www.manitese.it\/wp-content\/uploads\/2022\/10\/06-1.png","width":1920,"height":1080},{"@type":"BreadcrumbList","@id":"https:\/\/www.manitese.it\/en\/un-motocoltivatore-per-lo-sviluppo-del-burkina-faso\/#breadcrumb","itemListElement":[{"@type":"ListItem","position":1,"name":"Home","item":"https:\/\/www.manitese.it\/en\/"},{"@type":"ListItem","position":2,"name":"Un motocoltivatore per lo sviluppo del Burkina Faso"}]},{"@type":"WebSite","@id":"https:\/\/www.manitese.it\/en\/#website","url":"https:\/\/www.manitese.it\/en\/","name":"Mani Tese","description":"","potentialAction":[{"@type":"SearchAction","target":{"@type":"EntryPoint","urlTemplate":"https:\/\/www.manitese.it\/en\/?s={search_term_string}"},"query-input":{"@type":"PropertyValueSpecification","valueRequired":true,"valueName":"search_term_string"}}],"inLanguage":"en-US"},{"@type":"Person","@id":"https:\/\/www.manitese.it\/en\/#\/schema\/person\/5a9774f17e4940e2510bfeba90f04f65","name":"agevis","image":{"@type":"ImageObject","inLanguage":"en-US","@id":"https:\/\/secure.gravatar.com\/avatar\/2dc96c93fcf3387a5922a93b50fb3bff01d4800590fb6a4ab91a034adb25ba17?s=96&d=mm&r=g","url":"https:\/\/secure.gravatar.com\/avatar\/2dc96c93fcf3387a5922a93b50fb3bff01d4800590fb6a4ab91a034adb25ba17?s=96&d=mm&r=g","contentUrl":"https:\/\/secure.gravatar.com\/avatar\/2dc96c93fcf3387a5922a93b50fb3bff01d4800590fb6a4ab91a034adb25ba17?s=96&d=mm&r=g","caption":"agevis"},"url":"https:\/\/www.manitese.it\/en\/author\/wp_agevis_admin\/"}]}},"jetpack_featured_media_url":"https:\/\/www.manitese.it\/wp-content\/uploads\/2022\/10\/06-1.png","jetpack_sharing_enabled":true,"_links":{"self":[{"href":"https:\/\/www.manitese.it\/en\/wp-json\/wp\/v2\/posts\/161916","targetHints":{"allow":["GET"]}}],"collection":[{"href":"https:\/\/www.manitese.it\/en\/wp-json\/wp\/v2\/posts"}],"about":[{"href":"https:\/\/www.manitese.it\/en\/wp-json\/wp\/v2\/types\/post"}],"author":[{"embeddable":true,"href":"https:\/\/www.manitese.it\/en\/wp-json\/wp\/v2\/users\/1"}],"replies":[{"embeddable":true,"href":"https:\/\/www.manitese.it\/en\/wp-json\/wp\/v2\/comments?post=161916"}],"version-history":[{"count":3,"href":"https:\/\/www.manitese.it\/en\/wp-json\/wp\/v2\/posts\/161916\/revisions"}],"predecessor-version":[{"id":191671,"href":"https:\/\/www.manitese.it\/en\/wp-json\/wp\/v2\/posts\/161916\/revisions\/191671"}],"wp:featuredmedia":[{"embeddable":true,"href":"https:\/\/www.manitese.it\/en\/wp-json\/wp\/v2\/media\/161922"}],"wp:attachment":[{"href":"https:\/\/www.manitese.it\/en\/wp-json\/wp\/v2\/media?parent=161916"}],"wp:term":[{"taxonomy":"category","embeddable":true,"href":"https:\/\/www.manitese.it\/en\/wp-json\/wp\/v2\/categories?post=161916"},{"taxonomy":"post_tag","embeddable":true,"href":"https:\/\/www.manitese.it\/en\/wp-json\/wp\/v2\/tags?post=161916"},{"taxonomy":"thematic_area","embeddable":true,"href":"https:\/\/www.manitese.it\/en\/wp-json\/wp\/v2\/thematic_area?post=161916"}],"curies":[{"name":"wp","href":"https:\/\/api.w.org\/{rel}","templated":true}]}}