{"id":161370,"date":"2022-10-19T10:28:44","date_gmt":"2022-10-19T08:28:44","guid":{"rendered":"https:\/\/manitese.it\/?p=161370"},"modified":"2025-07-08T12:38:26","modified_gmt":"2025-07-08T10:38:26","slug":"cerchiamo-2000-volontari-e-volontarie","status":"publish","type":"post","link":"https:\/\/www.manitese.it\/en\/cerchiamo-2000-volontari-e-volontarie\/","title":{"rendered":"Cerchiamo 2000 volontari e volontarie"},"content":{"rendered":"\n<p>Torna la grande campagna di raccolta fondi natalizia di Mani Tese &#8220;<a href=\"https:\/\/manitese.it\/campagne\/molto-piu-di-un-pacchetto-regalo\"><strong>Molto pi\u00f9 di un pacchetto regalo<\/strong><\/a><strong>!<\/strong>&#8221; in collaborazione con <strong><em>la<\/em>Feltrinelli.<\/strong><\/p>\n\n\n\n<p>Per realizzarla, Mani Tese cerca <strong>2000 volontari e volontarie<\/strong> che vogliano dedicare qualche ora del proprio tempo per impacchettare regali presso le Librerie Feltrinelli di 35 citt\u00e0 <strong>dal 2 al 24 dicembre 2022<\/strong> e sostenere cos\u00ec i progetti dell\u2019ONG a favore <strong>dell\u2019emancipazione delle donne in Benin, Burkina Faso e Guinea-Bissau.<\/strong><\/p>\n\n\n\n<p><strong><u>Donne al centro<\/u><\/strong><\/p>\n\n\n\n<p><a href=\"https:\/\/manitese.it\/campagne\/molto-piu-di-un-pacchetto-regalo\"><strong>Molto pi\u00f9 di un pacchetto regalo<\/strong><\/a><strong>!<\/strong><strong> <\/strong>\u00e8 un\u2019iniziativa di sensibilizzazione e di raccolta fondi di <strong>Mani Tese<\/strong> realizzata in collaborazione con <strong><em>la<\/em>Feltrinelli<\/strong>, che ogni anno, nel periodo prenatalizio, raccoglie fondi per realizzare progetti di sviluppo nel Sud del mondo.<\/p>\n\n\n\n<p>\u201c<strong>Donne al centro<\/strong>\u201d \u00e8 il nome della campagna 2022, giunta ormai alla sua <strong>XV edizione<\/strong>, che quest\u2019anno sosterr\u00e0 i progetti di Mani Tese per favorire l\u2019emancipazione delle donne in Africa Occidentale contrastando la violenza di genere, l\u2019abbandono scolastico delle ragazze e favorendo l\u2019autonomia economica delle donne in tre Paesi dell\u2019Africa Occidentale: <strong>Benin, Burkina Faso e Guinea-Bissau.<\/strong><\/p>\n\n\n\n<p><strong>La campagna interesser\u00e0 35 citt\u00e0 e 45 librerie in tutta Italia.<\/strong><\/p>\n\n\n\n<p><strong><u>Il potenziale inespresso delle donne africane<\/u><\/strong><\/p>\n\n\n\n<p><strong>In Africa troppe donne non possono decidere del proprio futuro<\/strong>. Su di loro pesa ancora il carico della famiglia &#8211; 1\/3 delle donne ha un figlio prima dei 18 anni \u2013 che faticano a sostenere a causa della loro scarsa scolarizzazione e delle difficolt\u00e0 ad accedere a opportunit\u00e0 lavorative.<\/p>\n\n\n\n<p>Il 51% delle donne in ambito rurale, inoltre, vive all\u2019interno di un nucleo familiare dove il marito prende tutte le decisioni.<\/p>\n\n\n\n<p>L\u2019impegno di emancipazione delle donne di Mani Tese <strong>inizia dalle pi\u00f9 piccole,<\/strong> <strong>in Benin,<\/strong> dove <strong>l\u2019abbandono scolastico \u00e8 elevato soprattutto tra le ragazze<\/strong> e nelle zone rurali e rappresenta una delle prime cause dell\u2019aumento del traffico di minori. Secondo un rapporto dell&#8217;Unicef del 2020, <strong>un\/a bambino\/a su due (52,2%) \u00e8 coinvolto nel lavoro minorile<\/strong>, e quasi 4 su 10 lavorano in condizioni pericolose. L\u2019intervento di Mani Tese coinvolge<strong> 600 ragazze <\/strong>nel dipartimento dell\u2019Atacora, uno dei meno avanzati economicamente del Paese, attraverso <strong>seminari e incontri di sensibilizzazione per garantire la scolarizzazione delle bambine.<\/strong><\/p>\n\n\n\n<p><strong>Rendere economicamente autonome le donne \u00e8 un altro passo importante per permettere loro di far valere i propri diritti<\/strong>. Per raggiungere questo obiettivo, sempre in<strong> Benin<\/strong> Mani Tese \u00e8 impegnata nel <strong>potenziamento delle capacit\u00e0 produttive e di trasformazione dei prodotti della tradizione locale<\/strong> coinvolgendo <strong>562 contadine<\/strong> in un percorso di conoscenza dell\u2019agroecologia e accompagnando altre<strong> 527 donne<\/strong> nell\u2019avvio della <strong>produzione di pomodori, okra, cavolo, fagioli, piselli e melanzane<\/strong>.<\/p>\n\n\n\n<figure class=\"wp-block-image size-large\"><img decoding=\"async\" src=\"https:\/\/manitese.it\/wp-content\/uploads\/2022\/10\/burkina-faso-1-1024x575.jpg\" alt=\"\" class=\"wp-image-161376\"\/><\/figure>\n\n\n\n<p>In <strong>Burkina Faso<\/strong>, Paese a basso reddito dove l\u2019economia si basa in gran parte sull&#8217;agricoltura ma la cui produzione non soddisfa il fabbisogno delle persone, Mani Tese \u00e8 impegnata da anni<strong> nel rafforzamento dell\u2019imprenditoria femminile<\/strong>, attualmente nell\u2019ambito della<strong> filiera del riso <\/strong>con l\u2019avvio di 10 centri dedicati, ma anche nella produzione di<strong> pomodoro e cipolla<\/strong>. \u00c8 inoltre impegnata nel coinvolgimento di <strong>70<\/strong> <strong>donne<\/strong> in un importante processo di <strong>transizione agroecologica delle loro attivit\u00e0 agricole.<\/strong><strong><\/strong><\/p>\n\n\n\n<p>In <strong>Guinea-Bissau<\/strong> Mani Tese \u00e8 invece impegnata nel<strong> supporto alle vittime di violenza di genere.<\/strong> <strong>Su 978 donne <\/strong>intervistate da Mani Tese che hanno indicato di avere o aver avuto un partner,<strong> 613 hanno dichiarato di aver subito violenza. <\/strong>Oltre al lavoro di coordinamento e sensibilizzazione con gli attori chiave per creare un contesto di <strong>prevenzione della violenza sulle donne<\/strong>, Mani Tese \u00e8 qui impegnata a <strong>fornire assistenza educativa, psicosociale e legale alle donne ospitate in due centri di accoglienza per vittime di violenza di genere<\/strong><strong> e a favorirne il loro reinserimento sociale attraverso percorsi di formazione <\/strong>(in sartoria e panificazione) per poterne garantire l\u2019indipendenza economica.<\/p>\n\n\n\n<p>A questo lavoro si affianca anche la creazione di nuove opportunit\u00e0 economiche per le donne, in particolare giovani e con disabilit\u00e0, attraverso attivit\u00e0 di<strong> formazione professionale<\/strong>, <strong>borse di studio<\/strong>, <strong>tirocini<\/strong>, <strong>apprendistati<\/strong> e il sostegno <strong>di microimprese femminili.<\/strong><\/p>\n\n\n\n<p><strong><u>Come partecipare alla campagna<\/u><\/strong><\/p>\n\n\n\n<p>Per partecipare a <strong>Molto pi\u00f9 di un pacchetto regalo!<\/strong> \u00e8 sufficiente <strong>avere 16 anni compiuti e almeno 4 ore di tempo <\/strong>da dedicare all\u2019attivit\u00e0 di volontariato.<\/p>\n\n\n\n<p>Sul sito <strong>www.manitese.it<\/strong>, nella <a href=\"https:\/\/manitese.it\/campagne\/molto-piu-di-un-pacchetto-regalo\">pagina dedicata alla campagna<\/a>, \u00e8 possibile visionare la lista di tutti i punti vendita interessati dall\u2019iniziativa e scegliere quello pi\u00f9 vicino a s\u00e9.<\/p>\n\n\n\n<p><strong><em>A proposito di Mani Tese<\/em><\/strong><\/p>\n\n\n\n<p><em>Mani Tese \u00e8 un\u2019Organizzazione Non Governativa che da oltre cinquant\u2019anni si batte per la giustizia sociale, economica e ambientale nel mondo. Opera in Africa, Asia e America Latina con progetti di cooperazione internazionale. In Italia promuove progetti, campi di volontariato e stili di vita improntati alla solidariet\u00e0 e alla sostenibilit\u00e0 attraverso migliaia di volontari attivi sul territorio. Realizza inoltre percorsi e laboratori di Educazione alla Cittadinanza Globale.<\/em><\/p>\n\n\n\n<p><strong><em>A proposito di Librerie Feltrinelli<\/em><\/strong><em> <\/em><\/p>\n\n\n\n<p><em>Sono da sempre luoghi di scambio e divulgazione del sapere, con una forte attenzione per il libro a larga diffusione e dedicati a tutte le persone che sono alla ricerca di nuove idee, stimoli, visioni. Hanno una presenza capillare sul territorio nazionale, che conta oltre 100 punti vendita totali. Le librerie Feltrinelli organizzano ogni anno oltre 3.000 eventi culturali e hanno un&#8217;offerta di pi\u00f9 di 200.000 titoli. Sono leader in Italia nei settori del libro, della musica e dell\u2019home video.<\/em><\/p>\n","protected":false},"excerpt":{"rendered":"<p>Mani Tese, in collaborazione con laFeltrinelli, \u00e8 alla ricerca di volontari\/e per impacchettare regali e sostenere i suoi progetti a favore dell\u2019indipendenza delle donne in Benin, Burkina Faso e Guinea-Bissau.<\/p>\n","protected":false},"author":1,"featured_media":161405,"comment_status":"open","ping_status":"open","sticky":false,"template":"","format":"standard","meta":{"_acf_changed":false,"give_campaign_id":0,"inline_featured_image":false,"_jetpack_memberships_contains_paid_content":false,"footnotes":""},"categories":[1],"tags":[75,76,77],"thematic_area":[],"class_list":["post-161370","post","type-post","status-publish","format-standard","has-post-thumbnail","hentry","category-news","tag-molto-piu","tag-natale-2022","tag-volontari"],"acf":[],"yoast_head":"<!-- This site is optimized with the Yoast SEO plugin v27.5 - https:\/\/yoast.com\/product\/yoast-seo-wordpress\/ -->\n<title>Cerchiamo 2000 volontari e volontarie - Mani Tese<\/title>\n<meta name=\"description\" content=\"Mani Tese, in collaborazione con laFeltrinelli, \u00e8 alla ricerca di volontari\/e per impacchettare regali e sostenere i suoi progetti a favore dell\u2019indipendenza delle donne in Benin, Burkina Faso e Guinea-Bissau.\" \/>\n<meta name=\"robots\" content=\"index, follow, max-snippet:-1, max-image-preview:large, max-video-preview:-1\" \/>\n<link rel=\"canonical\" href=\"https:\/\/www.manitese.it\/en\/cerchiamo-2000-volontari-e-volontarie\/\" \/>\n<meta property=\"og:locale\" content=\"en_US\" \/>\n<meta property=\"og:type\" content=\"article\" \/>\n<meta property=\"og:title\" content=\"Cerchiamo 2000 volontari e volontarie - Mani Tese\" \/>\n<meta property=\"og:description\" content=\"Mani Tese, in collaborazione con laFeltrinelli, \u00e8 alla ricerca di volontari\/e per impacchettare regali e sostenere i suoi progetti a favore dell\u2019indipendenza delle donne in Benin, Burkina Faso e Guinea-Bissau.\" \/>\n<meta property=\"og:url\" content=\"https:\/\/www.manitese.it\/en\/cerchiamo-2000-volontari-e-volontarie\/\" \/>\n<meta property=\"og:site_name\" content=\"Mani Tese\" \/>\n<meta property=\"article:published_time\" content=\"2022-10-19T08:28:44+00:00\" \/>\n<meta property=\"article:modified_time\" content=\"2025-07-08T10:38:26+00:00\" \/>\n<meta property=\"og:image\" content=\"https:\/\/www.manitese.it\/wp-content\/uploads\/2022\/10\/burkina-faso-3-rid-1.jpg\" \/>\n\t<meta property=\"og:image:width\" content=\"1927\" \/>\n\t<meta property=\"og:image:height\" content=\"799\" \/>\n\t<meta property=\"og:image:type\" content=\"image\/jpeg\" \/>\n<meta name=\"author\" content=\"agevis\" \/>\n<meta name=\"twitter:card\" content=\"summary_large_image\" \/>\n<meta name=\"twitter:label1\" content=\"Written by\" \/>\n\t<meta name=\"twitter:data1\" content=\"agevis\" \/>\n\t<meta name=\"twitter:label2\" content=\"Est. reading time\" \/>\n\t<meta name=\"twitter:data2\" content=\"4 minutes\" \/>\n<script type=\"application\/ld+json\" class=\"yoast-schema-graph\">{\"@context\":\"https:\\\/\\\/schema.org\",\"@graph\":[{\"@type\":\"Article\",\"@id\":\"https:\\\/\\\/www.manitese.it\\\/en\\\/cerchiamo-2000-volontari-e-volontarie\\\/#article\",\"isPartOf\":{\"@id\":\"https:\\\/\\\/www.manitese.it\\\/en\\\/cerchiamo-2000-volontari-e-volontarie\\\/\"},\"author\":{\"name\":\"agevis\",\"@id\":\"https:\\\/\\\/www.manitese.it\\\/en\\\/#\\\/schema\\\/person\\\/5a9774f17e4940e2510bfeba90f04f65\"},\"headline\":\"Cerchiamo 2000 volontari e volontarie\",\"datePublished\":\"2022-10-19T08:28:44+00:00\",\"dateModified\":\"2025-07-08T10:38:26+00:00\",\"mainEntityOfPage\":{\"@id\":\"https:\\\/\\\/www.manitese.it\\\/en\\\/cerchiamo-2000-volontari-e-volontarie\\\/\"},\"wordCount\":843,\"commentCount\":0,\"image\":{\"@id\":\"https:\\\/\\\/www.manitese.it\\\/en\\\/cerchiamo-2000-volontari-e-volontarie\\\/#primaryimage\"},\"thumbnailUrl\":\"https:\\\/\\\/www.manitese.it\\\/wp-content\\\/uploads\\\/2022\\\/10\\\/burkina-faso-3-rid-1.jpg\",\"keywords\":[\"molto pi\u00f9\",\"natale 2022\",\"volontari\"],\"articleSection\":[\"News\"],\"inLanguage\":\"en-US\",\"potentialAction\":[{\"@type\":\"CommentAction\",\"name\":\"Comment\",\"target\":[\"https:\\\/\\\/www.manitese.it\\\/en\\\/cerchiamo-2000-volontari-e-volontarie\\\/#respond\"]}]},{\"@type\":\"WebPage\",\"@id\":\"https:\\\/\\\/www.manitese.it\\\/en\\\/cerchiamo-2000-volontari-e-volontarie\\\/\",\"url\":\"https:\\\/\\\/www.manitese.it\\\/en\\\/cerchiamo-2000-volontari-e-volontarie\\\/\",\"name\":\"Cerchiamo 2000 volontari e volontarie - Mani Tese\",\"isPartOf\":{\"@id\":\"https:\\\/\\\/www.manitese.it\\\/en\\\/#website\"},\"primaryImageOfPage\":{\"@id\":\"https:\\\/\\\/www.manitese.it\\\/en\\\/cerchiamo-2000-volontari-e-volontarie\\\/#primaryimage\"},\"image\":{\"@id\":\"https:\\\/\\\/www.manitese.it\\\/en\\\/cerchiamo-2000-volontari-e-volontarie\\\/#primaryimage\"},\"thumbnailUrl\":\"https:\\\/\\\/www.manitese.it\\\/wp-content\\\/uploads\\\/2022\\\/10\\\/burkina-faso-3-rid-1.jpg\",\"datePublished\":\"2022-10-19T08:28:44+00:00\",\"dateModified\":\"2025-07-08T10:38:26+00:00\",\"author\":{\"@id\":\"https:\\\/\\\/www.manitese.it\\\/en\\\/#\\\/schema\\\/person\\\/5a9774f17e4940e2510bfeba90f04f65\"},\"description\":\"Mani Tese, in collaborazione con laFeltrinelli, \u00e8 alla ricerca di volontari\\\/e per impacchettare regali e sostenere i suoi progetti a favore dell\u2019indipendenza delle donne in Benin, Burkina Faso e Guinea-Bissau.\",\"breadcrumb\":{\"@id\":\"https:\\\/\\\/www.manitese.it\\\/en\\\/cerchiamo-2000-volontari-e-volontarie\\\/#breadcrumb\"},\"inLanguage\":\"en-US\",\"potentialAction\":[{\"@type\":\"ReadAction\",\"target\":[\"https:\\\/\\\/www.manitese.it\\\/en\\\/cerchiamo-2000-volontari-e-volontarie\\\/\"]}]},{\"@type\":\"ImageObject\",\"inLanguage\":\"en-US\",\"@id\":\"https:\\\/\\\/www.manitese.it\\\/en\\\/cerchiamo-2000-volontari-e-volontarie\\\/#primaryimage\",\"url\":\"https:\\\/\\\/www.manitese.it\\\/wp-content\\\/uploads\\\/2022\\\/10\\\/burkina-faso-3-rid-1.jpg\",\"contentUrl\":\"https:\\\/\\\/www.manitese.it\\\/wp-content\\\/uploads\\\/2022\\\/10\\\/burkina-faso-3-rid-1.jpg\",\"width\":1927,\"height\":799},{\"@type\":\"BreadcrumbList\",\"@id\":\"https:\\\/\\\/www.manitese.it\\\/en\\\/cerchiamo-2000-volontari-e-volontarie\\\/#breadcrumb\",\"itemListElement\":[{\"@type\":\"ListItem\",\"position\":1,\"name\":\"Home\",\"item\":\"https:\\\/\\\/www.manitese.it\\\/en\\\/\"},{\"@type\":\"ListItem\",\"position\":2,\"name\":\"Cerchiamo 2000 volontari e volontarie\"}]},{\"@type\":\"WebSite\",\"@id\":\"https:\\\/\\\/www.manitese.it\\\/en\\\/#website\",\"url\":\"https:\\\/\\\/www.manitese.it\\\/en\\\/\",\"name\":\"Mani Tese\",\"description\":\"\",\"potentialAction\":[{\"@type\":\"SearchAction\",\"target\":{\"@type\":\"EntryPoint\",\"urlTemplate\":\"https:\\\/\\\/www.manitese.it\\\/en\\\/?s={search_term_string}\"},\"query-input\":{\"@type\":\"PropertyValueSpecification\",\"valueRequired\":true,\"valueName\":\"search_term_string\"}}],\"inLanguage\":\"en-US\"},{\"@type\":\"Person\",\"@id\":\"https:\\\/\\\/www.manitese.it\\\/en\\\/#\\\/schema\\\/person\\\/5a9774f17e4940e2510bfeba90f04f65\",\"name\":\"agevis\",\"image\":{\"@type\":\"ImageObject\",\"inLanguage\":\"en-US\",\"@id\":\"https:\\\/\\\/secure.gravatar.com\\\/avatar\\\/2dc96c93fcf3387a5922a93b50fb3bff01d4800590fb6a4ab91a034adb25ba17?s=96&d=mm&r=g\",\"url\":\"https:\\\/\\\/secure.gravatar.com\\\/avatar\\\/2dc96c93fcf3387a5922a93b50fb3bff01d4800590fb6a4ab91a034adb25ba17?s=96&d=mm&r=g\",\"contentUrl\":\"https:\\\/\\\/secure.gravatar.com\\\/avatar\\\/2dc96c93fcf3387a5922a93b50fb3bff01d4800590fb6a4ab91a034adb25ba17?s=96&d=mm&r=g\",\"caption\":\"agevis\"},\"url\":\"https:\\\/\\\/www.manitese.it\\\/en\\\/author\\\/wp_agevis_admin\\\/\"}]}<\/script>\n<!-- \/ Yoast SEO plugin. -->","yoast_head_json":{"title":"Cerchiamo 2000 volontari e volontarie - Mani Tese","description":"Mani Tese, in collaborazione con laFeltrinelli, \u00e8 alla ricerca di volontari\/e per impacchettare regali e sostenere i suoi progetti a favore dell\u2019indipendenza delle donne in Benin, Burkina Faso e Guinea-Bissau.","robots":{"index":"index","follow":"follow","max-snippet":"max-snippet:-1","max-image-preview":"max-image-preview:large","max-video-preview":"max-video-preview:-1"},"canonical":"https:\/\/www.manitese.it\/en\/cerchiamo-2000-volontari-e-volontarie\/","og_locale":"en_US","og_type":"article","og_title":"Cerchiamo 2000 volontari e volontarie - Mani Tese","og_description":"Mani Tese, in collaborazione con laFeltrinelli, \u00e8 alla ricerca di volontari\/e per impacchettare regali e sostenere i suoi progetti a favore dell\u2019indipendenza delle donne in Benin, Burkina Faso e Guinea-Bissau.","og_url":"https:\/\/www.manitese.it\/en\/cerchiamo-2000-volontari-e-volontarie\/","og_site_name":"Mani Tese","article_published_time":"2022-10-19T08:28:44+00:00","article_modified_time":"2025-07-08T10:38:26+00:00","og_image":[{"width":1927,"height":799,"url":"https:\/\/www.manitese.it\/wp-content\/uploads\/2022\/10\/burkina-faso-3-rid-1.jpg","type":"image\/jpeg"}],"author":"agevis","twitter_card":"summary_large_image","twitter_misc":{"Written by":"agevis","Est. reading time":"4 minutes"},"schema":{"@context":"https:\/\/schema.org","@graph":[{"@type":"Article","@id":"https:\/\/www.manitese.it\/en\/cerchiamo-2000-volontari-e-volontarie\/#article","isPartOf":{"@id":"https:\/\/www.manitese.it\/en\/cerchiamo-2000-volontari-e-volontarie\/"},"author":{"name":"agevis","@id":"https:\/\/www.manitese.it\/en\/#\/schema\/person\/5a9774f17e4940e2510bfeba90f04f65"},"headline":"Cerchiamo 2000 volontari e volontarie","datePublished":"2022-10-19T08:28:44+00:00","dateModified":"2025-07-08T10:38:26+00:00","mainEntityOfPage":{"@id":"https:\/\/www.manitese.it\/en\/cerchiamo-2000-volontari-e-volontarie\/"},"wordCount":843,"commentCount":0,"image":{"@id":"https:\/\/www.manitese.it\/en\/cerchiamo-2000-volontari-e-volontarie\/#primaryimage"},"thumbnailUrl":"https:\/\/www.manitese.it\/wp-content\/uploads\/2022\/10\/burkina-faso-3-rid-1.jpg","keywords":["molto pi\u00f9","natale 2022","volontari"],"articleSection":["News"],"inLanguage":"en-US","potentialAction":[{"@type":"CommentAction","name":"Comment","target":["https:\/\/www.manitese.it\/en\/cerchiamo-2000-volontari-e-volontarie\/#respond"]}]},{"@type":"WebPage","@id":"https:\/\/www.manitese.it\/en\/cerchiamo-2000-volontari-e-volontarie\/","url":"https:\/\/www.manitese.it\/en\/cerchiamo-2000-volontari-e-volontarie\/","name":"Cerchiamo 2000 volontari e volontarie - Mani Tese","isPartOf":{"@id":"https:\/\/www.manitese.it\/en\/#website"},"primaryImageOfPage":{"@id":"https:\/\/www.manitese.it\/en\/cerchiamo-2000-volontari-e-volontarie\/#primaryimage"},"image":{"@id":"https:\/\/www.manitese.it\/en\/cerchiamo-2000-volontari-e-volontarie\/#primaryimage"},"thumbnailUrl":"https:\/\/www.manitese.it\/wp-content\/uploads\/2022\/10\/burkina-faso-3-rid-1.jpg","datePublished":"2022-10-19T08:28:44+00:00","dateModified":"2025-07-08T10:38:26+00:00","author":{"@id":"https:\/\/www.manitese.it\/en\/#\/schema\/person\/5a9774f17e4940e2510bfeba90f04f65"},"description":"Mani Tese, in collaborazione con laFeltrinelli, \u00e8 alla ricerca di volontari\/e per impacchettare regali e sostenere i suoi progetti a favore dell\u2019indipendenza delle donne in Benin, Burkina Faso e Guinea-Bissau.","breadcrumb":{"@id":"https:\/\/www.manitese.it\/en\/cerchiamo-2000-volontari-e-volontarie\/#breadcrumb"},"inLanguage":"en-US","potentialAction":[{"@type":"ReadAction","target":["https:\/\/www.manitese.it\/en\/cerchiamo-2000-volontari-e-volontarie\/"]}]},{"@type":"ImageObject","inLanguage":"en-US","@id":"https:\/\/www.manitese.it\/en\/cerchiamo-2000-volontari-e-volontarie\/#primaryimage","url":"https:\/\/www.manitese.it\/wp-content\/uploads\/2022\/10\/burkina-faso-3-rid-1.jpg","contentUrl":"https:\/\/www.manitese.it\/wp-content\/uploads\/2022\/10\/burkina-faso-3-rid-1.jpg","width":1927,"height":799},{"@type":"BreadcrumbList","@id":"https:\/\/www.manitese.it\/en\/cerchiamo-2000-volontari-e-volontarie\/#breadcrumb","itemListElement":[{"@type":"ListItem","position":1,"name":"Home","item":"https:\/\/www.manitese.it\/en\/"},{"@type":"ListItem","position":2,"name":"Cerchiamo 2000 volontari e volontarie"}]},{"@type":"WebSite","@id":"https:\/\/www.manitese.it\/en\/#website","url":"https:\/\/www.manitese.it\/en\/","name":"Mani Tese","description":"","potentialAction":[{"@type":"SearchAction","target":{"@type":"EntryPoint","urlTemplate":"https:\/\/www.manitese.it\/en\/?s={search_term_string}"},"query-input":{"@type":"PropertyValueSpecification","valueRequired":true,"valueName":"search_term_string"}}],"inLanguage":"en-US"},{"@type":"Person","@id":"https:\/\/www.manitese.it\/en\/#\/schema\/person\/5a9774f17e4940e2510bfeba90f04f65","name":"agevis","image":{"@type":"ImageObject","inLanguage":"en-US","@id":"https:\/\/secure.gravatar.com\/avatar\/2dc96c93fcf3387a5922a93b50fb3bff01d4800590fb6a4ab91a034adb25ba17?s=96&d=mm&r=g","url":"https:\/\/secure.gravatar.com\/avatar\/2dc96c93fcf3387a5922a93b50fb3bff01d4800590fb6a4ab91a034adb25ba17?s=96&d=mm&r=g","contentUrl":"https:\/\/secure.gravatar.com\/avatar\/2dc96c93fcf3387a5922a93b50fb3bff01d4800590fb6a4ab91a034adb25ba17?s=96&d=mm&r=g","caption":"agevis"},"url":"https:\/\/www.manitese.it\/en\/author\/wp_agevis_admin\/"}]}},"jetpack_featured_media_url":"https:\/\/www.manitese.it\/wp-content\/uploads\/2022\/10\/burkina-faso-3-rid-1.jpg","jetpack_sharing_enabled":true,"_links":{"self":[{"href":"https:\/\/www.manitese.it\/en\/wp-json\/wp\/v2\/posts\/161370","targetHints":{"allow":["GET"]}}],"collection":[{"href":"https:\/\/www.manitese.it\/en\/wp-json\/wp\/v2\/posts"}],"about":[{"href":"https:\/\/www.manitese.it\/en\/wp-json\/wp\/v2\/types\/post"}],"author":[{"embeddable":true,"href":"https:\/\/www.manitese.it\/en\/wp-json\/wp\/v2\/users\/1"}],"replies":[{"embeddable":true,"href":"https:\/\/www.manitese.it\/en\/wp-json\/wp\/v2\/comments?post=161370"}],"version-history":[{"count":2,"href":"https:\/\/www.manitese.it\/en\/wp-json\/wp\/v2\/posts\/161370\/revisions"}],"predecessor-version":[{"id":177718,"href":"https:\/\/www.manitese.it\/en\/wp-json\/wp\/v2\/posts\/161370\/revisions\/177718"}],"wp:featuredmedia":[{"embeddable":true,"href":"https:\/\/www.manitese.it\/en\/wp-json\/wp\/v2\/media\/161405"}],"wp:attachment":[{"href":"https:\/\/www.manitese.it\/en\/wp-json\/wp\/v2\/media?parent=161370"}],"wp:term":[{"taxonomy":"category","embeddable":true,"href":"https:\/\/www.manitese.it\/en\/wp-json\/wp\/v2\/categories?post=161370"},{"taxonomy":"post_tag","embeddable":true,"href":"https:\/\/www.manitese.it\/en\/wp-json\/wp\/v2\/tags?post=161370"},{"taxonomy":"thematic_area","embeddable":true,"href":"https:\/\/www.manitese.it\/en\/wp-json\/wp\/v2\/thematic_area?post=161370"}],"curies":[{"name":"wp","href":"https:\/\/api.w.org\/{rel}","templated":true}]}}