{"id":160781,"date":"2022-10-11T11:07:55","date_gmt":"2022-10-11T09:07:55","guid":{"rendered":"https:\/\/manitese.it\/?p=160781"},"modified":"2023-11-29T17:49:27","modified_gmt":"2023-11-29T16:49:27","slug":"ethaka-resilienza-a-cambiamenti-climatici-e-guerra-in-mozambico","status":"publish","type":"post","link":"https:\/\/www.manitese.it\/en\/ethaka-resilienza-a-cambiamenti-climatici-e-guerra-in-mozambico\/","title":{"rendered":"Ethaka, resilienza a cambiamenti climatici e guerra in Mozambico"},"content":{"rendered":"\r\n<p><em>Di Francesco Bucci, Project Manager di Mani Tese in Mozambico<\/em><\/p>\r\n\r\n\r\n\r\n<p>L\u2019ultimo periodo storico ci ha insegnato come i cambiamenti stiano diventando sempre pi\u00f9 imprevedibili, drastici e frequenti. <strong>Il Mozambico, in particolare, soprattutto lungo tutta la sua costa di quasi 2.500 km, \u00e8 uno dei Paesi pi\u00f9 vulnerabili dal punto di vista climatico.<\/strong> Secche, cicloni e tempeste improvvise sono solo alcuni esempi di episodi che ormai si ripetono ogni anno, colpendo e distruggendo infrastrutture, case e famiglie e compromettendo il raccolto agricolo.<\/p>\r\n\r\n\r\n\r\n<p>Secondo studi della FAO e del Ministero dell\u2019agricoltura del Mozambico, l&#8217;agricoltura \u00e8 una componente fondamentale per il Paese con oltre l&#8217;80% della popolazione impiegata, di cui il 90% donne. <strong>Tuttavia, \u00e8 un settore caratterizzato da bassi livelli di produzione e produttivit\u00e0 a causa di numerose problematiche<\/strong> come gli impatti negativi dei cambiamenti climatici, la mancanza di disponibilit\u00e0 e accesso a tecnologie di qualit\u00e0, il degrado e l\u2019erosione del suolo e la scarsa capacit\u00e0 di controllo di parassiti e malattie. <strong>Tutto ci\u00f2 influisce in particolar modo sui gruppi pi\u00f9 vulnerabili, come le donne e i bambini.<\/strong><\/p>\r\n\r\n\r\n\r\n<p>Oltre all\u2019emergenza climatica, bisogna tenere in considerazione inoltre <strong>la crisi energetica globale<\/strong> e un aumento generale dei prezzi senza precedenti: il tasso di inflazione annuo \u00e8 aumentato dal 10,8% di giugno 2022 all&#8217;11,8% di luglio 2022 e si sta registrando un aumento dei prezzi dei beni primari tra il 15 e il 30%. Si tratta di <strong>una situazione che sta esponendo numerose famiglie a gravi situazioni di insicurezza, disoccupazione e indebitamento.<\/strong><\/p>\r\n\r\n\r\n\r\n<p>Ci sono infine <strong>gli scontri nelle province del nord del Mozambico,<\/strong> causati da anni di sistematiche assenze da parte delle Istituzioni e del governo, che hanno portato numerosi giovani a unirsi a gruppi ribelli che attaccano e distruggono interi villaggi e famiglie. Si tratta di un conflitto poco conosciuto, che negli ultimi mesi sta interessando, oltre alla provincia di Cabo Delgado, anche le provincie di Niassa e Nampula, dove Mani Tese operer\u00e0 per i prossimi 3 anni.<\/p>\r\n\r\n\r\n\r\n<p><strong>Mani Tese \u00e8 in Mozambico ormai da diversi anni, lavorando insieme alle comunit\u00e0 locali del centro-nord del per migliorare la loro sicurezza alimentare.<\/strong> Da allora sono state tante le iniziative realizzate che hanno contribuito a incrementare la resistenza di queste comunit\u00e0.<\/p>\r\n\r\n\r\n\r\n<p>Proprio sulla base di questa esperienza e alla profonda conoscenza del contesto locale, Mani Tese, insieme al capofila ICEI &#8211; Istituto Cooperazione Economica Internazionale e ad altri soggetti locali<a id=\"_ftnref1\" href=\"#_ftn1\">[1]<\/a> ed internazionali<a id=\"_ftnref2\" href=\"#_ftn2\">[2]<\/a>, dal mese di giugno 2022 sta implementando un nuovo progetto chiamato <strong>\u201c<em>ETHAKA \u2013 Un modello di produzione agricola e consumo sostenibile per la resilienza climatica e la sicurezza alimentare e nutrizionale<\/em>\u201d,<\/strong> cofinanziato dall\u2019Agenzia Italiana per la Cooperazione allo Sviluppo (AICS). I nostri interventi, in particolare, si concentreranno nelle province della Zambezia e di Nampula, le due province pi\u00f9 popolose del Mozambico, nei distretti di Namacurra, Maganja da Costa, Memba e Mossuril, e nelle citt\u00e0 di Quelimane, Nampula e Nacala.<\/p>\r\n\r\n\r\n\r\n<p><strong>Nelle province della Zambezia e di Nampula, pi\u00f9 del 60% della popolazione vive al di sotto della soglia di povert\u00e0<\/strong> nonostante molte aree di queste due province siano tra le pi\u00f9 fertili e con un ottimo potenziale agricolo.<\/p>\r\n\r\n\r\n\r\n<p>Le sfide saranno numerose: le previsioni per la prossima campagna agricola (ottobre 2022 e gennaio 2023) nei distretti dove lavoreremo stimano che <strong>non ci sar\u00e0 abbastanza cibo per tutta la popolazione a causa degli shock climatici e, pi\u00f9 in generale, della guerra tra Russia e Ucraina<\/strong>, due paesi fondamentali per l\u2019esportazione di grano<a id=\"_ftnref3\" href=\"#_ftn3\">[3]<\/a> e input agricoli a vari Paesi africani.<\/p>\r\n\r\n\r\n\r\n<p>Nell\u2019ambito del progetto <strong>Ethaka<\/strong>, insieme ai gi\u00e0 citati partner locali ed internazionali, <strong>ci occuperemo di numerose attivit\u00e0 volte alla protezione ambientale, al miglioramento della produzione agricola attraverso l\u2019agricoltura sostenibile, al miglioramento delle condizioni nutrizionali e alla prevenzione della malnutrizione nelle comunit\u00e0 locali.<\/strong><\/p>\r\n\r\n\r\n\r\n<p>In particolare, Mani Tese sosterr\u00e0 <strong>i produttori di riso e gli allevatori<\/strong> nei distretti di Namacurra e Maganja da Costa, dove costruiremo dei centri che possano permettere ai produttori non solo di stoccare i propri prodotti, ma anche di trasformarli e poterli rivendere sul mercato con un valore aggiunto. Supporteremo inoltre il comune di Quelimane attraverso <strong>piani di riforestazione di mangrovie<\/strong> per mitigare gli effetti dei cambiamenti climatici, lavoreremo con i produttori delle zone agricole urbane e periurbane per <strong>implementare l\u2019agroecologia<\/strong> e collaboreremo con le scuole di Quelimane e Namacurra per promuovere <strong>programmi di igiene e salute e l\u2019adozione di una dieta sana ed equilibrata <\/strong>tramite la produzione e il consumo di prodotti agricoli locali.<\/p>\r\n\r\n\r\n\r\n<figure class=\"wp-block-gallery has-nested-images columns-default is-cropped wp-block-gallery-1 is-layout-flex wp-block-gallery-is-layout-flex\">\r\n<figure class=\"wp-block-image size-large\"><img decoding=\"async\" data-id=\"160794\" class=\"wp-image-160794\" src=\"https:\/\/manitese.it\/wp-content\/uploads\/2022\/10\/presentazione-distretto-maganja-da-costa-1024x768.jpeg\" alt=\"\" \/>\r\n<figcaption>Presentazione del progetto<\/figcaption>\r\n<\/figure>\r\n\r\n\r\n\r\n<figure class=\"wp-block-image size-large\"><img decoding=\"async\" data-id=\"160795\" class=\"wp-image-160795\" src=\"https:\/\/manitese.it\/wp-content\/uploads\/2022\/10\/presentazione-distretto-namacurra-1024x473.jpeg\" alt=\"\" \/>\r\n<figcaption>Presentazione del progetto<\/figcaption>\r\n<\/figure>\r\n\r\n\r\n\r\n<figure class=\"wp-block-image size-large\"><img decoding=\"async\" data-id=\"160798\" class=\"wp-image-160798\" src=\"https:\/\/manitese.it\/wp-content\/uploads\/2022\/10\/visita-campo-3-1024x768.jpeg\" alt=\"\" \/>\r\n<figcaption>Visita sul campo<\/figcaption>\r\n<\/figure>\r\n<\/figure>\r\n\r\n\r\n\r\n<p><strong>L\u2019obiettivo, ambizioso, \u00e8 quello di supportare direttamente pi\u00f9 di 2.000 persone.<\/strong><\/p>\r\n\r\n\r\n\r\n<p>Il nostro apporto proseguir\u00e0 con lo sviluppo di <strong>programmi di formazione<\/strong> affinch\u00e9 il sapere possa essere replicato e diffuso il pi\u00f9 possibile. <strong>Perch\u00e9 non esiste miglior forma di indipendenza se non attraverso la conoscenza.<\/strong><\/p>\r\n\r\n\r\n\r\n<p>Parlando di conoscenza, la parola \u201cEthaka\u201d, in lingua Lomwe, una lingua locale comune alle due province, significa \u201c<strong>seme<\/strong>\u201d, perch\u00e9 questo progetto <strong>possa creare le basi per garantire competenze e sicurezza alimentare a tutte le persone e le comunit\u00e0 destinatarie.<\/strong><\/p>\r\n\r\n\r\n<hr class=\"wp-block-separator has-alpha-channel-opacity\" \/>\r\n\r\n\r\n<p><a id=\"_ftn1\" href=\"#_ftnref1\">[1]<\/a> Universidade Lurio; Direc\u00e7\u00e3o Provincial de Agricultura e Pesca de Nampula; Servi\u00e7o Provincial de Ambiente da Zambezia; Faculdade de Engenharia Agronomica e Florestal &#8211; Universidade Zambeze<\/p>\r\n\r\n\r\n\r\n<p><a id=\"_ftn2\" href=\"#_ftnref2\">[2]<\/a>Istituto Oikos; Helvetas \u2013 Swiss Intercooperation; Comune di Milano.<\/p>\r\n\r\n\r\n\r\n<p><a id=\"_ftn3\" href=\"#_ftnref3\">[3]<\/a> Il Mozambico importava il 40% del proprio grano da questi due paesi.<\/p>\r\n","protected":false},"excerpt":{"rendered":"<p>Il Mozambico \u00e8 un Paese sempre pi\u00f9 interessato da calamit\u00e0 climatiche, conflitti e malnutrizione, aggravata anche dagli effetti della guerra in Ucraina. Il progetto ETHAKA (seme, in lingua Lomwe), cofinanziato dall\u2019Agenzia Italiana per la Cooperazione allo Sviluppo (AICS), prevede il sostegno alle comunit\u00e0 rurali e urbane attraverso l\u2019agroecologia, la riforestazione e l\u2019educazione ambientale e nutrizionale.<\/p>\n","protected":false},"author":1,"featured_media":160790,"comment_status":"open","ping_status":"open","sticky":false,"template":"","format":"standard","meta":{"_acf_changed":false,"give_campaign_id":0,"inline_featured_image":false,"_jetpack_memberships_contains_paid_content":false,"footnotes":""},"categories":[3],"tags":[53,71],"thematic_area":[918,907,916,905],"class_list":["post-160781","post","type-post","status-publish","format-standard","has-post-thumbnail","hentry","category-diari","tag-mozambico","tag-ethaka","thematic_area-sistemi-e-filiere-agroalimentari-locali","thematic_area-imprenditoria-sociale","thematic_area-citta-e-pratiche-sostenibili","thematic_area-accesso-universale-al-cibo-e-allacqua"],"acf":[],"yoast_head":"<!-- This site is optimized with the Yoast SEO plugin v27.5 - https:\/\/yoast.com\/product\/yoast-seo-wordpress\/ -->\n<title>Ethaka, resilienza a cambiamenti climatici e guerra in Mozambico - Mani Tese<\/title>\n<meta name=\"description\" content=\"Il Mozambico \u00e8 un Paese sempre pi\u00f9 interessato da calamit\u00e0 climatiche, conflitti e malnutrizione. Il progetto ETHAKA prevede il sostegno alle comunit\u00e0 rurali e urbane attraverso l\u2019agroecologia, la riforestazione e l\u2019educazione ambientale e nutrizionale.\" \/>\n<meta name=\"robots\" content=\"index, follow, max-snippet:-1, max-image-preview:large, max-video-preview:-1\" \/>\n<link rel=\"canonical\" href=\"https:\/\/www.manitese.it\/en\/ethaka-resilienza-a-cambiamenti-climatici-e-guerra-in-mozambico\/\" \/>\n<meta property=\"og:locale\" content=\"en_US\" \/>\n<meta property=\"og:type\" content=\"article\" \/>\n<meta property=\"og:title\" content=\"Ethaka, resilienza a cambiamenti climatici e guerra in Mozambico - Mani Tese\" \/>\n<meta property=\"og:description\" content=\"Il Mozambico \u00e8 un Paese sempre pi\u00f9 interessato da calamit\u00e0 climatiche, conflitti e malnutrizione. Il progetto ETHAKA prevede il sostegno alle comunit\u00e0 rurali e urbane attraverso l\u2019agroecologia, la riforestazione e l\u2019educazione ambientale e nutrizionale.\" \/>\n<meta property=\"og:url\" content=\"https:\/\/www.manitese.it\/en\/ethaka-resilienza-a-cambiamenti-climatici-e-guerra-in-mozambico\/\" \/>\n<meta property=\"og:site_name\" content=\"Mani Tese\" \/>\n<meta property=\"article:published_time\" content=\"2022-10-11T09:07:55+00:00\" \/>\n<meta property=\"article:modified_time\" content=\"2023-11-29T16:49:27+00:00\" \/>\n<meta property=\"og:image\" content=\"https:\/\/www.manitese.it\/wp-content\/uploads\/2022\/10\/header-2-1-1024x428.png\" \/>\n\t<meta property=\"og:image:width\" content=\"1024\" \/>\n\t<meta property=\"og:image:height\" content=\"428\" \/>\n\t<meta property=\"og:image:type\" content=\"image\/png\" \/>\n<meta name=\"author\" content=\"agevis\" \/>\n<meta name=\"twitter:card\" content=\"summary_large_image\" \/>\n<meta name=\"twitter:label1\" content=\"Written by\" \/>\n\t<meta name=\"twitter:data1\" content=\"agevis\" \/>\n\t<meta name=\"twitter:label2\" content=\"Est. reading time\" \/>\n\t<meta name=\"twitter:data2\" content=\"5 minutes\" \/>\n<script type=\"application\/ld+json\" class=\"yoast-schema-graph\">{\"@context\":\"https:\\\/\\\/schema.org\",\"@graph\":[{\"@type\":\"Article\",\"@id\":\"https:\\\/\\\/www.manitese.it\\\/en\\\/ethaka-resilienza-a-cambiamenti-climatici-e-guerra-in-mozambico\\\/#article\",\"isPartOf\":{\"@id\":\"https:\\\/\\\/www.manitese.it\\\/en\\\/ethaka-resilienza-a-cambiamenti-climatici-e-guerra-in-mozambico\\\/\"},\"author\":{\"name\":\"agevis\",\"@id\":\"https:\\\/\\\/www.manitese.it\\\/en\\\/#\\\/schema\\\/person\\\/5a9774f17e4940e2510bfeba90f04f65\"},\"headline\":\"Ethaka, resilienza a cambiamenti climatici e guerra in Mozambico\",\"datePublished\":\"2022-10-11T09:07:55+00:00\",\"dateModified\":\"2023-11-29T16:49:27+00:00\",\"mainEntityOfPage\":{\"@id\":\"https:\\\/\\\/www.manitese.it\\\/en\\\/ethaka-resilienza-a-cambiamenti-climatici-e-guerra-in-mozambico\\\/\"},\"wordCount\":870,\"commentCount\":0,\"image\":{\"@id\":\"https:\\\/\\\/www.manitese.it\\\/en\\\/ethaka-resilienza-a-cambiamenti-climatici-e-guerra-in-mozambico\\\/#primaryimage\"},\"thumbnailUrl\":\"https:\\\/\\\/www.manitese.it\\\/wp-content\\\/uploads\\\/2022\\\/10\\\/header-2-1.png\",\"keywords\":[\"Mozambico\",\"ethaka\"],\"articleSection\":[\"Diari\"],\"inLanguage\":\"en-US\",\"potentialAction\":[{\"@type\":\"CommentAction\",\"name\":\"Comment\",\"target\":[\"https:\\\/\\\/www.manitese.it\\\/en\\\/ethaka-resilienza-a-cambiamenti-climatici-e-guerra-in-mozambico\\\/#respond\"]}]},{\"@type\":\"WebPage\",\"@id\":\"https:\\\/\\\/www.manitese.it\\\/en\\\/ethaka-resilienza-a-cambiamenti-climatici-e-guerra-in-mozambico\\\/\",\"url\":\"https:\\\/\\\/www.manitese.it\\\/en\\\/ethaka-resilienza-a-cambiamenti-climatici-e-guerra-in-mozambico\\\/\",\"name\":\"Ethaka, resilienza a cambiamenti climatici e guerra in Mozambico - Mani Tese\",\"isPartOf\":{\"@id\":\"https:\\\/\\\/www.manitese.it\\\/en\\\/#website\"},\"primaryImageOfPage\":{\"@id\":\"https:\\\/\\\/www.manitese.it\\\/en\\\/ethaka-resilienza-a-cambiamenti-climatici-e-guerra-in-mozambico\\\/#primaryimage\"},\"image\":{\"@id\":\"https:\\\/\\\/www.manitese.it\\\/en\\\/ethaka-resilienza-a-cambiamenti-climatici-e-guerra-in-mozambico\\\/#primaryimage\"},\"thumbnailUrl\":\"https:\\\/\\\/www.manitese.it\\\/wp-content\\\/uploads\\\/2022\\\/10\\\/header-2-1.png\",\"datePublished\":\"2022-10-11T09:07:55+00:00\",\"dateModified\":\"2023-11-29T16:49:27+00:00\",\"author\":{\"@id\":\"https:\\\/\\\/www.manitese.it\\\/en\\\/#\\\/schema\\\/person\\\/5a9774f17e4940e2510bfeba90f04f65\"},\"description\":\"Il Mozambico \u00e8 un Paese sempre pi\u00f9 interessato da calamit\u00e0 climatiche, conflitti e malnutrizione. Il progetto ETHAKA prevede il sostegno alle comunit\u00e0 rurali e urbane attraverso l\u2019agroecologia, la riforestazione e l\u2019educazione ambientale e nutrizionale.\",\"breadcrumb\":{\"@id\":\"https:\\\/\\\/www.manitese.it\\\/en\\\/ethaka-resilienza-a-cambiamenti-climatici-e-guerra-in-mozambico\\\/#breadcrumb\"},\"inLanguage\":\"en-US\",\"potentialAction\":[{\"@type\":\"ReadAction\",\"target\":[\"https:\\\/\\\/www.manitese.it\\\/en\\\/ethaka-resilienza-a-cambiamenti-climatici-e-guerra-in-mozambico\\\/\"]}]},{\"@type\":\"ImageObject\",\"inLanguage\":\"en-US\",\"@id\":\"https:\\\/\\\/www.manitese.it\\\/en\\\/ethaka-resilienza-a-cambiamenti-climatici-e-guerra-in-mozambico\\\/#primaryimage\",\"url\":\"https:\\\/\\\/www.manitese.it\\\/wp-content\\\/uploads\\\/2022\\\/10\\\/header-2-1.png\",\"contentUrl\":\"https:\\\/\\\/www.manitese.it\\\/wp-content\\\/uploads\\\/2022\\\/10\\\/header-2-1.png\",\"width\":1917,\"height\":801},{\"@type\":\"BreadcrumbList\",\"@id\":\"https:\\\/\\\/www.manitese.it\\\/en\\\/ethaka-resilienza-a-cambiamenti-climatici-e-guerra-in-mozambico\\\/#breadcrumb\",\"itemListElement\":[{\"@type\":\"ListItem\",\"position\":1,\"name\":\"Home\",\"item\":\"https:\\\/\\\/www.manitese.it\\\/en\\\/\"},{\"@type\":\"ListItem\",\"position\":2,\"name\":\"Ethaka, resilienza a cambiamenti climatici e guerra in Mozambico\"}]},{\"@type\":\"WebSite\",\"@id\":\"https:\\\/\\\/www.manitese.it\\\/en\\\/#website\",\"url\":\"https:\\\/\\\/www.manitese.it\\\/en\\\/\",\"name\":\"Mani Tese\",\"description\":\"\",\"potentialAction\":[{\"@type\":\"SearchAction\",\"target\":{\"@type\":\"EntryPoint\",\"urlTemplate\":\"https:\\\/\\\/www.manitese.it\\\/en\\\/?s={search_term_string}\"},\"query-input\":{\"@type\":\"PropertyValueSpecification\",\"valueRequired\":true,\"valueName\":\"search_term_string\"}}],\"inLanguage\":\"en-US\"},{\"@type\":\"Person\",\"@id\":\"https:\\\/\\\/www.manitese.it\\\/en\\\/#\\\/schema\\\/person\\\/5a9774f17e4940e2510bfeba90f04f65\",\"name\":\"agevis\",\"image\":{\"@type\":\"ImageObject\",\"inLanguage\":\"en-US\",\"@id\":\"https:\\\/\\\/secure.gravatar.com\\\/avatar\\\/2dc96c93fcf3387a5922a93b50fb3bff01d4800590fb6a4ab91a034adb25ba17?s=96&d=mm&r=g\",\"url\":\"https:\\\/\\\/secure.gravatar.com\\\/avatar\\\/2dc96c93fcf3387a5922a93b50fb3bff01d4800590fb6a4ab91a034adb25ba17?s=96&d=mm&r=g\",\"contentUrl\":\"https:\\\/\\\/secure.gravatar.com\\\/avatar\\\/2dc96c93fcf3387a5922a93b50fb3bff01d4800590fb6a4ab91a034adb25ba17?s=96&d=mm&r=g\",\"caption\":\"agevis\"},\"url\":\"https:\\\/\\\/www.manitese.it\\\/en\\\/author\\\/wp_agevis_admin\\\/\"}]}<\/script>\n<!-- \/ Yoast SEO plugin. -->","yoast_head_json":{"title":"Ethaka, resilienza a cambiamenti climatici e guerra in Mozambico - Mani Tese","description":"Il Mozambico \u00e8 un Paese sempre pi\u00f9 interessato da calamit\u00e0 climatiche, conflitti e malnutrizione. Il progetto ETHAKA prevede il sostegno alle comunit\u00e0 rurali e urbane attraverso l\u2019agroecologia, la riforestazione e l\u2019educazione ambientale e nutrizionale.","robots":{"index":"index","follow":"follow","max-snippet":"max-snippet:-1","max-image-preview":"max-image-preview:large","max-video-preview":"max-video-preview:-1"},"canonical":"https:\/\/www.manitese.it\/en\/ethaka-resilienza-a-cambiamenti-climatici-e-guerra-in-mozambico\/","og_locale":"en_US","og_type":"article","og_title":"Ethaka, resilienza a cambiamenti climatici e guerra in Mozambico - Mani Tese","og_description":"Il Mozambico \u00e8 un Paese sempre pi\u00f9 interessato da calamit\u00e0 climatiche, conflitti e malnutrizione. Il progetto ETHAKA prevede il sostegno alle comunit\u00e0 rurali e urbane attraverso l\u2019agroecologia, la riforestazione e l\u2019educazione ambientale e nutrizionale.","og_url":"https:\/\/www.manitese.it\/en\/ethaka-resilienza-a-cambiamenti-climatici-e-guerra-in-mozambico\/","og_site_name":"Mani Tese","article_published_time":"2022-10-11T09:07:55+00:00","article_modified_time":"2023-11-29T16:49:27+00:00","og_image":[{"width":1024,"height":428,"url":"https:\/\/www.manitese.it\/wp-content\/uploads\/2022\/10\/header-2-1-1024x428.png","type":"image\/png"}],"author":"agevis","twitter_card":"summary_large_image","twitter_misc":{"Written by":"agevis","Est. reading time":"5 minutes"},"schema":{"@context":"https:\/\/schema.org","@graph":[{"@type":"Article","@id":"https:\/\/www.manitese.it\/en\/ethaka-resilienza-a-cambiamenti-climatici-e-guerra-in-mozambico\/#article","isPartOf":{"@id":"https:\/\/www.manitese.it\/en\/ethaka-resilienza-a-cambiamenti-climatici-e-guerra-in-mozambico\/"},"author":{"name":"agevis","@id":"https:\/\/www.manitese.it\/en\/#\/schema\/person\/5a9774f17e4940e2510bfeba90f04f65"},"headline":"Ethaka, resilienza a cambiamenti climatici e guerra in Mozambico","datePublished":"2022-10-11T09:07:55+00:00","dateModified":"2023-11-29T16:49:27+00:00","mainEntityOfPage":{"@id":"https:\/\/www.manitese.it\/en\/ethaka-resilienza-a-cambiamenti-climatici-e-guerra-in-mozambico\/"},"wordCount":870,"commentCount":0,"image":{"@id":"https:\/\/www.manitese.it\/en\/ethaka-resilienza-a-cambiamenti-climatici-e-guerra-in-mozambico\/#primaryimage"},"thumbnailUrl":"https:\/\/www.manitese.it\/wp-content\/uploads\/2022\/10\/header-2-1.png","keywords":["Mozambico","ethaka"],"articleSection":["Diari"],"inLanguage":"en-US","potentialAction":[{"@type":"CommentAction","name":"Comment","target":["https:\/\/www.manitese.it\/en\/ethaka-resilienza-a-cambiamenti-climatici-e-guerra-in-mozambico\/#respond"]}]},{"@type":"WebPage","@id":"https:\/\/www.manitese.it\/en\/ethaka-resilienza-a-cambiamenti-climatici-e-guerra-in-mozambico\/","url":"https:\/\/www.manitese.it\/en\/ethaka-resilienza-a-cambiamenti-climatici-e-guerra-in-mozambico\/","name":"Ethaka, resilienza a cambiamenti climatici e guerra in Mozambico - Mani Tese","isPartOf":{"@id":"https:\/\/www.manitese.it\/en\/#website"},"primaryImageOfPage":{"@id":"https:\/\/www.manitese.it\/en\/ethaka-resilienza-a-cambiamenti-climatici-e-guerra-in-mozambico\/#primaryimage"},"image":{"@id":"https:\/\/www.manitese.it\/en\/ethaka-resilienza-a-cambiamenti-climatici-e-guerra-in-mozambico\/#primaryimage"},"thumbnailUrl":"https:\/\/www.manitese.it\/wp-content\/uploads\/2022\/10\/header-2-1.png","datePublished":"2022-10-11T09:07:55+00:00","dateModified":"2023-11-29T16:49:27+00:00","author":{"@id":"https:\/\/www.manitese.it\/en\/#\/schema\/person\/5a9774f17e4940e2510bfeba90f04f65"},"description":"Il Mozambico \u00e8 un Paese sempre pi\u00f9 interessato da calamit\u00e0 climatiche, conflitti e malnutrizione. Il progetto ETHAKA prevede il sostegno alle comunit\u00e0 rurali e urbane attraverso l\u2019agroecologia, la riforestazione e l\u2019educazione ambientale e nutrizionale.","breadcrumb":{"@id":"https:\/\/www.manitese.it\/en\/ethaka-resilienza-a-cambiamenti-climatici-e-guerra-in-mozambico\/#breadcrumb"},"inLanguage":"en-US","potentialAction":[{"@type":"ReadAction","target":["https:\/\/www.manitese.it\/en\/ethaka-resilienza-a-cambiamenti-climatici-e-guerra-in-mozambico\/"]}]},{"@type":"ImageObject","inLanguage":"en-US","@id":"https:\/\/www.manitese.it\/en\/ethaka-resilienza-a-cambiamenti-climatici-e-guerra-in-mozambico\/#primaryimage","url":"https:\/\/www.manitese.it\/wp-content\/uploads\/2022\/10\/header-2-1.png","contentUrl":"https:\/\/www.manitese.it\/wp-content\/uploads\/2022\/10\/header-2-1.png","width":1917,"height":801},{"@type":"BreadcrumbList","@id":"https:\/\/www.manitese.it\/en\/ethaka-resilienza-a-cambiamenti-climatici-e-guerra-in-mozambico\/#breadcrumb","itemListElement":[{"@type":"ListItem","position":1,"name":"Home","item":"https:\/\/www.manitese.it\/en\/"},{"@type":"ListItem","position":2,"name":"Ethaka, resilienza a cambiamenti climatici e guerra in Mozambico"}]},{"@type":"WebSite","@id":"https:\/\/www.manitese.it\/en\/#website","url":"https:\/\/www.manitese.it\/en\/","name":"Mani Tese","description":"","potentialAction":[{"@type":"SearchAction","target":{"@type":"EntryPoint","urlTemplate":"https:\/\/www.manitese.it\/en\/?s={search_term_string}"},"query-input":{"@type":"PropertyValueSpecification","valueRequired":true,"valueName":"search_term_string"}}],"inLanguage":"en-US"},{"@type":"Person","@id":"https:\/\/www.manitese.it\/en\/#\/schema\/person\/5a9774f17e4940e2510bfeba90f04f65","name":"agevis","image":{"@type":"ImageObject","inLanguage":"en-US","@id":"https:\/\/secure.gravatar.com\/avatar\/2dc96c93fcf3387a5922a93b50fb3bff01d4800590fb6a4ab91a034adb25ba17?s=96&d=mm&r=g","url":"https:\/\/secure.gravatar.com\/avatar\/2dc96c93fcf3387a5922a93b50fb3bff01d4800590fb6a4ab91a034adb25ba17?s=96&d=mm&r=g","contentUrl":"https:\/\/secure.gravatar.com\/avatar\/2dc96c93fcf3387a5922a93b50fb3bff01d4800590fb6a4ab91a034adb25ba17?s=96&d=mm&r=g","caption":"agevis"},"url":"https:\/\/www.manitese.it\/en\/author\/wp_agevis_admin\/"}]}},"jetpack_featured_media_url":"https:\/\/www.manitese.it\/wp-content\/uploads\/2022\/10\/header-2-1.png","jetpack_sharing_enabled":true,"_links":{"self":[{"href":"https:\/\/www.manitese.it\/en\/wp-json\/wp\/v2\/posts\/160781","targetHints":{"allow":["GET"]}}],"collection":[{"href":"https:\/\/www.manitese.it\/en\/wp-json\/wp\/v2\/posts"}],"about":[{"href":"https:\/\/www.manitese.it\/en\/wp-json\/wp\/v2\/types\/post"}],"author":[{"embeddable":true,"href":"https:\/\/www.manitese.it\/en\/wp-json\/wp\/v2\/users\/1"}],"replies":[{"embeddable":true,"href":"https:\/\/www.manitese.it\/en\/wp-json\/wp\/v2\/comments?post=160781"}],"version-history":[{"count":3,"href":"https:\/\/www.manitese.it\/en\/wp-json\/wp\/v2\/posts\/160781\/revisions"}],"predecessor-version":[{"id":191646,"href":"https:\/\/www.manitese.it\/en\/wp-json\/wp\/v2\/posts\/160781\/revisions\/191646"}],"wp:featuredmedia":[{"embeddable":true,"href":"https:\/\/www.manitese.it\/en\/wp-json\/wp\/v2\/media\/160790"}],"wp:attachment":[{"href":"https:\/\/www.manitese.it\/en\/wp-json\/wp\/v2\/media?parent=160781"}],"wp:term":[{"taxonomy":"category","embeddable":true,"href":"https:\/\/www.manitese.it\/en\/wp-json\/wp\/v2\/categories?post=160781"},{"taxonomy":"post_tag","embeddable":true,"href":"https:\/\/www.manitese.it\/en\/wp-json\/wp\/v2\/tags?post=160781"},{"taxonomy":"thematic_area","embeddable":true,"href":"https:\/\/www.manitese.it\/en\/wp-json\/wp\/v2\/thematic_area?post=160781"}],"curies":[{"name":"wp","href":"https:\/\/api.w.org\/{rel}","templated":true}]}}