{"id":160735,"date":"2022-10-11T10:46:42","date_gmt":"2022-10-11T08:46:42","guid":{"rendered":"https:\/\/manitese.it\/?p=160735"},"modified":"2023-07-21T14:29:07","modified_gmt":"2023-07-21T12:29:07","slug":"secondo-colpo-di-stato-in-un-anno-in-burkina-faso","status":"publish","type":"post","link":"https:\/\/www.manitese.it\/en\/secondo-colpo-di-stato-in-un-anno-in-burkina-faso\/","title":{"rendered":"Secondo colpo di stato in un anno in Burkina Faso"},"content":{"rendered":"\n<p><em>Di Giulia Tringali, Cooperante Mani Tese in Burkina Faso ed Eugenio Attard, Responsabile Paese Mani Tese in Burkina Faso<\/em><\/p>\n\n\n\n<p>Sono stati giorni molto confusi quelli da poco trascorsi in Burkina Faso, che potevano portare a un&#8217;escalation di violenza.<\/p>\n\n\n\n<p><strong>Venerd\u00ec 30 settembre alle prime ore del mattino il corpo speciale COBRA, guidato dal Capitano Ibrahim Traor\u00e9, fa irruzione nelle caserme militari della capitale<\/strong>. Si sentono spari durante tutta la notte. La mattina i media parlano di <strong>colpo di stato.<\/strong><\/p>\n\n\n\n<p>Nel pomeriggio le sparatorie ricominciano e scatta il coprifuoco. L&#8217;esercito chiede le dimissioni di Damiba, salito al potere a gennaio a sua volta con un colpo di stato.<\/p>\n\n\n\n<p>Sabato 1 ottobre la tensione si alza a seguito di un comunicato di Traor\u00e9 che, dopo aver fatto circolare informazioni su Damiba rifugiatosi in una base francese a Kamboinsin, invita i civili a scendere in piazza per sostenere la sua presa di potere. Il coprifuoco \u00e8 finito.<\/p>\n\n\n\n<p><strong>La manifestazione dilaga e la capitale si riempie di persone che esprimono un sentimento anti-francese.<\/strong> Si creano assembramenti violenti di fronte all\u2019ambasciata francese, alcuni riescono ad appiccare il fuoco in alcune parti esterne dell\u2019edificio. Intanto sul web girano diversi video che amplificano quanto accade.<\/p>\n\n\n\n<p>La gente per le strade sventola bandiere russe. <strong>Si accusa Damiba di aver tradito la sua promessa di scacciare i terroristi dal Burkina e di essersi piegato al volere della vecchia madrepatria.<\/strong><\/p>\n\n\n\n<p>Grazie alla mediazione delle autorit\u00e0 <em>coutumi\u00e8re<\/em> tradizionali e religiose, <strong>Damiba e Traor\u00e9 arrivano a un accordo domenica 2 ottobre e il primo si dimette cedendo il potere a determinate condizioni<\/strong>. Nel pomeriggio Ibrahim Traor\u00e9 convoca le segreterie dei vari ministeri e sancisce la riapertura degli uffici e delle scuole per il giorno seguente. In contemporanea, viene impartito l\u2019ordine di fare rapidamente un censimento degli automezzi Pick-Up in panne a disposizione dei vari uffici, affinch\u00e9 possano essere riparati e integrati con quelli gi\u00e0 a disposizione dei militari nella lotta contro le milizie anti-governative jihadiste presenti in diverse regioni del Paese.<\/p>\n\n\n\n<p>Anche <strong>la Comunit\u00e0 Economica degli Stati dell\u2019Africa Occidentale CEDEAO<\/strong> accoglie con favore l&#8217;avvenuto accordo organizzando una visita della delegazione.&nbsp; Al termine dell&#8217;incontro di marted\u00ec con la delegazione dell&#8217;ECOWAS, uno dei suoi membri, l&#8217;ex presidente nigeriano Mahamadou Issoufou, dichiara di partire &#8220;fiducioso&#8221; per quanto riguarda gli impegni gi\u00e0 presi da Damiba e in particolare in merito alle elezioni per il ritorno dei civili al potere entro luglio 2024.<\/p>\n\n\n\n<p>La libert\u00e0 di movimento viene ripristinata nella capitale, ma l&#8217;allerta rimane. <strong>La popolazione \u00e8 stanca di vivere in uno stato di insicurezza costante. <\/strong>Le milizie antigovernative controllano gli assi principali che mettono in comunicazione il Paese. I confini a Nord con il Mali, a Est con il Niger, a sud con Benin e Togo e a Ovest con la Costa d&#8217;Avorio sono in mano ai jihadisti.<\/p>\n\n\n\n<p>I principali gruppi radicalizzati che si stanno espandendo in Burkina Faso fanno parte del JNIM (Jama\u2019at Nusrat al-Islam wal Muslimeen), rete di matrice quaedista guidata da Iyad ag Ghali, il cui gruppo pi\u00f9 consistente \u00e8 Ansarul Islam, presente principalmente nel nord del Paese. L&#8217;altro gruppo molto influente \u00e8 l&#8217;\u00c9tat Islamique du Sahel che funge da prolungamento nell&#8217;area saheliana di ISWAP (Islamique State West Africa Province) e ha un obiettivo simile allo Stato Islamico costituitosi a cavallo tra Siria e Iraq nel 2014.<\/p>\n\n\n\n<p><strong>Il nuovo governo si dovr\u00e0 far carico di ristabilire una maggior sicurezza nel Paese<\/strong> e con chi sceglier\u00e0 di farlo, se Francia, Russia o nuovi partner, lo scopriremo a breve. Tuttavia, per garantire una pace duratura l&#8217;approccio securitario non basta, <strong>occorre innanzitutto ristabilire una forte coesione sociale, investire molto nello sviluppo economico e sociale del Paese, ridurre il tasso di disoccupazione e il tasso di povert\u00e0, mitigare il cambiamento climatico e avviare una buona governance delle risorse<\/strong>. Un passaggio molto importante \u00e8 atteso a met\u00e0 mese dove per il 14-15 Ottobre \u00e8 stata fissata la data per la nomina del nuovo presidente della transizione. Traor\u00e9 si \u00e8 auto escluso dichiarando testualmente che avrebbe portato avanti solo gli &#8220;affari correnti&#8221; fino alla designazione di un nuovo presidente di transizione &#8211; civile o militare &#8211; da parte di una &#8220;Assemblea nazionale&#8221; costituita con la pi\u00f9 ampia partecipazione di rappresentanti delle forze politiche, sociali e della societ\u00e0 civile. <\/p>\n\n\n\n<p>Nonostante il contesto di grande instabilit\u00e0, <strong>Mani Tese continua con i suoi progetti a stare a fianco della popolazione,<\/strong> per favorire uno sviluppo sostenibile e comunitario, che promuova la pace e la cura delle risorse naturali attraverso un approccio agroecologico e di empowerment delle donne.<\/p>\n\n\n\n<figure class=\"wp-block-gallery has-nested-images columns-default is-cropped wp-block-gallery-1 is-layout-flex wp-block-gallery-is-layout-flex\">\n<figure class=\"wp-block-image size-large\"><img decoding=\"async\" data-id=\"160758\" src=\"https:\/\/manitese.it\/wp-content\/uploads\/2022\/10\/03_Distribuzione_01-1024x768.jpg\" alt=\"\" class=\"wp-image-160758\"\/><\/figure>\n\n\n\n<figure class=\"wp-block-image size-large\"><img decoding=\"async\" data-id=\"160755\" src=\"https:\/\/manitese.it\/wp-content\/uploads\/2022\/10\/eugenio-missione-burkina-faso-mani-tese-2021_1-1024x575.jpg\" alt=\"\" class=\"wp-image-160755\"\/><\/figure>\n\n\n\n<figure class=\"wp-block-image size-large\"><img decoding=\"async\" data-id=\"160750\" src=\"https:\/\/manitese.it\/wp-content\/uploads\/2022\/10\/eugenio-missione-burkina-faso-mani-tese-2021_5-1024x575.jpg\" alt=\"\" class=\"wp-image-160750\"\/><\/figure>\n\n\n\n<figure class=\"wp-block-image size-large\"><img decoding=\"async\" data-id=\"160752\" src=\"https:\/\/manitese.it\/wp-content\/uploads\/2022\/10\/IMG_20210730_102344-1024x576.jpg\" alt=\"\" class=\"wp-image-160752\"\/><\/figure>\n\n\n\n<figure class=\"wp-block-image size-large\"><img decoding=\"async\" data-id=\"160764\" src=\"https:\/\/manitese.it\/wp-content\/uploads\/2022\/10\/IMG_20220517_100221-1024x627.jpg\" alt=\"\" class=\"wp-image-160764\"\/><\/figure>\n<\/figure>\n\n\n\n<p><\/p>\n\n\n\n<p><strong><u>Sostieni i nostri progetti in Burkina Faso a fianco delle comunit\u00e0:<\/u><\/strong> dona online a questo <strong><a rel=\"noreferrer noopener\" href=\"https:\/\/donazioni.manitese.it\/?utm_source=LINKNEWSMTBF1OTT&amp;utm_medium=Link_intratesto&amp;utm_campaign=Backtoschool2022&amp;utm_content=Link_intratesto_news\" target=\"_blank\">LINK<\/a> <\/strong>con carta di credito o PayPal inserendo nel campo NOTE la dicitura<em> &#8220;Insieme per il Burkina Faso&#8221;<\/em>, oppure usa le stesse parole nella causale del tuo bonifico bancario. <\/p>\n\n\n\n<p><strong>Aggiornamento al 21 ottobre 2022<\/strong>&nbsp;<\/p>\n\n\n\n<p>La sera del 14 ottobre il Capitano Ibrahim Traor\u00e9 \u00e8 stato eletto presidente, quasi all\u2019unanimit\u00e0, dall\u2019Assemblea Nazionale. Il 15 ottobre ha iniziato il suo mandato recandosi al monumento di Thomas Sankara, commemorando i 35 anni dalla sua morte. Per i due giorni di Assise erano previste nuove manifestazioni, che sono per\u00f2 state contenute in alcune zone della capitale. Venerd\u00ec 21 ottobre alle 10.00 ha prestato giuramento presso la sala delle udienze del Consiglio costituzionale ed \u00e8 diventato ufficialmente il Presidente della Transizione.&nbsp;<\/p>\n\n\n\n<hr class=\"wp-block-separator has-alpha-channel-opacity\"\/>\n\n\n\n<p><a id=\"_msocom_1\"><\/a><\/p>\n\n\n\n<p><\/p>\n","protected":false},"excerpt":{"rendered":"<p>La popolazione scende in piazza e chiede maggiore sicurezza in Burkina Faso a seguito del secondo colpo di stato in un anno. Proseguono comunque i progetti di sviluppo di Mani Tese per favorire la coesione sociale, pi\u00f9 che mai necessaria.<\/p>\n","protected":false},"author":1,"featured_media":160767,"comment_status":"open","ping_status":"open","sticky":false,"template":"","format":"standard","meta":{"_acf_changed":false,"give_campaign_id":0,"inline_featured_image":false,"_jetpack_memberships_contains_paid_content":false,"footnotes":""},"categories":[3],"tags":[39,70],"thematic_area":[],"class_list":["post-160735","post","type-post","status-publish","format-standard","has-post-thumbnail","hentry","category-diari","tag-burkina-faso-2","tag-colpo-di-stato"],"acf":[],"yoast_head":"<!-- This site is optimized with the Yoast SEO plugin v27.5 - https:\/\/yoast.com\/product\/yoast-seo-wordpress\/ -->\n<title>Secondo colpo di stato in un anno in Burkina Faso - Mani Tese<\/title>\n<meta name=\"description\" content=\"La popolazione scende in piazza e chiede maggiore sicurezza in Burkina Faso a seguito del secondo colpo di stato in un anno. Proseguono comunque i progetti di sviluppo di Mani Tese per favorire la coesione sociale, pi\u00f9 che mai necessaria.\" \/>\n<meta name=\"robots\" content=\"index, follow, max-snippet:-1, max-image-preview:large, max-video-preview:-1\" \/>\n<link rel=\"canonical\" href=\"https:\/\/www.manitese.it\/en\/secondo-colpo-di-stato-in-un-anno-in-burkina-faso\/\" \/>\n<meta property=\"og:locale\" content=\"en_US\" \/>\n<meta property=\"og:type\" content=\"article\" \/>\n<meta property=\"og:title\" content=\"Secondo colpo di stato in un anno in Burkina Faso - Mani Tese\" \/>\n<meta property=\"og:description\" content=\"La popolazione scende in piazza e chiede maggiore sicurezza in Burkina Faso a seguito del secondo colpo di stato in un anno. Proseguono comunque i progetti di sviluppo di Mani Tese per favorire la coesione sociale, pi\u00f9 che mai necessaria.\" \/>\n<meta property=\"og:url\" content=\"https:\/\/www.manitese.it\/en\/secondo-colpo-di-stato-in-un-anno-in-burkina-faso\/\" \/>\n<meta property=\"og:site_name\" content=\"Mani Tese\" \/>\n<meta property=\"article:published_time\" content=\"2022-10-11T08:46:42+00:00\" \/>\n<meta property=\"article:modified_time\" content=\"2023-07-21T12:29:07+00:00\" \/>\n<meta property=\"og:image\" content=\"https:\/\/www.manitese.it\/wp-content\/uploads\/2022\/10\/header-1-1-1024x428.png\" \/>\n\t<meta property=\"og:image:width\" content=\"1024\" \/>\n\t<meta property=\"og:image:height\" content=\"428\" \/>\n\t<meta property=\"og:image:type\" content=\"image\/png\" \/>\n<meta name=\"author\" content=\"agevis\" \/>\n<meta name=\"twitter:card\" content=\"summary_large_image\" \/>\n<meta name=\"twitter:label1\" content=\"Written by\" \/>\n\t<meta name=\"twitter:data1\" content=\"agevis\" \/>\n\t<meta name=\"twitter:label2\" content=\"Est. reading time\" \/>\n\t<meta name=\"twitter:data2\" content=\"4 minutes\" \/>\n<script type=\"application\/ld+json\" class=\"yoast-schema-graph\">{\"@context\":\"https:\\\/\\\/schema.org\",\"@graph\":[{\"@type\":\"Article\",\"@id\":\"https:\\\/\\\/www.manitese.it\\\/en\\\/secondo-colpo-di-stato-in-un-anno-in-burkina-faso\\\/#article\",\"isPartOf\":{\"@id\":\"https:\\\/\\\/www.manitese.it\\\/en\\\/secondo-colpo-di-stato-in-un-anno-in-burkina-faso\\\/\"},\"author\":{\"name\":\"agevis\",\"@id\":\"https:\\\/\\\/www.manitese.it\\\/en\\\/#\\\/schema\\\/person\\\/5a9774f17e4940e2510bfeba90f04f65\"},\"headline\":\"Secondo colpo di stato in un anno in Burkina Faso\",\"datePublished\":\"2022-10-11T08:46:42+00:00\",\"dateModified\":\"2023-07-21T12:29:07+00:00\",\"mainEntityOfPage\":{\"@id\":\"https:\\\/\\\/www.manitese.it\\\/en\\\/secondo-colpo-di-stato-in-un-anno-in-burkina-faso\\\/\"},\"wordCount\":886,\"commentCount\":0,\"image\":{\"@id\":\"https:\\\/\\\/www.manitese.it\\\/en\\\/secondo-colpo-di-stato-in-un-anno-in-burkina-faso\\\/#primaryimage\"},\"thumbnailUrl\":\"https:\\\/\\\/www.manitese.it\\\/wp-content\\\/uploads\\\/2022\\\/10\\\/header-1-1.png\",\"keywords\":[\"burkina faso\",\"colpo di stato\"],\"articleSection\":[\"Diari\"],\"inLanguage\":\"en-US\",\"potentialAction\":[{\"@type\":\"CommentAction\",\"name\":\"Comment\",\"target\":[\"https:\\\/\\\/www.manitese.it\\\/en\\\/secondo-colpo-di-stato-in-un-anno-in-burkina-faso\\\/#respond\"]}]},{\"@type\":\"WebPage\",\"@id\":\"https:\\\/\\\/www.manitese.it\\\/en\\\/secondo-colpo-di-stato-in-un-anno-in-burkina-faso\\\/\",\"url\":\"https:\\\/\\\/www.manitese.it\\\/en\\\/secondo-colpo-di-stato-in-un-anno-in-burkina-faso\\\/\",\"name\":\"Secondo colpo di stato in un anno in Burkina Faso - Mani Tese\",\"isPartOf\":{\"@id\":\"https:\\\/\\\/www.manitese.it\\\/en\\\/#website\"},\"primaryImageOfPage\":{\"@id\":\"https:\\\/\\\/www.manitese.it\\\/en\\\/secondo-colpo-di-stato-in-un-anno-in-burkina-faso\\\/#primaryimage\"},\"image\":{\"@id\":\"https:\\\/\\\/www.manitese.it\\\/en\\\/secondo-colpo-di-stato-in-un-anno-in-burkina-faso\\\/#primaryimage\"},\"thumbnailUrl\":\"https:\\\/\\\/www.manitese.it\\\/wp-content\\\/uploads\\\/2022\\\/10\\\/header-1-1.png\",\"datePublished\":\"2022-10-11T08:46:42+00:00\",\"dateModified\":\"2023-07-21T12:29:07+00:00\",\"author\":{\"@id\":\"https:\\\/\\\/www.manitese.it\\\/en\\\/#\\\/schema\\\/person\\\/5a9774f17e4940e2510bfeba90f04f65\"},\"description\":\"La popolazione scende in piazza e chiede maggiore sicurezza in Burkina Faso a seguito del secondo colpo di stato in un anno. Proseguono comunque i progetti di sviluppo di Mani Tese per favorire la coesione sociale, pi\u00f9 che mai necessaria.\",\"breadcrumb\":{\"@id\":\"https:\\\/\\\/www.manitese.it\\\/en\\\/secondo-colpo-di-stato-in-un-anno-in-burkina-faso\\\/#breadcrumb\"},\"inLanguage\":\"en-US\",\"potentialAction\":[{\"@type\":\"ReadAction\",\"target\":[\"https:\\\/\\\/www.manitese.it\\\/en\\\/secondo-colpo-di-stato-in-un-anno-in-burkina-faso\\\/\"]}]},{\"@type\":\"ImageObject\",\"inLanguage\":\"en-US\",\"@id\":\"https:\\\/\\\/www.manitese.it\\\/en\\\/secondo-colpo-di-stato-in-un-anno-in-burkina-faso\\\/#primaryimage\",\"url\":\"https:\\\/\\\/www.manitese.it\\\/wp-content\\\/uploads\\\/2022\\\/10\\\/header-1-1.png\",\"contentUrl\":\"https:\\\/\\\/www.manitese.it\\\/wp-content\\\/uploads\\\/2022\\\/10\\\/header-1-1.png\",\"width\":1921,\"height\":803},{\"@type\":\"BreadcrumbList\",\"@id\":\"https:\\\/\\\/www.manitese.it\\\/en\\\/secondo-colpo-di-stato-in-un-anno-in-burkina-faso\\\/#breadcrumb\",\"itemListElement\":[{\"@type\":\"ListItem\",\"position\":1,\"name\":\"Home\",\"item\":\"https:\\\/\\\/www.manitese.it\\\/en\\\/\"},{\"@type\":\"ListItem\",\"position\":2,\"name\":\"Secondo colpo di stato in un anno in Burkina Faso\"}]},{\"@type\":\"WebSite\",\"@id\":\"https:\\\/\\\/www.manitese.it\\\/en\\\/#website\",\"url\":\"https:\\\/\\\/www.manitese.it\\\/en\\\/\",\"name\":\"Mani Tese\",\"description\":\"\",\"potentialAction\":[{\"@type\":\"SearchAction\",\"target\":{\"@type\":\"EntryPoint\",\"urlTemplate\":\"https:\\\/\\\/www.manitese.it\\\/en\\\/?s={search_term_string}\"},\"query-input\":{\"@type\":\"PropertyValueSpecification\",\"valueRequired\":true,\"valueName\":\"search_term_string\"}}],\"inLanguage\":\"en-US\"},{\"@type\":\"Person\",\"@id\":\"https:\\\/\\\/www.manitese.it\\\/en\\\/#\\\/schema\\\/person\\\/5a9774f17e4940e2510bfeba90f04f65\",\"name\":\"agevis\",\"image\":{\"@type\":\"ImageObject\",\"inLanguage\":\"en-US\",\"@id\":\"https:\\\/\\\/secure.gravatar.com\\\/avatar\\\/2dc96c93fcf3387a5922a93b50fb3bff01d4800590fb6a4ab91a034adb25ba17?s=96&d=mm&r=g\",\"url\":\"https:\\\/\\\/secure.gravatar.com\\\/avatar\\\/2dc96c93fcf3387a5922a93b50fb3bff01d4800590fb6a4ab91a034adb25ba17?s=96&d=mm&r=g\",\"contentUrl\":\"https:\\\/\\\/secure.gravatar.com\\\/avatar\\\/2dc96c93fcf3387a5922a93b50fb3bff01d4800590fb6a4ab91a034adb25ba17?s=96&d=mm&r=g\",\"caption\":\"agevis\"},\"url\":\"https:\\\/\\\/www.manitese.it\\\/en\\\/author\\\/wp_agevis_admin\\\/\"}]}<\/script>\n<!-- \/ Yoast SEO plugin. -->","yoast_head_json":{"title":"Secondo colpo di stato in un anno in Burkina Faso - Mani Tese","description":"La popolazione scende in piazza e chiede maggiore sicurezza in Burkina Faso a seguito del secondo colpo di stato in un anno. Proseguono comunque i progetti di sviluppo di Mani Tese per favorire la coesione sociale, pi\u00f9 che mai necessaria.","robots":{"index":"index","follow":"follow","max-snippet":"max-snippet:-1","max-image-preview":"max-image-preview:large","max-video-preview":"max-video-preview:-1"},"canonical":"https:\/\/www.manitese.it\/en\/secondo-colpo-di-stato-in-un-anno-in-burkina-faso\/","og_locale":"en_US","og_type":"article","og_title":"Secondo colpo di stato in un anno in Burkina Faso - Mani Tese","og_description":"La popolazione scende in piazza e chiede maggiore sicurezza in Burkina Faso a seguito del secondo colpo di stato in un anno. Proseguono comunque i progetti di sviluppo di Mani Tese per favorire la coesione sociale, pi\u00f9 che mai necessaria.","og_url":"https:\/\/www.manitese.it\/en\/secondo-colpo-di-stato-in-un-anno-in-burkina-faso\/","og_site_name":"Mani Tese","article_published_time":"2022-10-11T08:46:42+00:00","article_modified_time":"2023-07-21T12:29:07+00:00","og_image":[{"width":1024,"height":428,"url":"https:\/\/www.manitese.it\/wp-content\/uploads\/2022\/10\/header-1-1-1024x428.png","type":"image\/png"}],"author":"agevis","twitter_card":"summary_large_image","twitter_misc":{"Written by":"agevis","Est. reading time":"4 minutes"},"schema":{"@context":"https:\/\/schema.org","@graph":[{"@type":"Article","@id":"https:\/\/www.manitese.it\/en\/secondo-colpo-di-stato-in-un-anno-in-burkina-faso\/#article","isPartOf":{"@id":"https:\/\/www.manitese.it\/en\/secondo-colpo-di-stato-in-un-anno-in-burkina-faso\/"},"author":{"name":"agevis","@id":"https:\/\/www.manitese.it\/en\/#\/schema\/person\/5a9774f17e4940e2510bfeba90f04f65"},"headline":"Secondo colpo di stato in un anno in Burkina Faso","datePublished":"2022-10-11T08:46:42+00:00","dateModified":"2023-07-21T12:29:07+00:00","mainEntityOfPage":{"@id":"https:\/\/www.manitese.it\/en\/secondo-colpo-di-stato-in-un-anno-in-burkina-faso\/"},"wordCount":886,"commentCount":0,"image":{"@id":"https:\/\/www.manitese.it\/en\/secondo-colpo-di-stato-in-un-anno-in-burkina-faso\/#primaryimage"},"thumbnailUrl":"https:\/\/www.manitese.it\/wp-content\/uploads\/2022\/10\/header-1-1.png","keywords":["burkina faso","colpo di stato"],"articleSection":["Diari"],"inLanguage":"en-US","potentialAction":[{"@type":"CommentAction","name":"Comment","target":["https:\/\/www.manitese.it\/en\/secondo-colpo-di-stato-in-un-anno-in-burkina-faso\/#respond"]}]},{"@type":"WebPage","@id":"https:\/\/www.manitese.it\/en\/secondo-colpo-di-stato-in-un-anno-in-burkina-faso\/","url":"https:\/\/www.manitese.it\/en\/secondo-colpo-di-stato-in-un-anno-in-burkina-faso\/","name":"Secondo colpo di stato in un anno in Burkina Faso - Mani Tese","isPartOf":{"@id":"https:\/\/www.manitese.it\/en\/#website"},"primaryImageOfPage":{"@id":"https:\/\/www.manitese.it\/en\/secondo-colpo-di-stato-in-un-anno-in-burkina-faso\/#primaryimage"},"image":{"@id":"https:\/\/www.manitese.it\/en\/secondo-colpo-di-stato-in-un-anno-in-burkina-faso\/#primaryimage"},"thumbnailUrl":"https:\/\/www.manitese.it\/wp-content\/uploads\/2022\/10\/header-1-1.png","datePublished":"2022-10-11T08:46:42+00:00","dateModified":"2023-07-21T12:29:07+00:00","author":{"@id":"https:\/\/www.manitese.it\/en\/#\/schema\/person\/5a9774f17e4940e2510bfeba90f04f65"},"description":"La popolazione scende in piazza e chiede maggiore sicurezza in Burkina Faso a seguito del secondo colpo di stato in un anno. Proseguono comunque i progetti di sviluppo di Mani Tese per favorire la coesione sociale, pi\u00f9 che mai necessaria.","breadcrumb":{"@id":"https:\/\/www.manitese.it\/en\/secondo-colpo-di-stato-in-un-anno-in-burkina-faso\/#breadcrumb"},"inLanguage":"en-US","potentialAction":[{"@type":"ReadAction","target":["https:\/\/www.manitese.it\/en\/secondo-colpo-di-stato-in-un-anno-in-burkina-faso\/"]}]},{"@type":"ImageObject","inLanguage":"en-US","@id":"https:\/\/www.manitese.it\/en\/secondo-colpo-di-stato-in-un-anno-in-burkina-faso\/#primaryimage","url":"https:\/\/www.manitese.it\/wp-content\/uploads\/2022\/10\/header-1-1.png","contentUrl":"https:\/\/www.manitese.it\/wp-content\/uploads\/2022\/10\/header-1-1.png","width":1921,"height":803},{"@type":"BreadcrumbList","@id":"https:\/\/www.manitese.it\/en\/secondo-colpo-di-stato-in-un-anno-in-burkina-faso\/#breadcrumb","itemListElement":[{"@type":"ListItem","position":1,"name":"Home","item":"https:\/\/www.manitese.it\/en\/"},{"@type":"ListItem","position":2,"name":"Secondo colpo di stato in un anno in Burkina Faso"}]},{"@type":"WebSite","@id":"https:\/\/www.manitese.it\/en\/#website","url":"https:\/\/www.manitese.it\/en\/","name":"Mani Tese","description":"","potentialAction":[{"@type":"SearchAction","target":{"@type":"EntryPoint","urlTemplate":"https:\/\/www.manitese.it\/en\/?s={search_term_string}"},"query-input":{"@type":"PropertyValueSpecification","valueRequired":true,"valueName":"search_term_string"}}],"inLanguage":"en-US"},{"@type":"Person","@id":"https:\/\/www.manitese.it\/en\/#\/schema\/person\/5a9774f17e4940e2510bfeba90f04f65","name":"agevis","image":{"@type":"ImageObject","inLanguage":"en-US","@id":"https:\/\/secure.gravatar.com\/avatar\/2dc96c93fcf3387a5922a93b50fb3bff01d4800590fb6a4ab91a034adb25ba17?s=96&d=mm&r=g","url":"https:\/\/secure.gravatar.com\/avatar\/2dc96c93fcf3387a5922a93b50fb3bff01d4800590fb6a4ab91a034adb25ba17?s=96&d=mm&r=g","contentUrl":"https:\/\/secure.gravatar.com\/avatar\/2dc96c93fcf3387a5922a93b50fb3bff01d4800590fb6a4ab91a034adb25ba17?s=96&d=mm&r=g","caption":"agevis"},"url":"https:\/\/www.manitese.it\/en\/author\/wp_agevis_admin\/"}]}},"jetpack_featured_media_url":"https:\/\/www.manitese.it\/wp-content\/uploads\/2022\/10\/header-1-1.png","jetpack_sharing_enabled":true,"_links":{"self":[{"href":"https:\/\/www.manitese.it\/en\/wp-json\/wp\/v2\/posts\/160735","targetHints":{"allow":["GET"]}}],"collection":[{"href":"https:\/\/www.manitese.it\/en\/wp-json\/wp\/v2\/posts"}],"about":[{"href":"https:\/\/www.manitese.it\/en\/wp-json\/wp\/v2\/types\/post"}],"author":[{"embeddable":true,"href":"https:\/\/www.manitese.it\/en\/wp-json\/wp\/v2\/users\/1"}],"replies":[{"embeddable":true,"href":"https:\/\/www.manitese.it\/en\/wp-json\/wp\/v2\/comments?post=160735"}],"version-history":[{"count":2,"href":"https:\/\/www.manitese.it\/en\/wp-json\/wp\/v2\/posts\/160735\/revisions"}],"predecessor-version":[{"id":177844,"href":"https:\/\/www.manitese.it\/en\/wp-json\/wp\/v2\/posts\/160735\/revisions\/177844"}],"wp:featuredmedia":[{"embeddable":true,"href":"https:\/\/www.manitese.it\/en\/wp-json\/wp\/v2\/media\/160767"}],"wp:attachment":[{"href":"https:\/\/www.manitese.it\/en\/wp-json\/wp\/v2\/media?parent=160735"}],"wp:term":[{"taxonomy":"category","embeddable":true,"href":"https:\/\/www.manitese.it\/en\/wp-json\/wp\/v2\/categories?post=160735"},{"taxonomy":"post_tag","embeddable":true,"href":"https:\/\/www.manitese.it\/en\/wp-json\/wp\/v2\/tags?post=160735"},{"taxonomy":"thematic_area","embeddable":true,"href":"https:\/\/www.manitese.it\/en\/wp-json\/wp\/v2\/thematic_area?post=160735"}],"curies":[{"name":"wp","href":"https:\/\/api.w.org\/{rel}","templated":true}]}}