{"id":156813,"date":"2022-09-29T14:25:04","date_gmt":"2022-09-29T12:25:04","guid":{"rendered":"https:\/\/manitese.it\/?p=156813"},"modified":"2023-11-29T17:47:29","modified_gmt":"2023-11-29T16:47:29","slug":"lotta-per-la-resilienza-ai-cambiamenti-climatici","status":"publish","type":"post","link":"https:\/\/www.manitese.it\/en\/lotta-per-la-resilienza-ai-cambiamenti-climatici\/","title":{"rendered":"Lotta per la resilienza ai cambiamenti climatici"},"content":{"rendered":"\r\n<p>Venerd\u00ec 7 ottobre 2022 organizzeremo il workshop pubblico \u201c<strong>Lotta per la resilienza ai cambiamenti climatici<\/strong>\u201d nel quadro del progetto di Mani Tese &#8220;<strong>WONA: orti e vivai urbani e politiche cittadine per promuovere la sostenibilit\u00e0 alimentare ed ambientale di Quelimane<\/strong>&#8221; cofinanziato da Regione Emilia Romagna.<\/p>\r\n\r\n\r\n\r\n<p>Si tratta di un intervento che Mani Tese, insieme a UPC-Z, al municipio di Quelimane e alla Fondazione E35, in collaborazione con la Regione Emilia Romagna, sta attuando nella Provincia della Zambezia in Mozambico.\u00a0<\/p>\r\n\r\n\r\n<div class=\"wp-block-image\">\r\n<figure class=\"aligncenter size-large\"><a href=\"https:\/\/manitese.it\/wp-content\/uploads\/2022\/09\/IMG-20220321-WA0005.jpg\"><img decoding=\"async\" class=\"wp-image-156827\" src=\"https:\/\/manitese.it\/wp-content\/uploads\/2022\/09\/IMG-20220321-WA0005-768x1024.jpg\" alt=\"\" \/><\/a><\/figure>\r\n<\/div>\r\n\r\n\r\n<p>\u201cWona\u201d in Machuabo, lingua bantu del distretto di Quelimane, significa \u201cvisione\u201d. Il progetto intende infatti promuovere <strong>una visione per un futuro sostenibile che, per i partner, si basa su tre pilastri<\/strong>: lo sviluppo rurale connesso alla rigenerazione urbana, l\u2019agricoltura agroecologica e sostenibile a garanzia di qualit\u00e0 e sicurezza alimentare, la promozione di politiche di lotta e di adattamento ai cambiamenti climatici attraverso la riforestazione e la rigenerazione verde urbana in ottica partecipativa delle comunit\u00e0.<\/p>\r\n\r\n\r\n\r\n<p><strong><u>Il workshop si terr\u00e0 on line venerd\u00ec 7 ottobre dalle 10.00 alle 13.00. \u00c8 possibile partecipare all\u2019incontro collegandosi al link https:\/\/bit.ly\/3S7fjFU*<\/u><\/strong><\/p>\r\n\r\n\r\n\r\n<p>L\u2019evento vuole rappresentare <strong>una finestra di scambio di buone pratiche<\/strong> tra le Istituzioni del Comune di Quelimane e di Pemba in Mozambico, e del Comune di Reggio Emilia e della Regione Emilia Romagna in Italia, affrontando in modo particolare il tema della rigenerazione verde urbana.<\/p>\r\n\r\n\r\n\r\n<p><em>*Nota: L\u2019incontro si terr\u00e0 in lingua portoghese.<\/em><\/p>\r\n\r\n\r\n<div class=\"wp-block-image\">\r\n<figure class=\"aligncenter size-large\"><a href=\"https:\/\/manitese.it\/wp-content\/uploads\/2022\/09\/Poster-del-workshop.jpg\"><img decoding=\"async\" class=\"wp-image-156829\" src=\"https:\/\/manitese.it\/wp-content\/uploads\/2022\/09\/Poster-del-workshop-730x1024.jpg\" alt=\"\" \/><\/a><\/figure>\r\n<\/div>\r\n\r\n\r\n<p>&nbsp;<\/p>\r\n","protected":false},"excerpt":{"rendered":"<p>Venerd\u00ec 7 ottobre 2022 organizzeremo il workshop pubblico \u201cLotta per la resilienza ai cambiamenti climatici\u201d nel quadro del progetto di Mani Tese &#8220;WONA: orti e vivai urbani e politiche cittadine per promuovere la sostenibilit\u00e0 alimentare ed ambientale di Quelimane&#8221; cofinanziato da Regione Emilia Romagna. Si tratta di un intervento che Mani Tese, insieme a UPC-Z, [&hellip;]<\/p>\n","protected":false},"author":1,"featured_media":156825,"comment_status":"open","ping_status":"open","sticky":false,"template":"","format":"standard","meta":{"_acf_changed":false,"give_campaign_id":0,"inline_featured_image":false,"_jetpack_memberships_contains_paid_content":false,"footnotes":""},"categories":[3],"tags":[48,67],"thematic_area":[916],"class_list":["post-156813","post","type-post","status-publish","format-standard","has-post-thumbnail","hentry","category-diari","tag-wona","tag-workshop","thematic_area-citta-e-pratiche-sostenibili"],"acf":[],"yoast_head":"<!-- This site is optimized with the Yoast SEO plugin v27.5 - https:\/\/yoast.com\/product\/yoast-seo-wordpress\/ -->\n<title>Lotta per la resilienza ai cambiamenti climatici - Mani Tese<\/title>\n<meta name=\"description\" content=\"Un workshop on line di scambio fra Italia e Mozambico realizzato nell\u2019ambito del progetto WONA, di Mani Tese.\" \/>\n<meta name=\"robots\" content=\"index, follow, max-snippet:-1, max-image-preview:large, max-video-preview:-1\" \/>\n<link rel=\"canonical\" href=\"https:\/\/www.manitese.it\/en\/lotta-per-la-resilienza-ai-cambiamenti-climatici\/\" \/>\n<meta property=\"og:locale\" content=\"en_US\" \/>\n<meta property=\"og:type\" content=\"article\" \/>\n<meta property=\"og:title\" content=\"Lotta per la resilienza ai cambiamenti climatici - Mani Tese\" \/>\n<meta property=\"og:description\" content=\"Un workshop on line di scambio fra Italia e Mozambico realizzato nell\u2019ambito del progetto WONA, di Mani Tese.\" \/>\n<meta property=\"og:url\" content=\"https:\/\/www.manitese.it\/en\/lotta-per-la-resilienza-ai-cambiamenti-climatici\/\" \/>\n<meta property=\"og:site_name\" content=\"Mani Tese\" \/>\n<meta property=\"article:published_time\" content=\"2022-09-29T12:25:04+00:00\" \/>\n<meta property=\"article:modified_time\" content=\"2023-11-29T16:47:29+00:00\" \/>\n<meta property=\"og:image\" content=\"https:\/\/www.manitese.it\/wp-content\/uploads\/2022\/09\/header-3-1.jpg\" \/>\n\t<meta property=\"og:image:width\" content=\"1905\" \/>\n\t<meta property=\"og:image:height\" content=\"801\" \/>\n\t<meta property=\"og:image:type\" content=\"image\/jpeg\" \/>\n<meta name=\"author\" content=\"agevis\" \/>\n<meta name=\"twitter:card\" content=\"summary_large_image\" \/>\n<meta name=\"twitter:label1\" content=\"Written by\" \/>\n\t<meta name=\"twitter:data1\" content=\"agevis\" \/>\n\t<meta name=\"twitter:label2\" content=\"Est. reading time\" \/>\n\t<meta name=\"twitter:data2\" content=\"2 minutes\" \/>\n<script type=\"application\/ld+json\" class=\"yoast-schema-graph\">{\"@context\":\"https:\\\/\\\/schema.org\",\"@graph\":[{\"@type\":\"Article\",\"@id\":\"https:\\\/\\\/www.manitese.it\\\/en\\\/lotta-per-la-resilienza-ai-cambiamenti-climatici\\\/#article\",\"isPartOf\":{\"@id\":\"https:\\\/\\\/www.manitese.it\\\/en\\\/lotta-per-la-resilienza-ai-cambiamenti-climatici\\\/\"},\"author\":{\"name\":\"agevis\",\"@id\":\"https:\\\/\\\/www.manitese.it\\\/en\\\/#\\\/schema\\\/person\\\/5a9774f17e4940e2510bfeba90f04f65\"},\"headline\":\"Lotta per la resilienza ai cambiamenti climatici\",\"datePublished\":\"2022-09-29T12:25:04+00:00\",\"dateModified\":\"2023-11-29T16:47:29+00:00\",\"mainEntityOfPage\":{\"@id\":\"https:\\\/\\\/www.manitese.it\\\/en\\\/lotta-per-la-resilienza-ai-cambiamenti-climatici\\\/\"},\"wordCount\":235,\"commentCount\":0,\"image\":{\"@id\":\"https:\\\/\\\/www.manitese.it\\\/en\\\/lotta-per-la-resilienza-ai-cambiamenti-climatici\\\/#primaryimage\"},\"thumbnailUrl\":\"https:\\\/\\\/www.manitese.it\\\/wp-content\\\/uploads\\\/2022\\\/09\\\/header-3-1.jpg\",\"keywords\":[\"wona\",\"workshop\"],\"articleSection\":[\"Diari\"],\"inLanguage\":\"en-US\",\"potentialAction\":[{\"@type\":\"CommentAction\",\"name\":\"Comment\",\"target\":[\"https:\\\/\\\/www.manitese.it\\\/en\\\/lotta-per-la-resilienza-ai-cambiamenti-climatici\\\/#respond\"]}]},{\"@type\":\"WebPage\",\"@id\":\"https:\\\/\\\/www.manitese.it\\\/en\\\/lotta-per-la-resilienza-ai-cambiamenti-climatici\\\/\",\"url\":\"https:\\\/\\\/www.manitese.it\\\/en\\\/lotta-per-la-resilienza-ai-cambiamenti-climatici\\\/\",\"name\":\"Lotta per la resilienza ai cambiamenti climatici - Mani Tese\",\"isPartOf\":{\"@id\":\"https:\\\/\\\/www.manitese.it\\\/en\\\/#website\"},\"primaryImageOfPage\":{\"@id\":\"https:\\\/\\\/www.manitese.it\\\/en\\\/lotta-per-la-resilienza-ai-cambiamenti-climatici\\\/#primaryimage\"},\"image\":{\"@id\":\"https:\\\/\\\/www.manitese.it\\\/en\\\/lotta-per-la-resilienza-ai-cambiamenti-climatici\\\/#primaryimage\"},\"thumbnailUrl\":\"https:\\\/\\\/www.manitese.it\\\/wp-content\\\/uploads\\\/2022\\\/09\\\/header-3-1.jpg\",\"datePublished\":\"2022-09-29T12:25:04+00:00\",\"dateModified\":\"2023-11-29T16:47:29+00:00\",\"author\":{\"@id\":\"https:\\\/\\\/www.manitese.it\\\/en\\\/#\\\/schema\\\/person\\\/5a9774f17e4940e2510bfeba90f04f65\"},\"description\":\"Un workshop on line di scambio fra Italia e Mozambico realizzato nell\u2019ambito del progetto WONA, di Mani Tese.\",\"breadcrumb\":{\"@id\":\"https:\\\/\\\/www.manitese.it\\\/en\\\/lotta-per-la-resilienza-ai-cambiamenti-climatici\\\/#breadcrumb\"},\"inLanguage\":\"en-US\",\"potentialAction\":[{\"@type\":\"ReadAction\",\"target\":[\"https:\\\/\\\/www.manitese.it\\\/en\\\/lotta-per-la-resilienza-ai-cambiamenti-climatici\\\/\"]}]},{\"@type\":\"ImageObject\",\"inLanguage\":\"en-US\",\"@id\":\"https:\\\/\\\/www.manitese.it\\\/en\\\/lotta-per-la-resilienza-ai-cambiamenti-climatici\\\/#primaryimage\",\"url\":\"https:\\\/\\\/www.manitese.it\\\/wp-content\\\/uploads\\\/2022\\\/09\\\/header-3-1.jpg\",\"contentUrl\":\"https:\\\/\\\/www.manitese.it\\\/wp-content\\\/uploads\\\/2022\\\/09\\\/header-3-1.jpg\",\"width\":1905,\"height\":801,\"caption\":\"Mozambico\"},{\"@type\":\"BreadcrumbList\",\"@id\":\"https:\\\/\\\/www.manitese.it\\\/en\\\/lotta-per-la-resilienza-ai-cambiamenti-climatici\\\/#breadcrumb\",\"itemListElement\":[{\"@type\":\"ListItem\",\"position\":1,\"name\":\"Home\",\"item\":\"https:\\\/\\\/www.manitese.it\\\/en\\\/\"},{\"@type\":\"ListItem\",\"position\":2,\"name\":\"Lotta per la resilienza ai cambiamenti climatici\"}]},{\"@type\":\"WebSite\",\"@id\":\"https:\\\/\\\/www.manitese.it\\\/en\\\/#website\",\"url\":\"https:\\\/\\\/www.manitese.it\\\/en\\\/\",\"name\":\"Mani Tese\",\"description\":\"\",\"potentialAction\":[{\"@type\":\"SearchAction\",\"target\":{\"@type\":\"EntryPoint\",\"urlTemplate\":\"https:\\\/\\\/www.manitese.it\\\/en\\\/?s={search_term_string}\"},\"query-input\":{\"@type\":\"PropertyValueSpecification\",\"valueRequired\":true,\"valueName\":\"search_term_string\"}}],\"inLanguage\":\"en-US\"},{\"@type\":\"Person\",\"@id\":\"https:\\\/\\\/www.manitese.it\\\/en\\\/#\\\/schema\\\/person\\\/5a9774f17e4940e2510bfeba90f04f65\",\"name\":\"agevis\",\"image\":{\"@type\":\"ImageObject\",\"inLanguage\":\"en-US\",\"@id\":\"https:\\\/\\\/secure.gravatar.com\\\/avatar\\\/2dc96c93fcf3387a5922a93b50fb3bff01d4800590fb6a4ab91a034adb25ba17?s=96&d=mm&r=g\",\"url\":\"https:\\\/\\\/secure.gravatar.com\\\/avatar\\\/2dc96c93fcf3387a5922a93b50fb3bff01d4800590fb6a4ab91a034adb25ba17?s=96&d=mm&r=g\",\"contentUrl\":\"https:\\\/\\\/secure.gravatar.com\\\/avatar\\\/2dc96c93fcf3387a5922a93b50fb3bff01d4800590fb6a4ab91a034adb25ba17?s=96&d=mm&r=g\",\"caption\":\"agevis\"},\"url\":\"https:\\\/\\\/www.manitese.it\\\/en\\\/author\\\/wp_agevis_admin\\\/\"}]}<\/script>\n<!-- \/ Yoast SEO plugin. -->","yoast_head_json":{"title":"Lotta per la resilienza ai cambiamenti climatici - Mani Tese","description":"Un workshop on line di scambio fra Italia e Mozambico realizzato nell\u2019ambito del progetto WONA, di Mani Tese.","robots":{"index":"index","follow":"follow","max-snippet":"max-snippet:-1","max-image-preview":"max-image-preview:large","max-video-preview":"max-video-preview:-1"},"canonical":"https:\/\/www.manitese.it\/en\/lotta-per-la-resilienza-ai-cambiamenti-climatici\/","og_locale":"en_US","og_type":"article","og_title":"Lotta per la resilienza ai cambiamenti climatici - Mani Tese","og_description":"Un workshop on line di scambio fra Italia e Mozambico realizzato nell\u2019ambito del progetto WONA, di Mani Tese.","og_url":"https:\/\/www.manitese.it\/en\/lotta-per-la-resilienza-ai-cambiamenti-climatici\/","og_site_name":"Mani Tese","article_published_time":"2022-09-29T12:25:04+00:00","article_modified_time":"2023-11-29T16:47:29+00:00","og_image":[{"width":1905,"height":801,"url":"https:\/\/www.manitese.it\/wp-content\/uploads\/2022\/09\/header-3-1.jpg","type":"image\/jpeg"}],"author":"agevis","twitter_card":"summary_large_image","twitter_misc":{"Written by":"agevis","Est. reading time":"2 minutes"},"schema":{"@context":"https:\/\/schema.org","@graph":[{"@type":"Article","@id":"https:\/\/www.manitese.it\/en\/lotta-per-la-resilienza-ai-cambiamenti-climatici\/#article","isPartOf":{"@id":"https:\/\/www.manitese.it\/en\/lotta-per-la-resilienza-ai-cambiamenti-climatici\/"},"author":{"name":"agevis","@id":"https:\/\/www.manitese.it\/en\/#\/schema\/person\/5a9774f17e4940e2510bfeba90f04f65"},"headline":"Lotta per la resilienza ai cambiamenti climatici","datePublished":"2022-09-29T12:25:04+00:00","dateModified":"2023-11-29T16:47:29+00:00","mainEntityOfPage":{"@id":"https:\/\/www.manitese.it\/en\/lotta-per-la-resilienza-ai-cambiamenti-climatici\/"},"wordCount":235,"commentCount":0,"image":{"@id":"https:\/\/www.manitese.it\/en\/lotta-per-la-resilienza-ai-cambiamenti-climatici\/#primaryimage"},"thumbnailUrl":"https:\/\/www.manitese.it\/wp-content\/uploads\/2022\/09\/header-3-1.jpg","keywords":["wona","workshop"],"articleSection":["Diari"],"inLanguage":"en-US","potentialAction":[{"@type":"CommentAction","name":"Comment","target":["https:\/\/www.manitese.it\/en\/lotta-per-la-resilienza-ai-cambiamenti-climatici\/#respond"]}]},{"@type":"WebPage","@id":"https:\/\/www.manitese.it\/en\/lotta-per-la-resilienza-ai-cambiamenti-climatici\/","url":"https:\/\/www.manitese.it\/en\/lotta-per-la-resilienza-ai-cambiamenti-climatici\/","name":"Lotta per la resilienza ai cambiamenti climatici - Mani Tese","isPartOf":{"@id":"https:\/\/www.manitese.it\/en\/#website"},"primaryImageOfPage":{"@id":"https:\/\/www.manitese.it\/en\/lotta-per-la-resilienza-ai-cambiamenti-climatici\/#primaryimage"},"image":{"@id":"https:\/\/www.manitese.it\/en\/lotta-per-la-resilienza-ai-cambiamenti-climatici\/#primaryimage"},"thumbnailUrl":"https:\/\/www.manitese.it\/wp-content\/uploads\/2022\/09\/header-3-1.jpg","datePublished":"2022-09-29T12:25:04+00:00","dateModified":"2023-11-29T16:47:29+00:00","author":{"@id":"https:\/\/www.manitese.it\/en\/#\/schema\/person\/5a9774f17e4940e2510bfeba90f04f65"},"description":"Un workshop on line di scambio fra Italia e Mozambico realizzato nell\u2019ambito del progetto WONA, di Mani Tese.","breadcrumb":{"@id":"https:\/\/www.manitese.it\/en\/lotta-per-la-resilienza-ai-cambiamenti-climatici\/#breadcrumb"},"inLanguage":"en-US","potentialAction":[{"@type":"ReadAction","target":["https:\/\/www.manitese.it\/en\/lotta-per-la-resilienza-ai-cambiamenti-climatici\/"]}]},{"@type":"ImageObject","inLanguage":"en-US","@id":"https:\/\/www.manitese.it\/en\/lotta-per-la-resilienza-ai-cambiamenti-climatici\/#primaryimage","url":"https:\/\/www.manitese.it\/wp-content\/uploads\/2022\/09\/header-3-1.jpg","contentUrl":"https:\/\/www.manitese.it\/wp-content\/uploads\/2022\/09\/header-3-1.jpg","width":1905,"height":801,"caption":"Mozambico"},{"@type":"BreadcrumbList","@id":"https:\/\/www.manitese.it\/en\/lotta-per-la-resilienza-ai-cambiamenti-climatici\/#breadcrumb","itemListElement":[{"@type":"ListItem","position":1,"name":"Home","item":"https:\/\/www.manitese.it\/en\/"},{"@type":"ListItem","position":2,"name":"Lotta per la resilienza ai cambiamenti climatici"}]},{"@type":"WebSite","@id":"https:\/\/www.manitese.it\/en\/#website","url":"https:\/\/www.manitese.it\/en\/","name":"Mani Tese","description":"","potentialAction":[{"@type":"SearchAction","target":{"@type":"EntryPoint","urlTemplate":"https:\/\/www.manitese.it\/en\/?s={search_term_string}"},"query-input":{"@type":"PropertyValueSpecification","valueRequired":true,"valueName":"search_term_string"}}],"inLanguage":"en-US"},{"@type":"Person","@id":"https:\/\/www.manitese.it\/en\/#\/schema\/person\/5a9774f17e4940e2510bfeba90f04f65","name":"agevis","image":{"@type":"ImageObject","inLanguage":"en-US","@id":"https:\/\/secure.gravatar.com\/avatar\/2dc96c93fcf3387a5922a93b50fb3bff01d4800590fb6a4ab91a034adb25ba17?s=96&d=mm&r=g","url":"https:\/\/secure.gravatar.com\/avatar\/2dc96c93fcf3387a5922a93b50fb3bff01d4800590fb6a4ab91a034adb25ba17?s=96&d=mm&r=g","contentUrl":"https:\/\/secure.gravatar.com\/avatar\/2dc96c93fcf3387a5922a93b50fb3bff01d4800590fb6a4ab91a034adb25ba17?s=96&d=mm&r=g","caption":"agevis"},"url":"https:\/\/www.manitese.it\/en\/author\/wp_agevis_admin\/"}]}},"jetpack_featured_media_url":"https:\/\/www.manitese.it\/wp-content\/uploads\/2022\/09\/header-3-1.jpg","jetpack_sharing_enabled":true,"_links":{"self":[{"href":"https:\/\/www.manitese.it\/en\/wp-json\/wp\/v2\/posts\/156813","targetHints":{"allow":["GET"]}}],"collection":[{"href":"https:\/\/www.manitese.it\/en\/wp-json\/wp\/v2\/posts"}],"about":[{"href":"https:\/\/www.manitese.it\/en\/wp-json\/wp\/v2\/types\/post"}],"author":[{"embeddable":true,"href":"https:\/\/www.manitese.it\/en\/wp-json\/wp\/v2\/users\/1"}],"replies":[{"embeddable":true,"href":"https:\/\/www.manitese.it\/en\/wp-json\/wp\/v2\/comments?post=156813"}],"version-history":[{"count":3,"href":"https:\/\/www.manitese.it\/en\/wp-json\/wp\/v2\/posts\/156813\/revisions"}],"predecessor-version":[{"id":191643,"href":"https:\/\/www.manitese.it\/en\/wp-json\/wp\/v2\/posts\/156813\/revisions\/191643"}],"wp:featuredmedia":[{"embeddable":true,"href":"https:\/\/www.manitese.it\/en\/wp-json\/wp\/v2\/media\/156825"}],"wp:attachment":[{"href":"https:\/\/www.manitese.it\/en\/wp-json\/wp\/v2\/media?parent=156813"}],"wp:term":[{"taxonomy":"category","embeddable":true,"href":"https:\/\/www.manitese.it\/en\/wp-json\/wp\/v2\/categories?post=156813"},{"taxonomy":"post_tag","embeddable":true,"href":"https:\/\/www.manitese.it\/en\/wp-json\/wp\/v2\/tags?post=156813"},{"taxonomy":"thematic_area","embeddable":true,"href":"https:\/\/www.manitese.it\/en\/wp-json\/wp\/v2\/thematic_area?post=156813"}],"curies":[{"name":"wp","href":"https:\/\/api.w.org\/{rel}","templated":true}]}}