{"id":148915,"date":"2022-09-01T17:05:19","date_gmt":"2022-09-01T15:05:19","guid":{"rendered":"https:\/\/manitese.it\/?p=148915"},"modified":"2023-11-30T11:40:57","modified_gmt":"2023-11-30T10:40:57","slug":"sei-anni-in-guinea-bissau-a-fianco-delle-donne-e-dei-rifugiati","status":"publish","type":"post","link":"https:\/\/www.manitese.it\/en\/sei-anni-in-guinea-bissau-a-fianco-delle-donne-e-dei-rifugiati\/","title":{"rendered":"Sei anni in Guinea-Bissau a fianco delle donne e dei rifugiati"},"content":{"rendered":"\r\n<p><em>Di Giulia Giovagnoli, Coordinatrice del progetto di Mani Tese \u201cINTEGRAZIONE DEI RICHIEDENTI ASILO E DEI RIFUGIATI SENEGALESI\u201d in Guinea-Bissau<\/em><\/p>\r\n\r\n\r\n\r\n<p>In Guinea-Bissau \u00e8 cominciata la stagione delle piogge e anche la campagna di raccolta degli anacardi, il principale prodotto di esportazione del paese, nella cui coltivazione e raccolta \u00e8 impegnata gran parte della popolazione delle zone rurali, incluse le donne. <strong>Durante l\u2019epoca della raccolta, le donne e ragazze guineensi si trovano a essere ancora pi\u00f9 vulnerabili che in altri periodi dell\u2019anno<\/strong>. Spesso rimangono da sole in casa, mentre i membri maschili del gruppo familiare si assentano tutto il giorno per la raccolta dei frutti nelle zone boschive. In altri momenti della giornata loro stesse si allontanano per realizzarla. L\u2019alta mobilit\u00e0 che caratterizza questo periodo dell\u2019anno e la repentina disponibilit\u00e0 di denaro derivante dalla vendita degli anacardi, che spesso si traduce in acquisto immediato e consumo di prodotti alcolici da parte principalmente della popolazione maschile, fanno s\u00ec che le donne si trovino a essere ancora pi\u00f9 isolate e suscettibili di aggressioni.<\/p>\r\n\r\n\r\n\r\n<p><strong>La Guinea-Bissau \u00e8 uno dei paesi pi\u00f9 poveri al mondo:<\/strong> occupa il 175\u00ba posto, su un totale di 188, nell&#8217;Indice dello Sviluppo Umano del 2020. In un contesto di povert\u00e0 estrema, causata essenzialmente da una carenza di lavoro e di risorse, <strong>la condizione femminile \u00e8 gravemente penalizzata e le violenze di ogni tipo su donne e bambine sono all\u2019ordine del giorno.<\/strong> La societ\u00e0 locale \u00e8 essenzialmente patriarcale e storicamente indifferente alla tutela dei diritti e dei bisogni delle donne, sebbene il benessere e il progresso economico di intere comunit\u00e0 dipendano quasi esclusivamente dal lavoro femminile. Disparit\u00e0, assenza di opportunit\u00e0, abusi e violenze, con scarsissime protezioni giuridiche, si registrano in ogni settore. Fin dalla tenera et\u00e0, alle bambine \u00e8 limitata la possibilit\u00e0 di esprimere il loro potenziale e di acquisire gli strumenti che consentirebbero loro di uscire da uno stato di indigenza opprimente. Rispetto agli uomini, le donne hanno un limitatissimo accesso ai servizi sanitari, un minore accesso ai servizi educativi, ridotte entrate economiche, un maggiore tasso di disoccupazione e pi\u00f9 ampie difficolt\u00e0 nella lotta alla povert\u00e0. <strong>Sono inoltre vittime delle pi\u00f9 diverse forme di violenza di genere<\/strong>, dalle mutilazioni genitali femminili ai matrimoni forzati, agli abusi psicologici, economici, fisici e sessuali perpetrati spesso da familiari o membri delle comunit\u00e0.<\/p>\r\n\r\n\r\n\r\n<p><strong>Mani Tese lavora sin dal 2017 nella regione di Cacheu<\/strong>, nella zona nord del paese, alla frontiera con il Senegal, per cercare di intervenire e costruire una risposta articolata con le istituzioni e la societ\u00e0 civile <strong>per l\u2019assistenza e la protezione delle donne e ragazze vittime di violenza di genere e di un altro gruppo di popolazione altamente vulnerabile, i rifugiati e richiedenti asilo. <\/strong>Come segnalato nel portale della Missione delle Nazioni Unite per il Consolidamento della Pace in Guinea-Bissau -UNIOGBIS, nel 2017, \u201cLa Guinea-Bissau ha ratificato a febbraio del 1976 la Convenzione delle Nazioni Unite sui Rifugiati, ed ha rispettato i suoi obblighi di paese firmatario, accogliendo rifugiati da differenti paesi della sub-regione, com\u2019\u00e8 il caso di Liberia, Gana, Serra Leone e Senegal (&#8230;) Il paese accoglie attualmente pi\u00f9 di ottomila rifugiati, dei quali il 98% \u00e8 composto da individui provenienti dal Casamance, la regione sud del Senegal, situata tra il Gambia e la Guinea-Bissau, in conflitto da pi\u00f9 di 30 anni con il Governo del Senegal per la sua indipendenza.\u201d<a href=\"https:\/\/uniogbis.unmissions.org\/pt\/guin%C3%A9-bissau-empenhada-em-resolver-situa%C3%A7%C3%A3o-dos-refugiados\" target=\"_blank\" rel=\"noreferrer noopener\" aria-label=\" (apre in una nuova scheda)\">[<\/a><a href=\"https:\/\/uniogbis.unmissions.org\/pt\/guin%C3%A9-bissau-empenhada-em-resolver-situa%C3%A7%C3%A3o-dos-refugiados\" target=\"_blank\" rel=\"noreferrer noopener\" aria-label=\" (apre in una nuova scheda)\">1<\/a><a href=\"https:\/\/uniogbis.unmissions.org\/pt\/guin%C3%A9-bissau-empenhada-em-resolver-situa%C3%A7%C3%A3o-dos-refugiados\" target=\"_blank\" rel=\"noreferrer noopener\" aria-label=\" (apre in una nuova scheda)\">]<\/a> (t.d.r)<\/p>\r\n\r\n\r\n\r\n<p><strong>Sin dal 1979 Mani Tese interviene in varie regioni della Guinea-Bissau nell\u2019implementazione di progetti principalmente sui temi dei diritti umani e della sovranit\u00e0 alimentare<\/strong>, e dal 2017 ad oggi abbiamo mantenuto una presenza costante in <strong>42 villaggi<\/strong> della zona con pi\u00f9 presenza di rifugiati nel paese, la regione di Cacheu, nella frontiera con la regione indipendentista senegalese del Casamance, lavorando come <strong>partner di implementazione di UNHCR, l\u2019Alto Commissariato delle Nazioni Unite per i Rifugiati.<\/strong> Le principali aree di intervento sono state <strong>la promozione di processi ed attivit\u00e0 socio-economiche per accompagnare l\u2019integrazione locale e la costruzione di forme pacifiche e sostenibili di convivenza e coesistenza tra la popolazione rifugiata e le comunit\u00e0 locali di accoglienza nonch\u00e9 l\u2019impegno attraverso azioni di sensibilizzazione, advocacy e protezione nella lotta contro ogni forma di violenza di genere e nell\u2019assistenza alle vittime e sopravvissute.<\/strong><\/p>\r\n\r\n\r\n\r\n<figure class=\"wp-block-image size-large\"><a href=\"https:\/\/manitese.it\/wp-content\/uploads\/2022\/09\/CROP_P2.jpg\"><img decoding=\"async\" class=\"wp-image-148919\" src=\"https:\/\/manitese.it\/wp-content\/uploads\/2022\/09\/CROP_P2.jpg\" alt=\"villaggi di intervento\r\n\" \/><\/a>\r\n<figcaption>Villaggi di intervento di Mani Tese nella regione di Cacheu, con parziale dettaglio di attivit\u00e0 realizzate nella comunit\u00e0 di Varela. Credits: Bissau Economic Lab \u2013 BELAB, SARL.<\/figcaption>\r\n<\/figure>\r\n\r\n\r\n\r\n<div class=\"wp-block-image\">\r\n<figure class=\"aligncenter size-large\"><a href=\"https:\/\/manitese.it\/wp-content\/uploads\/2022\/09\/WHATSA2.jpe\"><img decoding=\"async\" class=\"wp-image-148922\" src=\"https:\/\/manitese.it\/wp-content\/uploads\/2022\/09\/WHATSA2-1024x473.jpe\" alt=\"riunione\" \/><\/a><\/figure>\r\n<\/div>\r\n\r\n\r\n\r\n<p><strong>Il 2022 vale la pena di essere ricordato per due importantissimi risultati<\/strong> in ciascuna di queste due aree di intervento e di impegno di Mani Tese nella regione di Cacheu.<\/p>\r\n\r\n\r\n\r\n<p><strong>A fine febbraio 2022 si \u00e8 concluso il processo di naturalizzazione dei rifugiati di lunga durata in Guinea-Bissau<\/strong>, predisposto e guidato da UNHCR e Governo della Guinea-Bissau sin dal 2017 e condotto in partenariato con Mani Tese. A dicembre del 2017, infatti \u201cUNHCR, la Commissione Nazionale di Rifugiati e Sfollati Interni, una struttura del Governo della Guinea-Bissau, hanno lanciato le basi per<strong> la concessione della nazionalit\u00e0 guineense a circa 10.000 rifugiati.<\/strong> Ufficializzando questa integrazione locale, il governo guineense restituisce cos\u00ec dignit\u00e0 umana ai <em>displaced<\/em>, togliendo loro lo status di rifugiati e permettendo che godano del diritto fondamentale all\u2019identit\u00e0 (&#8230;) La decisione ha un potenziale di prevenzione dell\u2019insicurezza, trattandosi di un mezzo efficace di lotta alla apatridia, fonte di reclutamento di persone per il mondo del crimine organizzato e transnazionale, includendo attivit\u00e0 terroristiche\u201d. <a href=\"https:\/\/news.un.org\/pt\/story\/2017\/12\/1604122-guine-bissau-e-acnur-firmam-parceria-para-integrar-refugiados\">[2]<\/a> (t.d.r)<\/p>\r\n\r\n\r\n\r\n<p>L\u2019importantissima iniziativa, che, <strong>come naturalizzazione <em>di massa<\/em>, si annovera tra le poche realizzate sinora nel mondo<\/strong>, ha preso quindi piede ormai cinque anni fa con l\u2019inizio del processo di identificazione e registro dei rifugiati e si \u00e8 conclusa nei primi mesi del 2022. Mani Tese negli ultimi anni ha accompagnato il Governo della Guinea-Bissau edUNHCR tanto nell\u2019implementazione e finalizzazione dell\u2019esercizio di registro<a href=\"https:\/\/manitese.it\/un-premio-per-integrazione-dei-rifugiati-in-guinea-bissau\">[3]<\/a> (t.d.r) come nella realizzazione di missioni nelle pi\u00f9 remote comunit\u00e0 rurali per <strong>la consegna di documenti di identificazione ai nuovi cittadini, attivit\u00e0 che si \u00e8 conclusa a giugno 2022.<\/strong><\/p>\r\n\r\n\r\n\r\n<div class=\"wp-block-image\">\r\n<figure class=\"aligncenter size-large\"><a href=\"https:\/\/manitese.it\/wp-content\/uploads\/2022\/09\/WHATSA1.jpe\"><img decoding=\"async\" class=\"wp-image-148925\" src=\"https:\/\/manitese.it\/wp-content\/uploads\/2022\/09\/WHATSA1-1024x473.jpe\" alt=\"foto di gruppo assieme ai cooperanti\" \/><\/a><\/figure>\r\n<\/div>\r\n\r\n\r\n\r\n<p>Oltre a questo prezioso risultato, il primo semestre del 2022 ha visto anche il consolidamento di un ulteriore intervento costruito negli anni dall\u2019equipe di Mani Tese di S\u00e3o Domingos, cittadina di frontiera e base di lavoro nella regione di Cacheu, e delle altre sedi in Guinea-Bissau. Sin dal 2017 nella regione di Cacheu, infatti, e nelle decadi anteriori anche in altre regioni del paese, Mani Tese si \u00e8 impegnata nella definizione ed implementazione di azioni <strong>per la promozione e protezione dei diritti umani<\/strong>. Come partner di implementazione di UNHCR abbiamo lavorato con dedizione, tra le altre azioni, <strong>alla lotta alla violenza di genere ed all\u2019assistenza delle sopravvissute<\/strong>. L\u2019equipe locale, formata da assistenti sociali, psicologhe e professioniste dell\u2019ambito giuridico<strong>, ha registrato negli ultimi quasi sei anni pi\u00f9 di 200 casi di donne, ragazze e bambine vittime di violenza di genere<\/strong>, offrendo loro assistenza psicosociale, opportunit\u00e0 di formazione e supporto economico, accompagnamento per il recupero dell\u2019equilibrio psicofisico e il reinserimento sociale.<\/p>\r\n\r\n\r\n\r\n<div class=\"wp-block-image\">\r\n<figure class=\"aligncenter size-large\"><a href=\"https:\/\/manitese.it\/wp-content\/uploads\/2022\/09\/CROP_P1.jpg\"><img decoding=\"async\" class=\"wp-image-148928\" src=\"https:\/\/manitese.it\/wp-content\/uploads\/2022\/09\/CROP_P1.jpg\" alt=\"protezione sociale grafico\" \/><\/a>\r\n<figcaption>Attivit\u00e0 di prevenzione, advocacy e sensibilizzazione su SGBV (Sexual and Gender Based Violence) e protezione sociale implementate da Mani Tese dal 2017 al 2021 nei villaggi della regione di Cacheu. Credits: Bissau Economic Lab \u2013 BELAB, SARL.<\/figcaption>\r\n<\/figure>\r\n<\/div>\r\n\r\n\r\n\r\n<p>Come gi\u00e0 raccontato in altri resoconti<a href=\"#_edn1\">[4]<\/a>, il lavoro pluriennale svolto a livello interistituzionale e nell\u2019assistenza diretta alle donne vittime di violenza ha dato i suoi frutti con <strong>l\u2019apertura della prima Casa di Accoglienza per vittime di violenza di genere nella regione di Cacheu<\/strong>. Dalla sua apertura si \u00e8 lavorato incessantemente alla formazione e all\u2019action learning dei membri delle associazioni locali partner di Mani Tese nella gestione della Casa. Si \u00e8 capitalizzato il background di esperienze nella prevenzione e protezione svolto negli anni e le molteplici relazioni con istituzioni locali, nazionali e internazionali, della societ\u00e0 civile e con le autorit\u00e0 statali favore della consolidamento del nuovo spazio e delle competenze degli attori locali coinvolti nell\u2019acquisizione di expertise per poter guidare autonomamente l\u2019iniziativa. <strong>La Casa \u00e8 stata in questi mesi teatro di numerose attivit\u00e0 formative per le donne sopravvissute, sessioni di accompagnamento psicosociale, incontri istituzionali e \u201cscuola in azione\u201d per le associazioni locali. <\/strong><\/p>\r\n\r\n\r\n\r\n<p>Un solo articolo non permette di dare voce e risalto a tutti gli interventi sviluppati in quasi sei anni, ma comunque speriamo che questo accenno stimoli un pizzico di curiosit\u00e0 nei confronti degli oltre 40 gruppi di microcredito che Mani Tese ha supportato nella regione di Cacheu sin dal 2017, degli oltre 25 orti e pollai realizzati con pratiche agroecologiche e guidati principalmente da gruppi di donne rurali, rifugiate e delle comunit\u00e0 di accoglienza.<\/p>\r\n\r\n\r\n\r\n<p>A giugno 2022 si \u00e8 conclusa la collaborazione di Mani Tese e UNHCR grazie all\u2019ottimo risultato del processo di naturalizzazione. L\u2019Agenzia ONU continuer\u00e0 a dare accompagnamento e follow-up alle politiche e pratiche di protezione della Guinea-Bissau dal suo ufficio transnazionale di Dakar. <strong>Come team di Mani Tese siamo sicuri di aver fatto il possibile per fornire alle comunit\u00e0 e agli attori locali gli strumenti per garantire la sostenibilit\u00e0 delle azioni promosse in questi<\/strong> anni, ma siamo \u00a0altres\u00ec consapevoli della necessit\u00e0 di <strong>continuare gli sforzi per il rafforzamento, tra gli altri, della Casa di Accoglienza<\/strong>, con la volont\u00e0 di camminare ancora insieme alle associazioni locali e alle donne sopravvissute alla violenza per proteggerle nel modo pi\u00f9 efficace.<\/p>\r\n\r\n\r\n\r\n<div class=\"wp-block-image\">\r\n<figure class=\"aligncenter size-large\"><a href=\"https:\/\/manitese.it\/wp-content\/uploads\/2022\/09\/WHATSA3.jpe\"><img decoding=\"async\" class=\"wp-image-148931\" src=\"https:\/\/manitese.it\/wp-content\/uploads\/2022\/09\/WHATSA3-1024x473.jpe\" alt=\"foto di gruppo delle donne ospiti del centro\r\n\" \/><\/a><\/figure>\r\n<\/div>\r\n\r\n\r\n\r\n<p><strong>Sostieni la casa di accoglienza delle donne vittime di violenza di Cacheu: <a href=\"https:\/\/donazioni.manitese.it\/?utm_source=LINKNEWSMTGB1&amp;utm_medium=Link_intratesto&amp;utm_campaign=StorieCoop2022&amp;utm_content=Link_intratesto_news\" target=\"_blank\" rel=\"noreferrer noopener\" aria-label=\"LINK (apre in una nuova scheda)\">LINK<\/a><\/strong><\/p>\r\n\r\n\r\n\r\n<p><strong>Scopri di pi\u00f9 sul progetto INTEGRAZIONE DEI RICHIEDENTI ASILO E DEI RIFUGIATI SENEGALESI\u201d in Guinea-Bissau:<\/strong> <strong><a href=\"https:\/\/manitese.it\/progetto\/integrazione-richiedenti-asilo-rifiugiati-senegalesi?utm_source=LINKNEWSMTGB1&amp;utm_medium=Link_intratesto&amp;utm_campaign=StorieCoop2022&amp;utm_content=Link_intratesto_news\" target=\"_blank\" rel=\"noreferrer noopener\" aria-label=\" (apre in una nuova scheda)\">LINK<\/a><\/strong><\/p>\r\n\r\n\r\n<hr class=\"wp-block-separator\" \/>\r\n\r\n\r\n<p>[1] <a href=\"https:\/\/uniogbis.unmissions.org\/pt\/guin%C3%A9-bissau-empenhada-em-resolver-situa%C3%A7%C3%A3o-dos-refugiados\" target=\"_blank\" rel=\"noreferrer noopener\" aria-label=\" (apre in una nuova scheda)\">https:\/\/uniogbis.unmissions.org\/pt\/guin%C3%A9-bissau-empenhada-em-resolver-situa%C3%A7%C3%A3o-dos-refugiados<\/a><\/p>\r\n\r\n\r\n\r\n<p>[2] ONU News- Perspectiva Global Reportagens Humanas: <a href=\"https:\/\/news.un.org\/pt\/story\/2017\/12\/1604122-guine-bissau-e-acnur-firmam-parceria-para-integrar-refugiados\" target=\"_blank\" rel=\"noreferrer noopener\" aria-label=\" (apre in una nuova scheda)\">https:\/\/news.un.org\/pt\/story\/2017\/12\/1604122-guine-bissau-e-acnur-firmam-parceria-para-integrar-refugiados<\/a><\/p>\r\n\r\n\r\n\r\n<p>[3] <a href=\"https:\/\/manitese.it\/un-premio-per-integrazione-dei-rifugiati-in-guinea-bissau\" target=\"_blank\" rel=\"noreferrer noopener\" aria-label=\"https:\/\/manitese.it\/un-premio-per-integrazione-dei-rifugiati-in-guinea-bissau (apre in una nuova scheda)\">https:\/\/manitese.it\/un-premio-per-integrazione-dei-rifugiati-in-guinea-bissau<\/a><\/p>\r\n\r\n\r\n\r\n<p>[4] <a href=\"https:\/\/manitese.it\/guinea-bissau-una-nuova-casa-per-le-donne-vittime-di-violenza\" target=\"_blank\" rel=\"noreferrer noopener\" aria-label=\"https:\/\/manitese.it\/guinea-bissau-una-nuova-casa-per-le-donne-vittime-di-violenza (apre in una nuova scheda)\">https:\/\/manitese.it\/guinea-bissau-una-nuova-casa-per-le-donne-vittime-di-violenza<\/a><\/p>\r\n","protected":false},"excerpt":{"rendered":"<p>Si \u00e8 conclusa con successo la nostra collaborazione con UNHCR per la naturalizzazione dei rifugiati senegalesi in Guinea-Bissau e per la protezione dei diritti umani delle comunit\u00e0 locali, in particolare delle donne vittime di violenza. Il resoconto della nostra cooperante e coordinatrice di progetto.<\/p>\n","protected":false},"author":1,"featured_media":148946,"comment_status":"open","ping_status":"open","sticky":false,"template":"","format":"standard","meta":{"_acf_changed":false,"give_campaign_id":0,"inline_featured_image":false,"_jetpack_memberships_contains_paid_content":false,"footnotes":""},"categories":[3],"tags":[56,57,58,59],"thematic_area":[909,908,905],"class_list":["post-148915","post","type-post","status-publish","format-standard","has-post-thumbnail","hentry","category-diari","tag-giulia-giovagnoli","tag-guinea-bissau","tag-immigrati","tag-unhcr","thematic_area-inclusione-sociale","thematic_area-parita-di-genere","thematic_area-accesso-universale-al-cibo-e-allacqua"],"acf":[],"yoast_head":"<!-- This site is optimized with the Yoast SEO plugin v27.5 - https:\/\/yoast.com\/product\/yoast-seo-wordpress\/ -->\n<title>Sei anni in Guinea-Bissau a fianco delle donne e dei rifugiati - Mani Tese<\/title>\n<meta name=\"description\" content=\"Si \u00e8 conclusa con successo la collaborazione di Mani Tese con UNHCR per la naturalizzazione dei rifugiati senegalesi in Guinea-Bissau e per la protezione dei diritti umani delle comunit\u00e0 locali, in particolare delle donne vittime di violenza. Il resoconto di Giulia Giovagnoli, cooperante e coordinatrice di progetto.\" \/>\n<meta name=\"robots\" content=\"index, follow, max-snippet:-1, max-image-preview:large, max-video-preview:-1\" \/>\n<link rel=\"canonical\" href=\"https:\/\/www.manitese.it\/en\/sei-anni-in-guinea-bissau-a-fianco-delle-donne-e-dei-rifugiati\/\" \/>\n<meta property=\"og:locale\" content=\"en_US\" \/>\n<meta property=\"og:type\" content=\"article\" \/>\n<meta property=\"og:title\" content=\"Sei anni in Guinea-Bissau a fianco delle donne e dei rifugiati - Mani Tese\" \/>\n<meta property=\"og:description\" content=\"Si \u00e8 conclusa con successo la collaborazione di Mani Tese con UNHCR per la naturalizzazione dei rifugiati senegalesi in Guinea-Bissau e per la protezione dei diritti umani delle comunit\u00e0 locali, in particolare delle donne vittime di violenza. Il resoconto di Giulia Giovagnoli, cooperante e coordinatrice di progetto.\" \/>\n<meta property=\"og:url\" content=\"https:\/\/www.manitese.it\/en\/sei-anni-in-guinea-bissau-a-fianco-delle-donne-e-dei-rifugiati\/\" \/>\n<meta property=\"og:site_name\" content=\"Mani Tese\" \/>\n<meta property=\"article:published_time\" content=\"2022-09-01T15:05:19+00:00\" \/>\n<meta property=\"article:modified_time\" content=\"2023-11-30T10:40:57+00:00\" \/>\n<meta property=\"og:image\" content=\"https:\/\/www.manitese.it\/wp-content\/uploads\/2022\/09\/header-4.jpg\" \/>\n\t<meta property=\"og:image:width\" content=\"1920\" \/>\n\t<meta property=\"og:image:height\" content=\"886\" \/>\n\t<meta property=\"og:image:type\" content=\"image\/jpeg\" \/>\n<meta name=\"author\" content=\"agevis\" \/>\n<meta name=\"twitter:card\" content=\"summary_large_image\" \/>\n<meta name=\"twitter:label1\" content=\"Written by\" \/>\n\t<meta name=\"twitter:data1\" content=\"agevis\" \/>\n\t<meta name=\"twitter:label2\" content=\"Est. reading time\" \/>\n\t<meta name=\"twitter:data2\" content=\"8 minutes\" \/>\n<script type=\"application\/ld+json\" class=\"yoast-schema-graph\">{\"@context\":\"https:\\\/\\\/schema.org\",\"@graph\":[{\"@type\":\"Article\",\"@id\":\"https:\\\/\\\/www.manitese.it\\\/en\\\/sei-anni-in-guinea-bissau-a-fianco-delle-donne-e-dei-rifugiati\\\/#article\",\"isPartOf\":{\"@id\":\"https:\\\/\\\/www.manitese.it\\\/en\\\/sei-anni-in-guinea-bissau-a-fianco-delle-donne-e-dei-rifugiati\\\/\"},\"author\":{\"name\":\"agevis\",\"@id\":\"https:\\\/\\\/www.manitese.it\\\/en\\\/#\\\/schema\\\/person\\\/5a9774f17e4940e2510bfeba90f04f65\"},\"headline\":\"Sei anni in Guinea-Bissau a fianco delle donne e dei rifugiati\",\"datePublished\":\"2022-09-01T15:05:19+00:00\",\"dateModified\":\"2023-11-30T10:40:57+00:00\",\"mainEntityOfPage\":{\"@id\":\"https:\\\/\\\/www.manitese.it\\\/en\\\/sei-anni-in-guinea-bissau-a-fianco-delle-donne-e-dei-rifugiati\\\/\"},\"wordCount\":1573,\"commentCount\":0,\"image\":{\"@id\":\"https:\\\/\\\/www.manitese.it\\\/en\\\/sei-anni-in-guinea-bissau-a-fianco-delle-donne-e-dei-rifugiati\\\/#primaryimage\"},\"thumbnailUrl\":\"https:\\\/\\\/www.manitese.it\\\/wp-content\\\/uploads\\\/2022\\\/09\\\/header-4.jpg\",\"keywords\":[\"giulia giovagnoli\",\"Guinea Bissau\",\"immigrati\",\"UNHCR\"],\"articleSection\":[\"Diari\"],\"inLanguage\":\"en-US\",\"potentialAction\":[{\"@type\":\"CommentAction\",\"name\":\"Comment\",\"target\":[\"https:\\\/\\\/www.manitese.it\\\/en\\\/sei-anni-in-guinea-bissau-a-fianco-delle-donne-e-dei-rifugiati\\\/#respond\"]}]},{\"@type\":\"WebPage\",\"@id\":\"https:\\\/\\\/www.manitese.it\\\/en\\\/sei-anni-in-guinea-bissau-a-fianco-delle-donne-e-dei-rifugiati\\\/\",\"url\":\"https:\\\/\\\/www.manitese.it\\\/en\\\/sei-anni-in-guinea-bissau-a-fianco-delle-donne-e-dei-rifugiati\\\/\",\"name\":\"Sei anni in Guinea-Bissau a fianco delle donne e dei rifugiati - Mani Tese\",\"isPartOf\":{\"@id\":\"https:\\\/\\\/www.manitese.it\\\/en\\\/#website\"},\"primaryImageOfPage\":{\"@id\":\"https:\\\/\\\/www.manitese.it\\\/en\\\/sei-anni-in-guinea-bissau-a-fianco-delle-donne-e-dei-rifugiati\\\/#primaryimage\"},\"image\":{\"@id\":\"https:\\\/\\\/www.manitese.it\\\/en\\\/sei-anni-in-guinea-bissau-a-fianco-delle-donne-e-dei-rifugiati\\\/#primaryimage\"},\"thumbnailUrl\":\"https:\\\/\\\/www.manitese.it\\\/wp-content\\\/uploads\\\/2022\\\/09\\\/header-4.jpg\",\"datePublished\":\"2022-09-01T15:05:19+00:00\",\"dateModified\":\"2023-11-30T10:40:57+00:00\",\"author\":{\"@id\":\"https:\\\/\\\/www.manitese.it\\\/en\\\/#\\\/schema\\\/person\\\/5a9774f17e4940e2510bfeba90f04f65\"},\"description\":\"Si \u00e8 conclusa con successo la collaborazione di Mani Tese con UNHCR per la naturalizzazione dei rifugiati senegalesi in Guinea-Bissau e per la protezione dei diritti umani delle comunit\u00e0 locali, in particolare delle donne vittime di violenza. Il resoconto di Giulia Giovagnoli, cooperante e coordinatrice di progetto.\",\"breadcrumb\":{\"@id\":\"https:\\\/\\\/www.manitese.it\\\/en\\\/sei-anni-in-guinea-bissau-a-fianco-delle-donne-e-dei-rifugiati\\\/#breadcrumb\"},\"inLanguage\":\"en-US\",\"potentialAction\":[{\"@type\":\"ReadAction\",\"target\":[\"https:\\\/\\\/www.manitese.it\\\/en\\\/sei-anni-in-guinea-bissau-a-fianco-delle-donne-e-dei-rifugiati\\\/\"]}]},{\"@type\":\"ImageObject\",\"inLanguage\":\"en-US\",\"@id\":\"https:\\\/\\\/www.manitese.it\\\/en\\\/sei-anni-in-guinea-bissau-a-fianco-delle-donne-e-dei-rifugiati\\\/#primaryimage\",\"url\":\"https:\\\/\\\/www.manitese.it\\\/wp-content\\\/uploads\\\/2022\\\/09\\\/header-4.jpg\",\"contentUrl\":\"https:\\\/\\\/www.manitese.it\\\/wp-content\\\/uploads\\\/2022\\\/09\\\/header-4.jpg\",\"width\":1920,\"height\":886},{\"@type\":\"BreadcrumbList\",\"@id\":\"https:\\\/\\\/www.manitese.it\\\/en\\\/sei-anni-in-guinea-bissau-a-fianco-delle-donne-e-dei-rifugiati\\\/#breadcrumb\",\"itemListElement\":[{\"@type\":\"ListItem\",\"position\":1,\"name\":\"Home\",\"item\":\"https:\\\/\\\/www.manitese.it\\\/en\\\/\"},{\"@type\":\"ListItem\",\"position\":2,\"name\":\"Sei anni in Guinea-Bissau a fianco delle donne e dei rifugiati\"}]},{\"@type\":\"WebSite\",\"@id\":\"https:\\\/\\\/www.manitese.it\\\/en\\\/#website\",\"url\":\"https:\\\/\\\/www.manitese.it\\\/en\\\/\",\"name\":\"Mani Tese\",\"description\":\"\",\"potentialAction\":[{\"@type\":\"SearchAction\",\"target\":{\"@type\":\"EntryPoint\",\"urlTemplate\":\"https:\\\/\\\/www.manitese.it\\\/en\\\/?s={search_term_string}\"},\"query-input\":{\"@type\":\"PropertyValueSpecification\",\"valueRequired\":true,\"valueName\":\"search_term_string\"}}],\"inLanguage\":\"en-US\"},{\"@type\":\"Person\",\"@id\":\"https:\\\/\\\/www.manitese.it\\\/en\\\/#\\\/schema\\\/person\\\/5a9774f17e4940e2510bfeba90f04f65\",\"name\":\"agevis\",\"image\":{\"@type\":\"ImageObject\",\"inLanguage\":\"en-US\",\"@id\":\"https:\\\/\\\/secure.gravatar.com\\\/avatar\\\/2dc96c93fcf3387a5922a93b50fb3bff01d4800590fb6a4ab91a034adb25ba17?s=96&d=mm&r=g\",\"url\":\"https:\\\/\\\/secure.gravatar.com\\\/avatar\\\/2dc96c93fcf3387a5922a93b50fb3bff01d4800590fb6a4ab91a034adb25ba17?s=96&d=mm&r=g\",\"contentUrl\":\"https:\\\/\\\/secure.gravatar.com\\\/avatar\\\/2dc96c93fcf3387a5922a93b50fb3bff01d4800590fb6a4ab91a034adb25ba17?s=96&d=mm&r=g\",\"caption\":\"agevis\"},\"url\":\"https:\\\/\\\/www.manitese.it\\\/en\\\/author\\\/wp_agevis_admin\\\/\"}]}<\/script>\n<!-- \/ Yoast SEO plugin. -->","yoast_head_json":{"title":"Sei anni in Guinea-Bissau a fianco delle donne e dei rifugiati - Mani Tese","description":"Si \u00e8 conclusa con successo la collaborazione di Mani Tese con UNHCR per la naturalizzazione dei rifugiati senegalesi in Guinea-Bissau e per la protezione dei diritti umani delle comunit\u00e0 locali, in particolare delle donne vittime di violenza. Il resoconto di Giulia Giovagnoli, cooperante e coordinatrice di progetto.","robots":{"index":"index","follow":"follow","max-snippet":"max-snippet:-1","max-image-preview":"max-image-preview:large","max-video-preview":"max-video-preview:-1"},"canonical":"https:\/\/www.manitese.it\/en\/sei-anni-in-guinea-bissau-a-fianco-delle-donne-e-dei-rifugiati\/","og_locale":"en_US","og_type":"article","og_title":"Sei anni in Guinea-Bissau a fianco delle donne e dei rifugiati - Mani Tese","og_description":"Si \u00e8 conclusa con successo la collaborazione di Mani Tese con UNHCR per la naturalizzazione dei rifugiati senegalesi in Guinea-Bissau e per la protezione dei diritti umani delle comunit\u00e0 locali, in particolare delle donne vittime di violenza. Il resoconto di Giulia Giovagnoli, cooperante e coordinatrice di progetto.","og_url":"https:\/\/www.manitese.it\/en\/sei-anni-in-guinea-bissau-a-fianco-delle-donne-e-dei-rifugiati\/","og_site_name":"Mani Tese","article_published_time":"2022-09-01T15:05:19+00:00","article_modified_time":"2023-11-30T10:40:57+00:00","og_image":[{"width":1920,"height":886,"url":"https:\/\/www.manitese.it\/wp-content\/uploads\/2022\/09\/header-4.jpg","type":"image\/jpeg"}],"author":"agevis","twitter_card":"summary_large_image","twitter_misc":{"Written by":"agevis","Est. reading time":"8 minutes"},"schema":{"@context":"https:\/\/schema.org","@graph":[{"@type":"Article","@id":"https:\/\/www.manitese.it\/en\/sei-anni-in-guinea-bissau-a-fianco-delle-donne-e-dei-rifugiati\/#article","isPartOf":{"@id":"https:\/\/www.manitese.it\/en\/sei-anni-in-guinea-bissau-a-fianco-delle-donne-e-dei-rifugiati\/"},"author":{"name":"agevis","@id":"https:\/\/www.manitese.it\/en\/#\/schema\/person\/5a9774f17e4940e2510bfeba90f04f65"},"headline":"Sei anni in Guinea-Bissau a fianco delle donne e dei rifugiati","datePublished":"2022-09-01T15:05:19+00:00","dateModified":"2023-11-30T10:40:57+00:00","mainEntityOfPage":{"@id":"https:\/\/www.manitese.it\/en\/sei-anni-in-guinea-bissau-a-fianco-delle-donne-e-dei-rifugiati\/"},"wordCount":1573,"commentCount":0,"image":{"@id":"https:\/\/www.manitese.it\/en\/sei-anni-in-guinea-bissau-a-fianco-delle-donne-e-dei-rifugiati\/#primaryimage"},"thumbnailUrl":"https:\/\/www.manitese.it\/wp-content\/uploads\/2022\/09\/header-4.jpg","keywords":["giulia giovagnoli","Guinea Bissau","immigrati","UNHCR"],"articleSection":["Diari"],"inLanguage":"en-US","potentialAction":[{"@type":"CommentAction","name":"Comment","target":["https:\/\/www.manitese.it\/en\/sei-anni-in-guinea-bissau-a-fianco-delle-donne-e-dei-rifugiati\/#respond"]}]},{"@type":"WebPage","@id":"https:\/\/www.manitese.it\/en\/sei-anni-in-guinea-bissau-a-fianco-delle-donne-e-dei-rifugiati\/","url":"https:\/\/www.manitese.it\/en\/sei-anni-in-guinea-bissau-a-fianco-delle-donne-e-dei-rifugiati\/","name":"Sei anni in Guinea-Bissau a fianco delle donne e dei rifugiati - Mani Tese","isPartOf":{"@id":"https:\/\/www.manitese.it\/en\/#website"},"primaryImageOfPage":{"@id":"https:\/\/www.manitese.it\/en\/sei-anni-in-guinea-bissau-a-fianco-delle-donne-e-dei-rifugiati\/#primaryimage"},"image":{"@id":"https:\/\/www.manitese.it\/en\/sei-anni-in-guinea-bissau-a-fianco-delle-donne-e-dei-rifugiati\/#primaryimage"},"thumbnailUrl":"https:\/\/www.manitese.it\/wp-content\/uploads\/2022\/09\/header-4.jpg","datePublished":"2022-09-01T15:05:19+00:00","dateModified":"2023-11-30T10:40:57+00:00","author":{"@id":"https:\/\/www.manitese.it\/en\/#\/schema\/person\/5a9774f17e4940e2510bfeba90f04f65"},"description":"Si \u00e8 conclusa con successo la collaborazione di Mani Tese con UNHCR per la naturalizzazione dei rifugiati senegalesi in Guinea-Bissau e per la protezione dei diritti umani delle comunit\u00e0 locali, in particolare delle donne vittime di violenza. Il resoconto di Giulia Giovagnoli, cooperante e coordinatrice di progetto.","breadcrumb":{"@id":"https:\/\/www.manitese.it\/en\/sei-anni-in-guinea-bissau-a-fianco-delle-donne-e-dei-rifugiati\/#breadcrumb"},"inLanguage":"en-US","potentialAction":[{"@type":"ReadAction","target":["https:\/\/www.manitese.it\/en\/sei-anni-in-guinea-bissau-a-fianco-delle-donne-e-dei-rifugiati\/"]}]},{"@type":"ImageObject","inLanguage":"en-US","@id":"https:\/\/www.manitese.it\/en\/sei-anni-in-guinea-bissau-a-fianco-delle-donne-e-dei-rifugiati\/#primaryimage","url":"https:\/\/www.manitese.it\/wp-content\/uploads\/2022\/09\/header-4.jpg","contentUrl":"https:\/\/www.manitese.it\/wp-content\/uploads\/2022\/09\/header-4.jpg","width":1920,"height":886},{"@type":"BreadcrumbList","@id":"https:\/\/www.manitese.it\/en\/sei-anni-in-guinea-bissau-a-fianco-delle-donne-e-dei-rifugiati\/#breadcrumb","itemListElement":[{"@type":"ListItem","position":1,"name":"Home","item":"https:\/\/www.manitese.it\/en\/"},{"@type":"ListItem","position":2,"name":"Sei anni in Guinea-Bissau a fianco delle donne e dei rifugiati"}]},{"@type":"WebSite","@id":"https:\/\/www.manitese.it\/en\/#website","url":"https:\/\/www.manitese.it\/en\/","name":"Mani Tese","description":"","potentialAction":[{"@type":"SearchAction","target":{"@type":"EntryPoint","urlTemplate":"https:\/\/www.manitese.it\/en\/?s={search_term_string}"},"query-input":{"@type":"PropertyValueSpecification","valueRequired":true,"valueName":"search_term_string"}}],"inLanguage":"en-US"},{"@type":"Person","@id":"https:\/\/www.manitese.it\/en\/#\/schema\/person\/5a9774f17e4940e2510bfeba90f04f65","name":"agevis","image":{"@type":"ImageObject","inLanguage":"en-US","@id":"https:\/\/secure.gravatar.com\/avatar\/2dc96c93fcf3387a5922a93b50fb3bff01d4800590fb6a4ab91a034adb25ba17?s=96&d=mm&r=g","url":"https:\/\/secure.gravatar.com\/avatar\/2dc96c93fcf3387a5922a93b50fb3bff01d4800590fb6a4ab91a034adb25ba17?s=96&d=mm&r=g","contentUrl":"https:\/\/secure.gravatar.com\/avatar\/2dc96c93fcf3387a5922a93b50fb3bff01d4800590fb6a4ab91a034adb25ba17?s=96&d=mm&r=g","caption":"agevis"},"url":"https:\/\/www.manitese.it\/en\/author\/wp_agevis_admin\/"}]}},"jetpack_featured_media_url":"https:\/\/www.manitese.it\/wp-content\/uploads\/2022\/09\/header-4.jpg","jetpack_sharing_enabled":true,"_links":{"self":[{"href":"https:\/\/www.manitese.it\/en\/wp-json\/wp\/v2\/posts\/148915","targetHints":{"allow":["GET"]}}],"collection":[{"href":"https:\/\/www.manitese.it\/en\/wp-json\/wp\/v2\/posts"}],"about":[{"href":"https:\/\/www.manitese.it\/en\/wp-json\/wp\/v2\/types\/post"}],"author":[{"embeddable":true,"href":"https:\/\/www.manitese.it\/en\/wp-json\/wp\/v2\/users\/1"}],"replies":[{"embeddable":true,"href":"https:\/\/www.manitese.it\/en\/wp-json\/wp\/v2\/comments?post=148915"}],"version-history":[{"count":3,"href":"https:\/\/www.manitese.it\/en\/wp-json\/wp\/v2\/posts\/148915\/revisions"}],"predecessor-version":[{"id":191668,"href":"https:\/\/www.manitese.it\/en\/wp-json\/wp\/v2\/posts\/148915\/revisions\/191668"}],"wp:featuredmedia":[{"embeddable":true,"href":"https:\/\/www.manitese.it\/en\/wp-json\/wp\/v2\/media\/148946"}],"wp:attachment":[{"href":"https:\/\/www.manitese.it\/en\/wp-json\/wp\/v2\/media?parent=148915"}],"wp:term":[{"taxonomy":"category","embeddable":true,"href":"https:\/\/www.manitese.it\/en\/wp-json\/wp\/v2\/categories?post=148915"},{"taxonomy":"post_tag","embeddable":true,"href":"https:\/\/www.manitese.it\/en\/wp-json\/wp\/v2\/tags?post=148915"},{"taxonomy":"thematic_area","embeddable":true,"href":"https:\/\/www.manitese.it\/en\/wp-json\/wp\/v2\/thematic_area?post=148915"}],"curies":[{"name":"wp","href":"https:\/\/api.w.org\/{rel}","templated":true}]}}