{"id":134988,"date":"2022-08-01T12:54:24","date_gmt":"2022-08-01T10:54:24","guid":{"rendered":"https:\/\/manitese.it\/?p=134988"},"modified":"2025-07-08T12:58:38","modified_gmt":"2025-07-08T10:58:38","slug":"in-memoria-di-samuel","status":"publish","type":"post","link":"https:\/\/www.manitese.it\/en\/in-memoria-di-samuel\/","title":{"rendered":"In memoria di Samuel"},"content":{"rendered":"\n<p>Samuel Karanja\nMuhunyu \u00e8 quello che in inglese definiremmo an unsung hero. <\/p>\n\n\n\n<p>\u00c8 perch\u00e9 anche se\nla morte lo ha strappato al suo caro Kenya, il suo esempio e le sue parole sono\nancora con noi.<\/p>\n\n\n\n<p>Per quasi un\ndecennio abbiamo lavorato fianco a fianco. \u00c8 stato un onore e privilegio aver\nvissuto con vero leader comunitario che tanto ha contribuito allo sviluppo di\nun angolo importante di Kenya. <\/p>\n\n\n\n<p>Samuel ha\nricoperto incarichi importanti, in seno a Slow Food, prima coordinatore in\nKenya, poi membro del Consiglio Internazionale e del Collegio Arbitrale. Ed \u00e8\nstato direttore e fondatore di NECOFA, Network for Ecofarming in Africa Kenya\ndal 1998 ad oggi. <\/p>\n\n\n\n<p>NECOFA \u00e8 una ONG\nche ha trasformato le vite in una zona particolare del Kenya, il bacino del\nfiume Molo, dagli altipiani a oltre 2500 metri sino alle aride zone di Baringo.\nQui si \u00e8 sviluppata la partnership con Mani Tese, iniziata da un incontro con\nBruna Sironi e i primi progetti, cementatasi poi con l\u2019apertura dell\u2019ufficio in\nKenya nel 2014. <\/p>\n\n\n\n<p>Samuel aveva una\nprofondit\u00e0 culturale, una capacit\u00e0 di visione e una etica del lavoro fuori dal\ncomune. Non era inusuale vederlo sotto una pianta, con il suo diario prendere\nappunti e dirigendo le azioni dei molti progetti, tra una pausa e l\u2019altra del\nlavoro di campo. <\/p>\n\n\n\n<p>Insieme a Mani\nTese NECOFA ha sviluppato numerose partnership con associazioni italiane e non.\nSamuel \u00e8 stato strumentale nel creare un nucleo di giovani formati presso\nl\u2019universit\u00e0 di Pollenzo, ha guidato innumerevoli delegazioni presso Terra\nMadre e altri convegni internazionali. <\/p>\n\n\n\n<p>Amava Baringo e\nle societ\u00e0 pastorali, che gli ricordavano i suoi anni al ministero della\nagricoltura nelle zone di Isiolo. E aveva esteso l\u2019azione di NECOFA proprio ad\nIsiolo, Meru e Kajado. <\/p>\n\n\n\n<p>Ma nel suo cuore\nportava Mariashioni, il luogo di nascita di sua madre. Un piccolo villaggio\narroccato nel Mau, dove il suo lavoro ha portato una trasformazione enorme, con\nla creazione di una radio comunitaria, una guest house e un centro per la\npromozione del miele Ogiek. <\/p>\n\n\n\n<p>Nei momenti pi\u00f9\nbui del Kenya, le violenze del 2007-8, ha giocato un ruolo fondamentale nel\nsupporto agli sfollati, e non era un caso che per molte di queste comunit\u00e0 egli\nfosse come un padre. <\/p>\n\n\n\n<p>Nell\u2019ultimo\nincontro mi strinse la mano, era stanco ma ancora forte, con una visione per un\nnuovo progetto per risolvere i problemi delle comunit\u00e0. Nella nostra ultima\nconversazione, mano nella mano, mi disse della sua visione per un lavoro\nintegrato sulla catena del latte e approccio agroecologico.&nbsp; <\/p>\n\n\n\n<p>In questi anni\nfra noi, e qui parlo a livello personale, si \u00e8 sviluppata pi\u00f9 di una semplice\nrelazione fra colleghi e partner di lavoro.&nbsp;\n\u00c8 nata una profonda amicizia, stima, sinergia e modo di pensare.\nInnumerevoli volte, al telefono o durante le riunioni ci siamo chiesti se uno o\nl\u2019altro avessero letto il pensiero altrui, tanta era l\u2019unit\u00e0 di vedute. <\/p>\n\n\n\n<p>\u00c8 stato un onore\nstare al suo fianco dalle strade fangose della foresta Mau a quelle polverose\ndi Baringo. <\/p>\n\n\n\n<p>Un uomo la cui visione, carisma e guida mancheranno. Per lui, le comunit\u00e0 e gli oltre 30 anni di lavoro \u00e8 necessario ora pi\u00f9 che mai portare avanti il suo impegno per la giustizia sociale e la conservazione ambientale Riposa in pace Samuel.  <\/p>\n\n\n\n<div class=\"wp-block-image\"><figure class=\"aligncenter size-large\"><a href=\"https:\/\/manitese.it\/wp-content\/uploads\/2022\/08\/295870578_10159917045714030_1383664136095026662_n.jpg\"><img decoding=\"async\" src=\"https:\/\/manitese.it\/wp-content\/uploads\/2022\/08\/295870578_10159917045714030_1383664136095026662_n-768x1024.jpg\" alt=\"\" class=\"wp-image-135000\"\/><\/a><figcaption>Samuel mentre gioca con due bimbi<\/figcaption><\/figure><\/div>\n","protected":false},"excerpt":{"rendered":"<p>Mani Tese ricorda e celebra il lavoro e la dedizione di Samuel Karanja Muhunyu per il proprio Paese, il Kenya.<\/p>\n","protected":false},"author":1,"featured_media":135034,"comment_status":"open","ping_status":"open","sticky":false,"template":"","format":"standard","meta":{"_acf_changed":false,"give_campaign_id":0,"inline_featured_image":false,"_jetpack_memberships_contains_paid_content":false,"footnotes":""},"categories":[1],"tags":[27,55],"thematic_area":[],"class_list":["post-134988","post","type-post","status-publish","format-standard","has-post-thumbnail","hentry","category-news","tag-kenya","tag-terra-madre"],"acf":[],"yoast_head":"<!-- This site is optimized with the Yoast SEO plugin v27.5 - https:\/\/yoast.com\/product\/yoast-seo-wordpress\/ -->\n<title>In memoria di Samuel - Mani Tese<\/title>\n<meta name=\"description\" content=\"Mani Tese ricorda e celebra il lavoro e la dedizione di Samuel Karanja Muhunyu per il proprio Paese, il Kenya.\" \/>\n<meta name=\"robots\" content=\"index, follow, max-snippet:-1, max-image-preview:large, max-video-preview:-1\" \/>\n<link rel=\"canonical\" href=\"https:\/\/www.manitese.it\/en\/in-memoria-di-samuel\/\" \/>\n<meta property=\"og:locale\" content=\"en_US\" \/>\n<meta property=\"og:type\" content=\"article\" \/>\n<meta property=\"og:title\" content=\"In memoria di Samuel - Mani Tese\" \/>\n<meta property=\"og:description\" content=\"Mani Tese ricorda e celebra il lavoro e la dedizione di Samuel Karanja Muhunyu per il proprio Paese, il Kenya.\" \/>\n<meta property=\"og:url\" content=\"https:\/\/www.manitese.it\/en\/in-memoria-di-samuel\/\" \/>\n<meta property=\"og:site_name\" content=\"Mani Tese\" \/>\n<meta property=\"article:published_time\" content=\"2022-08-01T10:54:24+00:00\" \/>\n<meta property=\"article:modified_time\" content=\"2025-07-08T10:58:38+00:00\" \/>\n<meta property=\"og:image\" content=\"https:\/\/www.manitese.it\/wp-content\/uploads\/2022\/08\/header-rev-rev-1.jpg\" \/>\n\t<meta property=\"og:image:width\" content=\"1921\" \/>\n\t<meta property=\"og:image:height\" content=\"801\" \/>\n\t<meta property=\"og:image:type\" content=\"image\/jpeg\" \/>\n<meta name=\"author\" content=\"agevis\" \/>\n<meta name=\"twitter:card\" content=\"summary_large_image\" \/>\n<meta name=\"twitter:label1\" content=\"Written by\" \/>\n\t<meta name=\"twitter:data1\" content=\"agevis\" \/>\n\t<meta name=\"twitter:label2\" content=\"Est. reading time\" \/>\n\t<meta name=\"twitter:data2\" content=\"3 minutes\" \/>\n<script type=\"application\/ld+json\" class=\"yoast-schema-graph\">{\"@context\":\"https:\\\/\\\/schema.org\",\"@graph\":[{\"@type\":\"Article\",\"@id\":\"https:\\\/\\\/www.manitese.it\\\/en\\\/in-memoria-di-samuel\\\/#article\",\"isPartOf\":{\"@id\":\"https:\\\/\\\/www.manitese.it\\\/en\\\/in-memoria-di-samuel\\\/\"},\"author\":{\"name\":\"agevis\",\"@id\":\"https:\\\/\\\/www.manitese.it\\\/en\\\/#\\\/schema\\\/person\\\/5a9774f17e4940e2510bfeba90f04f65\"},\"headline\":\"In memoria di Samuel\",\"datePublished\":\"2022-08-01T10:54:24+00:00\",\"dateModified\":\"2025-07-08T10:58:38+00:00\",\"mainEntityOfPage\":{\"@id\":\"https:\\\/\\\/www.manitese.it\\\/en\\\/in-memoria-di-samuel\\\/\"},\"wordCount\":546,\"commentCount\":0,\"image\":{\"@id\":\"https:\\\/\\\/www.manitese.it\\\/en\\\/in-memoria-di-samuel\\\/#primaryimage\"},\"thumbnailUrl\":\"https:\\\/\\\/www.manitese.it\\\/wp-content\\\/uploads\\\/2022\\\/08\\\/header-rev-rev-1.jpg\",\"keywords\":[\"Kenya\",\"terra madre\"],\"articleSection\":[\"News\"],\"inLanguage\":\"en-US\",\"potentialAction\":[{\"@type\":\"CommentAction\",\"name\":\"Comment\",\"target\":[\"https:\\\/\\\/www.manitese.it\\\/en\\\/in-memoria-di-samuel\\\/#respond\"]}]},{\"@type\":\"WebPage\",\"@id\":\"https:\\\/\\\/www.manitese.it\\\/en\\\/in-memoria-di-samuel\\\/\",\"url\":\"https:\\\/\\\/www.manitese.it\\\/en\\\/in-memoria-di-samuel\\\/\",\"name\":\"In memoria di Samuel - Mani Tese\",\"isPartOf\":{\"@id\":\"https:\\\/\\\/www.manitese.it\\\/en\\\/#website\"},\"primaryImageOfPage\":{\"@id\":\"https:\\\/\\\/www.manitese.it\\\/en\\\/in-memoria-di-samuel\\\/#primaryimage\"},\"image\":{\"@id\":\"https:\\\/\\\/www.manitese.it\\\/en\\\/in-memoria-di-samuel\\\/#primaryimage\"},\"thumbnailUrl\":\"https:\\\/\\\/www.manitese.it\\\/wp-content\\\/uploads\\\/2022\\\/08\\\/header-rev-rev-1.jpg\",\"datePublished\":\"2022-08-01T10:54:24+00:00\",\"dateModified\":\"2025-07-08T10:58:38+00:00\",\"author\":{\"@id\":\"https:\\\/\\\/www.manitese.it\\\/en\\\/#\\\/schema\\\/person\\\/5a9774f17e4940e2510bfeba90f04f65\"},\"description\":\"Mani Tese ricorda e celebra il lavoro e la dedizione di Samuel Karanja Muhunyu per il proprio Paese, il Kenya.\",\"breadcrumb\":{\"@id\":\"https:\\\/\\\/www.manitese.it\\\/en\\\/in-memoria-di-samuel\\\/#breadcrumb\"},\"inLanguage\":\"en-US\",\"potentialAction\":[{\"@type\":\"ReadAction\",\"target\":[\"https:\\\/\\\/www.manitese.it\\\/en\\\/in-memoria-di-samuel\\\/\"]}]},{\"@type\":\"ImageObject\",\"inLanguage\":\"en-US\",\"@id\":\"https:\\\/\\\/www.manitese.it\\\/en\\\/in-memoria-di-samuel\\\/#primaryimage\",\"url\":\"https:\\\/\\\/www.manitese.it\\\/wp-content\\\/uploads\\\/2022\\\/08\\\/header-rev-rev-1.jpg\",\"contentUrl\":\"https:\\\/\\\/www.manitese.it\\\/wp-content\\\/uploads\\\/2022\\\/08\\\/header-rev-rev-1.jpg\",\"width\":1921,\"height\":801,\"caption\":\"Samuel mentre gioca con dei bambini\"},{\"@type\":\"BreadcrumbList\",\"@id\":\"https:\\\/\\\/www.manitese.it\\\/en\\\/in-memoria-di-samuel\\\/#breadcrumb\",\"itemListElement\":[{\"@type\":\"ListItem\",\"position\":1,\"name\":\"Home\",\"item\":\"https:\\\/\\\/www.manitese.it\\\/en\\\/\"},{\"@type\":\"ListItem\",\"position\":2,\"name\":\"In memoria di Samuel\"}]},{\"@type\":\"WebSite\",\"@id\":\"https:\\\/\\\/www.manitese.it\\\/en\\\/#website\",\"url\":\"https:\\\/\\\/www.manitese.it\\\/en\\\/\",\"name\":\"Mani Tese\",\"description\":\"\",\"potentialAction\":[{\"@type\":\"SearchAction\",\"target\":{\"@type\":\"EntryPoint\",\"urlTemplate\":\"https:\\\/\\\/www.manitese.it\\\/en\\\/?s={search_term_string}\"},\"query-input\":{\"@type\":\"PropertyValueSpecification\",\"valueRequired\":true,\"valueName\":\"search_term_string\"}}],\"inLanguage\":\"en-US\"},{\"@type\":\"Person\",\"@id\":\"https:\\\/\\\/www.manitese.it\\\/en\\\/#\\\/schema\\\/person\\\/5a9774f17e4940e2510bfeba90f04f65\",\"name\":\"agevis\",\"image\":{\"@type\":\"ImageObject\",\"inLanguage\":\"en-US\",\"@id\":\"https:\\\/\\\/secure.gravatar.com\\\/avatar\\\/2dc96c93fcf3387a5922a93b50fb3bff01d4800590fb6a4ab91a034adb25ba17?s=96&d=mm&r=g\",\"url\":\"https:\\\/\\\/secure.gravatar.com\\\/avatar\\\/2dc96c93fcf3387a5922a93b50fb3bff01d4800590fb6a4ab91a034adb25ba17?s=96&d=mm&r=g\",\"contentUrl\":\"https:\\\/\\\/secure.gravatar.com\\\/avatar\\\/2dc96c93fcf3387a5922a93b50fb3bff01d4800590fb6a4ab91a034adb25ba17?s=96&d=mm&r=g\",\"caption\":\"agevis\"},\"url\":\"https:\\\/\\\/www.manitese.it\\\/en\\\/author\\\/wp_agevis_admin\\\/\"}]}<\/script>\n<!-- \/ Yoast SEO plugin. -->","yoast_head_json":{"title":"In memoria di Samuel - Mani Tese","description":"Mani Tese ricorda e celebra il lavoro e la dedizione di Samuel Karanja Muhunyu per il proprio Paese, il Kenya.","robots":{"index":"index","follow":"follow","max-snippet":"max-snippet:-1","max-image-preview":"max-image-preview:large","max-video-preview":"max-video-preview:-1"},"canonical":"https:\/\/www.manitese.it\/en\/in-memoria-di-samuel\/","og_locale":"en_US","og_type":"article","og_title":"In memoria di Samuel - Mani Tese","og_description":"Mani Tese ricorda e celebra il lavoro e la dedizione di Samuel Karanja Muhunyu per il proprio Paese, il Kenya.","og_url":"https:\/\/www.manitese.it\/en\/in-memoria-di-samuel\/","og_site_name":"Mani Tese","article_published_time":"2022-08-01T10:54:24+00:00","article_modified_time":"2025-07-08T10:58:38+00:00","og_image":[{"width":1921,"height":801,"url":"https:\/\/www.manitese.it\/wp-content\/uploads\/2022\/08\/header-rev-rev-1.jpg","type":"image\/jpeg"}],"author":"agevis","twitter_card":"summary_large_image","twitter_misc":{"Written by":"agevis","Est. reading time":"3 minutes"},"schema":{"@context":"https:\/\/schema.org","@graph":[{"@type":"Article","@id":"https:\/\/www.manitese.it\/en\/in-memoria-di-samuel\/#article","isPartOf":{"@id":"https:\/\/www.manitese.it\/en\/in-memoria-di-samuel\/"},"author":{"name":"agevis","@id":"https:\/\/www.manitese.it\/en\/#\/schema\/person\/5a9774f17e4940e2510bfeba90f04f65"},"headline":"In memoria di Samuel","datePublished":"2022-08-01T10:54:24+00:00","dateModified":"2025-07-08T10:58:38+00:00","mainEntityOfPage":{"@id":"https:\/\/www.manitese.it\/en\/in-memoria-di-samuel\/"},"wordCount":546,"commentCount":0,"image":{"@id":"https:\/\/www.manitese.it\/en\/in-memoria-di-samuel\/#primaryimage"},"thumbnailUrl":"https:\/\/www.manitese.it\/wp-content\/uploads\/2022\/08\/header-rev-rev-1.jpg","keywords":["Kenya","terra madre"],"articleSection":["News"],"inLanguage":"en-US","potentialAction":[{"@type":"CommentAction","name":"Comment","target":["https:\/\/www.manitese.it\/en\/in-memoria-di-samuel\/#respond"]}]},{"@type":"WebPage","@id":"https:\/\/www.manitese.it\/en\/in-memoria-di-samuel\/","url":"https:\/\/www.manitese.it\/en\/in-memoria-di-samuel\/","name":"In memoria di Samuel - Mani Tese","isPartOf":{"@id":"https:\/\/www.manitese.it\/en\/#website"},"primaryImageOfPage":{"@id":"https:\/\/www.manitese.it\/en\/in-memoria-di-samuel\/#primaryimage"},"image":{"@id":"https:\/\/www.manitese.it\/en\/in-memoria-di-samuel\/#primaryimage"},"thumbnailUrl":"https:\/\/www.manitese.it\/wp-content\/uploads\/2022\/08\/header-rev-rev-1.jpg","datePublished":"2022-08-01T10:54:24+00:00","dateModified":"2025-07-08T10:58:38+00:00","author":{"@id":"https:\/\/www.manitese.it\/en\/#\/schema\/person\/5a9774f17e4940e2510bfeba90f04f65"},"description":"Mani Tese ricorda e celebra il lavoro e la dedizione di Samuel Karanja Muhunyu per il proprio Paese, il Kenya.","breadcrumb":{"@id":"https:\/\/www.manitese.it\/en\/in-memoria-di-samuel\/#breadcrumb"},"inLanguage":"en-US","potentialAction":[{"@type":"ReadAction","target":["https:\/\/www.manitese.it\/en\/in-memoria-di-samuel\/"]}]},{"@type":"ImageObject","inLanguage":"en-US","@id":"https:\/\/www.manitese.it\/en\/in-memoria-di-samuel\/#primaryimage","url":"https:\/\/www.manitese.it\/wp-content\/uploads\/2022\/08\/header-rev-rev-1.jpg","contentUrl":"https:\/\/www.manitese.it\/wp-content\/uploads\/2022\/08\/header-rev-rev-1.jpg","width":1921,"height":801,"caption":"Samuel mentre gioca con dei bambini"},{"@type":"BreadcrumbList","@id":"https:\/\/www.manitese.it\/en\/in-memoria-di-samuel\/#breadcrumb","itemListElement":[{"@type":"ListItem","position":1,"name":"Home","item":"https:\/\/www.manitese.it\/en\/"},{"@type":"ListItem","position":2,"name":"In memoria di Samuel"}]},{"@type":"WebSite","@id":"https:\/\/www.manitese.it\/en\/#website","url":"https:\/\/www.manitese.it\/en\/","name":"Mani Tese","description":"","potentialAction":[{"@type":"SearchAction","target":{"@type":"EntryPoint","urlTemplate":"https:\/\/www.manitese.it\/en\/?s={search_term_string}"},"query-input":{"@type":"PropertyValueSpecification","valueRequired":true,"valueName":"search_term_string"}}],"inLanguage":"en-US"},{"@type":"Person","@id":"https:\/\/www.manitese.it\/en\/#\/schema\/person\/5a9774f17e4940e2510bfeba90f04f65","name":"agevis","image":{"@type":"ImageObject","inLanguage":"en-US","@id":"https:\/\/secure.gravatar.com\/avatar\/2dc96c93fcf3387a5922a93b50fb3bff01d4800590fb6a4ab91a034adb25ba17?s=96&d=mm&r=g","url":"https:\/\/secure.gravatar.com\/avatar\/2dc96c93fcf3387a5922a93b50fb3bff01d4800590fb6a4ab91a034adb25ba17?s=96&d=mm&r=g","contentUrl":"https:\/\/secure.gravatar.com\/avatar\/2dc96c93fcf3387a5922a93b50fb3bff01d4800590fb6a4ab91a034adb25ba17?s=96&d=mm&r=g","caption":"agevis"},"url":"https:\/\/www.manitese.it\/en\/author\/wp_agevis_admin\/"}]}},"jetpack_featured_media_url":"https:\/\/www.manitese.it\/wp-content\/uploads\/2022\/08\/header-rev-rev-1.jpg","jetpack_sharing_enabled":true,"_links":{"self":[{"href":"https:\/\/www.manitese.it\/en\/wp-json\/wp\/v2\/posts\/134988","targetHints":{"allow":["GET"]}}],"collection":[{"href":"https:\/\/www.manitese.it\/en\/wp-json\/wp\/v2\/posts"}],"about":[{"href":"https:\/\/www.manitese.it\/en\/wp-json\/wp\/v2\/types\/post"}],"author":[{"embeddable":true,"href":"https:\/\/www.manitese.it\/en\/wp-json\/wp\/v2\/users\/1"}],"replies":[{"embeddable":true,"href":"https:\/\/www.manitese.it\/en\/wp-json\/wp\/v2\/comments?post=134988"}],"version-history":[{"count":2,"href":"https:\/\/www.manitese.it\/en\/wp-json\/wp\/v2\/posts\/134988\/revisions"}],"predecessor-version":[{"id":177721,"href":"https:\/\/www.manitese.it\/en\/wp-json\/wp\/v2\/posts\/134988\/revisions\/177721"}],"wp:featuredmedia":[{"embeddable":true,"href":"https:\/\/www.manitese.it\/en\/wp-json\/wp\/v2\/media\/135034"}],"wp:attachment":[{"href":"https:\/\/www.manitese.it\/en\/wp-json\/wp\/v2\/media?parent=134988"}],"wp:term":[{"taxonomy":"category","embeddable":true,"href":"https:\/\/www.manitese.it\/en\/wp-json\/wp\/v2\/categories?post=134988"},{"taxonomy":"post_tag","embeddable":true,"href":"https:\/\/www.manitese.it\/en\/wp-json\/wp\/v2\/tags?post=134988"},{"taxonomy":"thematic_area","embeddable":true,"href":"https:\/\/www.manitese.it\/en\/wp-json\/wp\/v2\/thematic_area?post=134988"}],"curies":[{"name":"wp","href":"https:\/\/api.w.org\/{rel}","templated":true}]}}