{"id":12403,"date":"2015-04-27T17:55:52","date_gmt":"2015-04-27T15:55:52","guid":{"rendered":"http:\/\/manitese.it\/?p=12403"},"modified":"2015-04-27T17:55:52","modified_gmt":"2015-04-27T15:55:52","slug":"il-caffe-del-cuore","status":"publish","type":"post","link":"https:\/\/www.manitese.it\/en\/il-caffe-del-cuore\/","title":{"rendered":"Il Caff\u00e8 del Cuore"},"content":{"rendered":"<p style=\"text-align: justify;\"><em>Da oggi esiste la possibilit\u00e0 di trasformare un semplice momento di pausa o di relax in un gesto prezioso di aiuto concreto.<\/em><\/p>\n<p style=\"text-align: justify;\">E&#8217; possibile grazie alla scelta imprenditoriale di\u00a0Domenico Deleo, da venti anni produttore delle migliori miscele, che ha deciso di coniugare il piacere del caff\u00e8 con l&#8217;impegno solidale scegliendo anche Mani Tese come possibile beneficiaria e come partner in questo progetto.<!--more--><\/p>\n<p style=\"text-align: justify;\">Visitando il sito\u00a0<a href=\"http:\/\/www.caffedelcuore.it\/\" target=\"_blank\" rel=\"noopener\">www.caffedelcuore.it<\/a>\u00a0si potr\u00e0 scegliere tra diverse miscele e trasformare il 30% della spesa in una donazione\u00a0<span style=\"color: #333333; font-style: normal; line-height: 24.375px;\">\u00a0<\/span><span style=\"color: #333333; font-style: normal; line-height: 24.375px;\">a sostegno di un\u2019organizzazione non profit. L&#8217;importo vi<\/span>ene chiaramente indicato dal sito al momento dell&#8217;acquisto in un&#8217;ottica di <strong>massima trasparenza<\/strong> per il consumatore finale che sceglie a chi destinare la quota.<\/p>\n<p style=\"text-align: justify;\">Caff\u00e8 del Cuore seleziona le migliori qualit\u00e0 di caff\u00e8 realizzando miscele di bont\u00e0 superiore nel rispetto dei diritti dei lavoratori dei paesi d\u2019origine con la <strong>certificazione di FAIRTRADE<\/strong>, la cui mission\u00a0\u00e8 quella di garantire prodotti realizzati nel rispetto dei diritti degli agricoltori e lavoratori in Asia, Africa, America Latina.<\/p>\n<p style=\"text-align: justify;\"><strong>Una nuova modalit\u00e0 per sostenere i progetti di Sovranit\u00e0 alimentare e diritto al cibo di Mani Tese!<\/strong><\/p>\n","protected":false},"excerpt":{"rendered":"<p>Da oggi esiste la possibilit\u00e0 di trasformare un semplice momento di pausa o di relax in un gesto prezioso di aiuto concreto. E&#8217; possibile grazie alla scelta imprenditoriale di\u00a0Domenico Deleo, da venti anni produttore delle migliori miscele, che ha deciso di coniugare il piacere del caff\u00e8 con l&#8217;impegno solidale scegliendo anche Mani Tese come possibile [&hellip;]<\/p>\n","protected":false},"author":1,"featured_media":0,"comment_status":"open","ping_status":"open","sticky":false,"template":"","format":"standard","meta":{"_acf_changed":false,"give_campaign_id":0,"inline_featured_image":false,"_jetpack_memberships_contains_paid_content":false,"footnotes":""},"categories":[5],"tags":[],"thematic_area":[],"class_list":["post-12403","post","type-post","status-publish","format-standard","hentry","category-attualita"],"acf":[],"yoast_head":"<!-- This site is optimized with the Yoast SEO plugin v27.5 - https:\/\/yoast.com\/product\/yoast-seo-wordpress\/ -->\n<title>Il Caff\u00e8 del Cuore - Mani Tese<\/title>\n<meta name=\"robots\" content=\"index, follow, max-snippet:-1, max-image-preview:large, max-video-preview:-1\" \/>\n<link rel=\"canonical\" href=\"https:\/\/www.manitese.it\/en\/il-caffe-del-cuore\/\" \/>\n<meta property=\"og:locale\" content=\"en_US\" \/>\n<meta property=\"og:type\" content=\"article\" \/>\n<meta property=\"og:title\" content=\"Il Caff\u00e8 del Cuore - Mani Tese\" \/>\n<meta property=\"og:description\" content=\"Da oggi esiste la possibilit\u00e0 di trasformare un semplice momento di pausa o di relax in un gesto prezioso di aiuto concreto. E&#8217; possibile grazie alla scelta imprenditoriale di\u00a0Domenico Deleo, da venti anni produttore delle migliori miscele, che ha deciso di coniugare il piacere del caff\u00e8 con l&#8217;impegno solidale scegliendo anche Mani Tese come possibile [&hellip;]\" \/>\n<meta property=\"og:url\" content=\"https:\/\/www.manitese.it\/en\/il-caffe-del-cuore\/\" \/>\n<meta property=\"og:site_name\" content=\"Mani Tese\" \/>\n<meta property=\"article:published_time\" content=\"2015-04-27T15:55:52+00:00\" \/>\n<meta name=\"author\" content=\"agevis\" \/>\n<meta name=\"twitter:card\" content=\"summary_large_image\" \/>\n<meta name=\"twitter:label1\" content=\"Written by\" \/>\n\t<meta name=\"twitter:data1\" content=\"agevis\" \/>\n\t<meta name=\"twitter:label2\" content=\"Est. reading time\" \/>\n\t<meta name=\"twitter:data2\" content=\"1 minute\" \/>\n<script type=\"application\/ld+json\" class=\"yoast-schema-graph\">{\"@context\":\"https:\\\/\\\/schema.org\",\"@graph\":[{\"@type\":\"Article\",\"@id\":\"https:\\\/\\\/www.manitese.it\\\/en\\\/il-caffe-del-cuore\\\/#article\",\"isPartOf\":{\"@id\":\"https:\\\/\\\/www.manitese.it\\\/en\\\/il-caffe-del-cuore\\\/\"},\"author\":{\"name\":\"agevis\",\"@id\":\"https:\\\/\\\/www.manitese.it\\\/en\\\/#\\\/schema\\\/person\\\/5a9774f17e4940e2510bfeba90f04f65\"},\"headline\":\"Il Caff\u00e8 del Cuore\",\"datePublished\":\"2015-04-27T15:55:52+00:00\",\"mainEntityOfPage\":{\"@id\":\"https:\\\/\\\/www.manitese.it\\\/en\\\/il-caffe-del-cuore\\\/\"},\"wordCount\":190,\"commentCount\":0,\"articleSection\":[\"Attualit\u00e0\"],\"inLanguage\":\"en-US\",\"potentialAction\":[{\"@type\":\"CommentAction\",\"name\":\"Comment\",\"target\":[\"https:\\\/\\\/www.manitese.it\\\/en\\\/il-caffe-del-cuore\\\/#respond\"]}]},{\"@type\":\"WebPage\",\"@id\":\"https:\\\/\\\/www.manitese.it\\\/en\\\/il-caffe-del-cuore\\\/\",\"url\":\"https:\\\/\\\/www.manitese.it\\\/en\\\/il-caffe-del-cuore\\\/\",\"name\":\"Il Caff\u00e8 del Cuore - Mani Tese\",\"isPartOf\":{\"@id\":\"https:\\\/\\\/www.manitese.it\\\/en\\\/#website\"},\"datePublished\":\"2015-04-27T15:55:52+00:00\",\"author\":{\"@id\":\"https:\\\/\\\/www.manitese.it\\\/en\\\/#\\\/schema\\\/person\\\/5a9774f17e4940e2510bfeba90f04f65\"},\"breadcrumb\":{\"@id\":\"https:\\\/\\\/www.manitese.it\\\/en\\\/il-caffe-del-cuore\\\/#breadcrumb\"},\"inLanguage\":\"en-US\",\"potentialAction\":[{\"@type\":\"ReadAction\",\"target\":[\"https:\\\/\\\/www.manitese.it\\\/en\\\/il-caffe-del-cuore\\\/\"]}]},{\"@type\":\"BreadcrumbList\",\"@id\":\"https:\\\/\\\/www.manitese.it\\\/en\\\/il-caffe-del-cuore\\\/#breadcrumb\",\"itemListElement\":[{\"@type\":\"ListItem\",\"position\":1,\"name\":\"Home\",\"item\":\"https:\\\/\\\/www.manitese.it\\\/en\\\/\"},{\"@type\":\"ListItem\",\"position\":2,\"name\":\"Il Caff\u00e8 del Cuore\"}]},{\"@type\":\"WebSite\",\"@id\":\"https:\\\/\\\/www.manitese.it\\\/en\\\/#website\",\"url\":\"https:\\\/\\\/www.manitese.it\\\/en\\\/\",\"name\":\"Mani Tese\",\"description\":\"\",\"potentialAction\":[{\"@type\":\"SearchAction\",\"target\":{\"@type\":\"EntryPoint\",\"urlTemplate\":\"https:\\\/\\\/www.manitese.it\\\/en\\\/?s={search_term_string}\"},\"query-input\":{\"@type\":\"PropertyValueSpecification\",\"valueRequired\":true,\"valueName\":\"search_term_string\"}}],\"inLanguage\":\"en-US\"},{\"@type\":\"Person\",\"@id\":\"https:\\\/\\\/www.manitese.it\\\/en\\\/#\\\/schema\\\/person\\\/5a9774f17e4940e2510bfeba90f04f65\",\"name\":\"agevis\",\"image\":{\"@type\":\"ImageObject\",\"inLanguage\":\"en-US\",\"@id\":\"https:\\\/\\\/secure.gravatar.com\\\/avatar\\\/2dc96c93fcf3387a5922a93b50fb3bff01d4800590fb6a4ab91a034adb25ba17?s=96&d=mm&r=g\",\"url\":\"https:\\\/\\\/secure.gravatar.com\\\/avatar\\\/2dc96c93fcf3387a5922a93b50fb3bff01d4800590fb6a4ab91a034adb25ba17?s=96&d=mm&r=g\",\"contentUrl\":\"https:\\\/\\\/secure.gravatar.com\\\/avatar\\\/2dc96c93fcf3387a5922a93b50fb3bff01d4800590fb6a4ab91a034adb25ba17?s=96&d=mm&r=g\",\"caption\":\"agevis\"},\"url\":\"https:\\\/\\\/www.manitese.it\\\/en\\\/author\\\/wp_agevis_admin\\\/\"}]}<\/script>\n<!-- \/ Yoast SEO plugin. -->","yoast_head_json":{"title":"Il Caff\u00e8 del Cuore - Mani Tese","robots":{"index":"index","follow":"follow","max-snippet":"max-snippet:-1","max-image-preview":"max-image-preview:large","max-video-preview":"max-video-preview:-1"},"canonical":"https:\/\/www.manitese.it\/en\/il-caffe-del-cuore\/","og_locale":"en_US","og_type":"article","og_title":"Il Caff\u00e8 del Cuore - Mani Tese","og_description":"Da oggi esiste la possibilit\u00e0 di trasformare un semplice momento di pausa o di relax in un gesto prezioso di aiuto concreto. E&#8217; possibile grazie alla scelta imprenditoriale di\u00a0Domenico Deleo, da venti anni produttore delle migliori miscele, che ha deciso di coniugare il piacere del caff\u00e8 con l&#8217;impegno solidale scegliendo anche Mani Tese come possibile [&hellip;]","og_url":"https:\/\/www.manitese.it\/en\/il-caffe-del-cuore\/","og_site_name":"Mani Tese","article_published_time":"2015-04-27T15:55:52+00:00","author":"agevis","twitter_card":"summary_large_image","twitter_misc":{"Written by":"agevis","Est. reading time":"1 minute"},"schema":{"@context":"https:\/\/schema.org","@graph":[{"@type":"Article","@id":"https:\/\/www.manitese.it\/en\/il-caffe-del-cuore\/#article","isPartOf":{"@id":"https:\/\/www.manitese.it\/en\/il-caffe-del-cuore\/"},"author":{"name":"agevis","@id":"https:\/\/www.manitese.it\/en\/#\/schema\/person\/5a9774f17e4940e2510bfeba90f04f65"},"headline":"Il Caff\u00e8 del Cuore","datePublished":"2015-04-27T15:55:52+00:00","mainEntityOfPage":{"@id":"https:\/\/www.manitese.it\/en\/il-caffe-del-cuore\/"},"wordCount":190,"commentCount":0,"articleSection":["Attualit\u00e0"],"inLanguage":"en-US","potentialAction":[{"@type":"CommentAction","name":"Comment","target":["https:\/\/www.manitese.it\/en\/il-caffe-del-cuore\/#respond"]}]},{"@type":"WebPage","@id":"https:\/\/www.manitese.it\/en\/il-caffe-del-cuore\/","url":"https:\/\/www.manitese.it\/en\/il-caffe-del-cuore\/","name":"Il Caff\u00e8 del Cuore - Mani Tese","isPartOf":{"@id":"https:\/\/www.manitese.it\/en\/#website"},"datePublished":"2015-04-27T15:55:52+00:00","author":{"@id":"https:\/\/www.manitese.it\/en\/#\/schema\/person\/5a9774f17e4940e2510bfeba90f04f65"},"breadcrumb":{"@id":"https:\/\/www.manitese.it\/en\/il-caffe-del-cuore\/#breadcrumb"},"inLanguage":"en-US","potentialAction":[{"@type":"ReadAction","target":["https:\/\/www.manitese.it\/en\/il-caffe-del-cuore\/"]}]},{"@type":"BreadcrumbList","@id":"https:\/\/www.manitese.it\/en\/il-caffe-del-cuore\/#breadcrumb","itemListElement":[{"@type":"ListItem","position":1,"name":"Home","item":"https:\/\/www.manitese.it\/en\/"},{"@type":"ListItem","position":2,"name":"Il Caff\u00e8 del Cuore"}]},{"@type":"WebSite","@id":"https:\/\/www.manitese.it\/en\/#website","url":"https:\/\/www.manitese.it\/en\/","name":"Mani Tese","description":"","potentialAction":[{"@type":"SearchAction","target":{"@type":"EntryPoint","urlTemplate":"https:\/\/www.manitese.it\/en\/?s={search_term_string}"},"query-input":{"@type":"PropertyValueSpecification","valueRequired":true,"valueName":"search_term_string"}}],"inLanguage":"en-US"},{"@type":"Person","@id":"https:\/\/www.manitese.it\/en\/#\/schema\/person\/5a9774f17e4940e2510bfeba90f04f65","name":"agevis","image":{"@type":"ImageObject","inLanguage":"en-US","@id":"https:\/\/secure.gravatar.com\/avatar\/2dc96c93fcf3387a5922a93b50fb3bff01d4800590fb6a4ab91a034adb25ba17?s=96&d=mm&r=g","url":"https:\/\/secure.gravatar.com\/avatar\/2dc96c93fcf3387a5922a93b50fb3bff01d4800590fb6a4ab91a034adb25ba17?s=96&d=mm&r=g","contentUrl":"https:\/\/secure.gravatar.com\/avatar\/2dc96c93fcf3387a5922a93b50fb3bff01d4800590fb6a4ab91a034adb25ba17?s=96&d=mm&r=g","caption":"agevis"},"url":"https:\/\/www.manitese.it\/en\/author\/wp_agevis_admin\/"}]}},"jetpack_featured_media_url":"","jetpack_sharing_enabled":true,"_links":{"self":[{"href":"https:\/\/www.manitese.it\/en\/wp-json\/wp\/v2\/posts\/12403","targetHints":{"allow":["GET"]}}],"collection":[{"href":"https:\/\/www.manitese.it\/en\/wp-json\/wp\/v2\/posts"}],"about":[{"href":"https:\/\/www.manitese.it\/en\/wp-json\/wp\/v2\/types\/post"}],"author":[{"embeddable":true,"href":"https:\/\/www.manitese.it\/en\/wp-json\/wp\/v2\/users\/1"}],"replies":[{"embeddable":true,"href":"https:\/\/www.manitese.it\/en\/wp-json\/wp\/v2\/comments?post=12403"}],"version-history":[{"count":0,"href":"https:\/\/www.manitese.it\/en\/wp-json\/wp\/v2\/posts\/12403\/revisions"}],"wp:attachment":[{"href":"https:\/\/www.manitese.it\/en\/wp-json\/wp\/v2\/media?parent=12403"}],"wp:term":[{"taxonomy":"category","embeddable":true,"href":"https:\/\/www.manitese.it\/en\/wp-json\/wp\/v2\/categories?post=12403"},{"taxonomy":"post_tag","embeddable":true,"href":"https:\/\/www.manitese.it\/en\/wp-json\/wp\/v2\/tags?post=12403"},{"taxonomy":"thematic_area","embeddable":true,"href":"https:\/\/www.manitese.it\/en\/wp-json\/wp\/v2\/thematic_area?post=12403"}],"curies":[{"name":"wp","href":"https:\/\/api.w.org\/{rel}","templated":true}]}}