{"id":12181,"date":"2015-04-01T14:29:11","date_gmt":"2015-04-01T12:29:11","guid":{"rendered":"http:\/\/manitese.it\/?p=12181"},"modified":"2015-04-01T14:29:11","modified_gmt":"2015-04-01T12:29:11","slug":"il-forum-di-tunisi-si-e-concluso","status":"publish","type":"post","link":"https:\/\/www.manitese.it\/en\/il-forum-di-tunisi-si-e-concluso\/","title":{"rendered":"Il Forum di Tunisi si \u00e8 concluso"},"content":{"rendered":"<h4 style=\"text-align: justify;\"><span style=\"color: #339966;\">Il forum di Tunisi si conclude lasciando a tutti un messaggio forte e chiaro: i movimenti democratici non possono essere intimoriti dal terrorismo e cos\u00ec, un nuovo pezzo di strada per la giustizia sociale e la partecipazione democratica \u00e8 stata costruita.<\/span><b><!--more--><\/b><\/h4>\n<p style=\"text-align: justify;\">I temi affrontanti sono stati tanti e tutti di grande importanza. L\u2019attenzione si \u00e8 concentrata soprattutto sul Nord Africa e sul Medio Oriente, <strong>il mondo delle \u201cprimavere arabe\u201d pare essere stato il vero protagonista<\/strong> per quest\u2019anno.<\/p>\n<p style=\"text-align: justify;\">Importanti accordi sembrano essere stati raggiunti in merito alla proposta per la <b>creazione di un<\/b><strong> tribunale per i migranti deceduti e dispersi in rotta verso l\u2019Europa<\/strong>, una soluzione che \u00e8 stata proposta dalle associazioni dei familiari delle vittime affinch\u00e9 venga data chiara voce ai diritti dei migranti.<\/p>\n<p style=\"text-align: justify;\"><img fetchpriority=\"high\" decoding=\"async\" class=\"alignleft  wp-image-12188\" alt=\"forum-social-mondial-2013-tunisie\" src=\"http:\/\/manitese.it\/wp-content\/uploads\/2015\/04\/forum-social-mondial-2013-tunisie.jpg\" width=\"274\" height=\"270\" \/><\/p>\n<p style=\"text-align: justify;\">D\u2019importanza vitale \u00e8 stato <b>il <\/b><strong>dibattito dedicato al diritto umano all\u2019acqua e ai servizi igienici <\/strong>che si \u00e8 svolto durante la seconda giornata del forum con una sessione specifica promossa da CICMA (Comitato Italiano Contratto Mondiale per l\u2019Acqua) in collaborazione con France et Libert\u00e8s, Coordination Ile de Fance e Cospe. <b>Dalla sessione \u00e8 emersa l\u2019esigenza di far adottare alla comunit\u00e0 internazionale strumenti di concretizzazione del diritto all\u2019acqua come quello che potrebbe fornire il Protocollo Opzionale al Patto PIDESC, un documento che se realmente adottato pu\u00f2 influenzare i parlamenti locali ad approvare leggi di riconoscimento di questo diritto.<\/b> Tante sono le esperienze di violazione del diritto all\u2019acqua che sono state portate alla luce, riporta il <a href=\"http:\/\/manitese.it\/wp-content\/uploads\/2015\/04\/Tunisi-Acqua-e-Terra-una-battaglia-comune.pdf\">comunicato stampa del CICMA<\/a>. Vi sono paesi in cui l\u2019acqua \u00e8 un diritto umano ed \u00e8 riconosciuta come un bene pubblico, ma non \u00e8 gestita dalla comunit\u00e0 e non \u00e8 accessibile a tutti ed, anzi, si assiste sempre di pi\u00f9 a casi di privatizzazione, come riportano le associazioni di Turchia, Tunisia, Ghana, Swaziland e Centro America. Per questo motivo <b>\u00e8 stata creata una piattaforma online dove \u00e8 possibile denunciare tutti i casi di accaparramento illegittimo delle risorse idriche ai danni del bene comune (<\/b><a href=\"http:\/\/www.watergrabbing.net\/\"><b>www.watergrabbing.net<\/b><\/a><b>).<\/b><\/p>\n<p style=\"text-align: justify;\"><b>Alla luce di questi confronti, le sessioni <i>Global Convergence of Lands and Water Struggles<\/i> si sono quindi concluse con la condivisione che il diritto umano all\u2019acqua e alla terra compete agli Stati e che i cittadini e le comunit\u00e0 debbano rivendicarlo.\u00a0<\/b><\/p>\n<p style=\"text-align: justify;\"><img decoding=\"async\" class=\"alignleft size-full wp-image-12192\" alt=\"142781802319tunisi-gioventu-700x467\" src=\"http:\/\/manitese.it\/wp-content\/uploads\/2015\/04\/142781802319tunisi-gioventu-700x467.jpg\" width=\"700\" height=\"467\" \/><\/p>\n<p style=\"text-align: justify;\">\n","protected":false},"excerpt":{"rendered":"<p>Il forum di Tunisi si conclude lasciando a tutti un messaggio forte e chiaro: i movimenti democratici non possono essere intimoriti dal terrorismo e cos\u00ec, un nuovo pezzo di strada per la giustizia sociale e la partecipazione democratica \u00e8 stata costruita.<\/p>\n","protected":false},"author":1,"featured_media":0,"comment_status":"open","ping_status":"open","sticky":false,"template":"","format":"standard","meta":{"_acf_changed":false,"give_campaign_id":0,"inline_featured_image":false,"_jetpack_memberships_contains_paid_content":false,"footnotes":""},"categories":[5],"tags":[],"thematic_area":[],"class_list":["post-12181","post","type-post","status-publish","format-standard","hentry","category-attualita"],"acf":[],"yoast_head":"<!-- This site is optimized with the Yoast SEO plugin v27.5 - https:\/\/yoast.com\/product\/yoast-seo-wordpress\/ -->\n<title>Il Forum di Tunisi si \u00e8 concluso - Mani Tese<\/title>\n<meta name=\"robots\" content=\"index, follow, max-snippet:-1, max-image-preview:large, max-video-preview:-1\" \/>\n<link rel=\"canonical\" href=\"https:\/\/www.manitese.it\/en\/il-forum-di-tunisi-si-e-concluso\/\" \/>\n<meta property=\"og:locale\" content=\"en_US\" \/>\n<meta property=\"og:type\" content=\"article\" \/>\n<meta property=\"og:title\" content=\"Il Forum di Tunisi si \u00e8 concluso - Mani Tese\" \/>\n<meta property=\"og:description\" content=\"Il forum di Tunisi si conclude lasciando a tutti un messaggio forte e chiaro: i movimenti democratici non possono essere intimoriti dal terrorismo e cos\u00ec, un nuovo pezzo di strada per la giustizia sociale e la partecipazione democratica \u00e8 stata costruita.\" \/>\n<meta property=\"og:url\" content=\"https:\/\/www.manitese.it\/en\/il-forum-di-tunisi-si-e-concluso\/\" \/>\n<meta property=\"og:site_name\" content=\"Mani Tese\" \/>\n<meta property=\"article:published_time\" content=\"2015-04-01T12:29:11+00:00\" \/>\n<meta property=\"og:image\" content=\"http:\/\/manitese.it\/wp-content\/uploads\/2015\/04\/forum-social-mondial-2013-tunisie.jpg\" \/>\n<meta name=\"author\" content=\"agevis\" \/>\n<meta name=\"twitter:card\" content=\"summary_large_image\" \/>\n<meta name=\"twitter:label1\" content=\"Written by\" \/>\n\t<meta name=\"twitter:data1\" content=\"agevis\" \/>\n\t<meta name=\"twitter:label2\" content=\"Est. reading time\" \/>\n\t<meta name=\"twitter:data2\" content=\"2 minutes\" \/>\n<script type=\"application\/ld+json\" class=\"yoast-schema-graph\">{\"@context\":\"https:\\\/\\\/schema.org\",\"@graph\":[{\"@type\":\"Article\",\"@id\":\"https:\\\/\\\/www.manitese.it\\\/en\\\/il-forum-di-tunisi-si-e-concluso\\\/#article\",\"isPartOf\":{\"@id\":\"https:\\\/\\\/www.manitese.it\\\/en\\\/il-forum-di-tunisi-si-e-concluso\\\/\"},\"author\":{\"name\":\"agevis\",\"@id\":\"https:\\\/\\\/www.manitese.it\\\/en\\\/#\\\/schema\\\/person\\\/5a9774f17e4940e2510bfeba90f04f65\"},\"headline\":\"Il Forum di Tunisi si \u00e8 concluso\",\"datePublished\":\"2015-04-01T12:29:11+00:00\",\"mainEntityOfPage\":{\"@id\":\"https:\\\/\\\/www.manitese.it\\\/en\\\/il-forum-di-tunisi-si-e-concluso\\\/\"},\"wordCount\":371,\"commentCount\":0,\"image\":{\"@id\":\"https:\\\/\\\/www.manitese.it\\\/en\\\/il-forum-di-tunisi-si-e-concluso\\\/#primaryimage\"},\"thumbnailUrl\":\"http:\\\/\\\/manitese.it\\\/wp-content\\\/uploads\\\/2015\\\/04\\\/forum-social-mondial-2013-tunisie.jpg\",\"articleSection\":[\"Attualit\u00e0\"],\"inLanguage\":\"en-US\",\"potentialAction\":[{\"@type\":\"CommentAction\",\"name\":\"Comment\",\"target\":[\"https:\\\/\\\/www.manitese.it\\\/en\\\/il-forum-di-tunisi-si-e-concluso\\\/#respond\"]}]},{\"@type\":\"WebPage\",\"@id\":\"https:\\\/\\\/www.manitese.it\\\/en\\\/il-forum-di-tunisi-si-e-concluso\\\/\",\"url\":\"https:\\\/\\\/www.manitese.it\\\/en\\\/il-forum-di-tunisi-si-e-concluso\\\/\",\"name\":\"Il Forum di Tunisi si \u00e8 concluso - Mani Tese\",\"isPartOf\":{\"@id\":\"https:\\\/\\\/www.manitese.it\\\/en\\\/#website\"},\"primaryImageOfPage\":{\"@id\":\"https:\\\/\\\/www.manitese.it\\\/en\\\/il-forum-di-tunisi-si-e-concluso\\\/#primaryimage\"},\"image\":{\"@id\":\"https:\\\/\\\/www.manitese.it\\\/en\\\/il-forum-di-tunisi-si-e-concluso\\\/#primaryimage\"},\"thumbnailUrl\":\"http:\\\/\\\/manitese.it\\\/wp-content\\\/uploads\\\/2015\\\/04\\\/forum-social-mondial-2013-tunisie.jpg\",\"datePublished\":\"2015-04-01T12:29:11+00:00\",\"author\":{\"@id\":\"https:\\\/\\\/www.manitese.it\\\/en\\\/#\\\/schema\\\/person\\\/5a9774f17e4940e2510bfeba90f04f65\"},\"breadcrumb\":{\"@id\":\"https:\\\/\\\/www.manitese.it\\\/en\\\/il-forum-di-tunisi-si-e-concluso\\\/#breadcrumb\"},\"inLanguage\":\"en-US\",\"potentialAction\":[{\"@type\":\"ReadAction\",\"target\":[\"https:\\\/\\\/www.manitese.it\\\/en\\\/il-forum-di-tunisi-si-e-concluso\\\/\"]}]},{\"@type\":\"ImageObject\",\"inLanguage\":\"en-US\",\"@id\":\"https:\\\/\\\/www.manitese.it\\\/en\\\/il-forum-di-tunisi-si-e-concluso\\\/#primaryimage\",\"url\":\"http:\\\/\\\/manitese.it\\\/wp-content\\\/uploads\\\/2015\\\/04\\\/forum-social-mondial-2013-tunisie.jpg\",\"contentUrl\":\"http:\\\/\\\/manitese.it\\\/wp-content\\\/uploads\\\/2015\\\/04\\\/forum-social-mondial-2013-tunisie.jpg\"},{\"@type\":\"BreadcrumbList\",\"@id\":\"https:\\\/\\\/www.manitese.it\\\/en\\\/il-forum-di-tunisi-si-e-concluso\\\/#breadcrumb\",\"itemListElement\":[{\"@type\":\"ListItem\",\"position\":1,\"name\":\"Home\",\"item\":\"https:\\\/\\\/www.manitese.it\\\/en\\\/\"},{\"@type\":\"ListItem\",\"position\":2,\"name\":\"Il Forum di Tunisi si \u00e8 concluso\"}]},{\"@type\":\"WebSite\",\"@id\":\"https:\\\/\\\/www.manitese.it\\\/en\\\/#website\",\"url\":\"https:\\\/\\\/www.manitese.it\\\/en\\\/\",\"name\":\"Mani Tese\",\"description\":\"\",\"potentialAction\":[{\"@type\":\"SearchAction\",\"target\":{\"@type\":\"EntryPoint\",\"urlTemplate\":\"https:\\\/\\\/www.manitese.it\\\/en\\\/?s={search_term_string}\"},\"query-input\":{\"@type\":\"PropertyValueSpecification\",\"valueRequired\":true,\"valueName\":\"search_term_string\"}}],\"inLanguage\":\"en-US\"},{\"@type\":\"Person\",\"@id\":\"https:\\\/\\\/www.manitese.it\\\/en\\\/#\\\/schema\\\/person\\\/5a9774f17e4940e2510bfeba90f04f65\",\"name\":\"agevis\",\"image\":{\"@type\":\"ImageObject\",\"inLanguage\":\"en-US\",\"@id\":\"https:\\\/\\\/secure.gravatar.com\\\/avatar\\\/2dc96c93fcf3387a5922a93b50fb3bff01d4800590fb6a4ab91a034adb25ba17?s=96&d=mm&r=g\",\"url\":\"https:\\\/\\\/secure.gravatar.com\\\/avatar\\\/2dc96c93fcf3387a5922a93b50fb3bff01d4800590fb6a4ab91a034adb25ba17?s=96&d=mm&r=g\",\"contentUrl\":\"https:\\\/\\\/secure.gravatar.com\\\/avatar\\\/2dc96c93fcf3387a5922a93b50fb3bff01d4800590fb6a4ab91a034adb25ba17?s=96&d=mm&r=g\",\"caption\":\"agevis\"},\"url\":\"https:\\\/\\\/www.manitese.it\\\/en\\\/author\\\/wp_agevis_admin\\\/\"}]}<\/script>\n<!-- \/ Yoast SEO plugin. -->","yoast_head_json":{"title":"Il Forum di Tunisi si \u00e8 concluso - Mani Tese","robots":{"index":"index","follow":"follow","max-snippet":"max-snippet:-1","max-image-preview":"max-image-preview:large","max-video-preview":"max-video-preview:-1"},"canonical":"https:\/\/www.manitese.it\/en\/il-forum-di-tunisi-si-e-concluso\/","og_locale":"en_US","og_type":"article","og_title":"Il Forum di Tunisi si \u00e8 concluso - Mani Tese","og_description":"Il forum di Tunisi si conclude lasciando a tutti un messaggio forte e chiaro: i movimenti democratici non possono essere intimoriti dal terrorismo e cos\u00ec, un nuovo pezzo di strada per la giustizia sociale e la partecipazione democratica \u00e8 stata costruita.","og_url":"https:\/\/www.manitese.it\/en\/il-forum-di-tunisi-si-e-concluso\/","og_site_name":"Mani Tese","article_published_time":"2015-04-01T12:29:11+00:00","og_image":[{"url":"http:\/\/manitese.it\/wp-content\/uploads\/2015\/04\/forum-social-mondial-2013-tunisie.jpg","type":"","width":"","height":""}],"author":"agevis","twitter_card":"summary_large_image","twitter_misc":{"Written by":"agevis","Est. reading time":"2 minutes"},"schema":{"@context":"https:\/\/schema.org","@graph":[{"@type":"Article","@id":"https:\/\/www.manitese.it\/en\/il-forum-di-tunisi-si-e-concluso\/#article","isPartOf":{"@id":"https:\/\/www.manitese.it\/en\/il-forum-di-tunisi-si-e-concluso\/"},"author":{"name":"agevis","@id":"https:\/\/www.manitese.it\/en\/#\/schema\/person\/5a9774f17e4940e2510bfeba90f04f65"},"headline":"Il Forum di Tunisi si \u00e8 concluso","datePublished":"2015-04-01T12:29:11+00:00","mainEntityOfPage":{"@id":"https:\/\/www.manitese.it\/en\/il-forum-di-tunisi-si-e-concluso\/"},"wordCount":371,"commentCount":0,"image":{"@id":"https:\/\/www.manitese.it\/en\/il-forum-di-tunisi-si-e-concluso\/#primaryimage"},"thumbnailUrl":"http:\/\/manitese.it\/wp-content\/uploads\/2015\/04\/forum-social-mondial-2013-tunisie.jpg","articleSection":["Attualit\u00e0"],"inLanguage":"en-US","potentialAction":[{"@type":"CommentAction","name":"Comment","target":["https:\/\/www.manitese.it\/en\/il-forum-di-tunisi-si-e-concluso\/#respond"]}]},{"@type":"WebPage","@id":"https:\/\/www.manitese.it\/en\/il-forum-di-tunisi-si-e-concluso\/","url":"https:\/\/www.manitese.it\/en\/il-forum-di-tunisi-si-e-concluso\/","name":"Il Forum di Tunisi si \u00e8 concluso - Mani Tese","isPartOf":{"@id":"https:\/\/www.manitese.it\/en\/#website"},"primaryImageOfPage":{"@id":"https:\/\/www.manitese.it\/en\/il-forum-di-tunisi-si-e-concluso\/#primaryimage"},"image":{"@id":"https:\/\/www.manitese.it\/en\/il-forum-di-tunisi-si-e-concluso\/#primaryimage"},"thumbnailUrl":"http:\/\/manitese.it\/wp-content\/uploads\/2015\/04\/forum-social-mondial-2013-tunisie.jpg","datePublished":"2015-04-01T12:29:11+00:00","author":{"@id":"https:\/\/www.manitese.it\/en\/#\/schema\/person\/5a9774f17e4940e2510bfeba90f04f65"},"breadcrumb":{"@id":"https:\/\/www.manitese.it\/en\/il-forum-di-tunisi-si-e-concluso\/#breadcrumb"},"inLanguage":"en-US","potentialAction":[{"@type":"ReadAction","target":["https:\/\/www.manitese.it\/en\/il-forum-di-tunisi-si-e-concluso\/"]}]},{"@type":"ImageObject","inLanguage":"en-US","@id":"https:\/\/www.manitese.it\/en\/il-forum-di-tunisi-si-e-concluso\/#primaryimage","url":"http:\/\/manitese.it\/wp-content\/uploads\/2015\/04\/forum-social-mondial-2013-tunisie.jpg","contentUrl":"http:\/\/manitese.it\/wp-content\/uploads\/2015\/04\/forum-social-mondial-2013-tunisie.jpg"},{"@type":"BreadcrumbList","@id":"https:\/\/www.manitese.it\/en\/il-forum-di-tunisi-si-e-concluso\/#breadcrumb","itemListElement":[{"@type":"ListItem","position":1,"name":"Home","item":"https:\/\/www.manitese.it\/en\/"},{"@type":"ListItem","position":2,"name":"Il Forum di Tunisi si \u00e8 concluso"}]},{"@type":"WebSite","@id":"https:\/\/www.manitese.it\/en\/#website","url":"https:\/\/www.manitese.it\/en\/","name":"Mani Tese","description":"","potentialAction":[{"@type":"SearchAction","target":{"@type":"EntryPoint","urlTemplate":"https:\/\/www.manitese.it\/en\/?s={search_term_string}"},"query-input":{"@type":"PropertyValueSpecification","valueRequired":true,"valueName":"search_term_string"}}],"inLanguage":"en-US"},{"@type":"Person","@id":"https:\/\/www.manitese.it\/en\/#\/schema\/person\/5a9774f17e4940e2510bfeba90f04f65","name":"agevis","image":{"@type":"ImageObject","inLanguage":"en-US","@id":"https:\/\/secure.gravatar.com\/avatar\/2dc96c93fcf3387a5922a93b50fb3bff01d4800590fb6a4ab91a034adb25ba17?s=96&d=mm&r=g","url":"https:\/\/secure.gravatar.com\/avatar\/2dc96c93fcf3387a5922a93b50fb3bff01d4800590fb6a4ab91a034adb25ba17?s=96&d=mm&r=g","contentUrl":"https:\/\/secure.gravatar.com\/avatar\/2dc96c93fcf3387a5922a93b50fb3bff01d4800590fb6a4ab91a034adb25ba17?s=96&d=mm&r=g","caption":"agevis"},"url":"https:\/\/www.manitese.it\/en\/author\/wp_agevis_admin\/"}]}},"jetpack_featured_media_url":"","jetpack_sharing_enabled":true,"_links":{"self":[{"href":"https:\/\/www.manitese.it\/en\/wp-json\/wp\/v2\/posts\/12181","targetHints":{"allow":["GET"]}}],"collection":[{"href":"https:\/\/www.manitese.it\/en\/wp-json\/wp\/v2\/posts"}],"about":[{"href":"https:\/\/www.manitese.it\/en\/wp-json\/wp\/v2\/types\/post"}],"author":[{"embeddable":true,"href":"https:\/\/www.manitese.it\/en\/wp-json\/wp\/v2\/users\/1"}],"replies":[{"embeddable":true,"href":"https:\/\/www.manitese.it\/en\/wp-json\/wp\/v2\/comments?post=12181"}],"version-history":[{"count":0,"href":"https:\/\/www.manitese.it\/en\/wp-json\/wp\/v2\/posts\/12181\/revisions"}],"wp:attachment":[{"href":"https:\/\/www.manitese.it\/en\/wp-json\/wp\/v2\/media?parent=12181"}],"wp:term":[{"taxonomy":"category","embeddable":true,"href":"https:\/\/www.manitese.it\/en\/wp-json\/wp\/v2\/categories?post=12181"},{"taxonomy":"post_tag","embeddable":true,"href":"https:\/\/www.manitese.it\/en\/wp-json\/wp\/v2\/tags?post=12181"},{"taxonomy":"thematic_area","embeddable":true,"href":"https:\/\/www.manitese.it\/en\/wp-json\/wp\/v2\/thematic_area?post=12181"}],"curies":[{"name":"wp","href":"https:\/\/api.w.org\/{rel}","templated":true}]}}