{"id":11035,"date":"2015-02-02T13:57:30","date_gmt":"2015-02-02T11:57:30","guid":{"rendered":"http:\/\/manitese.it\/?p=11035"},"modified":"2015-02-02T13:57:30","modified_gmt":"2015-02-02T11:57:30","slug":"piu-europa-piu-cooperazione-piu-coerenza","status":"publish","type":"post","link":"https:\/\/www.manitese.it\/en\/piu-europa-piu-cooperazione-piu-coerenza\/","title":{"rendered":"Pi\u00f9 Europa, pi\u00f9 cooperazione, pi\u00f9 coerenza"},"content":{"rendered":"<h4>Dopo il Semestre per un&#8217;Italia protagonista sui temi dello sviluppo nel 2015<!--more--><\/h4>\n<p>L\u2019evento conclusivo delle attivit\u00e0 del semestre di presidenza italiana sui temi dello sviluppo costituir\u00e0 un momento di confronto tra la societ\u00e0 civile, il governo, i parlamentari, le istituzioni italiane ed europee, sui risultati del semestre.<\/p>\n<p>Verranno presentate le proposte delle ONG per garantire la continuit\u00e0 degli impegni in vista degli importanti appuntamenti sui temi dello sviluppo nel 2015: l\u2019adozione della nuova Agenda globale post 2015, l\u2019Expo, l\u2019Anno Europeo per lo Sviluppo, il Mediterraneo e la migrazione.<\/p>\n<h4>All&#8217;evento parteciper\u00e0 Giosu\u00e8 De Salvo, responsabile Advocacy di Mani Tese in qualit\u00e0 di portavoce di <a title=\"EXPO DEI POPOLI\" href=\"http:\/\/manitese.it\/advocacy-campagne\/networking\/expo-dei-popoli\/\">Expo dei Popoli<\/a>.<\/h4>\n<p style=\"text-align: left;\"><img decoding=\"async\" class=\"alignleft  wp-image-9287\" alt=\"expo-dei-popoli\" src=\"http:\/\/manitese.it\/wp-content\/uploads\/2014\/10\/expo-dei-popoli.jpg\" width=\"189\" height=\"155\" \/><\/p>\n<h4 style=\"text-align: left;\"><strong>ROMA &#8211; Piazza Capranica 72<\/strong><\/h4>\n<h4 style=\"text-align: left;\"><strong>Sala dell&#8217;Istituto di Santa Maria in Aquiro<\/strong><\/h4>\n<h4 style=\"text-align: left;\"><strong>19 febbraio 2015<\/strong><br \/>\n<strong>ore 15.00 &#8211; 19.00<\/strong><\/h4>\n<p>&nbsp;<\/p>\n<ul>\n<li><a style=\"font-style: normal;\" href=\"http:\/\/www.concorditalia.org\/events\/piu-europa-piu-cooperazione-piu-coerenza\/\" target=\"_blank\" rel=\"noopener\">PROGRAMMA COMPLETO<\/a><\/li>\n<li><a style=\"font-style: normal;\" href=\"https:\/\/docs.google.com\/forms\/d\/1hlzIAPSFg-WAEo8W279Kll_MYM5IgJUXpnDCWEvb6VA\/viewform\" target=\"_blank\" rel=\"noopener\">REGISTRAZIONE\u00a0<\/a><\/li>\n<\/ul>\n<p><img fetchpriority=\"high\" decoding=\"async\" class=\"alignleft size-full wp-image-11037\" alt=\"testata_sito_20144\" src=\"http:\/\/manitese.it\/wp-content\/uploads\/2015\/02\/testata_sito_20144.jpg\" width=\"960\" height=\"160\" \/><\/p>\n","protected":false},"excerpt":{"rendered":"<p>Dopo il Semestre per un&#8217;Italia protagonista sui temi dello sviluppo nel 2015<\/p>\n","protected":false},"author":1,"featured_media":0,"comment_status":"open","ping_status":"open","sticky":false,"template":"","format":"standard","meta":{"_acf_changed":false,"give_campaign_id":0,"inline_featured_image":false,"_jetpack_memberships_contains_paid_content":false,"footnotes":""},"categories":[5],"tags":[],"thematic_area":[],"class_list":["post-11035","post","type-post","status-publish","format-standard","hentry","category-attualita"],"acf":[],"yoast_head":"<!-- This site is optimized with the Yoast SEO plugin v27.5 - https:\/\/yoast.com\/product\/yoast-seo-wordpress\/ -->\n<title>Pi\u00f9 Europa, pi\u00f9 cooperazione, pi\u00f9 coerenza - Mani Tese<\/title>\n<meta name=\"robots\" content=\"index, follow, max-snippet:-1, max-image-preview:large, max-video-preview:-1\" \/>\n<link rel=\"canonical\" href=\"https:\/\/www.manitese.it\/en\/piu-europa-piu-cooperazione-piu-coerenza\/\" \/>\n<meta property=\"og:locale\" content=\"en_US\" \/>\n<meta property=\"og:type\" content=\"article\" \/>\n<meta property=\"og:title\" content=\"Pi\u00f9 Europa, pi\u00f9 cooperazione, pi\u00f9 coerenza - Mani Tese\" \/>\n<meta property=\"og:description\" content=\"Dopo il Semestre per un&#8217;Italia protagonista sui temi dello sviluppo nel 2015\" \/>\n<meta property=\"og:url\" content=\"https:\/\/www.manitese.it\/en\/piu-europa-piu-cooperazione-piu-coerenza\/\" \/>\n<meta property=\"og:site_name\" content=\"Mani Tese\" \/>\n<meta property=\"article:published_time\" content=\"2015-02-02T11:57:30+00:00\" \/>\n<meta property=\"og:image\" content=\"http:\/\/manitese.it\/wp-content\/uploads\/2014\/10\/expo-dei-popoli.jpg\" \/>\n<meta name=\"author\" content=\"agevis\" \/>\n<meta name=\"twitter:card\" content=\"summary_large_image\" \/>\n<meta name=\"twitter:label1\" content=\"Written by\" \/>\n\t<meta name=\"twitter:data1\" content=\"agevis\" \/>\n\t<meta name=\"twitter:label2\" content=\"Est. reading time\" \/>\n\t<meta name=\"twitter:data2\" content=\"1 minute\" \/>\n<script type=\"application\/ld+json\" class=\"yoast-schema-graph\">{\"@context\":\"https:\\\/\\\/schema.org\",\"@graph\":[{\"@type\":\"Article\",\"@id\":\"https:\\\/\\\/www.manitese.it\\\/en\\\/piu-europa-piu-cooperazione-piu-coerenza\\\/#article\",\"isPartOf\":{\"@id\":\"https:\\\/\\\/www.manitese.it\\\/en\\\/piu-europa-piu-cooperazione-piu-coerenza\\\/\"},\"author\":{\"name\":\"agevis\",\"@id\":\"https:\\\/\\\/www.manitese.it\\\/en\\\/#\\\/schema\\\/person\\\/5a9774f17e4940e2510bfeba90f04f65\"},\"headline\":\"Pi\u00f9 Europa, pi\u00f9 cooperazione, pi\u00f9 coerenza\",\"datePublished\":\"2015-02-02T11:57:30+00:00\",\"mainEntityOfPage\":{\"@id\":\"https:\\\/\\\/www.manitese.it\\\/en\\\/piu-europa-piu-cooperazione-piu-coerenza\\\/\"},\"wordCount\":134,\"commentCount\":0,\"image\":{\"@id\":\"https:\\\/\\\/www.manitese.it\\\/en\\\/piu-europa-piu-cooperazione-piu-coerenza\\\/#primaryimage\"},\"thumbnailUrl\":\"http:\\\/\\\/manitese.it\\\/wp-content\\\/uploads\\\/2014\\\/10\\\/expo-dei-popoli.jpg\",\"articleSection\":[\"Attualit\u00e0\"],\"inLanguage\":\"en-US\",\"potentialAction\":[{\"@type\":\"CommentAction\",\"name\":\"Comment\",\"target\":[\"https:\\\/\\\/www.manitese.it\\\/en\\\/piu-europa-piu-cooperazione-piu-coerenza\\\/#respond\"]}]},{\"@type\":\"WebPage\",\"@id\":\"https:\\\/\\\/www.manitese.it\\\/en\\\/piu-europa-piu-cooperazione-piu-coerenza\\\/\",\"url\":\"https:\\\/\\\/www.manitese.it\\\/en\\\/piu-europa-piu-cooperazione-piu-coerenza\\\/\",\"name\":\"Pi\u00f9 Europa, pi\u00f9 cooperazione, pi\u00f9 coerenza - Mani Tese\",\"isPartOf\":{\"@id\":\"https:\\\/\\\/www.manitese.it\\\/en\\\/#website\"},\"primaryImageOfPage\":{\"@id\":\"https:\\\/\\\/www.manitese.it\\\/en\\\/piu-europa-piu-cooperazione-piu-coerenza\\\/#primaryimage\"},\"image\":{\"@id\":\"https:\\\/\\\/www.manitese.it\\\/en\\\/piu-europa-piu-cooperazione-piu-coerenza\\\/#primaryimage\"},\"thumbnailUrl\":\"http:\\\/\\\/manitese.it\\\/wp-content\\\/uploads\\\/2014\\\/10\\\/expo-dei-popoli.jpg\",\"datePublished\":\"2015-02-02T11:57:30+00:00\",\"author\":{\"@id\":\"https:\\\/\\\/www.manitese.it\\\/en\\\/#\\\/schema\\\/person\\\/5a9774f17e4940e2510bfeba90f04f65\"},\"breadcrumb\":{\"@id\":\"https:\\\/\\\/www.manitese.it\\\/en\\\/piu-europa-piu-cooperazione-piu-coerenza\\\/#breadcrumb\"},\"inLanguage\":\"en-US\",\"potentialAction\":[{\"@type\":\"ReadAction\",\"target\":[\"https:\\\/\\\/www.manitese.it\\\/en\\\/piu-europa-piu-cooperazione-piu-coerenza\\\/\"]}]},{\"@type\":\"ImageObject\",\"inLanguage\":\"en-US\",\"@id\":\"https:\\\/\\\/www.manitese.it\\\/en\\\/piu-europa-piu-cooperazione-piu-coerenza\\\/#primaryimage\",\"url\":\"http:\\\/\\\/manitese.it\\\/wp-content\\\/uploads\\\/2014\\\/10\\\/expo-dei-popoli.jpg\",\"contentUrl\":\"http:\\\/\\\/manitese.it\\\/wp-content\\\/uploads\\\/2014\\\/10\\\/expo-dei-popoli.jpg\"},{\"@type\":\"BreadcrumbList\",\"@id\":\"https:\\\/\\\/www.manitese.it\\\/en\\\/piu-europa-piu-cooperazione-piu-coerenza\\\/#breadcrumb\",\"itemListElement\":[{\"@type\":\"ListItem\",\"position\":1,\"name\":\"Home\",\"item\":\"https:\\\/\\\/www.manitese.it\\\/en\\\/\"},{\"@type\":\"ListItem\",\"position\":2,\"name\":\"Pi\u00f9 Europa, pi\u00f9 cooperazione, pi\u00f9 coerenza\"}]},{\"@type\":\"WebSite\",\"@id\":\"https:\\\/\\\/www.manitese.it\\\/en\\\/#website\",\"url\":\"https:\\\/\\\/www.manitese.it\\\/en\\\/\",\"name\":\"Mani Tese\",\"description\":\"\",\"potentialAction\":[{\"@type\":\"SearchAction\",\"target\":{\"@type\":\"EntryPoint\",\"urlTemplate\":\"https:\\\/\\\/www.manitese.it\\\/en\\\/?s={search_term_string}\"},\"query-input\":{\"@type\":\"PropertyValueSpecification\",\"valueRequired\":true,\"valueName\":\"search_term_string\"}}],\"inLanguage\":\"en-US\"},{\"@type\":\"Person\",\"@id\":\"https:\\\/\\\/www.manitese.it\\\/en\\\/#\\\/schema\\\/person\\\/5a9774f17e4940e2510bfeba90f04f65\",\"name\":\"agevis\",\"image\":{\"@type\":\"ImageObject\",\"inLanguage\":\"en-US\",\"@id\":\"https:\\\/\\\/secure.gravatar.com\\\/avatar\\\/2dc96c93fcf3387a5922a93b50fb3bff01d4800590fb6a4ab91a034adb25ba17?s=96&d=mm&r=g\",\"url\":\"https:\\\/\\\/secure.gravatar.com\\\/avatar\\\/2dc96c93fcf3387a5922a93b50fb3bff01d4800590fb6a4ab91a034adb25ba17?s=96&d=mm&r=g\",\"contentUrl\":\"https:\\\/\\\/secure.gravatar.com\\\/avatar\\\/2dc96c93fcf3387a5922a93b50fb3bff01d4800590fb6a4ab91a034adb25ba17?s=96&d=mm&r=g\",\"caption\":\"agevis\"},\"url\":\"https:\\\/\\\/www.manitese.it\\\/en\\\/author\\\/wp_agevis_admin\\\/\"}]}<\/script>\n<!-- \/ Yoast SEO plugin. -->","yoast_head_json":{"title":"Pi\u00f9 Europa, pi\u00f9 cooperazione, pi\u00f9 coerenza - Mani Tese","robots":{"index":"index","follow":"follow","max-snippet":"max-snippet:-1","max-image-preview":"max-image-preview:large","max-video-preview":"max-video-preview:-1"},"canonical":"https:\/\/www.manitese.it\/en\/piu-europa-piu-cooperazione-piu-coerenza\/","og_locale":"en_US","og_type":"article","og_title":"Pi\u00f9 Europa, pi\u00f9 cooperazione, pi\u00f9 coerenza - Mani Tese","og_description":"Dopo il Semestre per un&#8217;Italia protagonista sui temi dello sviluppo nel 2015","og_url":"https:\/\/www.manitese.it\/en\/piu-europa-piu-cooperazione-piu-coerenza\/","og_site_name":"Mani Tese","article_published_time":"2015-02-02T11:57:30+00:00","og_image":[{"url":"http:\/\/manitese.it\/wp-content\/uploads\/2014\/10\/expo-dei-popoli.jpg","type":"","width":"","height":""}],"author":"agevis","twitter_card":"summary_large_image","twitter_misc":{"Written by":"agevis","Est. reading time":"1 minute"},"schema":{"@context":"https:\/\/schema.org","@graph":[{"@type":"Article","@id":"https:\/\/www.manitese.it\/en\/piu-europa-piu-cooperazione-piu-coerenza\/#article","isPartOf":{"@id":"https:\/\/www.manitese.it\/en\/piu-europa-piu-cooperazione-piu-coerenza\/"},"author":{"name":"agevis","@id":"https:\/\/www.manitese.it\/en\/#\/schema\/person\/5a9774f17e4940e2510bfeba90f04f65"},"headline":"Pi\u00f9 Europa, pi\u00f9 cooperazione, pi\u00f9 coerenza","datePublished":"2015-02-02T11:57:30+00:00","mainEntityOfPage":{"@id":"https:\/\/www.manitese.it\/en\/piu-europa-piu-cooperazione-piu-coerenza\/"},"wordCount":134,"commentCount":0,"image":{"@id":"https:\/\/www.manitese.it\/en\/piu-europa-piu-cooperazione-piu-coerenza\/#primaryimage"},"thumbnailUrl":"http:\/\/manitese.it\/wp-content\/uploads\/2014\/10\/expo-dei-popoli.jpg","articleSection":["Attualit\u00e0"],"inLanguage":"en-US","potentialAction":[{"@type":"CommentAction","name":"Comment","target":["https:\/\/www.manitese.it\/en\/piu-europa-piu-cooperazione-piu-coerenza\/#respond"]}]},{"@type":"WebPage","@id":"https:\/\/www.manitese.it\/en\/piu-europa-piu-cooperazione-piu-coerenza\/","url":"https:\/\/www.manitese.it\/en\/piu-europa-piu-cooperazione-piu-coerenza\/","name":"Pi\u00f9 Europa, pi\u00f9 cooperazione, pi\u00f9 coerenza - Mani Tese","isPartOf":{"@id":"https:\/\/www.manitese.it\/en\/#website"},"primaryImageOfPage":{"@id":"https:\/\/www.manitese.it\/en\/piu-europa-piu-cooperazione-piu-coerenza\/#primaryimage"},"image":{"@id":"https:\/\/www.manitese.it\/en\/piu-europa-piu-cooperazione-piu-coerenza\/#primaryimage"},"thumbnailUrl":"http:\/\/manitese.it\/wp-content\/uploads\/2014\/10\/expo-dei-popoli.jpg","datePublished":"2015-02-02T11:57:30+00:00","author":{"@id":"https:\/\/www.manitese.it\/en\/#\/schema\/person\/5a9774f17e4940e2510bfeba90f04f65"},"breadcrumb":{"@id":"https:\/\/www.manitese.it\/en\/piu-europa-piu-cooperazione-piu-coerenza\/#breadcrumb"},"inLanguage":"en-US","potentialAction":[{"@type":"ReadAction","target":["https:\/\/www.manitese.it\/en\/piu-europa-piu-cooperazione-piu-coerenza\/"]}]},{"@type":"ImageObject","inLanguage":"en-US","@id":"https:\/\/www.manitese.it\/en\/piu-europa-piu-cooperazione-piu-coerenza\/#primaryimage","url":"http:\/\/manitese.it\/wp-content\/uploads\/2014\/10\/expo-dei-popoli.jpg","contentUrl":"http:\/\/manitese.it\/wp-content\/uploads\/2014\/10\/expo-dei-popoli.jpg"},{"@type":"BreadcrumbList","@id":"https:\/\/www.manitese.it\/en\/piu-europa-piu-cooperazione-piu-coerenza\/#breadcrumb","itemListElement":[{"@type":"ListItem","position":1,"name":"Home","item":"https:\/\/www.manitese.it\/en\/"},{"@type":"ListItem","position":2,"name":"Pi\u00f9 Europa, pi\u00f9 cooperazione, pi\u00f9 coerenza"}]},{"@type":"WebSite","@id":"https:\/\/www.manitese.it\/en\/#website","url":"https:\/\/www.manitese.it\/en\/","name":"Mani Tese","description":"","potentialAction":[{"@type":"SearchAction","target":{"@type":"EntryPoint","urlTemplate":"https:\/\/www.manitese.it\/en\/?s={search_term_string}"},"query-input":{"@type":"PropertyValueSpecification","valueRequired":true,"valueName":"search_term_string"}}],"inLanguage":"en-US"},{"@type":"Person","@id":"https:\/\/www.manitese.it\/en\/#\/schema\/person\/5a9774f17e4940e2510bfeba90f04f65","name":"agevis","image":{"@type":"ImageObject","inLanguage":"en-US","@id":"https:\/\/secure.gravatar.com\/avatar\/2dc96c93fcf3387a5922a93b50fb3bff01d4800590fb6a4ab91a034adb25ba17?s=96&d=mm&r=g","url":"https:\/\/secure.gravatar.com\/avatar\/2dc96c93fcf3387a5922a93b50fb3bff01d4800590fb6a4ab91a034adb25ba17?s=96&d=mm&r=g","contentUrl":"https:\/\/secure.gravatar.com\/avatar\/2dc96c93fcf3387a5922a93b50fb3bff01d4800590fb6a4ab91a034adb25ba17?s=96&d=mm&r=g","caption":"agevis"},"url":"https:\/\/www.manitese.it\/en\/author\/wp_agevis_admin\/"}]}},"jetpack_featured_media_url":"","jetpack_sharing_enabled":true,"_links":{"self":[{"href":"https:\/\/www.manitese.it\/en\/wp-json\/wp\/v2\/posts\/11035","targetHints":{"allow":["GET"]}}],"collection":[{"href":"https:\/\/www.manitese.it\/en\/wp-json\/wp\/v2\/posts"}],"about":[{"href":"https:\/\/www.manitese.it\/en\/wp-json\/wp\/v2\/types\/post"}],"author":[{"embeddable":true,"href":"https:\/\/www.manitese.it\/en\/wp-json\/wp\/v2\/users\/1"}],"replies":[{"embeddable":true,"href":"https:\/\/www.manitese.it\/en\/wp-json\/wp\/v2\/comments?post=11035"}],"version-history":[{"count":0,"href":"https:\/\/www.manitese.it\/en\/wp-json\/wp\/v2\/posts\/11035\/revisions"}],"wp:attachment":[{"href":"https:\/\/www.manitese.it\/en\/wp-json\/wp\/v2\/media?parent=11035"}],"wp:term":[{"taxonomy":"category","embeddable":true,"href":"https:\/\/www.manitese.it\/en\/wp-json\/wp\/v2\/categories?post=11035"},{"taxonomy":"post_tag","embeddable":true,"href":"https:\/\/www.manitese.it\/en\/wp-json\/wp\/v2\/tags?post=11035"},{"taxonomy":"thematic_area","embeddable":true,"href":"https:\/\/www.manitese.it\/en\/wp-json\/wp\/v2\/thematic_area?post=11035"}],"curies":[{"name":"wp","href":"https:\/\/api.w.org\/{rel}","templated":true}]}}