{"id":101898,"date":"2022-07-06T19:34:31","date_gmt":"2022-07-06T17:34:31","guid":{"rendered":"https:\/\/manitese.it\/?p=101898"},"modified":"2023-11-29T17:48:01","modified_gmt":"2023-11-29T16:48:01","slug":"col-progetto-wona-rendiamo-verde-la-citta-di-quelimane","status":"publish","type":"post","link":"https:\/\/www.manitese.it\/en\/col-progetto-wona-rendiamo-verde-la-citta-di-quelimane\/","title":{"rendered":"Col progetto wona rendiamo verde la citt\u00e0 di Quelimane!"},"content":{"rendered":"\r\n<p>In Mozambico sono iniziate le attivit\u00e0 del nostro progetto <a href=\"https:\/\/manitese.it\/progetto\/orti-e-vivai-urbani-per-promuovere-la-sostenibilita-a-quelimane\"><strong>WONA &#8211; Orti e vivai urbani per promuovere la sostenibilit\u00e0 a Quelimane<\/strong><\/a> cofinanziato da Regione Emilia Romagna e Fondazione E35. Si tratta di un progetto col quale vogliamo contribuire <strong>alla sicurezza e alla sostenibilit\u00e0 alimentare di Quelimane, in Mozambico, attraverso la promozione di pratiche agro-ecologiche, azioni di riforestazione e momenti di scambio<\/strong> volti a creare una maggiore <strong>resilienza e adattamento di fronte ai cambiamenti climatici,<\/strong> mitigandone l\u2019impatto.<\/p>\r\n\r\n\r\n\r\n<p>In questo periodo ci siamo occupati di <strong>realizzare degli orti urbani commerciali e agroecologici<\/strong> che abbiamo affidato a tre gruppi di agricoltori destinatari (soprattutto donne e giovani) delle comunit\u00e0 di Nangoela, di Namuinho e di Marrabo. Nei mesi scorsi abbiamo infatti <strong>preparato il suolo dei vari<\/strong> <strong>appezzamenti <\/strong>affidati a ciascuna comunit\u00e0 distribuendo loro attrezzi, materiale di produzione agricola e sementi di varie culture orticole.<\/p>\r\n\r\n\r\n\r\n<figure class=\"wp-block-image size-large\"><a href=\"https:\/\/manitese.it\/wp-content\/uploads\/2022\/07\/1.-Distribuzione-sementi-WONA.png\"><img decoding=\"async\" class=\"wp-image-101904\" src=\"https:\/\/manitese.it\/wp-content\/uploads\/2022\/07\/1.-Distribuzione-sementi-WONA.png\" alt=\"\" \/><\/a>\r\n<figcaption>Distribuzione delle sementi<\/figcaption>\r\n<\/figure>\r\n\r\n\r\n\r\n<div class=\"wp-block-image\">\r\n<figure class=\"aligncenter size-large\"><a href=\"https:\/\/manitese.it\/wp-content\/uploads\/2022\/07\/2.-Distribuzione-materiale-agricoltura-WONA.png\"><img decoding=\"async\" class=\"wp-image-101906\" src=\"https:\/\/manitese.it\/wp-content\/uploads\/2022\/07\/2.-Distribuzione-materiale-agricoltura-WONA.png\" alt=\"\" \/><\/a>\r\n<figcaption>Distribuzione degli attrezzi agricoli<\/figcaption>\r\n<\/figure>\r\n<\/div>\r\n\r\n\r\n\r\n<p>A maggio, <strong>nella comunit\u00e0 periurbana di Nangoela, abbiamo realizzato un vivaio per la produzione di ortaggi <\/strong>dato in gestione al gruppo di nome AJAQ (<em>Associa\u00e7\u00e3o dos Jovens Agricultores de Quelimane)<\/em> con lo scopo di produrre e vendere piantine da orto agli agricoltori locali. Poich\u00e9 la stagione delle piogge \u00e8 stata insolitamente prolungata, tutta la produzione orticola dell\u2019area di Quelimane ha sofferto un grande ritardo e si prevede di iniziare a vendere le prime piantine da luglio. Questo vivaio sar\u00e0 molto utile perch\u00e9 garantir\u00e0 una produzione anche in periodi meno fertili dell\u2019anno, da settembre a dicembre.<\/p>\r\n\r\n\r\n\r\n<div class=\"wp-block-image\">\r\n<figure class=\"aligncenter size-large\"><a href=\"https:\/\/manitese.it\/wp-content\/uploads\/2022\/07\/3.-Vivaio-Nangoela.png\"><img decoding=\"async\" class=\"wp-image-101908\" src=\"https:\/\/manitese.it\/wp-content\/uploads\/2022\/07\/3.-Vivaio-Nangoela.png\" alt=\"\" \/><\/a>\r\n<figcaption>Primi passi nella realizzazione del vivaio<\/figcaption>\r\n<\/figure>\r\n<\/div>\r\n\r\n\r\n\r\n<div class=\"wp-block-image\">\r\n<figure class=\"aligncenter size-large\"><a href=\"https:\/\/manitese.it\/wp-content\/uploads\/2022\/07\/6.-serra-del-vivaio-municipale-riscostruita-1.jpg\"><img decoding=\"async\" class=\"wp-image-101923\" src=\"https:\/\/manitese.it\/wp-content\/uploads\/2022\/07\/6.-serra-del-vivaio-municipale-riscostruita-1-1024x768.jpg\" alt=\"vivaio terminato\r\n\" \/><\/a>\r\n<figcaption>Il vivaio terminato<\/figcaption>\r\n<\/figure>\r\n<\/div>\r\n\r\n\r\n\r\n<p>Sono poi iniziate <strong>le attivit\u00e0 di educazione ambientale<\/strong> nelle scuole con l\u2019identificazione degli istituti coinvolti e <strong>le prime sessione formative realizzate<\/strong> nella scuola primaria di Sinacura e nella scuola professionale Frei-Benito. Nella scuola Filipe Jacinto Nyusi, inoltre, il direttore ha richiesto il nostro supporto per la piantumazione di alberi nel cortile scolastico e per il monitoraggio del loro sviluppo.<\/p>\r\n\r\n\r\n\r\n<p>\u201c<strong>L\u2019importanza dell&#8217;albero<\/strong>\u201d \u00e8 il titolo dato alle lezioni, in cui sono stati affrontati i benefici e i servizi che l&#8217;esistenza arborea fornisce all&#8217;ambiente e all&#8217;essere umano. Si \u00e8 discusso anche delle cure che devono essere date agli alberi, soprattutto per quanto riguarda i trattamenti selvicolturali per la loro sicurezza e salute. Al termine delle sessioni di educazione ambientale, per ogni scuola sono state distribuite 10 piantine di albizia acacias e acacia rossa, che sono state piantumate insieme agli studenti e a un insegnante, in modo da responsabilizzare i ragazzi e le ragazze alla cura delle piante.<\/p>\r\n\r\n\r\n\r\n<div class=\"wp-block-image\">\r\n<figure class=\"aligncenter size-large\"><a href=\"https:\/\/manitese.it\/wp-content\/uploads\/2022\/07\/5.-educazione-ambientale-1.jpg\"><img decoding=\"async\" class=\"wp-image-101917\" src=\"https:\/\/manitese.it\/wp-content\/uploads\/2022\/07\/5.-educazione-ambientale-1.jpg\" alt=\"\" \/><\/a>\r\n<figcaption>Una delle sessioni di formazione<\/figcaption>\r\n<\/figure>\r\n<\/div>\r\n\r\n\r\n\r\n<p>Ad aprile si \u00e8 svolto anche <strong>un corso di formazione sull&#8217;educazione ambientale<\/strong> che ha coinvolto cittadini e cittadine, rappresentanti del CACQ (il direttore dell\u2019assessorato all\u2019ambiente e 3 tecnici), membri del gruppo AACECS (Associa\u00e7\u00e3o de Apoio a Comunidade, Educa\u00e7\u00e3o C\u00edvica e Sa\u00fade), del gruppo AJAQ e del gruppo APMAM\u00a0 (Associa\u00e7\u00e3o de Preserva\u00e7\u00e3o do Meio Ambiente de Mo\u00e7ambique). Questa formazione ha avuto lo scopo di formare alcuni stakeholders rilevanti a Quelimane in ambito ambientale affinch\u00e9 possano diffondere a loro volta le buone pratiche ambientali e le conoscenze apprese a un pi\u00f9 ampio numero di persone.<\/p>\r\n\r\n\r\n\r\n<p>Nel mese di maggio \u00e8 stata poi effettuata <strong>la riabilitazione del vivaio municipale e del centro di compostaggio associato<\/strong>. Pi\u00f9 precisamente \u00e8 stata ricostruita integralmente la serra, che era andata distrutta con il ciclone Ana tra fine gennaio e inizio febbraio 2022, nonch\u00e9 la macchina per setacciare il compost che si era deteriorata col tempo.<\/p>\r\n\r\n\r\n\r\n<p>In collaborazione con il comune di Quelimane, abbiamo redatto un Piano di gestione del vivaio comunale con le buone pratiche d&#8217;uso per garantirne la funzionalit\u00e0 e la continuit\u00e0. Il Piano di gestione \u00e8 servito anche come base per l&#8217;elaborazione di un ulteriore documento sull\u2019ambiente e sul verde urbano di Quelimane (\u201cPolitica sulla Gestione del Vivaio Comunale e dell&#8217;Ambiente nel Comune di Quelimane\u201d).<\/p>\r\n\r\n\r\n\r\n<p>Sono stati poi organizzati <strong>i primi forum di quartiere per la pianificazione e gestione delle azioni di riforestazione urbana<\/strong>. Durante gli incontri si \u00e8 discusso della scarsa presenza di alberi in varie zone della citt\u00e0 e di quali aree sono prioritarie per essere riforestate.<\/p>\r\n\r\n\r\n\r\n<p>Si \u00e8 infine svolta la prima attivit\u00e0 di riforestazione urbana a marzo, la giornata internazionale delle foreste, di cui abbiamo parlato <a href=\"https:\/\/manitese.it\/mozambico-piantiamo-alberi-nella-giornata-delle-foreste\">in questo aggiornamento<\/a>.<\/p>\r\n","protected":false},"excerpt":{"rendered":"<p>L&#8217;impegno di Mani Tese: orti urbani agroecologici, riforestazione ed educazione ambientale per rendere sicura, sostenibile e resiliente ai cambiamenti climatici Quelimane, il capoluogo della Zambezia.<\/p>\n","protected":false},"author":1,"featured_media":101926,"comment_status":"open","ping_status":"open","sticky":false,"template":"","format":"standard","meta":{"_acf_changed":false,"give_campaign_id":0,"inline_featured_image":false,"_jetpack_memberships_contains_paid_content":false,"footnotes":""},"categories":[3],"tags":[46,47,48],"thematic_area":[916],"class_list":["post-101898","post","type-post","status-publish","format-standard","has-post-thumbnail","hentry","category-diari","tag-orti","tag-quelimane","tag-wona","thematic_area-citta-e-pratiche-sostenibili"],"acf":[],"yoast_head":"<!-- This site is optimized with the Yoast SEO plugin v27.5 - https:\/\/yoast.com\/product\/yoast-seo-wordpress\/ -->\n<title>Col progetto wona rendiamo verde la citt\u00e0 di Quelimane! - Mani Tese<\/title>\n<meta name=\"description\" content=\"L&#039;impegno di Mani Tese: orti urbani agroecologici, riforestazione ed educazione ambientale per rendere sicura, sostenibile e resiliente ai cambiamenti climatici Quelimane, il capoluogo della Zambezia.\" \/>\n<meta name=\"robots\" content=\"index, follow, max-snippet:-1, max-image-preview:large, max-video-preview:-1\" \/>\n<link rel=\"canonical\" href=\"https:\/\/www.manitese.it\/en\/col-progetto-wona-rendiamo-verde-la-citta-di-quelimane\/\" \/>\n<meta property=\"og:locale\" content=\"en_US\" \/>\n<meta property=\"og:type\" content=\"article\" \/>\n<meta property=\"og:title\" content=\"Col progetto wona rendiamo verde la citt\u00e0 di Quelimane! - Mani Tese\" \/>\n<meta property=\"og:description\" content=\"L&#039;impegno di Mani Tese: orti urbani agroecologici, riforestazione ed educazione ambientale per rendere sicura, sostenibile e resiliente ai cambiamenti climatici Quelimane, il capoluogo della Zambezia.\" \/>\n<meta property=\"og:url\" content=\"https:\/\/www.manitese.it\/en\/col-progetto-wona-rendiamo-verde-la-citta-di-quelimane\/\" \/>\n<meta property=\"og:site_name\" content=\"Mani Tese\" \/>\n<meta property=\"article:published_time\" content=\"2022-07-06T17:34:31+00:00\" \/>\n<meta property=\"article:modified_time\" content=\"2023-11-29T16:48:01+00:00\" \/>\n<meta property=\"og:image\" content=\"https:\/\/www.manitese.it\/wp-content\/uploads\/2022\/07\/0.-Cover-rev-1-1024x426.png\" \/>\n\t<meta property=\"og:image:width\" content=\"1024\" \/>\n\t<meta property=\"og:image:height\" content=\"426\" \/>\n\t<meta property=\"og:image:type\" content=\"image\/png\" \/>\n<meta name=\"author\" content=\"agevis\" \/>\n<meta name=\"twitter:card\" content=\"summary_large_image\" \/>\n<meta name=\"twitter:label1\" content=\"Written by\" \/>\n\t<meta name=\"twitter:data1\" content=\"agevis\" \/>\n\t<meta name=\"twitter:label2\" content=\"Est. reading time\" \/>\n\t<meta name=\"twitter:data2\" content=\"5 minutes\" \/>\n<script type=\"application\/ld+json\" class=\"yoast-schema-graph\">{\"@context\":\"https:\\\/\\\/schema.org\",\"@graph\":[{\"@type\":\"Article\",\"@id\":\"https:\\\/\\\/www.manitese.it\\\/en\\\/col-progetto-wona-rendiamo-verde-la-citta-di-quelimane\\\/#article\",\"isPartOf\":{\"@id\":\"https:\\\/\\\/www.manitese.it\\\/en\\\/col-progetto-wona-rendiamo-verde-la-citta-di-quelimane\\\/\"},\"author\":{\"name\":\"agevis\",\"@id\":\"https:\\\/\\\/www.manitese.it\\\/en\\\/#\\\/schema\\\/person\\\/5a9774f17e4940e2510bfeba90f04f65\"},\"headline\":\"Col progetto wona rendiamo verde la citt\u00e0 di Quelimane!\",\"datePublished\":\"2022-07-06T17:34:31+00:00\",\"dateModified\":\"2023-11-29T16:48:01+00:00\",\"mainEntityOfPage\":{\"@id\":\"https:\\\/\\\/www.manitese.it\\\/en\\\/col-progetto-wona-rendiamo-verde-la-citta-di-quelimane\\\/\"},\"wordCount\":710,\"commentCount\":0,\"image\":{\"@id\":\"https:\\\/\\\/www.manitese.it\\\/en\\\/col-progetto-wona-rendiamo-verde-la-citta-di-quelimane\\\/#primaryimage\"},\"thumbnailUrl\":\"https:\\\/\\\/www.manitese.it\\\/wp-content\\\/uploads\\\/2022\\\/07\\\/0.-Cover-rev-1.png\",\"keywords\":[\"orti\",\"quelimane\",\"wona\"],\"articleSection\":[\"Diari\"],\"inLanguage\":\"en-US\",\"potentialAction\":[{\"@type\":\"CommentAction\",\"name\":\"Comment\",\"target\":[\"https:\\\/\\\/www.manitese.it\\\/en\\\/col-progetto-wona-rendiamo-verde-la-citta-di-quelimane\\\/#respond\"]}]},{\"@type\":\"WebPage\",\"@id\":\"https:\\\/\\\/www.manitese.it\\\/en\\\/col-progetto-wona-rendiamo-verde-la-citta-di-quelimane\\\/\",\"url\":\"https:\\\/\\\/www.manitese.it\\\/en\\\/col-progetto-wona-rendiamo-verde-la-citta-di-quelimane\\\/\",\"name\":\"Col progetto wona rendiamo verde la citt\u00e0 di Quelimane! - Mani Tese\",\"isPartOf\":{\"@id\":\"https:\\\/\\\/www.manitese.it\\\/en\\\/#website\"},\"primaryImageOfPage\":{\"@id\":\"https:\\\/\\\/www.manitese.it\\\/en\\\/col-progetto-wona-rendiamo-verde-la-citta-di-quelimane\\\/#primaryimage\"},\"image\":{\"@id\":\"https:\\\/\\\/www.manitese.it\\\/en\\\/col-progetto-wona-rendiamo-verde-la-citta-di-quelimane\\\/#primaryimage\"},\"thumbnailUrl\":\"https:\\\/\\\/www.manitese.it\\\/wp-content\\\/uploads\\\/2022\\\/07\\\/0.-Cover-rev-1.png\",\"datePublished\":\"2022-07-06T17:34:31+00:00\",\"dateModified\":\"2023-11-29T16:48:01+00:00\",\"author\":{\"@id\":\"https:\\\/\\\/www.manitese.it\\\/en\\\/#\\\/schema\\\/person\\\/5a9774f17e4940e2510bfeba90f04f65\"},\"description\":\"L'impegno di Mani Tese: orti urbani agroecologici, riforestazione ed educazione ambientale per rendere sicura, sostenibile e resiliente ai cambiamenti climatici Quelimane, il capoluogo della Zambezia.\",\"breadcrumb\":{\"@id\":\"https:\\\/\\\/www.manitese.it\\\/en\\\/col-progetto-wona-rendiamo-verde-la-citta-di-quelimane\\\/#breadcrumb\"},\"inLanguage\":\"en-US\",\"potentialAction\":[{\"@type\":\"ReadAction\",\"target\":[\"https:\\\/\\\/www.manitese.it\\\/en\\\/col-progetto-wona-rendiamo-verde-la-citta-di-quelimane\\\/\"]}]},{\"@type\":\"ImageObject\",\"inLanguage\":\"en-US\",\"@id\":\"https:\\\/\\\/www.manitese.it\\\/en\\\/col-progetto-wona-rendiamo-verde-la-citta-di-quelimane\\\/#primaryimage\",\"url\":\"https:\\\/\\\/www.manitese.it\\\/wp-content\\\/uploads\\\/2022\\\/07\\\/0.-Cover-rev-1.png\",\"contentUrl\":\"https:\\\/\\\/www.manitese.it\\\/wp-content\\\/uploads\\\/2022\\\/07\\\/0.-Cover-rev-1.png\",\"width\":1919,\"height\":799,\"caption\":\"Orti e vivai per Quelimane\"},{\"@type\":\"BreadcrumbList\",\"@id\":\"https:\\\/\\\/www.manitese.it\\\/en\\\/col-progetto-wona-rendiamo-verde-la-citta-di-quelimane\\\/#breadcrumb\",\"itemListElement\":[{\"@type\":\"ListItem\",\"position\":1,\"name\":\"Home\",\"item\":\"https:\\\/\\\/www.manitese.it\\\/en\\\/\"},{\"@type\":\"ListItem\",\"position\":2,\"name\":\"Col progetto wona rendiamo verde la citt\u00e0 di Quelimane!\"}]},{\"@type\":\"WebSite\",\"@id\":\"https:\\\/\\\/www.manitese.it\\\/en\\\/#website\",\"url\":\"https:\\\/\\\/www.manitese.it\\\/en\\\/\",\"name\":\"Mani Tese\",\"description\":\"\",\"potentialAction\":[{\"@type\":\"SearchAction\",\"target\":{\"@type\":\"EntryPoint\",\"urlTemplate\":\"https:\\\/\\\/www.manitese.it\\\/en\\\/?s={search_term_string}\"},\"query-input\":{\"@type\":\"PropertyValueSpecification\",\"valueRequired\":true,\"valueName\":\"search_term_string\"}}],\"inLanguage\":\"en-US\"},{\"@type\":\"Person\",\"@id\":\"https:\\\/\\\/www.manitese.it\\\/en\\\/#\\\/schema\\\/person\\\/5a9774f17e4940e2510bfeba90f04f65\",\"name\":\"agevis\",\"image\":{\"@type\":\"ImageObject\",\"inLanguage\":\"en-US\",\"@id\":\"https:\\\/\\\/secure.gravatar.com\\\/avatar\\\/2dc96c93fcf3387a5922a93b50fb3bff01d4800590fb6a4ab91a034adb25ba17?s=96&d=mm&r=g\",\"url\":\"https:\\\/\\\/secure.gravatar.com\\\/avatar\\\/2dc96c93fcf3387a5922a93b50fb3bff01d4800590fb6a4ab91a034adb25ba17?s=96&d=mm&r=g\",\"contentUrl\":\"https:\\\/\\\/secure.gravatar.com\\\/avatar\\\/2dc96c93fcf3387a5922a93b50fb3bff01d4800590fb6a4ab91a034adb25ba17?s=96&d=mm&r=g\",\"caption\":\"agevis\"},\"url\":\"https:\\\/\\\/www.manitese.it\\\/en\\\/author\\\/wp_agevis_admin\\\/\"}]}<\/script>\n<!-- \/ Yoast SEO plugin. -->","yoast_head_json":{"title":"Col progetto wona rendiamo verde la citt\u00e0 di Quelimane! - Mani Tese","description":"L'impegno di Mani Tese: orti urbani agroecologici, riforestazione ed educazione ambientale per rendere sicura, sostenibile e resiliente ai cambiamenti climatici Quelimane, il capoluogo della Zambezia.","robots":{"index":"index","follow":"follow","max-snippet":"max-snippet:-1","max-image-preview":"max-image-preview:large","max-video-preview":"max-video-preview:-1"},"canonical":"https:\/\/www.manitese.it\/en\/col-progetto-wona-rendiamo-verde-la-citta-di-quelimane\/","og_locale":"en_US","og_type":"article","og_title":"Col progetto wona rendiamo verde la citt\u00e0 di Quelimane! - Mani Tese","og_description":"L'impegno di Mani Tese: orti urbani agroecologici, riforestazione ed educazione ambientale per rendere sicura, sostenibile e resiliente ai cambiamenti climatici Quelimane, il capoluogo della Zambezia.","og_url":"https:\/\/www.manitese.it\/en\/col-progetto-wona-rendiamo-verde-la-citta-di-quelimane\/","og_site_name":"Mani Tese","article_published_time":"2022-07-06T17:34:31+00:00","article_modified_time":"2023-11-29T16:48:01+00:00","og_image":[{"width":1024,"height":426,"url":"https:\/\/www.manitese.it\/wp-content\/uploads\/2022\/07\/0.-Cover-rev-1-1024x426.png","type":"image\/png"}],"author":"agevis","twitter_card":"summary_large_image","twitter_misc":{"Written by":"agevis","Est. reading time":"5 minutes"},"schema":{"@context":"https:\/\/schema.org","@graph":[{"@type":"Article","@id":"https:\/\/www.manitese.it\/en\/col-progetto-wona-rendiamo-verde-la-citta-di-quelimane\/#article","isPartOf":{"@id":"https:\/\/www.manitese.it\/en\/col-progetto-wona-rendiamo-verde-la-citta-di-quelimane\/"},"author":{"name":"agevis","@id":"https:\/\/www.manitese.it\/en\/#\/schema\/person\/5a9774f17e4940e2510bfeba90f04f65"},"headline":"Col progetto wona rendiamo verde la citt\u00e0 di Quelimane!","datePublished":"2022-07-06T17:34:31+00:00","dateModified":"2023-11-29T16:48:01+00:00","mainEntityOfPage":{"@id":"https:\/\/www.manitese.it\/en\/col-progetto-wona-rendiamo-verde-la-citta-di-quelimane\/"},"wordCount":710,"commentCount":0,"image":{"@id":"https:\/\/www.manitese.it\/en\/col-progetto-wona-rendiamo-verde-la-citta-di-quelimane\/#primaryimage"},"thumbnailUrl":"https:\/\/www.manitese.it\/wp-content\/uploads\/2022\/07\/0.-Cover-rev-1.png","keywords":["orti","quelimane","wona"],"articleSection":["Diari"],"inLanguage":"en-US","potentialAction":[{"@type":"CommentAction","name":"Comment","target":["https:\/\/www.manitese.it\/en\/col-progetto-wona-rendiamo-verde-la-citta-di-quelimane\/#respond"]}]},{"@type":"WebPage","@id":"https:\/\/www.manitese.it\/en\/col-progetto-wona-rendiamo-verde-la-citta-di-quelimane\/","url":"https:\/\/www.manitese.it\/en\/col-progetto-wona-rendiamo-verde-la-citta-di-quelimane\/","name":"Col progetto wona rendiamo verde la citt\u00e0 di Quelimane! - Mani Tese","isPartOf":{"@id":"https:\/\/www.manitese.it\/en\/#website"},"primaryImageOfPage":{"@id":"https:\/\/www.manitese.it\/en\/col-progetto-wona-rendiamo-verde-la-citta-di-quelimane\/#primaryimage"},"image":{"@id":"https:\/\/www.manitese.it\/en\/col-progetto-wona-rendiamo-verde-la-citta-di-quelimane\/#primaryimage"},"thumbnailUrl":"https:\/\/www.manitese.it\/wp-content\/uploads\/2022\/07\/0.-Cover-rev-1.png","datePublished":"2022-07-06T17:34:31+00:00","dateModified":"2023-11-29T16:48:01+00:00","author":{"@id":"https:\/\/www.manitese.it\/en\/#\/schema\/person\/5a9774f17e4940e2510bfeba90f04f65"},"description":"L'impegno di Mani Tese: orti urbani agroecologici, riforestazione ed educazione ambientale per rendere sicura, sostenibile e resiliente ai cambiamenti climatici Quelimane, il capoluogo della Zambezia.","breadcrumb":{"@id":"https:\/\/www.manitese.it\/en\/col-progetto-wona-rendiamo-verde-la-citta-di-quelimane\/#breadcrumb"},"inLanguage":"en-US","potentialAction":[{"@type":"ReadAction","target":["https:\/\/www.manitese.it\/en\/col-progetto-wona-rendiamo-verde-la-citta-di-quelimane\/"]}]},{"@type":"ImageObject","inLanguage":"en-US","@id":"https:\/\/www.manitese.it\/en\/col-progetto-wona-rendiamo-verde-la-citta-di-quelimane\/#primaryimage","url":"https:\/\/www.manitese.it\/wp-content\/uploads\/2022\/07\/0.-Cover-rev-1.png","contentUrl":"https:\/\/www.manitese.it\/wp-content\/uploads\/2022\/07\/0.-Cover-rev-1.png","width":1919,"height":799,"caption":"Orti e vivai per Quelimane"},{"@type":"BreadcrumbList","@id":"https:\/\/www.manitese.it\/en\/col-progetto-wona-rendiamo-verde-la-citta-di-quelimane\/#breadcrumb","itemListElement":[{"@type":"ListItem","position":1,"name":"Home","item":"https:\/\/www.manitese.it\/en\/"},{"@type":"ListItem","position":2,"name":"Col progetto wona rendiamo verde la citt\u00e0 di Quelimane!"}]},{"@type":"WebSite","@id":"https:\/\/www.manitese.it\/en\/#website","url":"https:\/\/www.manitese.it\/en\/","name":"Mani Tese","description":"","potentialAction":[{"@type":"SearchAction","target":{"@type":"EntryPoint","urlTemplate":"https:\/\/www.manitese.it\/en\/?s={search_term_string}"},"query-input":{"@type":"PropertyValueSpecification","valueRequired":true,"valueName":"search_term_string"}}],"inLanguage":"en-US"},{"@type":"Person","@id":"https:\/\/www.manitese.it\/en\/#\/schema\/person\/5a9774f17e4940e2510bfeba90f04f65","name":"agevis","image":{"@type":"ImageObject","inLanguage":"en-US","@id":"https:\/\/secure.gravatar.com\/avatar\/2dc96c93fcf3387a5922a93b50fb3bff01d4800590fb6a4ab91a034adb25ba17?s=96&d=mm&r=g","url":"https:\/\/secure.gravatar.com\/avatar\/2dc96c93fcf3387a5922a93b50fb3bff01d4800590fb6a4ab91a034adb25ba17?s=96&d=mm&r=g","contentUrl":"https:\/\/secure.gravatar.com\/avatar\/2dc96c93fcf3387a5922a93b50fb3bff01d4800590fb6a4ab91a034adb25ba17?s=96&d=mm&r=g","caption":"agevis"},"url":"https:\/\/www.manitese.it\/en\/author\/wp_agevis_admin\/"}]}},"jetpack_featured_media_url":"https:\/\/www.manitese.it\/wp-content\/uploads\/2022\/07\/0.-Cover-rev-1.png","jetpack_sharing_enabled":true,"_links":{"self":[{"href":"https:\/\/www.manitese.it\/en\/wp-json\/wp\/v2\/posts\/101898","targetHints":{"allow":["GET"]}}],"collection":[{"href":"https:\/\/www.manitese.it\/en\/wp-json\/wp\/v2\/posts"}],"about":[{"href":"https:\/\/www.manitese.it\/en\/wp-json\/wp\/v2\/types\/post"}],"author":[{"embeddable":true,"href":"https:\/\/www.manitese.it\/en\/wp-json\/wp\/v2\/users\/1"}],"replies":[{"embeddable":true,"href":"https:\/\/www.manitese.it\/en\/wp-json\/wp\/v2\/comments?post=101898"}],"version-history":[{"count":3,"href":"https:\/\/www.manitese.it\/en\/wp-json\/wp\/v2\/posts\/101898\/revisions"}],"predecessor-version":[{"id":191645,"href":"https:\/\/www.manitese.it\/en\/wp-json\/wp\/v2\/posts\/101898\/revisions\/191645"}],"wp:featuredmedia":[{"embeddable":true,"href":"https:\/\/www.manitese.it\/en\/wp-json\/wp\/v2\/media\/101926"}],"wp:attachment":[{"href":"https:\/\/www.manitese.it\/en\/wp-json\/wp\/v2\/media?parent=101898"}],"wp:term":[{"taxonomy":"category","embeddable":true,"href":"https:\/\/www.manitese.it\/en\/wp-json\/wp\/v2\/categories?post=101898"},{"taxonomy":"post_tag","embeddable":true,"href":"https:\/\/www.manitese.it\/en\/wp-json\/wp\/v2\/tags?post=101898"},{"taxonomy":"thematic_area","embeddable":true,"href":"https:\/\/www.manitese.it\/en\/wp-json\/wp\/v2\/thematic_area?post=101898"}],"curies":[{"name":"wp","href":"https:\/\/api.w.org\/{rel}","templated":true}]}}